{"id":50549,"date":"2020-01-23T19:03:40","date_gmt":"2020-01-23T19:03:40","guid":{"rendered":"http:\/\/quehacerpolitico.mx\/?p=50549"},"modified":"2020-01-23T19:03:40","modified_gmt":"2020-01-23T19:03:40","slug":"integrantes-del-sme-se-plantan-afuera-de-gobernacion","status":"publish","type":"post","link":"https:\/\/quehacerpolitico.mx\/?p=50549","title":{"rendered":"Integrantes del SME se plantan afuera de Gobernaci\u00f3n"},"content":{"rendered":"<p>Integrantes del SME se plantan afuera de Gobernaci\u00f3n<\/p>\n<p>Por Redacci\u00f3n QP<\/p>\n<p>Entre otros temas, hablar\u00e1n sobre condonaci\u00f3n a los adeudos de usuarios con la Comisi\u00f3n Federal de Electricidad<\/p>\n<p>Integrantes del Sindicato Mexicano de Electricistas (<strong>SME<\/strong>) y otras organizaciones sociales se manifiestan esta ma\u00f1ana afuera de la<strong> Secretar\u00eda de Gobernaci\u00f3n<\/strong>, lo que afecta la circulaci\u00f3n en las calles aleda\u00f1as.<\/p>\n<p>Luego de caminar desde <strong>Paseo de la Reforma,<\/strong> los cientos de manifestantes llegaron a Bucareli para un reuni\u00f3n agendada de sus dirigentes con funcionarios de Gobernaci\u00f3n, en demanda del cumplimiento de varios puntos.<\/p>\n<blockquote class=\"twitter-tweet\" data-width=\"550\" data-dnt=\"true\">\n<p lang=\"es\" dir=\"ltr\">Arriba la marcha de integrantes de la asociaci\u00f3n Nacional de usuarios de energ\u00eda el\u00e9ctrica y del SME sobre Bucareli a las inmediaciones de la Secretar\u00eda de gobernaci\u00f3n piden que se les condone su deuda y que sea borr\u00f3n y cuenta nueva <a href=\"https:\/\/t.co\/K2kE3Jp1FX\">pic.twitter.com\/K2kE3Jp1FX<\/a><\/p>\n<p>&mdash; REDA (@ricardovitela) <a href=\"https:\/\/twitter.com\/ricardovitela\/status\/1220393435611516929?ref_src=twsrc%5Etfw\">January 23, 2020<\/a><\/p><\/blockquote>\n<p><script async src=\"https:\/\/platform.twitter.com\/widgets.js\" charset=\"utf-8\"><\/script><\/p>\n<p>Entre otros temas, hablar\u00e1n sobre condonaci\u00f3n a los adeudos de usuarios con la Comisi\u00f3n Federal de Electricidad (<strong>CFE<\/strong>), una\u00a0tarifa justa, que la electricidad sea considerada un derecho humano y la renacionalizaci\u00f3n de la industria el\u00e9ctrica.<\/p>\n<p>Ante la presencia del contingente\u00a0en la calle <strong>Abraham Gonz\u00e1lez<\/strong>, colonia <strong>Ju\u00e1rez,<\/strong> la Polic\u00eda capitalina recomend\u00f3 a los automovilistas usar v\u00edas alternas.<\/p>\n<p>Participan la Asamblea Nacional de Usuarios de Energ\u00eda El\u00e9ctrica, la\u00a0Confederaci\u00f3n de Jubilados, Pensionados y Adultos Mayores de la Rep\u00fablica Mexicana, la Nueva Central de Trabajadores (<strong>NCT<\/strong>) y la Organizaci\u00f3n Pol\u00edtica del Pueblo y los Trabajadores (<strong>OPT<\/strong>).<\/p>\n<p>Con informaci\u00f3n de NTX<\/p>\n","protected":false},"excerpt":{"rendered":"<p>Integrantes del SME se plantan afuera de Gobernaci\u00f3n Por Redacci\u00f3n QP Entre otros temas, hablar\u00e1n&#8230;<\/p>\n","protected":false},"author":2,"featured_media":50551,"comment_status":"open","ping_status":"open","sticky":false,"template":"","format":"standard","meta":{"_monsterinsights_skip_tracking":false,"_monsterinsights_sitenote_active":false,"_monsterinsights_sitenote_note":"","_monsterinsights_sitenote_category":0,"footnotes":""},"categories":[55],"tags":[],"class_list":["post-50549","post","type-post","status-publish","format-standard","has-post-thumbnail","hentry","category-cdmx"],"yoast_head":"<!-- This site is optimized with the Yoast SEO plugin v27.3 - https:\/\/yoast.com\/product\/yoast-seo-wordpress\/ -->\n<title>Integrantes del SME se plantan afuera de Gobernaci\u00f3n -<\/title>\n<meta name=\"robots\" content=\"index, follow, max-snippet:-1, max-image-preview:large, max-video-preview:-1\" \/>\n<link rel=\"canonical\" href=\"https:\/\/quehacerpolitico.mx\/?p=50549\" \/>\n<meta property=\"og:locale\" content=\"es_MX\" \/>\n<meta property=\"og:type\" content=\"article\" \/>\n<meta property=\"og:title\" content=\"Integrantes del SME se plantan afuera de Gobernaci\u00f3n -\" \/>\n<meta property=\"og:description\" content=\"Integrantes del SME se plantan afuera de Gobernaci\u00f3n Por Redacci\u00f3n QP Entre otros temas, hablar\u00e1n...\" \/>\n<meta property=\"og:url\" content=\"https:\/\/quehacerpolitico.mx\/?p=50549\" \/>\n<meta property=\"article:published_time\" content=\"2020-01-23T19:03:40+00:00\" \/>\n<meta property=\"og:image\" content=\"https:\/\/quehacerpolitico.mx\/wp-content\/uploads\/2020\/01\/1C7056CC-5894-4B29-9590-665CC5F79227.jpeg\" \/>\n\t<meta property=\"og:image:width\" content=\"1242\" \/>\n\t<meta property=\"og:image:height\" content=\"674\" \/>\n\t<meta property=\"og:image:type\" content=\"image\/jpeg\" \/>\n<meta name=\"author\" content=\"Redacci\u00f3n QP\" \/>\n<meta name=\"twitter:card\" content=\"summary_large_image\" \/>\n<meta name=\"twitter:label1\" content=\"Escrito por\" \/>\n\t<meta name=\"twitter:data1\" content=\"Redacci\u00f3n QP\" \/>\n\t<meta name=\"twitter:label2\" content=\"Tiempo de lectura\" \/>\n\t<meta name=\"twitter:data2\" content=\"1 minuto\" \/>\n<script type=\"application\/ld+json\" class=\"yoast-schema-graph\">{\"@context\":\"https:\\\/\\\/schema.org\",\"@graph\":[{\"@type\":\"Article\",\"@id\":\"https:\\\/\\\/quehacerpolitico.mx\\\/?p=50549#article\",\"isPartOf\":{\"@id\":\"https:\\\/\\\/quehacerpolitico.mx\\\/?p=50549\"},\"author\":{\"name\":\"Redacci\u00f3n QP\",\"@id\":\"https:\\\/\\\/quehacerpolitico.mx\\\/#\\\/schema\\\/person\\\/496d8ad2d1d3f8036101dca7ee39e585\"},\"headline\":\"Integrantes del SME se plantan afuera de Gobernaci\u00f3n\",\"datePublished\":\"2020-01-23T19:03:40+00:00\",\"mainEntityOfPage\":{\"@id\":\"https:\\\/\\\/quehacerpolitico.mx\\\/?p=50549\"},\"wordCount\":233,\"commentCount\":0,\"image\":{\"@id\":\"https:\\\/\\\/quehacerpolitico.mx\\\/?p=50549#primaryimage\"},\"thumbnailUrl\":\"https:\\\/\\\/quehacerpolitico.mx\\\/wp-content\\\/uploads\\\/2020\\\/01\\\/1C7056CC-5894-4B29-9590-665CC5F79227.jpeg\",\"articleSection\":[\"CDMX\"],\"inLanguage\":\"es\",\"potentialAction\":[{\"@type\":\"CommentAction\",\"name\":\"Comment\",\"target\":[\"https:\\\/\\\/quehacerpolitico.mx\\\/?p=50549#respond\"]}]},{\"@type\":\"WebPage\",\"@id\":\"https:\\\/\\\/quehacerpolitico.mx\\\/?p=50549\",\"url\":\"https:\\\/\\\/quehacerpolitico.mx\\\/?p=50549\",\"name\":\"Integrantes del SME se plantan afuera de Gobernaci\u00f3n -\",\"isPartOf\":{\"@id\":\"https:\\\/\\\/quehacerpolitico.mx\\\/#website\"},\"primaryImageOfPage\":{\"@id\":\"https:\\\/\\\/quehacerpolitico.mx\\\/?p=50549#primaryimage\"},\"image\":{\"@id\":\"https:\\\/\\\/quehacerpolitico.mx\\\/?p=50549#primaryimage\"},\"thumbnailUrl\":\"https:\\\/\\\/quehacerpolitico.mx\\\/wp-content\\\/uploads\\\/2020\\\/01\\\/1C7056CC-5894-4B29-9590-665CC5F79227.jpeg\",\"datePublished\":\"2020-01-23T19:03:40+00:00\",\"author\":{\"@id\":\"https:\\\/\\\/quehacerpolitico.mx\\\/#\\\/schema\\\/person\\\/496d8ad2d1d3f8036101dca7ee39e585\"},\"breadcrumb\":{\"@id\":\"https:\\\/\\\/quehacerpolitico.mx\\\/?p=50549#breadcrumb\"},\"inLanguage\":\"es\",\"potentialAction\":[{\"@type\":\"ReadAction\",\"target\":[\"https:\\\/\\\/quehacerpolitico.mx\\\/?p=50549\"]}]},{\"@type\":\"ImageObject\",\"inLanguage\":\"es\",\"@id\":\"https:\\\/\\\/quehacerpolitico.mx\\\/?p=50549#primaryimage\",\"url\":\"https:\\\/\\\/quehacerpolitico.mx\\\/wp-content\\\/uploads\\\/2020\\\/01\\\/1C7056CC-5894-4B29-9590-665CC5F79227.jpeg\",\"contentUrl\":\"https:\\\/\\\/quehacerpolitico.mx\\\/wp-content\\\/uploads\\\/2020\\\/01\\\/1C7056CC-5894-4B29-9590-665CC5F79227.jpeg\",\"width\":1242,\"height\":674},{\"@type\":\"BreadcrumbList\",\"@id\":\"https:\\\/\\\/quehacerpolitico.mx\\\/?p=50549#breadcrumb\",\"itemListElement\":[{\"@type\":\"ListItem\",\"position\":1,\"name\":\"Inicio\",\"item\":\"https:\\\/\\\/quehacerpolitico.mx\\\/\"},{\"@type\":\"ListItem\",\"position\":2,\"name\":\"Integrantes del SME se plantan afuera de Gobernaci\u00f3n\"}]},{\"@type\":\"WebSite\",\"@id\":\"https:\\\/\\\/quehacerpolitico.mx\\\/#website\",\"url\":\"https:\\\/\\\/quehacerpolitico.mx\\\/\",\"name\":\"\",\"description\":\"\",\"potentialAction\":[{\"@type\":\"SearchAction\",\"target\":{\"@type\":\"EntryPoint\",\"urlTemplate\":\"https:\\\/\\\/quehacerpolitico.mx\\\/?s={search_term_string}\"},\"query-input\":{\"@type\":\"PropertyValueSpecification\",\"valueRequired\":true,\"valueName\":\"search_term_string\"}}],\"inLanguage\":\"es\"},{\"@type\":\"Person\",\"@id\":\"https:\\\/\\\/quehacerpolitico.mx\\\/#\\\/schema\\\/person\\\/496d8ad2d1d3f8036101dca7ee39e585\",\"name\":\"Redacci\u00f3n QP\",\"image\":{\"@type\":\"ImageObject\",\"inLanguage\":\"es\",\"@id\":\"https:\\\/\\\/secure.gravatar.com\\\/avatar\\\/c7164ed6fdec453195284ad24a5ae5b6e1eed2b848477fa2a4787ba9adf39a41?s=96&d=mm&r=g\",\"url\":\"https:\\\/\\\/secure.gravatar.com\\\/avatar\\\/c7164ed6fdec453195284ad24a5ae5b6e1eed2b848477fa2a4787ba9adf39a41?s=96&d=mm&r=g\",\"contentUrl\":\"https:\\\/\\\/secure.gravatar.com\\\/avatar\\\/c7164ed6fdec453195284ad24a5ae5b6e1eed2b848477fa2a4787ba9adf39a41?s=96&d=mm&r=g\",\"caption\":\"Redacci\u00f3n QP\"},\"url\":\"https:\\\/\\\/quehacerpolitico.mx\\\/?author=2\"}]}<\/script>\n<!-- \/ Yoast SEO plugin. -->","yoast_head_json":{"title":"Integrantes del SME se plantan afuera de Gobernaci\u00f3n -","robots":{"index":"index","follow":"follow","max-snippet":"max-snippet:-1","max-image-preview":"max-image-preview:large","max-video-preview":"max-video-preview:-1"},"canonical":"https:\/\/quehacerpolitico.mx\/?p=50549","og_locale":"es_MX","og_type":"article","og_title":"Integrantes del SME se plantan afuera de Gobernaci\u00f3n -","og_description":"Integrantes del SME se plantan afuera de Gobernaci\u00f3n Por Redacci\u00f3n QP Entre otros temas, hablar\u00e1n...","og_url":"https:\/\/quehacerpolitico.mx\/?p=50549","article_published_time":"2020-01-23T19:03:40+00:00","og_image":[{"width":1242,"height":674,"url":"https:\/\/quehacerpolitico.mx\/wp-content\/uploads\/2020\/01\/1C7056CC-5894-4B29-9590-665CC5F79227.jpeg","type":"image\/jpeg"}],"author":"Redacci\u00f3n QP","twitter_card":"summary_large_image","twitter_misc":{"Escrito por":"Redacci\u00f3n QP","Tiempo de lectura":"1 minuto"},"schema":{"@context":"https:\/\/schema.org","@graph":[{"@type":"Article","@id":"https:\/\/quehacerpolitico.mx\/?p=50549#article","isPartOf":{"@id":"https:\/\/quehacerpolitico.mx\/?p=50549"},"author":{"name":"Redacci\u00f3n QP","@id":"https:\/\/quehacerpolitico.mx\/#\/schema\/person\/496d8ad2d1d3f8036101dca7ee39e585"},"headline":"Integrantes del SME se plantan afuera de Gobernaci\u00f3n","datePublished":"2020-01-23T19:03:40+00:00","mainEntityOfPage":{"@id":"https:\/\/quehacerpolitico.mx\/?p=50549"},"wordCount":233,"commentCount":0,"image":{"@id":"https:\/\/quehacerpolitico.mx\/?p=50549#primaryimage"},"thumbnailUrl":"https:\/\/quehacerpolitico.mx\/wp-content\/uploads\/2020\/01\/1C7056CC-5894-4B29-9590-665CC5F79227.jpeg","articleSection":["CDMX"],"inLanguage":"es","potentialAction":[{"@type":"CommentAction","name":"Comment","target":["https:\/\/quehacerpolitico.mx\/?p=50549#respond"]}]},{"@type":"WebPage","@id":"https:\/\/quehacerpolitico.mx\/?p=50549","url":"https:\/\/quehacerpolitico.mx\/?p=50549","name":"Integrantes del SME se plantan afuera de Gobernaci\u00f3n -","isPartOf":{"@id":"https:\/\/quehacerpolitico.mx\/#website"},"primaryImageOfPage":{"@id":"https:\/\/quehacerpolitico.mx\/?p=50549#primaryimage"},"image":{"@id":"https:\/\/quehacerpolitico.mx\/?p=50549#primaryimage"},"thumbnailUrl":"https:\/\/quehacerpolitico.mx\/wp-content\/uploads\/2020\/01\/1C7056CC-5894-4B29-9590-665CC5F79227.jpeg","datePublished":"2020-01-23T19:03:40+00:00","author":{"@id":"https:\/\/quehacerpolitico.mx\/#\/schema\/person\/496d8ad2d1d3f8036101dca7ee39e585"},"breadcrumb":{"@id":"https:\/\/quehacerpolitico.mx\/?p=50549#breadcrumb"},"inLanguage":"es","potentialAction":[{"@type":"ReadAction","target":["https:\/\/quehacerpolitico.mx\/?p=50549"]}]},{"@type":"ImageObject","inLanguage":"es","@id":"https:\/\/quehacerpolitico.mx\/?p=50549#primaryimage","url":"https:\/\/quehacerpolitico.mx\/wp-content\/uploads\/2020\/01\/1C7056CC-5894-4B29-9590-665CC5F79227.jpeg","contentUrl":"https:\/\/quehacerpolitico.mx\/wp-content\/uploads\/2020\/01\/1C7056CC-5894-4B29-9590-665CC5F79227.jpeg","width":1242,"height":674},{"@type":"BreadcrumbList","@id":"https:\/\/quehacerpolitico.mx\/?p=50549#breadcrumb","itemListElement":[{"@type":"ListItem","position":1,"name":"Inicio","item":"https:\/\/quehacerpolitico.mx\/"},{"@type":"ListItem","position":2,"name":"Integrantes del SME se plantan afuera de Gobernaci\u00f3n"}]},{"@type":"WebSite","@id":"https:\/\/quehacerpolitico.mx\/#website","url":"https:\/\/quehacerpolitico.mx\/","name":"","description":"","potentialAction":[{"@type":"SearchAction","target":{"@type":"EntryPoint","urlTemplate":"https:\/\/quehacerpolitico.mx\/?s={search_term_string}"},"query-input":{"@type":"PropertyValueSpecification","valueRequired":true,"valueName":"search_term_string"}}],"inLanguage":"es"},{"@type":"Person","@id":"https:\/\/quehacerpolitico.mx\/#\/schema\/person\/496d8ad2d1d3f8036101dca7ee39e585","name":"Redacci\u00f3n QP","image":{"@type":"ImageObject","inLanguage":"es","@id":"https:\/\/secure.gravatar.com\/avatar\/c7164ed6fdec453195284ad24a5ae5b6e1eed2b848477fa2a4787ba9adf39a41?s=96&d=mm&r=g","url":"https:\/\/secure.gravatar.com\/avatar\/c7164ed6fdec453195284ad24a5ae5b6e1eed2b848477fa2a4787ba9adf39a41?s=96&d=mm&r=g","contentUrl":"https:\/\/secure.gravatar.com\/avatar\/c7164ed6fdec453195284ad24a5ae5b6e1eed2b848477fa2a4787ba9adf39a41?s=96&d=mm&r=g","caption":"Redacci\u00f3n QP"},"url":"https:\/\/quehacerpolitico.mx\/?author=2"}]}},"featured_image_urls":{"full":["https:\/\/quehacerpolitico.mx\/wp-content\/uploads\/2020\/01\/1C7056CC-5894-4B29-9590-665CC5F79227.jpeg",1242,674,false],"thumbnail":["https:\/\/quehacerpolitico.mx\/wp-content\/uploads\/2020\/01\/1C7056CC-5894-4B29-9590-665CC5F79227-150x150.jpeg",150,150,true],"medium":["https:\/\/quehacerpolitico.mx\/wp-content\/uploads\/2020\/01\/1C7056CC-5894-4B29-9590-665CC5F79227-300x163.jpeg",300,163,true],"medium_large":["https:\/\/quehacerpolitico.mx\/wp-content\/uploads\/2020\/01\/1C7056CC-5894-4B29-9590-665CC5F79227-768x417.jpeg",640,348,true],"large":["https:\/\/quehacerpolitico.mx\/wp-content\/uploads\/2020\/01\/1C7056CC-5894-4B29-9590-665CC5F79227-1024x556.jpeg",640,348,true],"1536x1536":["https:\/\/quehacerpolitico.mx\/wp-content\/uploads\/2020\/01\/1C7056CC-5894-4B29-9590-665CC5F79227.jpeg",1242,674,false],"2048x2048":["https:\/\/quehacerpolitico.mx\/wp-content\/uploads\/2020\/01\/1C7056CC-5894-4B29-9590-665CC5F79227.jpeg",1242,674,false],"covernews-featured":["https:\/\/quehacerpolitico.mx\/wp-content\/uploads\/2020\/01\/1C7056CC-5894-4B29-9590-665CC5F79227.jpeg",1024,556,false],"covernews-medium":["https:\/\/quehacerpolitico.mx\/wp-content\/uploads\/2020\/01\/1C7056CC-5894-4B29-9590-665CC5F79227.jpeg",540,293,false]},"author_info":{"display_name":"Redacci\u00f3n QP","author_link":"https:\/\/quehacerpolitico.mx\/?author=2"},"category_info":"<a href=\"https:\/\/quehacerpolitico.mx\/?cat=55\" rel=\"category\">CDMX<\/a>","tag_info":"CDMX","comment_count":"0","_links":{"self":[{"href":"https:\/\/quehacerpolitico.mx\/index.php?rest_route=\/wp\/v2\/posts\/50549","targetHints":{"allow":["GET"]}}],"collection":[{"href":"https:\/\/quehacerpolitico.mx\/index.php?rest_route=\/wp\/v2\/posts"}],"about":[{"href":"https:\/\/quehacerpolitico.mx\/index.php?rest_route=\/wp\/v2\/types\/post"}],"author":[{"embeddable":true,"href":"https:\/\/quehacerpolitico.mx\/index.php?rest_route=\/wp\/v2\/users\/2"}],"replies":[{"embeddable":true,"href":"https:\/\/quehacerpolitico.mx\/index.php?rest_route=%2Fwp%2Fv2%2Fcomments&post=50549"}],"version-history":[{"count":0,"href":"https:\/\/quehacerpolitico.mx\/index.php?rest_route=\/wp\/v2\/posts\/50549\/revisions"}],"wp:featuredmedia":[{"embeddable":true,"href":"https:\/\/quehacerpolitico.mx\/index.php?rest_route=\/wp\/v2\/media\/50551"}],"wp:attachment":[{"href":"https:\/\/quehacerpolitico.mx\/index.php?rest_route=%2Fwp%2Fv2%2Fmedia&parent=50549"}],"wp:term":[{"taxonomy":"category","embeddable":true,"href":"https:\/\/quehacerpolitico.mx\/index.php?rest_route=%2Fwp%2Fv2%2Fcategories&post=50549"},{"taxonomy":"post_tag","embeddable":true,"href":"https:\/\/quehacerpolitico.mx\/index.php?rest_route=%2Fwp%2Fv2%2Ftags&post=50549"}],"curies":[{"name":"wp","href":"https:\/\/api.w.org\/{rel}","templated":true}]}}