{"id":50546,"date":"2020-01-23T18:49:42","date_gmt":"2020-01-23T18:49:42","guid":{"rendered":"http:\/\/quehacerpolitico.mx\/?p=50546"},"modified":"2020-01-23T18:49:42","modified_gmt":"2020-01-23T18:49:42","slug":"hombre-muerde-a-policia-por-pedirle-que-no-orinara-en-el-vestibulo-del-metro","status":"publish","type":"post","link":"https:\/\/quehacerpolitico.mx\/?p=50546","title":{"rendered":"Hombre muerde a polic\u00eda por pedirle que no orinara en el vest\u00edbulo del Metro"},"content":{"rendered":"<p>Hombre muerde a polic\u00eda por pedirle que no orinara en el vest\u00edbulo del Metro<br \/>\nPor Redacci\u00f3n QP<\/p>\n<p>El hombre mordi\u00f3 y arranc\u00f3 un trozo de la nariz del polic\u00eda.<\/p>\n<p>Un <strong>hombre <\/strong>atac\u00f3 a un <strong>polic\u00eda <\/strong>en la <strong>estaci\u00f3n Ermita de la L\u00ednea 12 del Metro<\/strong>, luego de que \u00e9ste le llamara la atenci\u00f3n por <strong>orinar en el vest\u00edbulo<\/strong>.<\/p>\n<p>El polic\u00eda indic\u00f3 al <strong>hombre de 19 a\u00f1os<\/strong>, que, por su conducta, incurr\u00eda en una <strong>falta administrativa<\/strong>, momento en el que el hombre sac\u00f3 un <strong>cuchillo<\/strong> y se lanz\u00f3 sobre \u00e9l.<\/p>\n<p>Tras un forcejeo, el <strong>hombre golpe\u00f3 al polic\u00eda<\/strong> mientras intentaba lastimarlo con el <strong>cuchillo<\/strong> y lo <strong>mordi\u00f3 en la nariz<\/strong> arranc\u00e1ndole un pedazo de la misma.<\/p>\n<p>Elementos de la <strong>Secretar\u00eda de Seguridad Ciudadana<\/strong>(SSC) apoyaron al oficial herido, quien fue atendido por <strong>param\u00e9dicos del Escuadr\u00f3n de Rescate y Urgencias M\u00e9dicas (ERUM),<\/strong> para posteriormente ser trasladado a un hospital donde ser\u00e1 tratado por <strong>amputaci\u00f3n <\/strong>del <strong>ala nasal<\/strong> izquierda y contusi\u00f3n en gl\u00f3bulo.<\/p>\n<p>Por su parte, el hombre fue detenido y presentado ante el <strong>Ministerio P\u00fablico<\/strong>, quien determinar\u00e1 su situaci\u00f3n jur\u00eddica.<\/p>\n<blockquote class=\"twitter-tweet\" data-width=\"550\" data-dnt=\"true\">\n<p lang=\"es\" dir=\"ltr\">\ud83d\udcfa Polic\u00eda de la <a href=\"https:\/\/twitter.com\/ssp_cdmx?ref_src=twsrc%5Etfw\">@SSP_CDMX<\/a> resulta lesionado tras ser agredido por un usuario del <a href=\"https:\/\/twitter.com\/MetroCDMX?ref_src=twsrc%5Etfw\">@MetroCDMX<\/a> el cual se encontraba supuestamente orinando en las instalaciones <a href=\"https:\/\/twitter.com\/hashtag\/TelediarioEnEl6?src=hash&amp;ref_src=twsrc%5Etfw\">#TelediarioEnEl6<\/a> con <a href=\"https:\/\/twitter.com\/anyalanis14?ref_src=twsrc%5Etfw\">@anyalanis14<\/a>  | <a href=\"https:\/\/twitter.com\/hashtag\/EnDirecto?src=hash&amp;ref_src=twsrc%5Etfw\">#EnDirecto<\/a>  <a href=\"https:\/\/t.co\/VqUPqVxLBf\">https:\/\/t.co\/VqUPqVxLBf<\/a> <a href=\"https:\/\/t.co\/H7UZoGDp1n\">pic.twitter.com\/H7UZoGDp1n<\/a><\/p>\n<p>&mdash; @telediario (@telediario) <a href=\"https:\/\/twitter.com\/telediario\/status\/1220370555083292673?ref_src=twsrc%5Etfw\">January 23, 2020<\/a><\/p><\/blockquote>\n<p><script async src=\"https:\/\/platform.twitter.com\/widgets.js\" charset=\"utf-8\"><\/script><\/p>\n<p>Con Informaci\u00f3n de Multimedios Digital<\/p>\n","protected":false},"excerpt":{"rendered":"<p>Hombre muerde a polic\u00eda por pedirle que no orinara en el vest\u00edbulo del Metro Por&#8230;<\/p>\n","protected":false},"author":2,"featured_media":50547,"comment_status":"open","ping_status":"open","sticky":false,"template":"","format":"standard","meta":{"_monsterinsights_skip_tracking":false,"_monsterinsights_sitenote_active":false,"_monsterinsights_sitenote_note":"","_monsterinsights_sitenote_category":0,"footnotes":""},"categories":[55],"tags":[],"class_list":["post-50546","post","type-post","status-publish","format-standard","has-post-thumbnail","hentry","category-cdmx"],"yoast_head":"<!-- This site is optimized with the Yoast SEO plugin v27.3 - https:\/\/yoast.com\/product\/yoast-seo-wordpress\/ -->\n<title>Hombre muerde a polic\u00eda por pedirle que no orinara en el vest\u00edbulo del Metro -<\/title>\n<meta name=\"robots\" content=\"index, follow, max-snippet:-1, max-image-preview:large, max-video-preview:-1\" \/>\n<link rel=\"canonical\" href=\"https:\/\/quehacerpolitico.mx\/?p=50546\" \/>\n<meta property=\"og:locale\" content=\"es_MX\" \/>\n<meta property=\"og:type\" content=\"article\" \/>\n<meta property=\"og:title\" content=\"Hombre muerde a polic\u00eda por pedirle que no orinara en el vest\u00edbulo del Metro -\" \/>\n<meta property=\"og:description\" content=\"Hombre muerde a polic\u00eda por pedirle que no orinara en el vest\u00edbulo del Metro Por...\" \/>\n<meta property=\"og:url\" content=\"https:\/\/quehacerpolitico.mx\/?p=50546\" \/>\n<meta property=\"article:published_time\" content=\"2020-01-23T18:49:42+00:00\" \/>\n<meta property=\"og:image\" content=\"https:\/\/quehacerpolitico.mx\/wp-content\/uploads\/2020\/01\/CCAB6A44-CA90-4FF4-B15C-3AF2E85D3DCB.jpeg\" \/>\n\t<meta property=\"og:image:width\" content=\"696\" \/>\n\t<meta property=\"og:image:height\" content=\"433\" \/>\n\t<meta property=\"og:image:type\" content=\"image\/jpeg\" \/>\n<meta name=\"author\" content=\"Redacci\u00f3n QP\" \/>\n<meta name=\"twitter:card\" content=\"summary_large_image\" \/>\n<meta name=\"twitter:label1\" content=\"Escrito por\" \/>\n\t<meta name=\"twitter:data1\" content=\"Redacci\u00f3n QP\" \/>\n\t<meta name=\"twitter:label2\" content=\"Tiempo de lectura\" \/>\n\t<meta name=\"twitter:data2\" content=\"1 minuto\" \/>\n<script type=\"application\/ld+json\" class=\"yoast-schema-graph\">{\"@context\":\"https:\\\/\\\/schema.org\",\"@graph\":[{\"@type\":\"Article\",\"@id\":\"https:\\\/\\\/quehacerpolitico.mx\\\/?p=50546#article\",\"isPartOf\":{\"@id\":\"https:\\\/\\\/quehacerpolitico.mx\\\/?p=50546\"},\"author\":{\"name\":\"Redacci\u00f3n QP\",\"@id\":\"https:\\\/\\\/quehacerpolitico.mx\\\/#\\\/schema\\\/person\\\/496d8ad2d1d3f8036101dca7ee39e585\"},\"headline\":\"Hombre muerde a polic\u00eda por pedirle que no orinara en el vest\u00edbulo del Metro\",\"datePublished\":\"2020-01-23T18:49:42+00:00\",\"mainEntityOfPage\":{\"@id\":\"https:\\\/\\\/quehacerpolitico.mx\\\/?p=50546\"},\"wordCount\":228,\"commentCount\":0,\"image\":{\"@id\":\"https:\\\/\\\/quehacerpolitico.mx\\\/?p=50546#primaryimage\"},\"thumbnailUrl\":\"https:\\\/\\\/quehacerpolitico.mx\\\/wp-content\\\/uploads\\\/2020\\\/01\\\/CCAB6A44-CA90-4FF4-B15C-3AF2E85D3DCB.jpeg\",\"articleSection\":[\"CDMX\"],\"inLanguage\":\"es\",\"potentialAction\":[{\"@type\":\"CommentAction\",\"name\":\"Comment\",\"target\":[\"https:\\\/\\\/quehacerpolitico.mx\\\/?p=50546#respond\"]}]},{\"@type\":\"WebPage\",\"@id\":\"https:\\\/\\\/quehacerpolitico.mx\\\/?p=50546\",\"url\":\"https:\\\/\\\/quehacerpolitico.mx\\\/?p=50546\",\"name\":\"Hombre muerde a polic\u00eda por pedirle que no orinara en el vest\u00edbulo del Metro -\",\"isPartOf\":{\"@id\":\"https:\\\/\\\/quehacerpolitico.mx\\\/#website\"},\"primaryImageOfPage\":{\"@id\":\"https:\\\/\\\/quehacerpolitico.mx\\\/?p=50546#primaryimage\"},\"image\":{\"@id\":\"https:\\\/\\\/quehacerpolitico.mx\\\/?p=50546#primaryimage\"},\"thumbnailUrl\":\"https:\\\/\\\/quehacerpolitico.mx\\\/wp-content\\\/uploads\\\/2020\\\/01\\\/CCAB6A44-CA90-4FF4-B15C-3AF2E85D3DCB.jpeg\",\"datePublished\":\"2020-01-23T18:49:42+00:00\",\"author\":{\"@id\":\"https:\\\/\\\/quehacerpolitico.mx\\\/#\\\/schema\\\/person\\\/496d8ad2d1d3f8036101dca7ee39e585\"},\"breadcrumb\":{\"@id\":\"https:\\\/\\\/quehacerpolitico.mx\\\/?p=50546#breadcrumb\"},\"inLanguage\":\"es\",\"potentialAction\":[{\"@type\":\"ReadAction\",\"target\":[\"https:\\\/\\\/quehacerpolitico.mx\\\/?p=50546\"]}]},{\"@type\":\"ImageObject\",\"inLanguage\":\"es\",\"@id\":\"https:\\\/\\\/quehacerpolitico.mx\\\/?p=50546#primaryimage\",\"url\":\"https:\\\/\\\/quehacerpolitico.mx\\\/wp-content\\\/uploads\\\/2020\\\/01\\\/CCAB6A44-CA90-4FF4-B15C-3AF2E85D3DCB.jpeg\",\"contentUrl\":\"https:\\\/\\\/quehacerpolitico.mx\\\/wp-content\\\/uploads\\\/2020\\\/01\\\/CCAB6A44-CA90-4FF4-B15C-3AF2E85D3DCB.jpeg\",\"width\":696,\"height\":433},{\"@type\":\"BreadcrumbList\",\"@id\":\"https:\\\/\\\/quehacerpolitico.mx\\\/?p=50546#breadcrumb\",\"itemListElement\":[{\"@type\":\"ListItem\",\"position\":1,\"name\":\"Inicio\",\"item\":\"https:\\\/\\\/quehacerpolitico.mx\\\/\"},{\"@type\":\"ListItem\",\"position\":2,\"name\":\"Hombre muerde a polic\u00eda por pedirle que no orinara en el vest\u00edbulo del Metro\"}]},{\"@type\":\"WebSite\",\"@id\":\"https:\\\/\\\/quehacerpolitico.mx\\\/#website\",\"url\":\"https:\\\/\\\/quehacerpolitico.mx\\\/\",\"name\":\"\",\"description\":\"\",\"potentialAction\":[{\"@type\":\"SearchAction\",\"target\":{\"@type\":\"EntryPoint\",\"urlTemplate\":\"https:\\\/\\\/quehacerpolitico.mx\\\/?s={search_term_string}\"},\"query-input\":{\"@type\":\"PropertyValueSpecification\",\"valueRequired\":true,\"valueName\":\"search_term_string\"}}],\"inLanguage\":\"es\"},{\"@type\":\"Person\",\"@id\":\"https:\\\/\\\/quehacerpolitico.mx\\\/#\\\/schema\\\/person\\\/496d8ad2d1d3f8036101dca7ee39e585\",\"name\":\"Redacci\u00f3n QP\",\"image\":{\"@type\":\"ImageObject\",\"inLanguage\":\"es\",\"@id\":\"https:\\\/\\\/secure.gravatar.com\\\/avatar\\\/c7164ed6fdec453195284ad24a5ae5b6e1eed2b848477fa2a4787ba9adf39a41?s=96&d=mm&r=g\",\"url\":\"https:\\\/\\\/secure.gravatar.com\\\/avatar\\\/c7164ed6fdec453195284ad24a5ae5b6e1eed2b848477fa2a4787ba9adf39a41?s=96&d=mm&r=g\",\"contentUrl\":\"https:\\\/\\\/secure.gravatar.com\\\/avatar\\\/c7164ed6fdec453195284ad24a5ae5b6e1eed2b848477fa2a4787ba9adf39a41?s=96&d=mm&r=g\",\"caption\":\"Redacci\u00f3n QP\"},\"url\":\"https:\\\/\\\/quehacerpolitico.mx\\\/?author=2\"}]}<\/script>\n<!-- \/ Yoast SEO plugin. -->","yoast_head_json":{"title":"Hombre muerde a polic\u00eda por pedirle que no orinara en el vest\u00edbulo del Metro -","robots":{"index":"index","follow":"follow","max-snippet":"max-snippet:-1","max-image-preview":"max-image-preview:large","max-video-preview":"max-video-preview:-1"},"canonical":"https:\/\/quehacerpolitico.mx\/?p=50546","og_locale":"es_MX","og_type":"article","og_title":"Hombre muerde a polic\u00eda por pedirle que no orinara en el vest\u00edbulo del Metro -","og_description":"Hombre muerde a polic\u00eda por pedirle que no orinara en el vest\u00edbulo del Metro Por...","og_url":"https:\/\/quehacerpolitico.mx\/?p=50546","article_published_time":"2020-01-23T18:49:42+00:00","og_image":[{"width":696,"height":433,"url":"https:\/\/quehacerpolitico.mx\/wp-content\/uploads\/2020\/01\/CCAB6A44-CA90-4FF4-B15C-3AF2E85D3DCB.jpeg","type":"image\/jpeg"}],"author":"Redacci\u00f3n QP","twitter_card":"summary_large_image","twitter_misc":{"Escrito por":"Redacci\u00f3n QP","Tiempo de lectura":"1 minuto"},"schema":{"@context":"https:\/\/schema.org","@graph":[{"@type":"Article","@id":"https:\/\/quehacerpolitico.mx\/?p=50546#article","isPartOf":{"@id":"https:\/\/quehacerpolitico.mx\/?p=50546"},"author":{"name":"Redacci\u00f3n QP","@id":"https:\/\/quehacerpolitico.mx\/#\/schema\/person\/496d8ad2d1d3f8036101dca7ee39e585"},"headline":"Hombre muerde a polic\u00eda por pedirle que no orinara en el vest\u00edbulo del Metro","datePublished":"2020-01-23T18:49:42+00:00","mainEntityOfPage":{"@id":"https:\/\/quehacerpolitico.mx\/?p=50546"},"wordCount":228,"commentCount":0,"image":{"@id":"https:\/\/quehacerpolitico.mx\/?p=50546#primaryimage"},"thumbnailUrl":"https:\/\/quehacerpolitico.mx\/wp-content\/uploads\/2020\/01\/CCAB6A44-CA90-4FF4-B15C-3AF2E85D3DCB.jpeg","articleSection":["CDMX"],"inLanguage":"es","potentialAction":[{"@type":"CommentAction","name":"Comment","target":["https:\/\/quehacerpolitico.mx\/?p=50546#respond"]}]},{"@type":"WebPage","@id":"https:\/\/quehacerpolitico.mx\/?p=50546","url":"https:\/\/quehacerpolitico.mx\/?p=50546","name":"Hombre muerde a polic\u00eda por pedirle que no orinara en el vest\u00edbulo del Metro -","isPartOf":{"@id":"https:\/\/quehacerpolitico.mx\/#website"},"primaryImageOfPage":{"@id":"https:\/\/quehacerpolitico.mx\/?p=50546#primaryimage"},"image":{"@id":"https:\/\/quehacerpolitico.mx\/?p=50546#primaryimage"},"thumbnailUrl":"https:\/\/quehacerpolitico.mx\/wp-content\/uploads\/2020\/01\/CCAB6A44-CA90-4FF4-B15C-3AF2E85D3DCB.jpeg","datePublished":"2020-01-23T18:49:42+00:00","author":{"@id":"https:\/\/quehacerpolitico.mx\/#\/schema\/person\/496d8ad2d1d3f8036101dca7ee39e585"},"breadcrumb":{"@id":"https:\/\/quehacerpolitico.mx\/?p=50546#breadcrumb"},"inLanguage":"es","potentialAction":[{"@type":"ReadAction","target":["https:\/\/quehacerpolitico.mx\/?p=50546"]}]},{"@type":"ImageObject","inLanguage":"es","@id":"https:\/\/quehacerpolitico.mx\/?p=50546#primaryimage","url":"https:\/\/quehacerpolitico.mx\/wp-content\/uploads\/2020\/01\/CCAB6A44-CA90-4FF4-B15C-3AF2E85D3DCB.jpeg","contentUrl":"https:\/\/quehacerpolitico.mx\/wp-content\/uploads\/2020\/01\/CCAB6A44-CA90-4FF4-B15C-3AF2E85D3DCB.jpeg","width":696,"height":433},{"@type":"BreadcrumbList","@id":"https:\/\/quehacerpolitico.mx\/?p=50546#breadcrumb","itemListElement":[{"@type":"ListItem","position":1,"name":"Inicio","item":"https:\/\/quehacerpolitico.mx\/"},{"@type":"ListItem","position":2,"name":"Hombre muerde a polic\u00eda por pedirle que no orinara en el vest\u00edbulo del Metro"}]},{"@type":"WebSite","@id":"https:\/\/quehacerpolitico.mx\/#website","url":"https:\/\/quehacerpolitico.mx\/","name":"","description":"","potentialAction":[{"@type":"SearchAction","target":{"@type":"EntryPoint","urlTemplate":"https:\/\/quehacerpolitico.mx\/?s={search_term_string}"},"query-input":{"@type":"PropertyValueSpecification","valueRequired":true,"valueName":"search_term_string"}}],"inLanguage":"es"},{"@type":"Person","@id":"https:\/\/quehacerpolitico.mx\/#\/schema\/person\/496d8ad2d1d3f8036101dca7ee39e585","name":"Redacci\u00f3n QP","image":{"@type":"ImageObject","inLanguage":"es","@id":"https:\/\/secure.gravatar.com\/avatar\/c7164ed6fdec453195284ad24a5ae5b6e1eed2b848477fa2a4787ba9adf39a41?s=96&d=mm&r=g","url":"https:\/\/secure.gravatar.com\/avatar\/c7164ed6fdec453195284ad24a5ae5b6e1eed2b848477fa2a4787ba9adf39a41?s=96&d=mm&r=g","contentUrl":"https:\/\/secure.gravatar.com\/avatar\/c7164ed6fdec453195284ad24a5ae5b6e1eed2b848477fa2a4787ba9adf39a41?s=96&d=mm&r=g","caption":"Redacci\u00f3n QP"},"url":"https:\/\/quehacerpolitico.mx\/?author=2"}]}},"featured_image_urls":{"full":["https:\/\/quehacerpolitico.mx\/wp-content\/uploads\/2020\/01\/CCAB6A44-CA90-4FF4-B15C-3AF2E85D3DCB.jpeg",696,433,false],"thumbnail":["https:\/\/quehacerpolitico.mx\/wp-content\/uploads\/2020\/01\/CCAB6A44-CA90-4FF4-B15C-3AF2E85D3DCB-150x150.jpeg",150,150,true],"medium":["https:\/\/quehacerpolitico.mx\/wp-content\/uploads\/2020\/01\/CCAB6A44-CA90-4FF4-B15C-3AF2E85D3DCB-300x187.jpeg",300,187,true],"medium_large":["https:\/\/quehacerpolitico.mx\/wp-content\/uploads\/2020\/01\/CCAB6A44-CA90-4FF4-B15C-3AF2E85D3DCB.jpeg",640,398,false],"large":["https:\/\/quehacerpolitico.mx\/wp-content\/uploads\/2020\/01\/CCAB6A44-CA90-4FF4-B15C-3AF2E85D3DCB.jpeg",640,398,false],"1536x1536":["https:\/\/quehacerpolitico.mx\/wp-content\/uploads\/2020\/01\/CCAB6A44-CA90-4FF4-B15C-3AF2E85D3DCB.jpeg",696,433,false],"2048x2048":["https:\/\/quehacerpolitico.mx\/wp-content\/uploads\/2020\/01\/CCAB6A44-CA90-4FF4-B15C-3AF2E85D3DCB.jpeg",696,433,false],"covernews-featured":["https:\/\/quehacerpolitico.mx\/wp-content\/uploads\/2020\/01\/CCAB6A44-CA90-4FF4-B15C-3AF2E85D3DCB.jpeg",696,433,false],"covernews-medium":["https:\/\/quehacerpolitico.mx\/wp-content\/uploads\/2020\/01\/CCAB6A44-CA90-4FF4-B15C-3AF2E85D3DCB.jpeg",540,336,false]},"author_info":{"display_name":"Redacci\u00f3n QP","author_link":"https:\/\/quehacerpolitico.mx\/?author=2"},"category_info":"<a href=\"https:\/\/quehacerpolitico.mx\/?cat=55\" rel=\"category\">CDMX<\/a>","tag_info":"CDMX","comment_count":"0","_links":{"self":[{"href":"https:\/\/quehacerpolitico.mx\/index.php?rest_route=\/wp\/v2\/posts\/50546","targetHints":{"allow":["GET"]}}],"collection":[{"href":"https:\/\/quehacerpolitico.mx\/index.php?rest_route=\/wp\/v2\/posts"}],"about":[{"href":"https:\/\/quehacerpolitico.mx\/index.php?rest_route=\/wp\/v2\/types\/post"}],"author":[{"embeddable":true,"href":"https:\/\/quehacerpolitico.mx\/index.php?rest_route=\/wp\/v2\/users\/2"}],"replies":[{"embeddable":true,"href":"https:\/\/quehacerpolitico.mx\/index.php?rest_route=%2Fwp%2Fv2%2Fcomments&post=50546"}],"version-history":[{"count":0,"href":"https:\/\/quehacerpolitico.mx\/index.php?rest_route=\/wp\/v2\/posts\/50546\/revisions"}],"wp:featuredmedia":[{"embeddable":true,"href":"https:\/\/quehacerpolitico.mx\/index.php?rest_route=\/wp\/v2\/media\/50547"}],"wp:attachment":[{"href":"https:\/\/quehacerpolitico.mx\/index.php?rest_route=%2Fwp%2Fv2%2Fmedia&parent=50546"}],"wp:term":[{"taxonomy":"category","embeddable":true,"href":"https:\/\/quehacerpolitico.mx\/index.php?rest_route=%2Fwp%2Fv2%2Fcategories&post=50546"},{"taxonomy":"post_tag","embeddable":true,"href":"https:\/\/quehacerpolitico.mx\/index.php?rest_route=%2Fwp%2Fv2%2Ftags&post=50546"}],"curies":[{"name":"wp","href":"https:\/\/api.w.org\/{rel}","templated":true}]}}