{"id":50542,"date":"2020-01-23T18:42:26","date_gmt":"2020-01-23T18:42:26","guid":{"rendered":"http:\/\/quehacerpolitico.mx\/?p=50542"},"modified":"2020-01-23T18:42:26","modified_gmt":"2020-01-23T18:42:26","slug":"a-falta-de-sicarios-grupos-criminales-reclutan-ninos-dice-lopez-obrador","status":"publish","type":"post","link":"https:\/\/quehacerpolitico.mx\/?p=50542","title":{"rendered":"A falta de &#8220;sicarios&#8221;, grupos criminales reclutan ni\u00f1os, dice L\u00f3pez Obrador"},"content":{"rendered":"<h1 class=\"news-title\">A falta de &#8220;sicarios&#8221;, grupos criminales reclutan ni\u00f1os, dice L\u00f3pez Obrador<br \/>\nPor Redacci\u00f3n QP<\/h1>\n<p>Ante la presentaci\u00f3n el d\u00eda de ayer de 19 menores armados entre seis y 15 a\u00f1os en Chilapa y Jos\u00e9 Joaqu\u00edn Herrera, Guerrero<\/p>\n<p>El Presidente Andres Manuel L\u00f3pez Obrador\u00a0asegur\u00f3 que, seg\u00fan informes del Gabinete de Seguridad, debido a la falta de sicarios, grupos criminales han comenzado a reclutar a ni\u00f1os y adolescentes.<\/p>\n<p>En Palacio Nacional y ante la presentaci\u00f3n el d\u00eda de ayer de 19 menores armados entre seis y 15 a\u00f1os por parte de la Polic\u00eda Comunitaria de la Coordinadora Regional de Autoridades Comunitarias (CRAC) de los municipios de Chilapa y Jos\u00e9 Joaqu\u00edn Herrera, Guerrero, el titular del Ejecutivo federal<strong> se\u00f1al\u00f3 que los programas sociales enfocados a este sector de la poblaci\u00f3n son impulsados para que se alejen de las armas y de la violencia<\/strong>.<\/p>\n<p>&#8220;Hay quienes sostienen, del Gabinete de Seguridad, que <strong>se les est\u00e1 dificultando a las organizaciones conseguir sicarios y que est\u00e1n reclutando cada vez m\u00e1s ni\u00f1os<\/strong>, j\u00f3venes, porque existe una competencia: los programas sociales, (los cuales) est\u00e1n dando opci\u00f3n a muchos j\u00f3venes y esto lleva a la desesperaci\u00f3n y querer fortalecer sus filas con ni\u00f1os, j\u00f3venes. No va a ser f\u00e1cil, porque no vamos a dejar de atender a los ni\u00f1os, a los j\u00f3venes. Yo les dir\u00eda que ese es el fondo del asunto, el que les quitemos a los j\u00f3venes, el que les demos opciones, alternativas de estudio, de trabajo&#8221;.<\/p>\n<p>&#8220;Estamos atendiendo las causas que tenemos que enfrentar la violencia, que desde luego <strong>hay que dar opciones a ni\u00f1os a j\u00f3venes, alejarlos de las armas, alejarlos de la violencia<\/strong> y eso es lo que se est\u00e1 haciendo en todos lados. Desde luego es un proceso, atender las causas que no haya esta opci\u00f3n, cancelar por completo la opci\u00f3n de la violencia&#8221;, dijo.<\/p>\n<p>Se\u00f1al\u00f3 que, en Guerrero, es el estado en donde est\u00e1 legalizada la autodefensa, sin embargo, coment\u00f3 que &#8220;desde ah\u00ed se han agarrado quienes no son aut\u00e9nticos autodefensas de las comunidades para armarse, entonces eso se est\u00e1 tratando. Legalmente la \u00fanica Constituci\u00f3n que permite la defensa, la organizaci\u00f3n de ciudadanos para la defensa, es la de Tamaulipas, y en los tiempos actuales es lo que se hizo en Guerrero. Lo que considero importante, trascendente es que estamos atendiendo las causas, se les est\u00e1 dando opciones a los ni\u00f1os&#8221;.<\/p>\n<p>Con Informaci\u00f3n de SUN<\/p>\n","protected":false},"excerpt":{"rendered":"<p>A falta de &#8220;sicarios&#8221;, grupos criminales reclutan ni\u00f1os, dice L\u00f3pez Obrador Por Redacci\u00f3n QP Ante&#8230;<\/p>\n","protected":false},"author":2,"featured_media":50544,"comment_status":"open","ping_status":"open","sticky":false,"template":"","format":"standard","meta":{"_monsterinsights_skip_tracking":false,"_monsterinsights_sitenote_active":false,"_monsterinsights_sitenote_note":"","_monsterinsights_sitenote_category":0,"footnotes":""},"categories":[2],"tags":[],"class_list":["post-50542","post","type-post","status-publish","format-standard","has-post-thumbnail","hentry","category-noticias"],"yoast_head":"<!-- This site is optimized with the Yoast SEO plugin v27.3 - https:\/\/yoast.com\/product\/yoast-seo-wordpress\/ -->\n<title>A falta de &quot;sicarios&quot;, grupos criminales reclutan ni\u00f1os, dice L\u00f3pez Obrador -<\/title>\n<meta name=\"robots\" content=\"index, follow, max-snippet:-1, max-image-preview:large, max-video-preview:-1\" \/>\n<link rel=\"canonical\" href=\"https:\/\/quehacerpolitico.mx\/?p=50542\" \/>\n<meta property=\"og:locale\" content=\"es_MX\" \/>\n<meta property=\"og:type\" content=\"article\" \/>\n<meta property=\"og:title\" content=\"A falta de &quot;sicarios&quot;, grupos criminales reclutan ni\u00f1os, dice L\u00f3pez Obrador -\" \/>\n<meta property=\"og:description\" content=\"A falta de &#8220;sicarios&#8221;, grupos criminales reclutan ni\u00f1os, dice L\u00f3pez Obrador Por Redacci\u00f3n QP Ante...\" \/>\n<meta property=\"og:url\" content=\"https:\/\/quehacerpolitico.mx\/?p=50542\" \/>\n<meta property=\"article:published_time\" content=\"2020-01-23T18:42:26+00:00\" \/>\n<meta property=\"og:image\" content=\"https:\/\/quehacerpolitico.mx\/wp-content\/uploads\/2020\/01\/1C3E67D2-4FE5-4069-9E3B-E5520DC8CAB7.jpeg\" \/>\n\t<meta property=\"og:image:width\" content=\"1600\" \/>\n\t<meta property=\"og:image:height\" content=\"1000\" \/>\n\t<meta property=\"og:image:type\" content=\"image\/jpeg\" \/>\n<meta name=\"author\" content=\"Redacci\u00f3n QP\" \/>\n<meta name=\"twitter:card\" content=\"summary_large_image\" \/>\n<meta name=\"twitter:label1\" content=\"Escrito por\" \/>\n\t<meta name=\"twitter:data1\" content=\"Redacci\u00f3n QP\" \/>\n\t<meta name=\"twitter:label2\" content=\"Tiempo de lectura\" \/>\n\t<meta name=\"twitter:data2\" content=\"2 minutos\" \/>\n<script type=\"application\/ld+json\" class=\"yoast-schema-graph\">{\"@context\":\"https:\\\/\\\/schema.org\",\"@graph\":[{\"@type\":\"Article\",\"@id\":\"https:\\\/\\\/quehacerpolitico.mx\\\/?p=50542#article\",\"isPartOf\":{\"@id\":\"https:\\\/\\\/quehacerpolitico.mx\\\/?p=50542\"},\"author\":{\"name\":\"Redacci\u00f3n QP\",\"@id\":\"https:\\\/\\\/quehacerpolitico.mx\\\/#\\\/schema\\\/person\\\/496d8ad2d1d3f8036101dca7ee39e585\"},\"headline\":\"A falta de &#8220;sicarios&#8221;, grupos criminales reclutan ni\u00f1os, dice L\u00f3pez Obrador\",\"datePublished\":\"2020-01-23T18:42:26+00:00\",\"mainEntityOfPage\":{\"@id\":\"https:\\\/\\\/quehacerpolitico.mx\\\/?p=50542\"},\"wordCount\":445,\"commentCount\":0,\"image\":{\"@id\":\"https:\\\/\\\/quehacerpolitico.mx\\\/?p=50542#primaryimage\"},\"thumbnailUrl\":\"https:\\\/\\\/quehacerpolitico.mx\\\/wp-content\\\/uploads\\\/2020\\\/01\\\/1C3E67D2-4FE5-4069-9E3B-E5520DC8CAB7.jpeg\",\"articleSection\":[\"Noticias\"],\"inLanguage\":\"es\",\"potentialAction\":[{\"@type\":\"CommentAction\",\"name\":\"Comment\",\"target\":[\"https:\\\/\\\/quehacerpolitico.mx\\\/?p=50542#respond\"]}]},{\"@type\":\"WebPage\",\"@id\":\"https:\\\/\\\/quehacerpolitico.mx\\\/?p=50542\",\"url\":\"https:\\\/\\\/quehacerpolitico.mx\\\/?p=50542\",\"name\":\"A falta de \\\"sicarios\\\", grupos criminales reclutan ni\u00f1os, dice L\u00f3pez Obrador -\",\"isPartOf\":{\"@id\":\"https:\\\/\\\/quehacerpolitico.mx\\\/#website\"},\"primaryImageOfPage\":{\"@id\":\"https:\\\/\\\/quehacerpolitico.mx\\\/?p=50542#primaryimage\"},\"image\":{\"@id\":\"https:\\\/\\\/quehacerpolitico.mx\\\/?p=50542#primaryimage\"},\"thumbnailUrl\":\"https:\\\/\\\/quehacerpolitico.mx\\\/wp-content\\\/uploads\\\/2020\\\/01\\\/1C3E67D2-4FE5-4069-9E3B-E5520DC8CAB7.jpeg\",\"datePublished\":\"2020-01-23T18:42:26+00:00\",\"author\":{\"@id\":\"https:\\\/\\\/quehacerpolitico.mx\\\/#\\\/schema\\\/person\\\/496d8ad2d1d3f8036101dca7ee39e585\"},\"breadcrumb\":{\"@id\":\"https:\\\/\\\/quehacerpolitico.mx\\\/?p=50542#breadcrumb\"},\"inLanguage\":\"es\",\"potentialAction\":[{\"@type\":\"ReadAction\",\"target\":[\"https:\\\/\\\/quehacerpolitico.mx\\\/?p=50542\"]}]},{\"@type\":\"ImageObject\",\"inLanguage\":\"es\",\"@id\":\"https:\\\/\\\/quehacerpolitico.mx\\\/?p=50542#primaryimage\",\"url\":\"https:\\\/\\\/quehacerpolitico.mx\\\/wp-content\\\/uploads\\\/2020\\\/01\\\/1C3E67D2-4FE5-4069-9E3B-E5520DC8CAB7.jpeg\",\"contentUrl\":\"https:\\\/\\\/quehacerpolitico.mx\\\/wp-content\\\/uploads\\\/2020\\\/01\\\/1C3E67D2-4FE5-4069-9E3B-E5520DC8CAB7.jpeg\",\"width\":1600,\"height\":1000},{\"@type\":\"BreadcrumbList\",\"@id\":\"https:\\\/\\\/quehacerpolitico.mx\\\/?p=50542#breadcrumb\",\"itemListElement\":[{\"@type\":\"ListItem\",\"position\":1,\"name\":\"Inicio\",\"item\":\"https:\\\/\\\/quehacerpolitico.mx\\\/\"},{\"@type\":\"ListItem\",\"position\":2,\"name\":\"A falta de &#8220;sicarios&#8221;, grupos criminales reclutan ni\u00f1os, dice L\u00f3pez Obrador\"}]},{\"@type\":\"WebSite\",\"@id\":\"https:\\\/\\\/quehacerpolitico.mx\\\/#website\",\"url\":\"https:\\\/\\\/quehacerpolitico.mx\\\/\",\"name\":\"\",\"description\":\"\",\"potentialAction\":[{\"@type\":\"SearchAction\",\"target\":{\"@type\":\"EntryPoint\",\"urlTemplate\":\"https:\\\/\\\/quehacerpolitico.mx\\\/?s={search_term_string}\"},\"query-input\":{\"@type\":\"PropertyValueSpecification\",\"valueRequired\":true,\"valueName\":\"search_term_string\"}}],\"inLanguage\":\"es\"},{\"@type\":\"Person\",\"@id\":\"https:\\\/\\\/quehacerpolitico.mx\\\/#\\\/schema\\\/person\\\/496d8ad2d1d3f8036101dca7ee39e585\",\"name\":\"Redacci\u00f3n QP\",\"image\":{\"@type\":\"ImageObject\",\"inLanguage\":\"es\",\"@id\":\"https:\\\/\\\/secure.gravatar.com\\\/avatar\\\/c7164ed6fdec453195284ad24a5ae5b6e1eed2b848477fa2a4787ba9adf39a41?s=96&d=mm&r=g\",\"url\":\"https:\\\/\\\/secure.gravatar.com\\\/avatar\\\/c7164ed6fdec453195284ad24a5ae5b6e1eed2b848477fa2a4787ba9adf39a41?s=96&d=mm&r=g\",\"contentUrl\":\"https:\\\/\\\/secure.gravatar.com\\\/avatar\\\/c7164ed6fdec453195284ad24a5ae5b6e1eed2b848477fa2a4787ba9adf39a41?s=96&d=mm&r=g\",\"caption\":\"Redacci\u00f3n QP\"},\"url\":\"https:\\\/\\\/quehacerpolitico.mx\\\/?author=2\"}]}<\/script>\n<!-- \/ Yoast SEO plugin. -->","yoast_head_json":{"title":"A falta de \"sicarios\", grupos criminales reclutan ni\u00f1os, dice L\u00f3pez Obrador -","robots":{"index":"index","follow":"follow","max-snippet":"max-snippet:-1","max-image-preview":"max-image-preview:large","max-video-preview":"max-video-preview:-1"},"canonical":"https:\/\/quehacerpolitico.mx\/?p=50542","og_locale":"es_MX","og_type":"article","og_title":"A falta de \"sicarios\", grupos criminales reclutan ni\u00f1os, dice L\u00f3pez Obrador -","og_description":"A falta de &#8220;sicarios&#8221;, grupos criminales reclutan ni\u00f1os, dice L\u00f3pez Obrador Por Redacci\u00f3n QP Ante...","og_url":"https:\/\/quehacerpolitico.mx\/?p=50542","article_published_time":"2020-01-23T18:42:26+00:00","og_image":[{"width":1600,"height":1000,"url":"https:\/\/quehacerpolitico.mx\/wp-content\/uploads\/2020\/01\/1C3E67D2-4FE5-4069-9E3B-E5520DC8CAB7.jpeg","type":"image\/jpeg"}],"author":"Redacci\u00f3n QP","twitter_card":"summary_large_image","twitter_misc":{"Escrito por":"Redacci\u00f3n QP","Tiempo de lectura":"2 minutos"},"schema":{"@context":"https:\/\/schema.org","@graph":[{"@type":"Article","@id":"https:\/\/quehacerpolitico.mx\/?p=50542#article","isPartOf":{"@id":"https:\/\/quehacerpolitico.mx\/?p=50542"},"author":{"name":"Redacci\u00f3n QP","@id":"https:\/\/quehacerpolitico.mx\/#\/schema\/person\/496d8ad2d1d3f8036101dca7ee39e585"},"headline":"A falta de &#8220;sicarios&#8221;, grupos criminales reclutan ni\u00f1os, dice L\u00f3pez Obrador","datePublished":"2020-01-23T18:42:26+00:00","mainEntityOfPage":{"@id":"https:\/\/quehacerpolitico.mx\/?p=50542"},"wordCount":445,"commentCount":0,"image":{"@id":"https:\/\/quehacerpolitico.mx\/?p=50542#primaryimage"},"thumbnailUrl":"https:\/\/quehacerpolitico.mx\/wp-content\/uploads\/2020\/01\/1C3E67D2-4FE5-4069-9E3B-E5520DC8CAB7.jpeg","articleSection":["Noticias"],"inLanguage":"es","potentialAction":[{"@type":"CommentAction","name":"Comment","target":["https:\/\/quehacerpolitico.mx\/?p=50542#respond"]}]},{"@type":"WebPage","@id":"https:\/\/quehacerpolitico.mx\/?p=50542","url":"https:\/\/quehacerpolitico.mx\/?p=50542","name":"A falta de \"sicarios\", grupos criminales reclutan ni\u00f1os, dice L\u00f3pez Obrador -","isPartOf":{"@id":"https:\/\/quehacerpolitico.mx\/#website"},"primaryImageOfPage":{"@id":"https:\/\/quehacerpolitico.mx\/?p=50542#primaryimage"},"image":{"@id":"https:\/\/quehacerpolitico.mx\/?p=50542#primaryimage"},"thumbnailUrl":"https:\/\/quehacerpolitico.mx\/wp-content\/uploads\/2020\/01\/1C3E67D2-4FE5-4069-9E3B-E5520DC8CAB7.jpeg","datePublished":"2020-01-23T18:42:26+00:00","author":{"@id":"https:\/\/quehacerpolitico.mx\/#\/schema\/person\/496d8ad2d1d3f8036101dca7ee39e585"},"breadcrumb":{"@id":"https:\/\/quehacerpolitico.mx\/?p=50542#breadcrumb"},"inLanguage":"es","potentialAction":[{"@type":"ReadAction","target":["https:\/\/quehacerpolitico.mx\/?p=50542"]}]},{"@type":"ImageObject","inLanguage":"es","@id":"https:\/\/quehacerpolitico.mx\/?p=50542#primaryimage","url":"https:\/\/quehacerpolitico.mx\/wp-content\/uploads\/2020\/01\/1C3E67D2-4FE5-4069-9E3B-E5520DC8CAB7.jpeg","contentUrl":"https:\/\/quehacerpolitico.mx\/wp-content\/uploads\/2020\/01\/1C3E67D2-4FE5-4069-9E3B-E5520DC8CAB7.jpeg","width":1600,"height":1000},{"@type":"BreadcrumbList","@id":"https:\/\/quehacerpolitico.mx\/?p=50542#breadcrumb","itemListElement":[{"@type":"ListItem","position":1,"name":"Inicio","item":"https:\/\/quehacerpolitico.mx\/"},{"@type":"ListItem","position":2,"name":"A falta de &#8220;sicarios&#8221;, grupos criminales reclutan ni\u00f1os, dice L\u00f3pez Obrador"}]},{"@type":"WebSite","@id":"https:\/\/quehacerpolitico.mx\/#website","url":"https:\/\/quehacerpolitico.mx\/","name":"","description":"","potentialAction":[{"@type":"SearchAction","target":{"@type":"EntryPoint","urlTemplate":"https:\/\/quehacerpolitico.mx\/?s={search_term_string}"},"query-input":{"@type":"PropertyValueSpecification","valueRequired":true,"valueName":"search_term_string"}}],"inLanguage":"es"},{"@type":"Person","@id":"https:\/\/quehacerpolitico.mx\/#\/schema\/person\/496d8ad2d1d3f8036101dca7ee39e585","name":"Redacci\u00f3n QP","image":{"@type":"ImageObject","inLanguage":"es","@id":"https:\/\/secure.gravatar.com\/avatar\/c7164ed6fdec453195284ad24a5ae5b6e1eed2b848477fa2a4787ba9adf39a41?s=96&d=mm&r=g","url":"https:\/\/secure.gravatar.com\/avatar\/c7164ed6fdec453195284ad24a5ae5b6e1eed2b848477fa2a4787ba9adf39a41?s=96&d=mm&r=g","contentUrl":"https:\/\/secure.gravatar.com\/avatar\/c7164ed6fdec453195284ad24a5ae5b6e1eed2b848477fa2a4787ba9adf39a41?s=96&d=mm&r=g","caption":"Redacci\u00f3n QP"},"url":"https:\/\/quehacerpolitico.mx\/?author=2"}]}},"featured_image_urls":{"full":["https:\/\/quehacerpolitico.mx\/wp-content\/uploads\/2020\/01\/1C3E67D2-4FE5-4069-9E3B-E5520DC8CAB7.jpeg",1600,1000,false],"thumbnail":["https:\/\/quehacerpolitico.mx\/wp-content\/uploads\/2020\/01\/1C3E67D2-4FE5-4069-9E3B-E5520DC8CAB7-150x150.jpeg",150,150,true],"medium":["https:\/\/quehacerpolitico.mx\/wp-content\/uploads\/2020\/01\/1C3E67D2-4FE5-4069-9E3B-E5520DC8CAB7-300x188.jpeg",300,188,true],"medium_large":["https:\/\/quehacerpolitico.mx\/wp-content\/uploads\/2020\/01\/1C3E67D2-4FE5-4069-9E3B-E5520DC8CAB7-768x480.jpeg",640,400,true],"large":["https:\/\/quehacerpolitico.mx\/wp-content\/uploads\/2020\/01\/1C3E67D2-4FE5-4069-9E3B-E5520DC8CAB7-1024x640.jpeg",640,400,true],"1536x1536":["https:\/\/quehacerpolitico.mx\/wp-content\/uploads\/2020\/01\/1C3E67D2-4FE5-4069-9E3B-E5520DC8CAB7-1536x960.jpeg",1536,960,true],"2048x2048":["https:\/\/quehacerpolitico.mx\/wp-content\/uploads\/2020\/01\/1C3E67D2-4FE5-4069-9E3B-E5520DC8CAB7.jpeg",1600,1000,false],"covernews-featured":["https:\/\/quehacerpolitico.mx\/wp-content\/uploads\/2020\/01\/1C3E67D2-4FE5-4069-9E3B-E5520DC8CAB7.jpeg",1024,640,false],"covernews-medium":["https:\/\/quehacerpolitico.mx\/wp-content\/uploads\/2020\/01\/1C3E67D2-4FE5-4069-9E3B-E5520DC8CAB7.jpeg",540,338,false]},"author_info":{"display_name":"Redacci\u00f3n QP","author_link":"https:\/\/quehacerpolitico.mx\/?author=2"},"category_info":"<a href=\"https:\/\/quehacerpolitico.mx\/?cat=2\" rel=\"category\">Noticias<\/a>","tag_info":"Noticias","comment_count":"0","_links":{"self":[{"href":"https:\/\/quehacerpolitico.mx\/index.php?rest_route=\/wp\/v2\/posts\/50542","targetHints":{"allow":["GET"]}}],"collection":[{"href":"https:\/\/quehacerpolitico.mx\/index.php?rest_route=\/wp\/v2\/posts"}],"about":[{"href":"https:\/\/quehacerpolitico.mx\/index.php?rest_route=\/wp\/v2\/types\/post"}],"author":[{"embeddable":true,"href":"https:\/\/quehacerpolitico.mx\/index.php?rest_route=\/wp\/v2\/users\/2"}],"replies":[{"embeddable":true,"href":"https:\/\/quehacerpolitico.mx\/index.php?rest_route=%2Fwp%2Fv2%2Fcomments&post=50542"}],"version-history":[{"count":0,"href":"https:\/\/quehacerpolitico.mx\/index.php?rest_route=\/wp\/v2\/posts\/50542\/revisions"}],"wp:featuredmedia":[{"embeddable":true,"href":"https:\/\/quehacerpolitico.mx\/index.php?rest_route=\/wp\/v2\/media\/50544"}],"wp:attachment":[{"href":"https:\/\/quehacerpolitico.mx\/index.php?rest_route=%2Fwp%2Fv2%2Fmedia&parent=50542"}],"wp:term":[{"taxonomy":"category","embeddable":true,"href":"https:\/\/quehacerpolitico.mx\/index.php?rest_route=%2Fwp%2Fv2%2Fcategories&post=50542"},{"taxonomy":"post_tag","embeddable":true,"href":"https:\/\/quehacerpolitico.mx\/index.php?rest_route=%2Fwp%2Fv2%2Ftags&post=50542"}],"curies":[{"name":"wp","href":"https:\/\/api.w.org\/{rel}","templated":true}]}}