{"id":50448,"date":"2020-01-23T03:02:39","date_gmt":"2020-01-23T03:02:39","guid":{"rendered":"http:\/\/quehacerpolitico.mx\/?p=50448"},"modified":"2020-01-23T03:02:39","modified_gmt":"2020-01-23T03:02:39","slug":"oposicion-advirtieron-riesgos-y-paralisis-legislativa-a-consecuencia-del-retraso-en-el-nombramiento-del-coordinador-de-morena-en-congreso-cdmx","status":"publish","type":"post","link":"https:\/\/quehacerpolitico.mx\/?p=50448","title":{"rendered":"Oposici\u00f3n advirtieron riesgos y par\u00e1lisis legislativa a consecuencia del retraso en el nombramiento del coordinador de Morena en Congreso CDMX"},"content":{"rendered":"<p>Oposici\u00f3n\u00a0advirtieron riesgos y par\u00e1lisis legislativa a consecuencia del retraso en el nombramiento del coordinador de <strong>Morena en Congreso CDMX<\/strong><\/p>\n<p>Por Redacci\u00f3n QP<\/p>\n<p>El panista Mauricio Tabe, presidente de la Jucopo, el priista Tonatiuh Gonz\u00e1lez y el perredista Jorge Gavi\u00f1o, tambi\u00e9n rechazaron la injerencia del gobierno capitalino para dicha designaci\u00f3n<\/p>\n<p>Los coordinadores de los partidos de oposici\u00f3n del <strong>Congreso<\/strong> capitalino que integran la <strong>Jucopo<\/strong>, advirtieron riesgos y par\u00e1lisis legislativa a consecuencia del retraso en el nombramiento del coordinador de <strong>Morena<\/strong> y los emplazaron a que a m\u00e1s tardar el viernes definan la situaci\u00f3n.<\/p>\n<p>En conferencia de prensa, el panista <strong>Mauricio Tabe<\/strong>, presidente de la <strong>Jucopo<\/strong>, el priista <strong>Tonatiuh Gonz\u00e1lez<\/strong> y el perredista <strong>Jorge Gavi\u00f1o<\/strong>, tambi\u00e9n rechazaron la injerencia del gobierno capitalino para dicha designaci\u00f3n.<\/p>\n<p>Insistieron en su emplazamiento a la bancada morenista para que el viernes pr\u00f3ximo este \u00f3rgano de gobierno interno sesione y acaben con la par\u00e1lisis legislativa y de funcionamiento del Congreso capitalino, derivada del conflicto interno de la<strong> bancada legislativa mayoritaria<\/strong>.<\/p>\n<p>Mauricio Tabe sostuvo que el Congreso no puede ser reh\u00e9n de las disputas internas de un partido pol\u00edtico, cuando existe una agenda pendiente y temas importante que atender como la sentencia de la <strong>Suprema Corte de Justicia de la Naci\u00f3n<\/strong> (SCJN) respecto del <strong>Sistema Anticorrupci\u00f3n Local<\/strong> y la reforma constitucional del Art\u00edculo 28, propuesta por el presidente <strong>Andr\u00e9s Manuel L\u00f3pez Obrador<\/strong>.<\/p>\n<p>Tambi\u00e9n est\u00e1n pendientes legislaciones como<strong> Ley de Trabajadores No Asalariados<\/strong>, el <strong>Sistema de Cuidados<\/strong> y otros dict\u00e1menes, por lo que insisti\u00f3 que \u201cel Congreso no puede ser bot\u00edn de partidos pol\u00edticos, de facciones o de grupos parlamentarios, necesitamos caminar hacia delante y hacerlo pronto\u201d.<\/p>\n<p>El coordinador del <strong>Partido Acci\u00f3n Nacional<\/strong>(PAN) se\u00f1al\u00f3 que existen graves consecuencias por esa situaci\u00f3n \u201cy ya no los podemos esperar, la <strong>Junta de Coordinaci\u00f3n Pol\u00edtica<\/strong> se tiene que reunir, los convocaremos y si deciden que no hay qu\u00f3rum, que asuman la responsabilidad p\u00fablica de paralizar al <strong>Congreso de la Ciudad<\/strong> y a la <strong>Ciudad<\/strong>\u201d.<\/p>\n<p>Urgi\u00f3 tambi\u00e9n a sacar adelante los nombramientos de las distintas unidades administrativas para garantizar el funcionamiento y la operaci\u00f3n adecuada del Congreso capitalino, pues siguen en incertidumbre ante la falta de un acuerdo entre las distintas fuerzas pol\u00edticas.<\/p>\n<p>Por separado, el coordinador de los diputados locales del <strong>Partido de la Revoluci\u00f3n Democr\u00e1tica<\/strong> (PRD), Jorge Gavi\u00f1o, descalific\u00f3 de antemano la posible intromisi\u00f3n del Gobierno de la Ciudad de M\u00e9xico en las decisiones del Congreso capitalino, por la incapacidad de los legisladores de Morena para ponerse de acuerdo.<\/p>\n<p>Critic\u00f3 que \u201dun Congreso no es un partido pol\u00edtico, por muy mayoritario que sea; el Congreso como su nombre lo indica, congrega a todas las fuerzas pol\u00edticas de la ciudad. El problema es que est\u00e1n arrastrando al Congreso en ese tipo de decisiones\u201d.<\/p>\n<p>En su intervenci\u00f3n, el l\u00edder de la bancada del <strong>Partido Revolucionario Institucional<\/strong> (PRI), Tonatiuh Gonz\u00e1lez, consider\u00f3 que los diputados de Morena se mueven como \u201cpandillas\u201d.<\/p>\n<p>\u201cApenas vamos a llegar al a\u00f1o y medio de Legislatura y nos falta mucho por ver y saber c\u00f3mo reaccionan algunos diputados que no comulguen con otros, s\u00ed existen las tribus y pandillas y afecta al Congreso de la Ciudad de M\u00e9xico, por mucho que hayan obtenido la mayor\u00eda en todo\u201d, lament\u00f3.<\/p>\n<p>Con informaci\u00f3n de NTX<\/p>\n","protected":false},"excerpt":{"rendered":"<p>Oposici\u00f3n\u00a0advirtieron riesgos y par\u00e1lisis legislativa a consecuencia del retraso en el nombramiento del coordinador de&#8230;<\/p>\n","protected":false},"author":2,"featured_media":50449,"comment_status":"open","ping_status":"open","sticky":false,"template":"","format":"standard","meta":{"_monsterinsights_skip_tracking":false,"_monsterinsights_sitenote_active":false,"_monsterinsights_sitenote_note":"","_monsterinsights_sitenote_category":0,"footnotes":""},"categories":[55],"tags":[],"class_list":["post-50448","post","type-post","status-publish","format-standard","has-post-thumbnail","hentry","category-cdmx"],"yoast_head":"<!-- This site is optimized with the Yoast SEO plugin v27.3 - https:\/\/yoast.com\/product\/yoast-seo-wordpress\/ -->\n<title>Oposici\u00f3n advirtieron riesgos y par\u00e1lisis legislativa a consecuencia del retraso en el nombramiento del coordinador de Morena en Congreso CDMX -<\/title>\n<meta name=\"robots\" content=\"index, follow, max-snippet:-1, max-image-preview:large, max-video-preview:-1\" \/>\n<link rel=\"canonical\" href=\"https:\/\/quehacerpolitico.mx\/?p=50448\" \/>\n<meta property=\"og:locale\" content=\"es_MX\" \/>\n<meta property=\"og:type\" content=\"article\" \/>\n<meta property=\"og:title\" content=\"Oposici\u00f3n advirtieron riesgos y par\u00e1lisis legislativa a consecuencia del retraso en el nombramiento del coordinador de Morena en Congreso CDMX -\" \/>\n<meta property=\"og:description\" content=\"Oposici\u00f3n\u00a0advirtieron riesgos y par\u00e1lisis legislativa a consecuencia del retraso en el nombramiento del coordinador de...\" \/>\n<meta property=\"og:url\" content=\"https:\/\/quehacerpolitico.mx\/?p=50448\" \/>\n<meta property=\"article:published_time\" content=\"2020-01-23T03:02:39+00:00\" \/>\n<meta property=\"og:image\" content=\"https:\/\/quehacerpolitico.mx\/wp-content\/uploads\/2020\/01\/CBDC897D-7F42-4D6A-A790-07AE324AEB6B.jpeg\" \/>\n\t<meta property=\"og:image:width\" content=\"1280\" \/>\n\t<meta property=\"og:image:height\" content=\"960\" \/>\n\t<meta property=\"og:image:type\" content=\"image\/jpeg\" \/>\n<meta name=\"author\" content=\"Redacci\u00f3n QP\" \/>\n<meta name=\"twitter:card\" content=\"summary_large_image\" \/>\n<meta name=\"twitter:label1\" content=\"Escrito por\" \/>\n\t<meta name=\"twitter:data1\" content=\"Redacci\u00f3n QP\" \/>\n\t<meta name=\"twitter:label2\" content=\"Tiempo de lectura\" \/>\n\t<meta name=\"twitter:data2\" content=\"3 minutos\" \/>\n<script type=\"application\/ld+json\" class=\"yoast-schema-graph\">{\"@context\":\"https:\\\/\\\/schema.org\",\"@graph\":[{\"@type\":\"Article\",\"@id\":\"https:\\\/\\\/quehacerpolitico.mx\\\/?p=50448#article\",\"isPartOf\":{\"@id\":\"https:\\\/\\\/quehacerpolitico.mx\\\/?p=50448\"},\"author\":{\"name\":\"Redacci\u00f3n QP\",\"@id\":\"https:\\\/\\\/quehacerpolitico.mx\\\/#\\\/schema\\\/person\\\/496d8ad2d1d3f8036101dca7ee39e585\"},\"headline\":\"Oposici\u00f3n advirtieron riesgos y par\u00e1lisis legislativa a consecuencia del retraso en el nombramiento del coordinador de Morena en Congreso CDMX\",\"datePublished\":\"2020-01-23T03:02:39+00:00\",\"mainEntityOfPage\":{\"@id\":\"https:\\\/\\\/quehacerpolitico.mx\\\/?p=50448\"},\"wordCount\":610,\"commentCount\":0,\"image\":{\"@id\":\"https:\\\/\\\/quehacerpolitico.mx\\\/?p=50448#primaryimage\"},\"thumbnailUrl\":\"https:\\\/\\\/quehacerpolitico.mx\\\/wp-content\\\/uploads\\\/2020\\\/01\\\/CBDC897D-7F42-4D6A-A790-07AE324AEB6B.jpeg\",\"articleSection\":[\"CDMX\"],\"inLanguage\":\"es\",\"potentialAction\":[{\"@type\":\"CommentAction\",\"name\":\"Comment\",\"target\":[\"https:\\\/\\\/quehacerpolitico.mx\\\/?p=50448#respond\"]}]},{\"@type\":\"WebPage\",\"@id\":\"https:\\\/\\\/quehacerpolitico.mx\\\/?p=50448\",\"url\":\"https:\\\/\\\/quehacerpolitico.mx\\\/?p=50448\",\"name\":\"Oposici\u00f3n advirtieron riesgos y par\u00e1lisis legislativa a consecuencia del retraso en el nombramiento del coordinador de Morena en Congreso CDMX -\",\"isPartOf\":{\"@id\":\"https:\\\/\\\/quehacerpolitico.mx\\\/#website\"},\"primaryImageOfPage\":{\"@id\":\"https:\\\/\\\/quehacerpolitico.mx\\\/?p=50448#primaryimage\"},\"image\":{\"@id\":\"https:\\\/\\\/quehacerpolitico.mx\\\/?p=50448#primaryimage\"},\"thumbnailUrl\":\"https:\\\/\\\/quehacerpolitico.mx\\\/wp-content\\\/uploads\\\/2020\\\/01\\\/CBDC897D-7F42-4D6A-A790-07AE324AEB6B.jpeg\",\"datePublished\":\"2020-01-23T03:02:39+00:00\",\"author\":{\"@id\":\"https:\\\/\\\/quehacerpolitico.mx\\\/#\\\/schema\\\/person\\\/496d8ad2d1d3f8036101dca7ee39e585\"},\"breadcrumb\":{\"@id\":\"https:\\\/\\\/quehacerpolitico.mx\\\/?p=50448#breadcrumb\"},\"inLanguage\":\"es\",\"potentialAction\":[{\"@type\":\"ReadAction\",\"target\":[\"https:\\\/\\\/quehacerpolitico.mx\\\/?p=50448\"]}]},{\"@type\":\"ImageObject\",\"inLanguage\":\"es\",\"@id\":\"https:\\\/\\\/quehacerpolitico.mx\\\/?p=50448#primaryimage\",\"url\":\"https:\\\/\\\/quehacerpolitico.mx\\\/wp-content\\\/uploads\\\/2020\\\/01\\\/CBDC897D-7F42-4D6A-A790-07AE324AEB6B.jpeg\",\"contentUrl\":\"https:\\\/\\\/quehacerpolitico.mx\\\/wp-content\\\/uploads\\\/2020\\\/01\\\/CBDC897D-7F42-4D6A-A790-07AE324AEB6B.jpeg\",\"width\":1280,\"height\":960},{\"@type\":\"BreadcrumbList\",\"@id\":\"https:\\\/\\\/quehacerpolitico.mx\\\/?p=50448#breadcrumb\",\"itemListElement\":[{\"@type\":\"ListItem\",\"position\":1,\"name\":\"Inicio\",\"item\":\"https:\\\/\\\/quehacerpolitico.mx\\\/\"},{\"@type\":\"ListItem\",\"position\":2,\"name\":\"Oposici\u00f3n advirtieron riesgos y par\u00e1lisis legislativa a consecuencia del retraso en el nombramiento del coordinador de Morena en Congreso CDMX\"}]},{\"@type\":\"WebSite\",\"@id\":\"https:\\\/\\\/quehacerpolitico.mx\\\/#website\",\"url\":\"https:\\\/\\\/quehacerpolitico.mx\\\/\",\"name\":\"\",\"description\":\"\",\"potentialAction\":[{\"@type\":\"SearchAction\",\"target\":{\"@type\":\"EntryPoint\",\"urlTemplate\":\"https:\\\/\\\/quehacerpolitico.mx\\\/?s={search_term_string}\"},\"query-input\":{\"@type\":\"PropertyValueSpecification\",\"valueRequired\":true,\"valueName\":\"search_term_string\"}}],\"inLanguage\":\"es\"},{\"@type\":\"Person\",\"@id\":\"https:\\\/\\\/quehacerpolitico.mx\\\/#\\\/schema\\\/person\\\/496d8ad2d1d3f8036101dca7ee39e585\",\"name\":\"Redacci\u00f3n QP\",\"image\":{\"@type\":\"ImageObject\",\"inLanguage\":\"es\",\"@id\":\"https:\\\/\\\/secure.gravatar.com\\\/avatar\\\/c7164ed6fdec453195284ad24a5ae5b6e1eed2b848477fa2a4787ba9adf39a41?s=96&d=mm&r=g\",\"url\":\"https:\\\/\\\/secure.gravatar.com\\\/avatar\\\/c7164ed6fdec453195284ad24a5ae5b6e1eed2b848477fa2a4787ba9adf39a41?s=96&d=mm&r=g\",\"contentUrl\":\"https:\\\/\\\/secure.gravatar.com\\\/avatar\\\/c7164ed6fdec453195284ad24a5ae5b6e1eed2b848477fa2a4787ba9adf39a41?s=96&d=mm&r=g\",\"caption\":\"Redacci\u00f3n QP\"},\"url\":\"https:\\\/\\\/quehacerpolitico.mx\\\/?author=2\"}]}<\/script>\n<!-- \/ Yoast SEO plugin. -->","yoast_head_json":{"title":"Oposici\u00f3n advirtieron riesgos y par\u00e1lisis legislativa a consecuencia del retraso en el nombramiento del coordinador de Morena en Congreso CDMX -","robots":{"index":"index","follow":"follow","max-snippet":"max-snippet:-1","max-image-preview":"max-image-preview:large","max-video-preview":"max-video-preview:-1"},"canonical":"https:\/\/quehacerpolitico.mx\/?p=50448","og_locale":"es_MX","og_type":"article","og_title":"Oposici\u00f3n advirtieron riesgos y par\u00e1lisis legislativa a consecuencia del retraso en el nombramiento del coordinador de Morena en Congreso CDMX -","og_description":"Oposici\u00f3n\u00a0advirtieron riesgos y par\u00e1lisis legislativa a consecuencia del retraso en el nombramiento del coordinador de...","og_url":"https:\/\/quehacerpolitico.mx\/?p=50448","article_published_time":"2020-01-23T03:02:39+00:00","og_image":[{"width":1280,"height":960,"url":"https:\/\/quehacerpolitico.mx\/wp-content\/uploads\/2020\/01\/CBDC897D-7F42-4D6A-A790-07AE324AEB6B.jpeg","type":"image\/jpeg"}],"author":"Redacci\u00f3n QP","twitter_card":"summary_large_image","twitter_misc":{"Escrito por":"Redacci\u00f3n QP","Tiempo de lectura":"3 minutos"},"schema":{"@context":"https:\/\/schema.org","@graph":[{"@type":"Article","@id":"https:\/\/quehacerpolitico.mx\/?p=50448#article","isPartOf":{"@id":"https:\/\/quehacerpolitico.mx\/?p=50448"},"author":{"name":"Redacci\u00f3n QP","@id":"https:\/\/quehacerpolitico.mx\/#\/schema\/person\/496d8ad2d1d3f8036101dca7ee39e585"},"headline":"Oposici\u00f3n advirtieron riesgos y par\u00e1lisis legislativa a consecuencia del retraso en el nombramiento del coordinador de Morena en Congreso CDMX","datePublished":"2020-01-23T03:02:39+00:00","mainEntityOfPage":{"@id":"https:\/\/quehacerpolitico.mx\/?p=50448"},"wordCount":610,"commentCount":0,"image":{"@id":"https:\/\/quehacerpolitico.mx\/?p=50448#primaryimage"},"thumbnailUrl":"https:\/\/quehacerpolitico.mx\/wp-content\/uploads\/2020\/01\/CBDC897D-7F42-4D6A-A790-07AE324AEB6B.jpeg","articleSection":["CDMX"],"inLanguage":"es","potentialAction":[{"@type":"CommentAction","name":"Comment","target":["https:\/\/quehacerpolitico.mx\/?p=50448#respond"]}]},{"@type":"WebPage","@id":"https:\/\/quehacerpolitico.mx\/?p=50448","url":"https:\/\/quehacerpolitico.mx\/?p=50448","name":"Oposici\u00f3n advirtieron riesgos y par\u00e1lisis legislativa a consecuencia del retraso en el nombramiento del coordinador de Morena en Congreso CDMX -","isPartOf":{"@id":"https:\/\/quehacerpolitico.mx\/#website"},"primaryImageOfPage":{"@id":"https:\/\/quehacerpolitico.mx\/?p=50448#primaryimage"},"image":{"@id":"https:\/\/quehacerpolitico.mx\/?p=50448#primaryimage"},"thumbnailUrl":"https:\/\/quehacerpolitico.mx\/wp-content\/uploads\/2020\/01\/CBDC897D-7F42-4D6A-A790-07AE324AEB6B.jpeg","datePublished":"2020-01-23T03:02:39+00:00","author":{"@id":"https:\/\/quehacerpolitico.mx\/#\/schema\/person\/496d8ad2d1d3f8036101dca7ee39e585"},"breadcrumb":{"@id":"https:\/\/quehacerpolitico.mx\/?p=50448#breadcrumb"},"inLanguage":"es","potentialAction":[{"@type":"ReadAction","target":["https:\/\/quehacerpolitico.mx\/?p=50448"]}]},{"@type":"ImageObject","inLanguage":"es","@id":"https:\/\/quehacerpolitico.mx\/?p=50448#primaryimage","url":"https:\/\/quehacerpolitico.mx\/wp-content\/uploads\/2020\/01\/CBDC897D-7F42-4D6A-A790-07AE324AEB6B.jpeg","contentUrl":"https:\/\/quehacerpolitico.mx\/wp-content\/uploads\/2020\/01\/CBDC897D-7F42-4D6A-A790-07AE324AEB6B.jpeg","width":1280,"height":960},{"@type":"BreadcrumbList","@id":"https:\/\/quehacerpolitico.mx\/?p=50448#breadcrumb","itemListElement":[{"@type":"ListItem","position":1,"name":"Inicio","item":"https:\/\/quehacerpolitico.mx\/"},{"@type":"ListItem","position":2,"name":"Oposici\u00f3n advirtieron riesgos y par\u00e1lisis legislativa a consecuencia del retraso en el nombramiento del coordinador de Morena en Congreso CDMX"}]},{"@type":"WebSite","@id":"https:\/\/quehacerpolitico.mx\/#website","url":"https:\/\/quehacerpolitico.mx\/","name":"","description":"","potentialAction":[{"@type":"SearchAction","target":{"@type":"EntryPoint","urlTemplate":"https:\/\/quehacerpolitico.mx\/?s={search_term_string}"},"query-input":{"@type":"PropertyValueSpecification","valueRequired":true,"valueName":"search_term_string"}}],"inLanguage":"es"},{"@type":"Person","@id":"https:\/\/quehacerpolitico.mx\/#\/schema\/person\/496d8ad2d1d3f8036101dca7ee39e585","name":"Redacci\u00f3n QP","image":{"@type":"ImageObject","inLanguage":"es","@id":"https:\/\/secure.gravatar.com\/avatar\/c7164ed6fdec453195284ad24a5ae5b6e1eed2b848477fa2a4787ba9adf39a41?s=96&d=mm&r=g","url":"https:\/\/secure.gravatar.com\/avatar\/c7164ed6fdec453195284ad24a5ae5b6e1eed2b848477fa2a4787ba9adf39a41?s=96&d=mm&r=g","contentUrl":"https:\/\/secure.gravatar.com\/avatar\/c7164ed6fdec453195284ad24a5ae5b6e1eed2b848477fa2a4787ba9adf39a41?s=96&d=mm&r=g","caption":"Redacci\u00f3n QP"},"url":"https:\/\/quehacerpolitico.mx\/?author=2"}]}},"featured_image_urls":{"full":["https:\/\/quehacerpolitico.mx\/wp-content\/uploads\/2020\/01\/CBDC897D-7F42-4D6A-A790-07AE324AEB6B.jpeg",1280,960,false],"thumbnail":["https:\/\/quehacerpolitico.mx\/wp-content\/uploads\/2020\/01\/CBDC897D-7F42-4D6A-A790-07AE324AEB6B-150x150.jpeg",150,150,true],"medium":["https:\/\/quehacerpolitico.mx\/wp-content\/uploads\/2020\/01\/CBDC897D-7F42-4D6A-A790-07AE324AEB6B-300x225.jpeg",300,225,true],"medium_large":["https:\/\/quehacerpolitico.mx\/wp-content\/uploads\/2020\/01\/CBDC897D-7F42-4D6A-A790-07AE324AEB6B-768x576.jpeg",640,480,true],"large":["https:\/\/quehacerpolitico.mx\/wp-content\/uploads\/2020\/01\/CBDC897D-7F42-4D6A-A790-07AE324AEB6B-1024x768.jpeg",640,480,true],"1536x1536":["https:\/\/quehacerpolitico.mx\/wp-content\/uploads\/2020\/01\/CBDC897D-7F42-4D6A-A790-07AE324AEB6B.jpeg",1280,960,false],"2048x2048":["https:\/\/quehacerpolitico.mx\/wp-content\/uploads\/2020\/01\/CBDC897D-7F42-4D6A-A790-07AE324AEB6B.jpeg",1280,960,false],"covernews-featured":["https:\/\/quehacerpolitico.mx\/wp-content\/uploads\/2020\/01\/CBDC897D-7F42-4D6A-A790-07AE324AEB6B.jpeg",1024,768,false],"covernews-medium":["https:\/\/quehacerpolitico.mx\/wp-content\/uploads\/2020\/01\/CBDC897D-7F42-4D6A-A790-07AE324AEB6B.jpeg",453,340,false]},"author_info":{"display_name":"Redacci\u00f3n QP","author_link":"https:\/\/quehacerpolitico.mx\/?author=2"},"category_info":"<a href=\"https:\/\/quehacerpolitico.mx\/?cat=55\" rel=\"category\">CDMX<\/a>","tag_info":"CDMX","comment_count":"0","_links":{"self":[{"href":"https:\/\/quehacerpolitico.mx\/index.php?rest_route=\/wp\/v2\/posts\/50448","targetHints":{"allow":["GET"]}}],"collection":[{"href":"https:\/\/quehacerpolitico.mx\/index.php?rest_route=\/wp\/v2\/posts"}],"about":[{"href":"https:\/\/quehacerpolitico.mx\/index.php?rest_route=\/wp\/v2\/types\/post"}],"author":[{"embeddable":true,"href":"https:\/\/quehacerpolitico.mx\/index.php?rest_route=\/wp\/v2\/users\/2"}],"replies":[{"embeddable":true,"href":"https:\/\/quehacerpolitico.mx\/index.php?rest_route=%2Fwp%2Fv2%2Fcomments&post=50448"}],"version-history":[{"count":0,"href":"https:\/\/quehacerpolitico.mx\/index.php?rest_route=\/wp\/v2\/posts\/50448\/revisions"}],"wp:featuredmedia":[{"embeddable":true,"href":"https:\/\/quehacerpolitico.mx\/index.php?rest_route=\/wp\/v2\/media\/50449"}],"wp:attachment":[{"href":"https:\/\/quehacerpolitico.mx\/index.php?rest_route=%2Fwp%2Fv2%2Fmedia&parent=50448"}],"wp:term":[{"taxonomy":"category","embeddable":true,"href":"https:\/\/quehacerpolitico.mx\/index.php?rest_route=%2Fwp%2Fv2%2Fcategories&post=50448"},{"taxonomy":"post_tag","embeddable":true,"href":"https:\/\/quehacerpolitico.mx\/index.php?rest_route=%2Fwp%2Fv2%2Ftags&post=50448"}],"curies":[{"name":"wp","href":"https:\/\/api.w.org\/{rel}","templated":true}]}}