{"id":49075,"date":"2020-01-08T04:50:48","date_gmt":"2020-01-08T04:50:48","guid":{"rendered":"http:\/\/quehacerpolitico.mx\/?p=49075"},"modified":"2020-01-08T04:50:48","modified_gmt":"2020-01-08T04:50:48","slug":"ebrard-se-reune-con-el-secretario-de-operaciones-de-paz-de-la-onu","status":"publish","type":"post","link":"https:\/\/quehacerpolitico.mx\/?p=49075","title":{"rendered":"Ebrard se re\u00fane con el secretario de Operaciones de Paz de la ONU"},"content":{"rendered":"<h1 class=\"news-title\">Ebrard se re\u00fane con el secretario de Operaciones de Paz de la ONU<br \/>\nPor Redacci\u00f3n QP<\/h1>\n<div class=\"news-subtitle\">\n<p>El canciller mexicano informa que, durante el encuentro, se identificaron esquemas para profundizar la cooperaci\u00f3n entre M\u00e9xico y Naciones Unidas<\/p>\n<p>El secretario de Relaciones Exteriores, Marcelo Ebrard\u00a0se reuni\u00f3 este martes con Jean-Pierre Lacroix, secretario general adjunto para Operaciones de Paz de las Naciones Unidas, para identificar \u00e1reas de cooperaci\u00f3n.<\/p>\n<p>Lacroix est\u00e1 en M\u00e9xico para participar en la inauguraci\u00f3n de las nuevas instalaciones del Centro de Entrenamiento Conjunto de Operaciones de Paz de M\u00e9xico (CECOPAM).<\/p>\n<blockquote class=\"twitter-tweet\" data-width=\"550\" data-dnt=\"true\">\n<p lang=\"es\" dir=\"ltr\">En el Colegio de Defensa de M\u00e9xico \ud83c\uddf2\ud83c\uddfd el Secretario General Adjunto para Operaciones de Paz de la ONU \ud83c\uddfa\ud83c\uddf3 Jean-Pierre Lacroix pronuncia la Conferencia Magistral \u201cPerspectivas de Paz despu\u00e9s de 75 a\u00f1os: \u00bfQu\u00e9 sigue?. Destac\u00f3 el compromiso de M\u00e9xico con las operaciones y con la paz <a href=\"https:\/\/t.co\/sz3ht0FLLP\">pic.twitter.com\/sz3ht0FLLP<\/a><\/p>\n<p>&mdash; Juan Sandoval Mendiolea (@Sandomendi) <a href=\"https:\/\/twitter.com\/Sandomendi\/status\/1214665257005854720?ref_src=twsrc%5Etfw\">January 7, 2020<\/a><\/p><\/blockquote>\n<p><script async src=\"https:\/\/platform.twitter.com\/widgets.js\" charset=\"utf-8\"><\/script><\/p>\n<div id=\"teads_ad\">\n<div id=\"div-gpt-ad-1548262875188-0\" data-google-query-id=\"CKDvoIuZ8-YCFQ6_wAod8L4BGw\">\n<div id=\"google_ads_iframe_\/1001694\/INF_intext_1_0__container__\">Relaciones Exteriores difundi\u00f3 que en la reuni\u00f3n <strong>se identificaron esquemas para profundizar la cooperaci\u00f3n entre M\u00e9xico y el Departamento de Operaciones de Paz de la ONU, y ampliar las oportunidades de capacitaci\u00f3n de personal en estos \u00e1mbitos<\/strong>, con objeto de dotarlos de mejores herramientas y habilidades para el desempe\u00f1o de sus funciones, bajo los altos est\u00e1ndares que requiere Naciones Unidas.<\/div>\n<div>\n<p>La participaci\u00f3n de M\u00e9xico en las Operaciones de Paz de la ONU, se indic\u00f3, ha sido una experiencia enriquecedora para las Fuerzas Armadas, adem\u00e1s de que ha contribuido al fortalecimiento de la pol\u00edtica multilateral.<\/p>\n<p>&#8220;El a\u00f1o pasado, en el marco de la Conferencia Ministerial para las Operaciones de Mantenimiento de la Paz (Nueva York, 29 de marzo, 2019), el Gobierno de M\u00e9xico\u00a0reiter\u00f3 su compromiso para incrementar, de manera gradual, su participaci\u00f3n en las Operaciones de la Paz, incluyendo el despliegue de un mayor n\u00famero de personal femenino. Asimismo, M\u00e9xico se comprometi\u00f3 a abrir las puertas del Centro de Entrenamiento Conjunto para las Operaciones de la Paz de M\u00e9xico (CECOPAM) al personal extranjero&#8221;, detall\u00f3 la Canciller\u00eda mexicana.<\/p>\n<p>Ebrard reiter\u00f3 <strong>el respaldo de M\u00e9xico a las acciones que lleva a cabo Naciones Unidas para la soluci\u00f3n de controversias y para promover la paz y la seguridad internacionales.<\/strong><\/p>\n<p>El canciller Marcelo Ebrard estuvo acompa\u00f1ado por Martha Delgado, subsecretaria para Asuntos Multilaterales y Derechos Humanos y por el embajador Juan Ram\u00f3n de la Fuente, representante permanente de M\u00e9xico ante las Naciones Unidas.<\/p>\n<p>Con Informaci\u00f3n de SUN<\/p>\n<\/div>\n<\/div>\n<\/div>\n<\/div>\n","protected":false},"excerpt":{"rendered":"<p>Ebrard se re\u00fane con el secretario de Operaciones de Paz de la ONU Por Redacci\u00f3n&#8230;<\/p>\n","protected":false},"author":2,"featured_media":49077,"comment_status":"open","ping_status":"open","sticky":false,"template":"","format":"standard","meta":{"_monsterinsights_skip_tracking":false,"_monsterinsights_sitenote_active":false,"_monsterinsights_sitenote_note":"","_monsterinsights_sitenote_category":0,"footnotes":""},"categories":[2],"tags":[],"class_list":["post-49075","post","type-post","status-publish","format-standard","has-post-thumbnail","hentry","category-noticias"],"yoast_head":"<!-- This site is optimized with the Yoast SEO plugin v27.3 - https:\/\/yoast.com\/product\/yoast-seo-wordpress\/ -->\n<title>Ebrard se re\u00fane con el secretario de Operaciones de Paz de la ONU -<\/title>\n<meta name=\"robots\" content=\"index, follow, max-snippet:-1, max-image-preview:large, max-video-preview:-1\" \/>\n<link rel=\"canonical\" href=\"https:\/\/quehacerpolitico.mx\/?p=49075\" \/>\n<meta property=\"og:locale\" content=\"es_MX\" \/>\n<meta property=\"og:type\" content=\"article\" \/>\n<meta property=\"og:title\" content=\"Ebrard se re\u00fane con el secretario de Operaciones de Paz de la ONU -\" \/>\n<meta property=\"og:description\" content=\"Ebrard se re\u00fane con el secretario de Operaciones de Paz de la ONU Por Redacci\u00f3n...\" \/>\n<meta property=\"og:url\" content=\"https:\/\/quehacerpolitico.mx\/?p=49075\" \/>\n<meta property=\"article:published_time\" content=\"2020-01-08T04:50:48+00:00\" \/>\n<meta property=\"og:image\" content=\"https:\/\/quehacerpolitico.mx\/wp-content\/uploads\/2020\/01\/143DB07E-24C4-4E97-93DE-CFB2ABAE084D.jpeg\" \/>\n\t<meta property=\"og:image:width\" content=\"320\" \/>\n\t<meta property=\"og:image:height\" content=\"305\" \/>\n\t<meta property=\"og:image:type\" content=\"image\/jpeg\" \/>\n<meta name=\"author\" content=\"Redacci\u00f3n QP\" \/>\n<meta name=\"twitter:card\" content=\"summary_large_image\" \/>\n<meta name=\"twitter:label1\" content=\"Escrito por\" \/>\n\t<meta name=\"twitter:data1\" content=\"Redacci\u00f3n QP\" \/>\n\t<meta name=\"twitter:label2\" content=\"Tiempo de lectura\" \/>\n\t<meta name=\"twitter:data2\" content=\"2 minutos\" \/>\n<script type=\"application\/ld+json\" class=\"yoast-schema-graph\">{\"@context\":\"https:\\\/\\\/schema.org\",\"@graph\":[{\"@type\":\"Article\",\"@id\":\"https:\\\/\\\/quehacerpolitico.mx\\\/?p=49075#article\",\"isPartOf\":{\"@id\":\"https:\\\/\\\/quehacerpolitico.mx\\\/?p=49075\"},\"author\":{\"name\":\"Redacci\u00f3n QP\",\"@id\":\"https:\\\/\\\/quehacerpolitico.mx\\\/#\\\/schema\\\/person\\\/496d8ad2d1d3f8036101dca7ee39e585\"},\"headline\":\"Ebrard se re\u00fane con el secretario de Operaciones de Paz de la ONU\",\"datePublished\":\"2020-01-08T04:50:48+00:00\",\"mainEntityOfPage\":{\"@id\":\"https:\\\/\\\/quehacerpolitico.mx\\\/?p=49075\"},\"wordCount\":383,\"commentCount\":0,\"image\":{\"@id\":\"https:\\\/\\\/quehacerpolitico.mx\\\/?p=49075#primaryimage\"},\"thumbnailUrl\":\"https:\\\/\\\/quehacerpolitico.mx\\\/wp-content\\\/uploads\\\/2020\\\/01\\\/143DB07E-24C4-4E97-93DE-CFB2ABAE084D.jpeg\",\"articleSection\":[\"Noticias\"],\"inLanguage\":\"es\",\"potentialAction\":[{\"@type\":\"CommentAction\",\"name\":\"Comment\",\"target\":[\"https:\\\/\\\/quehacerpolitico.mx\\\/?p=49075#respond\"]}]},{\"@type\":\"WebPage\",\"@id\":\"https:\\\/\\\/quehacerpolitico.mx\\\/?p=49075\",\"url\":\"https:\\\/\\\/quehacerpolitico.mx\\\/?p=49075\",\"name\":\"Ebrard se re\u00fane con el secretario de Operaciones de Paz de la ONU -\",\"isPartOf\":{\"@id\":\"https:\\\/\\\/quehacerpolitico.mx\\\/#website\"},\"primaryImageOfPage\":{\"@id\":\"https:\\\/\\\/quehacerpolitico.mx\\\/?p=49075#primaryimage\"},\"image\":{\"@id\":\"https:\\\/\\\/quehacerpolitico.mx\\\/?p=49075#primaryimage\"},\"thumbnailUrl\":\"https:\\\/\\\/quehacerpolitico.mx\\\/wp-content\\\/uploads\\\/2020\\\/01\\\/143DB07E-24C4-4E97-93DE-CFB2ABAE084D.jpeg\",\"datePublished\":\"2020-01-08T04:50:48+00:00\",\"author\":{\"@id\":\"https:\\\/\\\/quehacerpolitico.mx\\\/#\\\/schema\\\/person\\\/496d8ad2d1d3f8036101dca7ee39e585\"},\"breadcrumb\":{\"@id\":\"https:\\\/\\\/quehacerpolitico.mx\\\/?p=49075#breadcrumb\"},\"inLanguage\":\"es\",\"potentialAction\":[{\"@type\":\"ReadAction\",\"target\":[\"https:\\\/\\\/quehacerpolitico.mx\\\/?p=49075\"]}]},{\"@type\":\"ImageObject\",\"inLanguage\":\"es\",\"@id\":\"https:\\\/\\\/quehacerpolitico.mx\\\/?p=49075#primaryimage\",\"url\":\"https:\\\/\\\/quehacerpolitico.mx\\\/wp-content\\\/uploads\\\/2020\\\/01\\\/143DB07E-24C4-4E97-93DE-CFB2ABAE084D.jpeg\",\"contentUrl\":\"https:\\\/\\\/quehacerpolitico.mx\\\/wp-content\\\/uploads\\\/2020\\\/01\\\/143DB07E-24C4-4E97-93DE-CFB2ABAE084D.jpeg\",\"width\":320,\"height\":305},{\"@type\":\"BreadcrumbList\",\"@id\":\"https:\\\/\\\/quehacerpolitico.mx\\\/?p=49075#breadcrumb\",\"itemListElement\":[{\"@type\":\"ListItem\",\"position\":1,\"name\":\"Inicio\",\"item\":\"https:\\\/\\\/quehacerpolitico.mx\\\/\"},{\"@type\":\"ListItem\",\"position\":2,\"name\":\"Ebrard se re\u00fane con el secretario de Operaciones de Paz de la ONU\"}]},{\"@type\":\"WebSite\",\"@id\":\"https:\\\/\\\/quehacerpolitico.mx\\\/#website\",\"url\":\"https:\\\/\\\/quehacerpolitico.mx\\\/\",\"name\":\"\",\"description\":\"\",\"potentialAction\":[{\"@type\":\"SearchAction\",\"target\":{\"@type\":\"EntryPoint\",\"urlTemplate\":\"https:\\\/\\\/quehacerpolitico.mx\\\/?s={search_term_string}\"},\"query-input\":{\"@type\":\"PropertyValueSpecification\",\"valueRequired\":true,\"valueName\":\"search_term_string\"}}],\"inLanguage\":\"es\"},{\"@type\":\"Person\",\"@id\":\"https:\\\/\\\/quehacerpolitico.mx\\\/#\\\/schema\\\/person\\\/496d8ad2d1d3f8036101dca7ee39e585\",\"name\":\"Redacci\u00f3n QP\",\"image\":{\"@type\":\"ImageObject\",\"inLanguage\":\"es\",\"@id\":\"https:\\\/\\\/secure.gravatar.com\\\/avatar\\\/c7164ed6fdec453195284ad24a5ae5b6e1eed2b848477fa2a4787ba9adf39a41?s=96&d=mm&r=g\",\"url\":\"https:\\\/\\\/secure.gravatar.com\\\/avatar\\\/c7164ed6fdec453195284ad24a5ae5b6e1eed2b848477fa2a4787ba9adf39a41?s=96&d=mm&r=g\",\"contentUrl\":\"https:\\\/\\\/secure.gravatar.com\\\/avatar\\\/c7164ed6fdec453195284ad24a5ae5b6e1eed2b848477fa2a4787ba9adf39a41?s=96&d=mm&r=g\",\"caption\":\"Redacci\u00f3n QP\"},\"url\":\"https:\\\/\\\/quehacerpolitico.mx\\\/?author=2\"}]}<\/script>\n<!-- \/ Yoast SEO plugin. -->","yoast_head_json":{"title":"Ebrard se re\u00fane con el secretario de Operaciones de Paz de la ONU -","robots":{"index":"index","follow":"follow","max-snippet":"max-snippet:-1","max-image-preview":"max-image-preview:large","max-video-preview":"max-video-preview:-1"},"canonical":"https:\/\/quehacerpolitico.mx\/?p=49075","og_locale":"es_MX","og_type":"article","og_title":"Ebrard se re\u00fane con el secretario de Operaciones de Paz de la ONU -","og_description":"Ebrard se re\u00fane con el secretario de Operaciones de Paz de la ONU Por Redacci\u00f3n...","og_url":"https:\/\/quehacerpolitico.mx\/?p=49075","article_published_time":"2020-01-08T04:50:48+00:00","og_image":[{"width":320,"height":305,"url":"https:\/\/quehacerpolitico.mx\/wp-content\/uploads\/2020\/01\/143DB07E-24C4-4E97-93DE-CFB2ABAE084D.jpeg","type":"image\/jpeg"}],"author":"Redacci\u00f3n QP","twitter_card":"summary_large_image","twitter_misc":{"Escrito por":"Redacci\u00f3n QP","Tiempo de lectura":"2 minutos"},"schema":{"@context":"https:\/\/schema.org","@graph":[{"@type":"Article","@id":"https:\/\/quehacerpolitico.mx\/?p=49075#article","isPartOf":{"@id":"https:\/\/quehacerpolitico.mx\/?p=49075"},"author":{"name":"Redacci\u00f3n QP","@id":"https:\/\/quehacerpolitico.mx\/#\/schema\/person\/496d8ad2d1d3f8036101dca7ee39e585"},"headline":"Ebrard se re\u00fane con el secretario de Operaciones de Paz de la ONU","datePublished":"2020-01-08T04:50:48+00:00","mainEntityOfPage":{"@id":"https:\/\/quehacerpolitico.mx\/?p=49075"},"wordCount":383,"commentCount":0,"image":{"@id":"https:\/\/quehacerpolitico.mx\/?p=49075#primaryimage"},"thumbnailUrl":"https:\/\/quehacerpolitico.mx\/wp-content\/uploads\/2020\/01\/143DB07E-24C4-4E97-93DE-CFB2ABAE084D.jpeg","articleSection":["Noticias"],"inLanguage":"es","potentialAction":[{"@type":"CommentAction","name":"Comment","target":["https:\/\/quehacerpolitico.mx\/?p=49075#respond"]}]},{"@type":"WebPage","@id":"https:\/\/quehacerpolitico.mx\/?p=49075","url":"https:\/\/quehacerpolitico.mx\/?p=49075","name":"Ebrard se re\u00fane con el secretario de Operaciones de Paz de la ONU -","isPartOf":{"@id":"https:\/\/quehacerpolitico.mx\/#website"},"primaryImageOfPage":{"@id":"https:\/\/quehacerpolitico.mx\/?p=49075#primaryimage"},"image":{"@id":"https:\/\/quehacerpolitico.mx\/?p=49075#primaryimage"},"thumbnailUrl":"https:\/\/quehacerpolitico.mx\/wp-content\/uploads\/2020\/01\/143DB07E-24C4-4E97-93DE-CFB2ABAE084D.jpeg","datePublished":"2020-01-08T04:50:48+00:00","author":{"@id":"https:\/\/quehacerpolitico.mx\/#\/schema\/person\/496d8ad2d1d3f8036101dca7ee39e585"},"breadcrumb":{"@id":"https:\/\/quehacerpolitico.mx\/?p=49075#breadcrumb"},"inLanguage":"es","potentialAction":[{"@type":"ReadAction","target":["https:\/\/quehacerpolitico.mx\/?p=49075"]}]},{"@type":"ImageObject","inLanguage":"es","@id":"https:\/\/quehacerpolitico.mx\/?p=49075#primaryimage","url":"https:\/\/quehacerpolitico.mx\/wp-content\/uploads\/2020\/01\/143DB07E-24C4-4E97-93DE-CFB2ABAE084D.jpeg","contentUrl":"https:\/\/quehacerpolitico.mx\/wp-content\/uploads\/2020\/01\/143DB07E-24C4-4E97-93DE-CFB2ABAE084D.jpeg","width":320,"height":305},{"@type":"BreadcrumbList","@id":"https:\/\/quehacerpolitico.mx\/?p=49075#breadcrumb","itemListElement":[{"@type":"ListItem","position":1,"name":"Inicio","item":"https:\/\/quehacerpolitico.mx\/"},{"@type":"ListItem","position":2,"name":"Ebrard se re\u00fane con el secretario de Operaciones de Paz de la ONU"}]},{"@type":"WebSite","@id":"https:\/\/quehacerpolitico.mx\/#website","url":"https:\/\/quehacerpolitico.mx\/","name":"","description":"","potentialAction":[{"@type":"SearchAction","target":{"@type":"EntryPoint","urlTemplate":"https:\/\/quehacerpolitico.mx\/?s={search_term_string}"},"query-input":{"@type":"PropertyValueSpecification","valueRequired":true,"valueName":"search_term_string"}}],"inLanguage":"es"},{"@type":"Person","@id":"https:\/\/quehacerpolitico.mx\/#\/schema\/person\/496d8ad2d1d3f8036101dca7ee39e585","name":"Redacci\u00f3n QP","image":{"@type":"ImageObject","inLanguage":"es","@id":"https:\/\/secure.gravatar.com\/avatar\/c7164ed6fdec453195284ad24a5ae5b6e1eed2b848477fa2a4787ba9adf39a41?s=96&d=mm&r=g","url":"https:\/\/secure.gravatar.com\/avatar\/c7164ed6fdec453195284ad24a5ae5b6e1eed2b848477fa2a4787ba9adf39a41?s=96&d=mm&r=g","contentUrl":"https:\/\/secure.gravatar.com\/avatar\/c7164ed6fdec453195284ad24a5ae5b6e1eed2b848477fa2a4787ba9adf39a41?s=96&d=mm&r=g","caption":"Redacci\u00f3n QP"},"url":"https:\/\/quehacerpolitico.mx\/?author=2"}]}},"featured_image_urls":{"full":["https:\/\/quehacerpolitico.mx\/wp-content\/uploads\/2020\/01\/143DB07E-24C4-4E97-93DE-CFB2ABAE084D.jpeg",320,305,false],"thumbnail":["https:\/\/quehacerpolitico.mx\/wp-content\/uploads\/2020\/01\/143DB07E-24C4-4E97-93DE-CFB2ABAE084D-150x150.jpeg",150,150,true],"medium":["https:\/\/quehacerpolitico.mx\/wp-content\/uploads\/2020\/01\/143DB07E-24C4-4E97-93DE-CFB2ABAE084D-300x286.jpeg",300,286,true],"medium_large":["https:\/\/quehacerpolitico.mx\/wp-content\/uploads\/2020\/01\/143DB07E-24C4-4E97-93DE-CFB2ABAE084D.jpeg",320,305,false],"large":["https:\/\/quehacerpolitico.mx\/wp-content\/uploads\/2020\/01\/143DB07E-24C4-4E97-93DE-CFB2ABAE084D.jpeg",320,305,false],"1536x1536":["https:\/\/quehacerpolitico.mx\/wp-content\/uploads\/2020\/01\/143DB07E-24C4-4E97-93DE-CFB2ABAE084D.jpeg",320,305,false],"2048x2048":["https:\/\/quehacerpolitico.mx\/wp-content\/uploads\/2020\/01\/143DB07E-24C4-4E97-93DE-CFB2ABAE084D.jpeg",320,305,false],"covernews-featured":["https:\/\/quehacerpolitico.mx\/wp-content\/uploads\/2020\/01\/143DB07E-24C4-4E97-93DE-CFB2ABAE084D.jpeg",320,305,false],"covernews-medium":["https:\/\/quehacerpolitico.mx\/wp-content\/uploads\/2020\/01\/143DB07E-24C4-4E97-93DE-CFB2ABAE084D.jpeg",320,305,false]},"author_info":{"display_name":"Redacci\u00f3n QP","author_link":"https:\/\/quehacerpolitico.mx\/?author=2"},"category_info":"<a href=\"https:\/\/quehacerpolitico.mx\/?cat=2\" rel=\"category\">Noticias<\/a>","tag_info":"Noticias","comment_count":"0","_links":{"self":[{"href":"https:\/\/quehacerpolitico.mx\/index.php?rest_route=\/wp\/v2\/posts\/49075","targetHints":{"allow":["GET"]}}],"collection":[{"href":"https:\/\/quehacerpolitico.mx\/index.php?rest_route=\/wp\/v2\/posts"}],"about":[{"href":"https:\/\/quehacerpolitico.mx\/index.php?rest_route=\/wp\/v2\/types\/post"}],"author":[{"embeddable":true,"href":"https:\/\/quehacerpolitico.mx\/index.php?rest_route=\/wp\/v2\/users\/2"}],"replies":[{"embeddable":true,"href":"https:\/\/quehacerpolitico.mx\/index.php?rest_route=%2Fwp%2Fv2%2Fcomments&post=49075"}],"version-history":[{"count":0,"href":"https:\/\/quehacerpolitico.mx\/index.php?rest_route=\/wp\/v2\/posts\/49075\/revisions"}],"wp:featuredmedia":[{"embeddable":true,"href":"https:\/\/quehacerpolitico.mx\/index.php?rest_route=\/wp\/v2\/media\/49077"}],"wp:attachment":[{"href":"https:\/\/quehacerpolitico.mx\/index.php?rest_route=%2Fwp%2Fv2%2Fmedia&parent=49075"}],"wp:term":[{"taxonomy":"category","embeddable":true,"href":"https:\/\/quehacerpolitico.mx\/index.php?rest_route=%2Fwp%2Fv2%2Fcategories&post=49075"},{"taxonomy":"post_tag","embeddable":true,"href":"https:\/\/quehacerpolitico.mx\/index.php?rest_route=%2Fwp%2Fv2%2Ftags&post=49075"}],"curies":[{"name":"wp","href":"https:\/\/api.w.org\/{rel}","templated":true}]}}