{"id":4900,"date":"2018-09-18T19:18:10","date_gmt":"2018-09-18T19:18:10","guid":{"rendered":"http:\/\/quehacerpolitico.mx\/por-falta-de-espacio-metieron-no-cien-sino-300-cuerpos-en-dos-trailers-y-los-abandonaron\/"},"modified":"2018-09-18T19:18:10","modified_gmt":"2018-09-18T19:18:10","slug":"por-falta-de-espacio-metieron-no-cien-sino-300-cuerpos-en-dos-trailers-y-los-abandonaron","status":"publish","type":"post","link":"https:\/\/quehacerpolitico.mx\/?p=4900","title":{"rendered":"Por \u201cfalta de espacio\u201d, metieron no cien, sino 300 cuerpos en dos tr\u00e1ilers y los abandonaron"},"content":{"rendered":"<h3>La Comisi\u00f3n Nacional de los Derechos Humanos (CNDH) y la Comisi\u00f3n Estatal de Derechos Humanos Jalisco (CEDHJ) conformaron un equipo de trabajo, que incluye m\u00e9dicos forenses, psic\u00f3logos y abogados, para investigar el caso.<\/h3>\n<h3>\u201cPara ambos Organismos P\u00fablicos de Derechos Humanos, tales hechos representan falta de respeto a la dignidad de las personas fallecidas y vulneran sus prerrogativas fundamentales y las de sus familiares, quienes adem\u00e1s tienen el derecho a conocer la verdad sobre la muerte de su ser querido, as\u00ed como darle adecuada sepultura, conforme a sus creencias religiosas\u201d, dijeron hoy en un comunicado.<\/h3>\n<p>El ex titular del Instituto Jalisciense de Ciencias Forenses (IJCF), Luis Octavio Cotero, revel\u00f3 hoy a <em>Efe<\/em> que el contenedor de refrigeraci\u00f3n que fue recientemente abandonado con unos <strong>cien cad\u00e1veres<\/strong> en el oeste de M\u00e9xico no es el \u00fanico, sino que hay un <strong>segundo<\/strong>, que en total sumar\u00edan unos <strong>300 cuerpos<\/strong>.<\/p>\n<p>Este veh\u00edculo est\u00e1 ubicado en las instalaciones del IJCF, a diferencia del <strong>tr\u00e1iler<\/strong> de refrigeraci\u00f3n que fue abandonado en dos ocasiones en los municipios de Tlaquepaque y Tlajomulco, una decisi\u00f3n que no fue informada al forense, asegur\u00f3 el exdirector, quien fue destituido ayer por el Gobernador del estado de <strong>Jalisco<\/strong>, Arist\u00f3teles Sandoval.<\/p>\n<p>En una entrevista con <em>Efe<\/em>, Cotero dijo que en ambos camiones refrigerantes hay hasta 300 cuerpos que el IJCF no tiene la capacidad de resguardar, debido al aumento de la violencia en el estado en los \u00faltimos tres a\u00f1os.<\/p>\n<blockquote>\n<p>\u201cEst\u00e1n en los tr\u00e1ilers, uno es el que se exhibi\u00f3 en los medios y otro nuevo que se contrat\u00f3 por parte de la Fiscal\u00eda porque nosotros no tenemos recursos para contratar ese tipo de servicio, ni la bodega donde estuvieron. No fue de mi conocimiento, ni informaci\u00f3n\u201d, asegur\u00f3.<\/p>\n<\/blockquote>\n<div id=\"attachment_3473172\" class=\"wp-caption alignnone\"><img loading=\"lazy\" decoding=\"async\" class=\"size-full wp-image-3473172\" src=\"http:\/\/www.sinembargo.mx\/wp-content\/uploads\/2018\/09\/trailer_cadveres_ijcf_4.jpg\" sizes=\"auto, (max-width: 700px) 100vw, 700px\" srcset=\"http:\/\/www.sinembargo.mx\/wp-content\/uploads\/2018\/09\/trailer_cadveres_ijcf_4.jpg 700w, http:\/\/www.sinembargo.mx\/wp-content\/uploads\/2018\/09\/trailer_cadveres_ijcf_4-300x200.jpg 300w\" alt=\"\" width=\"700\" height=\"467\" \/><\/p>\n<p class=\"wp-caption-text\">La capacidad de los refrigeradores es de 72, pero tienen 144, dice el ex titular del Instituto Jalisciense de Ciencias Forenses. Foto: Cuartoscuro<\/p>\n<\/div>\n<p>El exfuncionario estatal dio a conocer que a la fecha hay 444 cuerpos de personas fallecidas en espera de ser identificadas o inhumadas en el Servicio M\u00e9dico Forense, por lo que el IJCF hizo un esfuerzo para conservar hasta 144 de ellos, mientras que los restantes fueron confinados a ambos contenedores.<\/p>\n<blockquote>\n<p>\u201cLa capacidad de los refrigeradores es de 72, pero tienen 144 porque hab\u00eda que forzar un poquito la capacidad; es demasiada la demanda de atenci\u00f3n a estos cuerpos\u201d, asegur\u00f3 Cotero.<\/p>\n<\/blockquote>\n<p>Agreg\u00f3 que al ver que los \u201ccuerpos se estaban descomponiendo, la fiscal\u00eda tuvo la necesidad de contratar desde hace dos a\u00f1os ese (primer) cami\u00f3n refrigerante\u201d, que en un inicio conten\u00eda 200 cuerpos, aunque fueron siendo identificados hasta llegar a un centenar.<\/p>\n<p>El frigor\u00edfico, que oficialmente estaba bajo custodia del \u00f3rgano forense estatal, fue abandonado en el municipio de Tlaquepaque y despu\u00e9s movido a Tlajomulco hasta que el s\u00e1bado fue puesto bajo resguardo de la fiscal\u00eda de Jalisco.<\/p>\n<p>Cotero se deslind\u00f3 de cualquier responsabilidad por el abandono de esos cuerpos y acus\u00f3 a la fiscal\u00eda y al gobierno estatal de no hacer lo necesario para que los cad\u00e1veres est\u00e9n preservados en refrigeradores adecuados o inhumados en un cementerio forense.<\/p>\n<blockquote>\n<p>\u201cSe estaba buscando un lugar decorosamente para inhumar los cuerpos una vez que se construyera un cementerio, pero a la fecha est\u00e1 suspendida la obra y no se tiene un lugar donde construir\u201d, asegur\u00f3 el exfuncionario.<\/p>\n<\/blockquote>\n<p>Asever\u00f3 que con su destituci\u00f3n el \u201cgobierno estatal se lav\u00f3 las manos\u201d para no afrontar su obligaci\u00f3n y asegur\u00f3 que la fiscal\u00eda no se ha preocupado por definir un protocolo para su trato y protecci\u00f3n.<\/p>\n<p>De acuerdo con estad\u00edsticas del IJCF, hasta julio de 2018 se hab\u00edan registrado 552 asesinatos, y actualmente hay unas 3 mil personas en calidad de desaparecidos.<\/p>\n<p>Tan s\u00f3lo de junio a agosto de este a\u00f1o fueron encontrados los cuerpos de 49 personas en ocho fosas clandestinas en los municipios de Tlajomulco, Tlaquepaque, El Salto, Juanacatl\u00e1n y Guadalajara.<\/p>\n<p>Las autoridades de Jalisco han atribuido el aumento de la violencia y el incremento en los asesinatos a una disputa entre el C\u00e1rtel Jalisco Nueva Generaci\u00f3n y el C\u00e1rtel Nueva Plaza.<\/p>\n<div id=\"attachment_3473173\" class=\"wp-caption alignnone\"><img loading=\"lazy\" decoding=\"async\" class=\"size-full wp-image-3473173\" src=\"http:\/\/www.sinembargo.mx\/wp-content\/uploads\/2018\/09\/trailer_cadaveres_ijcf_2.jpg\" sizes=\"auto, (max-width: 700px) 100vw, 700px\" srcset=\"http:\/\/www.sinembargo.mx\/wp-content\/uploads\/2018\/09\/trailer_cadaveres_ijcf_2.jpg 700w, http:\/\/www.sinembargo.mx\/wp-content\/uploads\/2018\/09\/trailer_cadaveres_ijcf_2-300x200.jpg 300w\" alt=\"\" width=\"700\" height=\"467\" \/><\/p>\n<p class=\"wp-caption-text\">De acuerdo con estad\u00edsticas del IJCF, hasta julio de 2018 se hab\u00edan registrado 552 asesinatos. Foto: Cuartoscuro<\/p>\n<\/div>\n<p><strong>COMISIONES DE DDHH INVESTIGAR\u00c1N<\/strong><\/p>\n<p>La Comisi\u00f3n Nacional de los Derechos Humanos (CNDH) y la Comisi\u00f3n Estatal de Derechos Humanos Jalisco (CEDHJ) conformaron un equipo de trabajo, que incluye m\u00e9dicos forenses, psic\u00f3logos y abogados, para investigar el resguardo de los cad\u00e1veres.<\/p>\n<p>Los organismos expresaron tambi\u00e9n \u201csu total indignaci\u00f3n por el trato inhumano\u201d que se le dio a los cuerpos y exigieron a las autoridades correspondientes la investigaci\u00f3n exhaustiva de los hechos para que los responsables sean presentados ante la justicia y reciban la sanci\u00f3n que conforme a derecho corresponde, ya que ese caso no debe quedar en la impunidad.<\/p>\n<blockquote>\n<p>\u201cPara ambos Organismos P\u00fablicos de Derechos Humanos, tales hechos representan falta de respeto a la dignidad de las personas fallecidas y vulneran sus prerrogativas fundamentales y las de sus familiares, quienes adem\u00e1s tienen el derecho a conocer la verdad sobre la muerte de su ser querido, as\u00ed como darle adecuada sepultura, conforme a sus creencias religiosas\u201d, se lee en un comunicado.<\/p>\n<p>Coincidieron tambi\u00e9n que el trato dado a los cuerpos \u201cevidencia la falta de capacitaci\u00f3n y sensibilidad de quienes realizaron o permitieron acciones distintas a las establecidas para el manejo y preservaci\u00f3n de restos mortales\u201d.<\/p>\n<p>\u201cAdem\u00e1s, debe destacarse que el mal manejo de esos restos mortales tiene obvias consecuencias en materia de salud p\u00fablica, ya que su traslado y condiciones bajo las cuales se realizaron las acciones mencionadas pueden tener efectos nocivos en la salud de los pobladores\u201d, a\u00f1adieron.<\/p>\n<p>Y destacaron que este caso \u201cevidencia la necesidad de establecer protocolos y normas de actuaci\u00f3n unificadas en todo el pa\u00eds, de acuerdo con est\u00e1ndares internacionales, para el cuidado, preservaci\u00f3n y manejo de restos humanos, as\u00ed como la importancia contar con un banco gen\u00e9tico y de datos, y revisar el marco normativo aplicable a los cementerios y lugares de inhumaci\u00f3n a nivel nacional, as\u00ed como los mecanismos para vigilar su cumplimiento y las sanciones a las que se hagan acreedores quienes infrinjan las disposiciones\u201d.<\/p>\n<\/blockquote>\n","protected":false},"excerpt":{"rendered":"<p>Por \u201cfalta de espacio\u201d, metieron no cien, sino 300 cuerpos en dos tr\u00e1ilers y los abandonaron<br \/>\nPor Redacci\u00f3n QP<\/p>\n","protected":false},"author":2,"featured_media":4899,"comment_status":"open","ping_status":"open","sticky":false,"template":"","format":"standard","meta":{"_monsterinsights_skip_tracking":false,"_monsterinsights_sitenote_active":false,"_monsterinsights_sitenote_note":"","_monsterinsights_sitenote_category":0,"footnotes":""},"categories":[2],"tags":[],"class_list":["post-4900","post","type-post","status-publish","format-standard","has-post-thumbnail","hentry","category-noticias"],"yoast_head":"<!-- This site is optimized with the Yoast SEO plugin v27.3 - https:\/\/yoast.com\/product\/yoast-seo-wordpress\/ -->\n<title>Por \u201cfalta de espacio\u201d, metieron no cien, sino 300 cuerpos en dos tr\u00e1ilers y los abandonaron -<\/title>\n<meta name=\"robots\" content=\"index, follow, max-snippet:-1, max-image-preview:large, max-video-preview:-1\" \/>\n<link rel=\"canonical\" href=\"https:\/\/quehacerpolitico.mx\/?p=4900\" \/>\n<meta property=\"og:locale\" content=\"es_MX\" \/>\n<meta property=\"og:type\" content=\"article\" \/>\n<meta property=\"og:title\" content=\"Por \u201cfalta de espacio\u201d, metieron no cien, sino 300 cuerpos en dos tr\u00e1ilers y los abandonaron -\" \/>\n<meta property=\"og:description\" content=\"Por \u201cfalta de espacio\u201d, metieron no cien, sino 300 cuerpos en dos tr\u00e1ilers y los abandonaron Por Redacci\u00f3n QP\" \/>\n<meta property=\"og:url\" content=\"https:\/\/quehacerpolitico.mx\/?p=4900\" \/>\n<meta property=\"article:published_time\" content=\"2018-09-18T19:18:10+00:00\" \/>\n<meta name=\"author\" content=\"Redacci\u00f3n QP\" \/>\n<meta name=\"twitter:card\" content=\"summary_large_image\" \/>\n<meta name=\"twitter:label1\" content=\"Escrito por\" \/>\n\t<meta name=\"twitter:data1\" content=\"Redacci\u00f3n QP\" \/>\n\t<meta name=\"twitter:label2\" content=\"Tiempo de lectura\" \/>\n\t<meta name=\"twitter:data2\" content=\"5 minutos\" \/>\n<script type=\"application\/ld+json\" class=\"yoast-schema-graph\">{\"@context\":\"https:\\\/\\\/schema.org\",\"@graph\":[{\"@type\":\"Article\",\"@id\":\"https:\\\/\\\/quehacerpolitico.mx\\\/?p=4900#article\",\"isPartOf\":{\"@id\":\"https:\\\/\\\/quehacerpolitico.mx\\\/?p=4900\"},\"author\":{\"name\":\"Redacci\u00f3n QP\",\"@id\":\"https:\\\/\\\/quehacerpolitico.mx\\\/#\\\/schema\\\/person\\\/496d8ad2d1d3f8036101dca7ee39e585\"},\"headline\":\"Por \u201cfalta de espacio\u201d, metieron no cien, sino 300 cuerpos en dos tr\u00e1ilers y los abandonaron\",\"datePublished\":\"2018-09-18T19:18:10+00:00\",\"mainEntityOfPage\":{\"@id\":\"https:\\\/\\\/quehacerpolitico.mx\\\/?p=4900\"},\"wordCount\":1075,\"commentCount\":0,\"image\":{\"@id\":\"https:\\\/\\\/quehacerpolitico.mx\\\/?p=4900#primaryimage\"},\"thumbnailUrl\":\"\",\"articleSection\":[\"Noticias\"],\"inLanguage\":\"es\",\"potentialAction\":[{\"@type\":\"CommentAction\",\"name\":\"Comment\",\"target\":[\"https:\\\/\\\/quehacerpolitico.mx\\\/?p=4900#respond\"]}]},{\"@type\":\"WebPage\",\"@id\":\"https:\\\/\\\/quehacerpolitico.mx\\\/?p=4900\",\"url\":\"https:\\\/\\\/quehacerpolitico.mx\\\/?p=4900\",\"name\":\"Por \u201cfalta de espacio\u201d, metieron no cien, sino 300 cuerpos en dos tr\u00e1ilers y los abandonaron -\",\"isPartOf\":{\"@id\":\"https:\\\/\\\/quehacerpolitico.mx\\\/#website\"},\"primaryImageOfPage\":{\"@id\":\"https:\\\/\\\/quehacerpolitico.mx\\\/?p=4900#primaryimage\"},\"image\":{\"@id\":\"https:\\\/\\\/quehacerpolitico.mx\\\/?p=4900#primaryimage\"},\"thumbnailUrl\":\"\",\"datePublished\":\"2018-09-18T19:18:10+00:00\",\"author\":{\"@id\":\"https:\\\/\\\/quehacerpolitico.mx\\\/#\\\/schema\\\/person\\\/496d8ad2d1d3f8036101dca7ee39e585\"},\"breadcrumb\":{\"@id\":\"https:\\\/\\\/quehacerpolitico.mx\\\/?p=4900#breadcrumb\"},\"inLanguage\":\"es\",\"potentialAction\":[{\"@type\":\"ReadAction\",\"target\":[\"https:\\\/\\\/quehacerpolitico.mx\\\/?p=4900\"]}]},{\"@type\":\"ImageObject\",\"inLanguage\":\"es\",\"@id\":\"https:\\\/\\\/quehacerpolitico.mx\\\/?p=4900#primaryimage\",\"url\":\"\",\"contentUrl\":\"\"},{\"@type\":\"BreadcrumbList\",\"@id\":\"https:\\\/\\\/quehacerpolitico.mx\\\/?p=4900#breadcrumb\",\"itemListElement\":[{\"@type\":\"ListItem\",\"position\":1,\"name\":\"Inicio\",\"item\":\"https:\\\/\\\/quehacerpolitico.mx\\\/\"},{\"@type\":\"ListItem\",\"position\":2,\"name\":\"Por \u201cfalta de espacio\u201d, metieron no cien, sino 300 cuerpos en dos tr\u00e1ilers y los abandonaron\"}]},{\"@type\":\"WebSite\",\"@id\":\"https:\\\/\\\/quehacerpolitico.mx\\\/#website\",\"url\":\"https:\\\/\\\/quehacerpolitico.mx\\\/\",\"name\":\"\",\"description\":\"\",\"potentialAction\":[{\"@type\":\"SearchAction\",\"target\":{\"@type\":\"EntryPoint\",\"urlTemplate\":\"https:\\\/\\\/quehacerpolitico.mx\\\/?s={search_term_string}\"},\"query-input\":{\"@type\":\"PropertyValueSpecification\",\"valueRequired\":true,\"valueName\":\"search_term_string\"}}],\"inLanguage\":\"es\"},{\"@type\":\"Person\",\"@id\":\"https:\\\/\\\/quehacerpolitico.mx\\\/#\\\/schema\\\/person\\\/496d8ad2d1d3f8036101dca7ee39e585\",\"name\":\"Redacci\u00f3n QP\",\"image\":{\"@type\":\"ImageObject\",\"inLanguage\":\"es\",\"@id\":\"https:\\\/\\\/secure.gravatar.com\\\/avatar\\\/c7164ed6fdec453195284ad24a5ae5b6e1eed2b848477fa2a4787ba9adf39a41?s=96&d=mm&r=g\",\"url\":\"https:\\\/\\\/secure.gravatar.com\\\/avatar\\\/c7164ed6fdec453195284ad24a5ae5b6e1eed2b848477fa2a4787ba9adf39a41?s=96&d=mm&r=g\",\"contentUrl\":\"https:\\\/\\\/secure.gravatar.com\\\/avatar\\\/c7164ed6fdec453195284ad24a5ae5b6e1eed2b848477fa2a4787ba9adf39a41?s=96&d=mm&r=g\",\"caption\":\"Redacci\u00f3n QP\"},\"url\":\"https:\\\/\\\/quehacerpolitico.mx\\\/?author=2\"}]}<\/script>\n<!-- \/ Yoast SEO plugin. -->","yoast_head_json":{"title":"Por \u201cfalta de espacio\u201d, metieron no cien, sino 300 cuerpos en dos tr\u00e1ilers y los abandonaron -","robots":{"index":"index","follow":"follow","max-snippet":"max-snippet:-1","max-image-preview":"max-image-preview:large","max-video-preview":"max-video-preview:-1"},"canonical":"https:\/\/quehacerpolitico.mx\/?p=4900","og_locale":"es_MX","og_type":"article","og_title":"Por \u201cfalta de espacio\u201d, metieron no cien, sino 300 cuerpos en dos tr\u00e1ilers y los abandonaron -","og_description":"Por \u201cfalta de espacio\u201d, metieron no cien, sino 300 cuerpos en dos tr\u00e1ilers y los abandonaron Por Redacci\u00f3n QP","og_url":"https:\/\/quehacerpolitico.mx\/?p=4900","article_published_time":"2018-09-18T19:18:10+00:00","author":"Redacci\u00f3n QP","twitter_card":"summary_large_image","twitter_misc":{"Escrito por":"Redacci\u00f3n QP","Tiempo de lectura":"5 minutos"},"schema":{"@context":"https:\/\/schema.org","@graph":[{"@type":"Article","@id":"https:\/\/quehacerpolitico.mx\/?p=4900#article","isPartOf":{"@id":"https:\/\/quehacerpolitico.mx\/?p=4900"},"author":{"name":"Redacci\u00f3n QP","@id":"https:\/\/quehacerpolitico.mx\/#\/schema\/person\/496d8ad2d1d3f8036101dca7ee39e585"},"headline":"Por \u201cfalta de espacio\u201d, metieron no cien, sino 300 cuerpos en dos tr\u00e1ilers y los abandonaron","datePublished":"2018-09-18T19:18:10+00:00","mainEntityOfPage":{"@id":"https:\/\/quehacerpolitico.mx\/?p=4900"},"wordCount":1075,"commentCount":0,"image":{"@id":"https:\/\/quehacerpolitico.mx\/?p=4900#primaryimage"},"thumbnailUrl":"","articleSection":["Noticias"],"inLanguage":"es","potentialAction":[{"@type":"CommentAction","name":"Comment","target":["https:\/\/quehacerpolitico.mx\/?p=4900#respond"]}]},{"@type":"WebPage","@id":"https:\/\/quehacerpolitico.mx\/?p=4900","url":"https:\/\/quehacerpolitico.mx\/?p=4900","name":"Por \u201cfalta de espacio\u201d, metieron no cien, sino 300 cuerpos en dos tr\u00e1ilers y los abandonaron -","isPartOf":{"@id":"https:\/\/quehacerpolitico.mx\/#website"},"primaryImageOfPage":{"@id":"https:\/\/quehacerpolitico.mx\/?p=4900#primaryimage"},"image":{"@id":"https:\/\/quehacerpolitico.mx\/?p=4900#primaryimage"},"thumbnailUrl":"","datePublished":"2018-09-18T19:18:10+00:00","author":{"@id":"https:\/\/quehacerpolitico.mx\/#\/schema\/person\/496d8ad2d1d3f8036101dca7ee39e585"},"breadcrumb":{"@id":"https:\/\/quehacerpolitico.mx\/?p=4900#breadcrumb"},"inLanguage":"es","potentialAction":[{"@type":"ReadAction","target":["https:\/\/quehacerpolitico.mx\/?p=4900"]}]},{"@type":"ImageObject","inLanguage":"es","@id":"https:\/\/quehacerpolitico.mx\/?p=4900#primaryimage","url":"","contentUrl":""},{"@type":"BreadcrumbList","@id":"https:\/\/quehacerpolitico.mx\/?p=4900#breadcrumb","itemListElement":[{"@type":"ListItem","position":1,"name":"Inicio","item":"https:\/\/quehacerpolitico.mx\/"},{"@type":"ListItem","position":2,"name":"Por \u201cfalta de espacio\u201d, metieron no cien, sino 300 cuerpos en dos tr\u00e1ilers y los abandonaron"}]},{"@type":"WebSite","@id":"https:\/\/quehacerpolitico.mx\/#website","url":"https:\/\/quehacerpolitico.mx\/","name":"","description":"","potentialAction":[{"@type":"SearchAction","target":{"@type":"EntryPoint","urlTemplate":"https:\/\/quehacerpolitico.mx\/?s={search_term_string}"},"query-input":{"@type":"PropertyValueSpecification","valueRequired":true,"valueName":"search_term_string"}}],"inLanguage":"es"},{"@type":"Person","@id":"https:\/\/quehacerpolitico.mx\/#\/schema\/person\/496d8ad2d1d3f8036101dca7ee39e585","name":"Redacci\u00f3n QP","image":{"@type":"ImageObject","inLanguage":"es","@id":"https:\/\/secure.gravatar.com\/avatar\/c7164ed6fdec453195284ad24a5ae5b6e1eed2b848477fa2a4787ba9adf39a41?s=96&d=mm&r=g","url":"https:\/\/secure.gravatar.com\/avatar\/c7164ed6fdec453195284ad24a5ae5b6e1eed2b848477fa2a4787ba9adf39a41?s=96&d=mm&r=g","contentUrl":"https:\/\/secure.gravatar.com\/avatar\/c7164ed6fdec453195284ad24a5ae5b6e1eed2b848477fa2a4787ba9adf39a41?s=96&d=mm&r=g","caption":"Redacci\u00f3n QP"},"url":"https:\/\/quehacerpolitico.mx\/?author=2"}]}},"featured_image_urls":{"full":"","thumbnail":"","medium":"","medium_large":"","large":"","1536x1536":"","2048x2048":"","covernews-featured":"","covernews-medium":""},"author_info":{"display_name":"Redacci\u00f3n QP","author_link":"https:\/\/quehacerpolitico.mx\/?author=2"},"category_info":"<a href=\"https:\/\/quehacerpolitico.mx\/?cat=2\" rel=\"category\">Noticias<\/a>","tag_info":"Noticias","comment_count":"0","_links":{"self":[{"href":"https:\/\/quehacerpolitico.mx\/index.php?rest_route=\/wp\/v2\/posts\/4900","targetHints":{"allow":["GET"]}}],"collection":[{"href":"https:\/\/quehacerpolitico.mx\/index.php?rest_route=\/wp\/v2\/posts"}],"about":[{"href":"https:\/\/quehacerpolitico.mx\/index.php?rest_route=\/wp\/v2\/types\/post"}],"author":[{"embeddable":true,"href":"https:\/\/quehacerpolitico.mx\/index.php?rest_route=\/wp\/v2\/users\/2"}],"replies":[{"embeddable":true,"href":"https:\/\/quehacerpolitico.mx\/index.php?rest_route=%2Fwp%2Fv2%2Fcomments&post=4900"}],"version-history":[{"count":0,"href":"https:\/\/quehacerpolitico.mx\/index.php?rest_route=\/wp\/v2\/posts\/4900\/revisions"}],"wp:featuredmedia":[{"embeddable":true,"href":"https:\/\/quehacerpolitico.mx\/index.php?rest_route=\/"}],"wp:attachment":[{"href":"https:\/\/quehacerpolitico.mx\/index.php?rest_route=%2Fwp%2Fv2%2Fmedia&parent=4900"}],"wp:term":[{"taxonomy":"category","embeddable":true,"href":"https:\/\/quehacerpolitico.mx\/index.php?rest_route=%2Fwp%2Fv2%2Fcategories&post=4900"},{"taxonomy":"post_tag","embeddable":true,"href":"https:\/\/quehacerpolitico.mx\/index.php?rest_route=%2Fwp%2Fv2%2Ftags&post=4900"}],"curies":[{"name":"wp","href":"https:\/\/api.w.org\/{rel}","templated":true}]}}