{"id":4898,"date":"2018-09-18T19:09:04","date_gmt":"2018-09-18T19:09:04","guid":{"rendered":"http:\/\/quehacerpolitico.mx\/amlo-por-que-no-aceptan-que-el-neoliberalismo-fracaso-que-hay-mas-pobres-violencia-y-deuda\/"},"modified":"2018-09-18T19:09:04","modified_gmt":"2018-09-18T19:09:04","slug":"amlo-por-que-no-aceptan-que-el-neoliberalismo-fracaso-que-hay-mas-pobres-violencia-y-deuda","status":"publish","type":"post","link":"https:\/\/quehacerpolitico.mx\/?p=4898","title":{"rendered":"AMLO: \u201c\u00bfPor qu\u00e9 no aceptan que el neoliberalismo fracas\u00f3, que hay m\u00e1s pobres, violencia y deuda?\u201d"},"content":{"rendered":"<h3>Ayer,\u00a0Claudio X. Gonz\u00e1lez, presidente de Kimberly-Clark de M\u00e9xico, neg\u00f3 que el pa\u00eds est\u00e9 en bancarrota despu\u00e9s de una afirmaci\u00f3n del Presidente electo en ese sentido. Dijo que L\u00f3pez Obrador \u201cpudo haber utilizado otro adjetivo\u201d. Las portadas de la mayor\u00eda de los diarios fueron en ese sentido esta ma\u00f1ana.<\/h3>\n<h3>Hoy, L\u00f3pez Obrador dijo que us\u00f3 la palabra \u201cbancarrota\u201d porque tiene sus propios datos: que M\u00e9xico lleva 30 a\u00f1os sin crecimiento, endeudado, con m\u00e1s pobres y una violencia in\u00e9dita. Tambi\u00e9n destac\u00f3 que no se trata s\u00f3lo de una crisis econ\u00f3mica sino tambi\u00e9n de seguridad. Pero recalc\u00f3\u00a0que a\u00fan as\u00ed \u201cvamos a salir adelante\u201d.<\/h3>\n<p>El Presidente electo <strong>Andr\u00e9s Manuel L\u00f3pez Obrador<\/strong> reiter\u00f3 hoy que M\u00e9xico <strong>no ha tenido crecimiento<\/strong> en los \u00faltimos 30 a\u00f1os y frente a la cr\u00edtica de los empresarios porque dijo que el pa\u00eds estaba en \u201cbancarrota\u201d, se\u00f1al\u00f3 que <strong>el pa\u00eds est\u00e1 en crisis<\/strong>\u00a0no s\u00f3lo econ\u00f3mica sino tambi\u00e9n de seguridad.<\/p>\n<p>AMLO lanz\u00f3 una dura cr\u00edtica a los empresarios pero tambi\u00e9n a cierta\u00a0 prensa que, consider\u00f3, \u201cse dedicaron, algunos medios de comunicaci\u00f3n, durante estos 30 a\u00f1os a aplaudir y a callar, a obedecer y a callar, a quemarle incienso al r\u00e9gimen, de un partido o de otro\u201d.<\/p>\n<blockquote>\n<p>\u201cSostengo que hay crisis en M\u00e9xico y que hay mucha pobreza, mucho abandono, mucha inseguridad, mucha violencia, y que ha resultado un fracaso la pol\u00edtica neoliberal y que la vamos a cambiar\u201d, dijo a los medios de comunicaci\u00f3n en el aeropuerto de La Paz, Baja California.<\/p>\n<p>El tabasque\u00f1o fue cuestionado sobre la pol\u00e9mica que gener\u00f3 sus declaraciones hechas el pasado domingo en Tepic, Nayarit, sobre que posiblemente no podr\u00eda cumplir con todo lo que el pa\u00eds demanda pues lo recibe en \u201c<strong>bancarrota<\/strong>\u201d.<\/p>\n<blockquote>\n<p>\u201cPosiblemente por las circunstancias \u2013el pa\u00eds atraviesa una situaci\u00f3n econ\u00f3mica y social muy dif\u00edcil\u2013; posiblemente por la situaci\u00f3n de bancarrota que se encuentra el pa\u00eds, no vamos a cumplir todo lo que se est\u00e1 demandando, pero s\u00ed vamos a cumplir todo lo que ofrecimos en campa\u00f1a\u201d, dijo el domingo.<\/p>\n<\/blockquote>\n<p>En respuesta, Claudio X. Gonz\u00e1lez, presidente de Kimberly-Clark de M\u00e9xico, neg\u00f3 que el pa\u00eds est\u00e9 en bancarrota y dijo que el Presidente electo \u201cpudo haber utilizado otro adjetivo\u201d.<\/p>\n<p>El Presidente electo dijo que hay personas que a\u00fan no terminar de digerir \u201clo que sucedi\u00f3 en la elecci\u00f3n presidencial. Y la <em>prensa fif\u00ed<\/em>, pues est\u00e1n ah\u00ed atentos sacando de contexto las cosas, buscando las podridas\u201d.<\/p>\n<blockquote>\n<p>\u201c\u00bfHa estado muy bien el neoliberalismo, hay que aplaudirle? \u00bfPor qu\u00e9 no aceptan que fue un fracaso la pol\u00edtica neoliberal, que s\u00f3lo benefici\u00f3 a una peque\u00f1a minor\u00eda, empobreci\u00f3 a la mayor\u00eda del pueblo, produjo la inseguridad, la violencia?\u201d, cuestion\u00f3.<\/p>\n<\/blockquote>\n<p>\u201c\u00bfPor qu\u00e9 no aceptarlo, por qu\u00e9 no reconocerlo? No les estoy diciendo que pidan perd\u00f3n, quiero que sean autocr\u00edticos y que acepten que se dedicaron, algunos medios de comunicaci\u00f3n, durante estos 30 a\u00f1os a aplaudir y a callar, a obedecer y a callar, a quemarle incienso al r\u00e9gimen, de un partido o de otro\u201d, dijo.<\/p>\n<p>Hoy, L\u00f3pez Obrador dijo que us\u00f3 la palabra \u201cbancarrota\u201d porque ya revis\u00f3 los datos y M\u00e9xico lleva 30 a\u00f1os sin crecimiento.<\/p>\n<blockquote>\n<p>\u201cHicieron alg\u00fan planteamiento de que no les gust\u00f3 la palabra, el t\u00e9rmino, el concepto bancarrota, yo tengo mis datos, llevamos 30 a\u00f1os sin crecimiento econ\u00f3mico. La deuda p\u00fablica, nada m\u00e1s de Fox a la fecha creci\u00f3 de 1.7 billones a 10 billones\u201d, dijo.<\/p>\n<p>\u201cCreci\u00f3 la pobreza; la violencia, no quiero hablar de lo que sucedi\u00f3 ayer, o antier, o del nuevo descubrimiento doloroso para los mexicanos que es el que se est\u00e9n encontrando cuerpos en la clandestinidad\u201d, a\u00f1adi\u00f3.<\/p>\n<\/blockquote>\n<p>L\u00f3pez Obrador recalc\u00f3 que la situaci\u00f3n de M\u00e9xico est\u00e1 mal, que el pa\u00eds se encuentra en una crisis, pero que a\u00fan as\u00ed \u201cvamos a salir adelante.<\/p>\n<p>\u201cAhora que digo que est\u00e1 mal la situaci\u00f3n, que hay una crisis de M\u00e9xico, que use la palabra bancarrota se me lanzan, interpretan de que me estoy echando para atr\u00e1s y de que no voy a cumplir todos mis compromisos. Falso, voy a cumplir mis compromisos. Nada m\u00e1s que s\u00ed quiero que se tenga conocimiento del punto de partida. No es ninguna justificaci\u00f3n y vamos a salir adelante\u201d, dijo.<\/p>\n<p>Ayer, la c\u00fapula empresarial\u00a0coincidi\u00f3 en que se enfrentan retos de inseguridad, corrupci\u00f3n y crecimiento econ\u00f3mico lento menor al esperado de cuatro por ciento, sin que esto implique alejar inversiones.<\/p>\n<p>Claudio X. Gonz\u00e1lez llam\u00f3, frente a los presentes en el Foro Forbes, a generar confianza necesaria para que haya crecimiento econ\u00f3mico suficiente y para eso, dijo, \u201cdebe haber inversi\u00f3n, empresarios y empresas\u201d.<\/p>\n<\/blockquote>\n","protected":false},"excerpt":{"rendered":"<p>AMLO: \u201c\u00bfPor qu\u00e9 no aceptan que el neoliberalismo fracas\u00f3, que hay m\u00e1s pobres, violencia y deuda?\u201d<br \/>\nPor Redacci\u00f3n QP<\/p>\n","protected":false},"author":2,"featured_media":4897,"comment_status":"open","ping_status":"open","sticky":false,"template":"","format":"standard","meta":{"_monsterinsights_skip_tracking":false,"_monsterinsights_sitenote_active":false,"_monsterinsights_sitenote_note":"","_monsterinsights_sitenote_category":0,"footnotes":""},"categories":[2],"tags":[],"class_list":["post-4898","post","type-post","status-publish","format-standard","has-post-thumbnail","hentry","category-noticias"],"yoast_head":"<!-- This site is optimized with the Yoast SEO plugin v27.3 - https:\/\/yoast.com\/product\/yoast-seo-wordpress\/ -->\n<title>AMLO: \u201c\u00bfPor qu\u00e9 no aceptan que el neoliberalismo fracas\u00f3, que hay m\u00e1s pobres, violencia y deuda?\u201d -<\/title>\n<meta name=\"robots\" content=\"index, follow, max-snippet:-1, max-image-preview:large, max-video-preview:-1\" \/>\n<link rel=\"canonical\" href=\"https:\/\/quehacerpolitico.mx\/?p=4898\" \/>\n<meta property=\"og:locale\" content=\"es_MX\" \/>\n<meta property=\"og:type\" content=\"article\" \/>\n<meta property=\"og:title\" content=\"AMLO: \u201c\u00bfPor qu\u00e9 no aceptan que el neoliberalismo fracas\u00f3, que hay m\u00e1s pobres, violencia y deuda?\u201d -\" \/>\n<meta property=\"og:description\" content=\"AMLO: \u201c\u00bfPor qu\u00e9 no aceptan que el neoliberalismo fracas\u00f3, que hay m\u00e1s pobres, violencia y deuda?\u201d Por Redacci\u00f3n QP\" \/>\n<meta property=\"og:url\" content=\"https:\/\/quehacerpolitico.mx\/?p=4898\" \/>\n<meta property=\"article:published_time\" content=\"2018-09-18T19:09:04+00:00\" \/>\n<meta name=\"author\" content=\"Redacci\u00f3n QP\" \/>\n<meta name=\"twitter:card\" content=\"summary_large_image\" \/>\n<meta name=\"twitter:label1\" content=\"Escrito por\" \/>\n\t<meta name=\"twitter:data1\" content=\"Redacci\u00f3n QP\" \/>\n\t<meta name=\"twitter:label2\" content=\"Tiempo de lectura\" \/>\n\t<meta name=\"twitter:data2\" content=\"4 minutos\" \/>\n<script type=\"application\/ld+json\" class=\"yoast-schema-graph\">{\"@context\":\"https:\\\/\\\/schema.org\",\"@graph\":[{\"@type\":\"Article\",\"@id\":\"https:\\\/\\\/quehacerpolitico.mx\\\/?p=4898#article\",\"isPartOf\":{\"@id\":\"https:\\\/\\\/quehacerpolitico.mx\\\/?p=4898\"},\"author\":{\"name\":\"Redacci\u00f3n QP\",\"@id\":\"https:\\\/\\\/quehacerpolitico.mx\\\/#\\\/schema\\\/person\\\/496d8ad2d1d3f8036101dca7ee39e585\"},\"headline\":\"AMLO: \u201c\u00bfPor qu\u00e9 no aceptan que el neoliberalismo fracas\u00f3, que hay m\u00e1s pobres, violencia y deuda?\u201d\",\"datePublished\":\"2018-09-18T19:09:04+00:00\",\"mainEntityOfPage\":{\"@id\":\"https:\\\/\\\/quehacerpolitico.mx\\\/?p=4898\"},\"wordCount\":843,\"commentCount\":0,\"image\":{\"@id\":\"https:\\\/\\\/quehacerpolitico.mx\\\/?p=4898#primaryimage\"},\"thumbnailUrl\":\"\",\"articleSection\":[\"Noticias\"],\"inLanguage\":\"es\",\"potentialAction\":[{\"@type\":\"CommentAction\",\"name\":\"Comment\",\"target\":[\"https:\\\/\\\/quehacerpolitico.mx\\\/?p=4898#respond\"]}]},{\"@type\":\"WebPage\",\"@id\":\"https:\\\/\\\/quehacerpolitico.mx\\\/?p=4898\",\"url\":\"https:\\\/\\\/quehacerpolitico.mx\\\/?p=4898\",\"name\":\"AMLO: \u201c\u00bfPor qu\u00e9 no aceptan que el neoliberalismo fracas\u00f3, que hay m\u00e1s pobres, violencia y deuda?\u201d -\",\"isPartOf\":{\"@id\":\"https:\\\/\\\/quehacerpolitico.mx\\\/#website\"},\"primaryImageOfPage\":{\"@id\":\"https:\\\/\\\/quehacerpolitico.mx\\\/?p=4898#primaryimage\"},\"image\":{\"@id\":\"https:\\\/\\\/quehacerpolitico.mx\\\/?p=4898#primaryimage\"},\"thumbnailUrl\":\"\",\"datePublished\":\"2018-09-18T19:09:04+00:00\",\"author\":{\"@id\":\"https:\\\/\\\/quehacerpolitico.mx\\\/#\\\/schema\\\/person\\\/496d8ad2d1d3f8036101dca7ee39e585\"},\"breadcrumb\":{\"@id\":\"https:\\\/\\\/quehacerpolitico.mx\\\/?p=4898#breadcrumb\"},\"inLanguage\":\"es\",\"potentialAction\":[{\"@type\":\"ReadAction\",\"target\":[\"https:\\\/\\\/quehacerpolitico.mx\\\/?p=4898\"]}]},{\"@type\":\"ImageObject\",\"inLanguage\":\"es\",\"@id\":\"https:\\\/\\\/quehacerpolitico.mx\\\/?p=4898#primaryimage\",\"url\":\"\",\"contentUrl\":\"\"},{\"@type\":\"BreadcrumbList\",\"@id\":\"https:\\\/\\\/quehacerpolitico.mx\\\/?p=4898#breadcrumb\",\"itemListElement\":[{\"@type\":\"ListItem\",\"position\":1,\"name\":\"Inicio\",\"item\":\"https:\\\/\\\/quehacerpolitico.mx\\\/\"},{\"@type\":\"ListItem\",\"position\":2,\"name\":\"AMLO: \u201c\u00bfPor qu\u00e9 no aceptan que el neoliberalismo fracas\u00f3, que hay m\u00e1s pobres, violencia y deuda?\u201d\"}]},{\"@type\":\"WebSite\",\"@id\":\"https:\\\/\\\/quehacerpolitico.mx\\\/#website\",\"url\":\"https:\\\/\\\/quehacerpolitico.mx\\\/\",\"name\":\"\",\"description\":\"\",\"potentialAction\":[{\"@type\":\"SearchAction\",\"target\":{\"@type\":\"EntryPoint\",\"urlTemplate\":\"https:\\\/\\\/quehacerpolitico.mx\\\/?s={search_term_string}\"},\"query-input\":{\"@type\":\"PropertyValueSpecification\",\"valueRequired\":true,\"valueName\":\"search_term_string\"}}],\"inLanguage\":\"es\"},{\"@type\":\"Person\",\"@id\":\"https:\\\/\\\/quehacerpolitico.mx\\\/#\\\/schema\\\/person\\\/496d8ad2d1d3f8036101dca7ee39e585\",\"name\":\"Redacci\u00f3n QP\",\"image\":{\"@type\":\"ImageObject\",\"inLanguage\":\"es\",\"@id\":\"https:\\\/\\\/secure.gravatar.com\\\/avatar\\\/c7164ed6fdec453195284ad24a5ae5b6e1eed2b848477fa2a4787ba9adf39a41?s=96&d=mm&r=g\",\"url\":\"https:\\\/\\\/secure.gravatar.com\\\/avatar\\\/c7164ed6fdec453195284ad24a5ae5b6e1eed2b848477fa2a4787ba9adf39a41?s=96&d=mm&r=g\",\"contentUrl\":\"https:\\\/\\\/secure.gravatar.com\\\/avatar\\\/c7164ed6fdec453195284ad24a5ae5b6e1eed2b848477fa2a4787ba9adf39a41?s=96&d=mm&r=g\",\"caption\":\"Redacci\u00f3n QP\"},\"url\":\"https:\\\/\\\/quehacerpolitico.mx\\\/?author=2\"}]}<\/script>\n<!-- \/ Yoast SEO plugin. -->","yoast_head_json":{"title":"AMLO: \u201c\u00bfPor qu\u00e9 no aceptan que el neoliberalismo fracas\u00f3, que hay m\u00e1s pobres, violencia y deuda?\u201d -","robots":{"index":"index","follow":"follow","max-snippet":"max-snippet:-1","max-image-preview":"max-image-preview:large","max-video-preview":"max-video-preview:-1"},"canonical":"https:\/\/quehacerpolitico.mx\/?p=4898","og_locale":"es_MX","og_type":"article","og_title":"AMLO: \u201c\u00bfPor qu\u00e9 no aceptan que el neoliberalismo fracas\u00f3, que hay m\u00e1s pobres, violencia y deuda?\u201d -","og_description":"AMLO: \u201c\u00bfPor qu\u00e9 no aceptan que el neoliberalismo fracas\u00f3, que hay m\u00e1s pobres, violencia y deuda?\u201d Por Redacci\u00f3n QP","og_url":"https:\/\/quehacerpolitico.mx\/?p=4898","article_published_time":"2018-09-18T19:09:04+00:00","author":"Redacci\u00f3n QP","twitter_card":"summary_large_image","twitter_misc":{"Escrito por":"Redacci\u00f3n QP","Tiempo de lectura":"4 minutos"},"schema":{"@context":"https:\/\/schema.org","@graph":[{"@type":"Article","@id":"https:\/\/quehacerpolitico.mx\/?p=4898#article","isPartOf":{"@id":"https:\/\/quehacerpolitico.mx\/?p=4898"},"author":{"name":"Redacci\u00f3n QP","@id":"https:\/\/quehacerpolitico.mx\/#\/schema\/person\/496d8ad2d1d3f8036101dca7ee39e585"},"headline":"AMLO: \u201c\u00bfPor qu\u00e9 no aceptan que el neoliberalismo fracas\u00f3, que hay m\u00e1s pobres, violencia y deuda?\u201d","datePublished":"2018-09-18T19:09:04+00:00","mainEntityOfPage":{"@id":"https:\/\/quehacerpolitico.mx\/?p=4898"},"wordCount":843,"commentCount":0,"image":{"@id":"https:\/\/quehacerpolitico.mx\/?p=4898#primaryimage"},"thumbnailUrl":"","articleSection":["Noticias"],"inLanguage":"es","potentialAction":[{"@type":"CommentAction","name":"Comment","target":["https:\/\/quehacerpolitico.mx\/?p=4898#respond"]}]},{"@type":"WebPage","@id":"https:\/\/quehacerpolitico.mx\/?p=4898","url":"https:\/\/quehacerpolitico.mx\/?p=4898","name":"AMLO: \u201c\u00bfPor qu\u00e9 no aceptan que el neoliberalismo fracas\u00f3, que hay m\u00e1s pobres, violencia y deuda?\u201d -","isPartOf":{"@id":"https:\/\/quehacerpolitico.mx\/#website"},"primaryImageOfPage":{"@id":"https:\/\/quehacerpolitico.mx\/?p=4898#primaryimage"},"image":{"@id":"https:\/\/quehacerpolitico.mx\/?p=4898#primaryimage"},"thumbnailUrl":"","datePublished":"2018-09-18T19:09:04+00:00","author":{"@id":"https:\/\/quehacerpolitico.mx\/#\/schema\/person\/496d8ad2d1d3f8036101dca7ee39e585"},"breadcrumb":{"@id":"https:\/\/quehacerpolitico.mx\/?p=4898#breadcrumb"},"inLanguage":"es","potentialAction":[{"@type":"ReadAction","target":["https:\/\/quehacerpolitico.mx\/?p=4898"]}]},{"@type":"ImageObject","inLanguage":"es","@id":"https:\/\/quehacerpolitico.mx\/?p=4898#primaryimage","url":"","contentUrl":""},{"@type":"BreadcrumbList","@id":"https:\/\/quehacerpolitico.mx\/?p=4898#breadcrumb","itemListElement":[{"@type":"ListItem","position":1,"name":"Inicio","item":"https:\/\/quehacerpolitico.mx\/"},{"@type":"ListItem","position":2,"name":"AMLO: \u201c\u00bfPor qu\u00e9 no aceptan que el neoliberalismo fracas\u00f3, que hay m\u00e1s pobres, violencia y deuda?\u201d"}]},{"@type":"WebSite","@id":"https:\/\/quehacerpolitico.mx\/#website","url":"https:\/\/quehacerpolitico.mx\/","name":"","description":"","potentialAction":[{"@type":"SearchAction","target":{"@type":"EntryPoint","urlTemplate":"https:\/\/quehacerpolitico.mx\/?s={search_term_string}"},"query-input":{"@type":"PropertyValueSpecification","valueRequired":true,"valueName":"search_term_string"}}],"inLanguage":"es"},{"@type":"Person","@id":"https:\/\/quehacerpolitico.mx\/#\/schema\/person\/496d8ad2d1d3f8036101dca7ee39e585","name":"Redacci\u00f3n QP","image":{"@type":"ImageObject","inLanguage":"es","@id":"https:\/\/secure.gravatar.com\/avatar\/c7164ed6fdec453195284ad24a5ae5b6e1eed2b848477fa2a4787ba9adf39a41?s=96&d=mm&r=g","url":"https:\/\/secure.gravatar.com\/avatar\/c7164ed6fdec453195284ad24a5ae5b6e1eed2b848477fa2a4787ba9adf39a41?s=96&d=mm&r=g","contentUrl":"https:\/\/secure.gravatar.com\/avatar\/c7164ed6fdec453195284ad24a5ae5b6e1eed2b848477fa2a4787ba9adf39a41?s=96&d=mm&r=g","caption":"Redacci\u00f3n QP"},"url":"https:\/\/quehacerpolitico.mx\/?author=2"}]}},"featured_image_urls":{"full":"","thumbnail":"","medium":"","medium_large":"","large":"","1536x1536":"","2048x2048":"","covernews-featured":"","covernews-medium":""},"author_info":{"display_name":"Redacci\u00f3n QP","author_link":"https:\/\/quehacerpolitico.mx\/?author=2"},"category_info":"<a href=\"https:\/\/quehacerpolitico.mx\/?cat=2\" rel=\"category\">Noticias<\/a>","tag_info":"Noticias","comment_count":"0","_links":{"self":[{"href":"https:\/\/quehacerpolitico.mx\/index.php?rest_route=\/wp\/v2\/posts\/4898","targetHints":{"allow":["GET"]}}],"collection":[{"href":"https:\/\/quehacerpolitico.mx\/index.php?rest_route=\/wp\/v2\/posts"}],"about":[{"href":"https:\/\/quehacerpolitico.mx\/index.php?rest_route=\/wp\/v2\/types\/post"}],"author":[{"embeddable":true,"href":"https:\/\/quehacerpolitico.mx\/index.php?rest_route=\/wp\/v2\/users\/2"}],"replies":[{"embeddable":true,"href":"https:\/\/quehacerpolitico.mx\/index.php?rest_route=%2Fwp%2Fv2%2Fcomments&post=4898"}],"version-history":[{"count":0,"href":"https:\/\/quehacerpolitico.mx\/index.php?rest_route=\/wp\/v2\/posts\/4898\/revisions"}],"wp:featuredmedia":[{"embeddable":true,"href":"https:\/\/quehacerpolitico.mx\/index.php?rest_route=\/"}],"wp:attachment":[{"href":"https:\/\/quehacerpolitico.mx\/index.php?rest_route=%2Fwp%2Fv2%2Fmedia&parent=4898"}],"wp:term":[{"taxonomy":"category","embeddable":true,"href":"https:\/\/quehacerpolitico.mx\/index.php?rest_route=%2Fwp%2Fv2%2Fcategories&post=4898"},{"taxonomy":"post_tag","embeddable":true,"href":"https:\/\/quehacerpolitico.mx\/index.php?rest_route=%2Fwp%2Fv2%2Ftags&post=4898"}],"curies":[{"name":"wp","href":"https:\/\/api.w.org\/{rel}","templated":true}]}}