{"id":4893,"date":"2018-09-18T15:40:34","date_gmt":"2018-09-18T15:40:34","guid":{"rendered":"http:\/\/quehacerpolitico.mx\/video-estudiante-golpea-a-su-companera-en-salon-de-clases\/"},"modified":"2018-09-18T15:40:34","modified_gmt":"2018-09-18T15:40:34","slug":"video-estudiante-golpea-a-su-companera-en-salon-de-clases","status":"publish","type":"post","link":"https:\/\/quehacerpolitico.mx\/?p=4893","title":{"rendered":"[VIDEO] Estudiante golpea a su compa\u00f1era en sal\u00f3n de clases"},"content":{"rendered":"<p><span class=\"amp-wp-inline-f62a86b1328cd4134bec55ddf6de989a\">Un <strong>video<\/strong> que circula en redes sociales gener\u00f3 gran <strong>indignaci\u00f3n<\/strong> entre los internautas, pues muestra a un joven <strong>golpear<\/strong> a su compa\u00f1era en un<strong> CECyTE<\/strong> de <strong>Quintana Roo.<\/strong><\/span><\/p>\n<p><span class=\"amp-wp-inline-f62a86b1328cd4134bec55ddf6de989a\">En la grabaci\u00f3n, aparentemente captada en <strong>enero de 2017<\/strong>, se\u00a0 observa a la adolescente ingresar al sal\u00f3n de clases. Segundos despu\u00e9s el estudiante se acerca a ella y le <strong>jala<\/strong> el cabello y la agrede, mientras los presentes s\u00f3lo <strong>observan<\/strong>.<\/span><\/p>\n<blockquote class=\"twitter-tweet\" data-width=\"550\" data-dnt=\"true\">\n<p lang=\"es\" dir=\"ltr\">En <a href=\"https:\/\/twitter.com\/hashtag\/QuintanaRoo?src=hash&amp;ref_src=twsrc%5Etfw\">#QuintanaRoo<\/a> presunto alumno de <a href=\"https:\/\/twitter.com\/CECyTE_QRoo?ref_src=twsrc%5Etfw\">@CECyTE_QRoo<\/a> golpea salvajemente a una compa\u00f1era de grupo. La <a href=\"https:\/\/twitter.com\/hashtag\/ViolenciaMachista?src=hash&amp;ref_src=twsrc%5Etfw\">#ViolenciaMachista<\/a> en <a href=\"https:\/\/twitter.com\/hashtag\/Cancun?src=hash&amp;ref_src=twsrc%5Etfw\">#Cancun<\/a> no s\u00f3lo la ejerce el crimen organizado. <a href=\"https:\/\/twitter.com\/hashtag\/Educacion?src=hash&amp;ref_src=twsrc%5Etfw\">#Educacion<\/a> <a href=\"https:\/\/twitter.com\/hashtag\/Narcoguerra?src=hash&amp;ref_src=twsrc%5Etfw\">#Narcoguerra<\/a> <a href=\"https:\/\/t.co\/6HydCHlG9w\">pic.twitter.com\/6HydCHlG9w<\/a><\/p>\n<p>&mdash; @#AngelVega (@AngelVega2020) <a href=\"https:\/\/twitter.com\/AngelVega2020\/status\/1042041719192276992?ref_src=twsrc%5Etfw\">September 18, 2018<\/a><\/p><\/blockquote>\n<p><script async src=\"https:\/\/platform.twitter.com\/widgets.js\" charset=\"utf-8\"><\/script><\/p>\n<p><span class=\"amp-wp-inline-f62a86b1328cd4134bec55ddf6de989a\">Es hasta el momento que ambos <strong>caen<\/strong> al suelo, que dos personas <strong>intervienen<\/strong> en la pelea.<\/span><\/p>\n<p><span class=\"amp-wp-inline-f62a86b1328cd4134bec55ddf6de989a\">Pese a que el video lo captaron hace m\u00e1s de un a\u00f1o, no existen <strong>detalles<\/strong> del motivo de la ri\u00f1a, ni informaci\u00f3n sobre alguna <strong>suspensi\u00f3n<\/strong>.<\/span><\/p>\n","protected":false},"excerpt":{"rendered":"<p>[VIDEO] Estudiante golpea a su compa\u00f1era en sal\u00f3n de clases<br \/>\nPor Redacci\u00f3n QP<\/p>\n","protected":false},"author":2,"featured_media":4892,"comment_status":"open","ping_status":"open","sticky":false,"template":"","format":"standard","meta":{"_monsterinsights_skip_tracking":false,"_monsterinsights_sitenote_active":false,"_monsterinsights_sitenote_note":"","_monsterinsights_sitenote_category":0,"footnotes":""},"categories":[2],"tags":[],"class_list":["post-4893","post","type-post","status-publish","format-standard","has-post-thumbnail","hentry","category-noticias"],"yoast_head":"<!-- This site is optimized with the Yoast SEO plugin v27.3 - https:\/\/yoast.com\/product\/yoast-seo-wordpress\/ -->\n<title>[VIDEO] Estudiante golpea a su compa\u00f1era en sal\u00f3n de clases -<\/title>\n<meta name=\"robots\" content=\"index, follow, max-snippet:-1, max-image-preview:large, max-video-preview:-1\" \/>\n<link rel=\"canonical\" href=\"https:\/\/quehacerpolitico.mx\/?p=4893\" \/>\n<meta property=\"og:locale\" content=\"es_MX\" \/>\n<meta property=\"og:type\" content=\"article\" \/>\n<meta property=\"og:title\" content=\"[VIDEO] Estudiante golpea a su compa\u00f1era en sal\u00f3n de clases -\" \/>\n<meta property=\"og:description\" content=\"[VIDEO] Estudiante golpea a su compa\u00f1era en sal\u00f3n de clases Por Redacci\u00f3n QP\" \/>\n<meta property=\"og:url\" content=\"https:\/\/quehacerpolitico.mx\/?p=4893\" \/>\n<meta property=\"article:published_time\" content=\"2018-09-18T15:40:34+00:00\" \/>\n<meta name=\"author\" content=\"Redacci\u00f3n QP\" \/>\n<meta name=\"twitter:card\" content=\"summary_large_image\" \/>\n<meta name=\"twitter:label1\" content=\"Escrito por\" \/>\n\t<meta name=\"twitter:data1\" content=\"Redacci\u00f3n QP\" \/>\n\t<meta name=\"twitter:label2\" content=\"Tiempo de lectura\" \/>\n\t<meta name=\"twitter:data2\" content=\"1 minuto\" \/>\n<script type=\"application\/ld+json\" class=\"yoast-schema-graph\">{\"@context\":\"https:\\\/\\\/schema.org\",\"@graph\":[{\"@type\":\"Article\",\"@id\":\"https:\\\/\\\/quehacerpolitico.mx\\\/?p=4893#article\",\"isPartOf\":{\"@id\":\"https:\\\/\\\/quehacerpolitico.mx\\\/?p=4893\"},\"author\":{\"name\":\"Redacci\u00f3n QP\",\"@id\":\"https:\\\/\\\/quehacerpolitico.mx\\\/#\\\/schema\\\/person\\\/496d8ad2d1d3f8036101dca7ee39e585\"},\"headline\":\"[VIDEO] Estudiante golpea a su compa\u00f1era en sal\u00f3n de clases\",\"datePublished\":\"2018-09-18T15:40:34+00:00\",\"mainEntityOfPage\":{\"@id\":\"https:\\\/\\\/quehacerpolitico.mx\\\/?p=4893\"},\"wordCount\":137,\"commentCount\":0,\"image\":{\"@id\":\"https:\\\/\\\/quehacerpolitico.mx\\\/?p=4893#primaryimage\"},\"thumbnailUrl\":\"\",\"articleSection\":[\"Noticias\"],\"inLanguage\":\"es\",\"potentialAction\":[{\"@type\":\"CommentAction\",\"name\":\"Comment\",\"target\":[\"https:\\\/\\\/quehacerpolitico.mx\\\/?p=4893#respond\"]}]},{\"@type\":\"WebPage\",\"@id\":\"https:\\\/\\\/quehacerpolitico.mx\\\/?p=4893\",\"url\":\"https:\\\/\\\/quehacerpolitico.mx\\\/?p=4893\",\"name\":\"[VIDEO] Estudiante golpea a su compa\u00f1era en sal\u00f3n de clases -\",\"isPartOf\":{\"@id\":\"https:\\\/\\\/quehacerpolitico.mx\\\/#website\"},\"primaryImageOfPage\":{\"@id\":\"https:\\\/\\\/quehacerpolitico.mx\\\/?p=4893#primaryimage\"},\"image\":{\"@id\":\"https:\\\/\\\/quehacerpolitico.mx\\\/?p=4893#primaryimage\"},\"thumbnailUrl\":\"\",\"datePublished\":\"2018-09-18T15:40:34+00:00\",\"author\":{\"@id\":\"https:\\\/\\\/quehacerpolitico.mx\\\/#\\\/schema\\\/person\\\/496d8ad2d1d3f8036101dca7ee39e585\"},\"breadcrumb\":{\"@id\":\"https:\\\/\\\/quehacerpolitico.mx\\\/?p=4893#breadcrumb\"},\"inLanguage\":\"es\",\"potentialAction\":[{\"@type\":\"ReadAction\",\"target\":[\"https:\\\/\\\/quehacerpolitico.mx\\\/?p=4893\"]}]},{\"@type\":\"ImageObject\",\"inLanguage\":\"es\",\"@id\":\"https:\\\/\\\/quehacerpolitico.mx\\\/?p=4893#primaryimage\",\"url\":\"\",\"contentUrl\":\"\"},{\"@type\":\"BreadcrumbList\",\"@id\":\"https:\\\/\\\/quehacerpolitico.mx\\\/?p=4893#breadcrumb\",\"itemListElement\":[{\"@type\":\"ListItem\",\"position\":1,\"name\":\"Inicio\",\"item\":\"https:\\\/\\\/quehacerpolitico.mx\\\/\"},{\"@type\":\"ListItem\",\"position\":2,\"name\":\"[VIDEO] Estudiante golpea a su compa\u00f1era en sal\u00f3n de clases\"}]},{\"@type\":\"WebSite\",\"@id\":\"https:\\\/\\\/quehacerpolitico.mx\\\/#website\",\"url\":\"https:\\\/\\\/quehacerpolitico.mx\\\/\",\"name\":\"\",\"description\":\"\",\"potentialAction\":[{\"@type\":\"SearchAction\",\"target\":{\"@type\":\"EntryPoint\",\"urlTemplate\":\"https:\\\/\\\/quehacerpolitico.mx\\\/?s={search_term_string}\"},\"query-input\":{\"@type\":\"PropertyValueSpecification\",\"valueRequired\":true,\"valueName\":\"search_term_string\"}}],\"inLanguage\":\"es\"},{\"@type\":\"Person\",\"@id\":\"https:\\\/\\\/quehacerpolitico.mx\\\/#\\\/schema\\\/person\\\/496d8ad2d1d3f8036101dca7ee39e585\",\"name\":\"Redacci\u00f3n QP\",\"image\":{\"@type\":\"ImageObject\",\"inLanguage\":\"es\",\"@id\":\"https:\\\/\\\/secure.gravatar.com\\\/avatar\\\/c7164ed6fdec453195284ad24a5ae5b6e1eed2b848477fa2a4787ba9adf39a41?s=96&d=mm&r=g\",\"url\":\"https:\\\/\\\/secure.gravatar.com\\\/avatar\\\/c7164ed6fdec453195284ad24a5ae5b6e1eed2b848477fa2a4787ba9adf39a41?s=96&d=mm&r=g\",\"contentUrl\":\"https:\\\/\\\/secure.gravatar.com\\\/avatar\\\/c7164ed6fdec453195284ad24a5ae5b6e1eed2b848477fa2a4787ba9adf39a41?s=96&d=mm&r=g\",\"caption\":\"Redacci\u00f3n QP\"},\"url\":\"https:\\\/\\\/quehacerpolitico.mx\\\/?author=2\"}]}<\/script>\n<!-- \/ Yoast SEO plugin. -->","yoast_head_json":{"title":"[VIDEO] Estudiante golpea a su compa\u00f1era en sal\u00f3n de clases -","robots":{"index":"index","follow":"follow","max-snippet":"max-snippet:-1","max-image-preview":"max-image-preview:large","max-video-preview":"max-video-preview:-1"},"canonical":"https:\/\/quehacerpolitico.mx\/?p=4893","og_locale":"es_MX","og_type":"article","og_title":"[VIDEO] Estudiante golpea a su compa\u00f1era en sal\u00f3n de clases -","og_description":"[VIDEO] Estudiante golpea a su compa\u00f1era en sal\u00f3n de clases Por Redacci\u00f3n QP","og_url":"https:\/\/quehacerpolitico.mx\/?p=4893","article_published_time":"2018-09-18T15:40:34+00:00","author":"Redacci\u00f3n QP","twitter_card":"summary_large_image","twitter_misc":{"Escrito por":"Redacci\u00f3n QP","Tiempo de lectura":"1 minuto"},"schema":{"@context":"https:\/\/schema.org","@graph":[{"@type":"Article","@id":"https:\/\/quehacerpolitico.mx\/?p=4893#article","isPartOf":{"@id":"https:\/\/quehacerpolitico.mx\/?p=4893"},"author":{"name":"Redacci\u00f3n QP","@id":"https:\/\/quehacerpolitico.mx\/#\/schema\/person\/496d8ad2d1d3f8036101dca7ee39e585"},"headline":"[VIDEO] Estudiante golpea a su compa\u00f1era en sal\u00f3n de clases","datePublished":"2018-09-18T15:40:34+00:00","mainEntityOfPage":{"@id":"https:\/\/quehacerpolitico.mx\/?p=4893"},"wordCount":137,"commentCount":0,"image":{"@id":"https:\/\/quehacerpolitico.mx\/?p=4893#primaryimage"},"thumbnailUrl":"","articleSection":["Noticias"],"inLanguage":"es","potentialAction":[{"@type":"CommentAction","name":"Comment","target":["https:\/\/quehacerpolitico.mx\/?p=4893#respond"]}]},{"@type":"WebPage","@id":"https:\/\/quehacerpolitico.mx\/?p=4893","url":"https:\/\/quehacerpolitico.mx\/?p=4893","name":"[VIDEO] Estudiante golpea a su compa\u00f1era en sal\u00f3n de clases -","isPartOf":{"@id":"https:\/\/quehacerpolitico.mx\/#website"},"primaryImageOfPage":{"@id":"https:\/\/quehacerpolitico.mx\/?p=4893#primaryimage"},"image":{"@id":"https:\/\/quehacerpolitico.mx\/?p=4893#primaryimage"},"thumbnailUrl":"","datePublished":"2018-09-18T15:40:34+00:00","author":{"@id":"https:\/\/quehacerpolitico.mx\/#\/schema\/person\/496d8ad2d1d3f8036101dca7ee39e585"},"breadcrumb":{"@id":"https:\/\/quehacerpolitico.mx\/?p=4893#breadcrumb"},"inLanguage":"es","potentialAction":[{"@type":"ReadAction","target":["https:\/\/quehacerpolitico.mx\/?p=4893"]}]},{"@type":"ImageObject","inLanguage":"es","@id":"https:\/\/quehacerpolitico.mx\/?p=4893#primaryimage","url":"","contentUrl":""},{"@type":"BreadcrumbList","@id":"https:\/\/quehacerpolitico.mx\/?p=4893#breadcrumb","itemListElement":[{"@type":"ListItem","position":1,"name":"Inicio","item":"https:\/\/quehacerpolitico.mx\/"},{"@type":"ListItem","position":2,"name":"[VIDEO] Estudiante golpea a su compa\u00f1era en sal\u00f3n de clases"}]},{"@type":"WebSite","@id":"https:\/\/quehacerpolitico.mx\/#website","url":"https:\/\/quehacerpolitico.mx\/","name":"","description":"","potentialAction":[{"@type":"SearchAction","target":{"@type":"EntryPoint","urlTemplate":"https:\/\/quehacerpolitico.mx\/?s={search_term_string}"},"query-input":{"@type":"PropertyValueSpecification","valueRequired":true,"valueName":"search_term_string"}}],"inLanguage":"es"},{"@type":"Person","@id":"https:\/\/quehacerpolitico.mx\/#\/schema\/person\/496d8ad2d1d3f8036101dca7ee39e585","name":"Redacci\u00f3n QP","image":{"@type":"ImageObject","inLanguage":"es","@id":"https:\/\/secure.gravatar.com\/avatar\/c7164ed6fdec453195284ad24a5ae5b6e1eed2b848477fa2a4787ba9adf39a41?s=96&d=mm&r=g","url":"https:\/\/secure.gravatar.com\/avatar\/c7164ed6fdec453195284ad24a5ae5b6e1eed2b848477fa2a4787ba9adf39a41?s=96&d=mm&r=g","contentUrl":"https:\/\/secure.gravatar.com\/avatar\/c7164ed6fdec453195284ad24a5ae5b6e1eed2b848477fa2a4787ba9adf39a41?s=96&d=mm&r=g","caption":"Redacci\u00f3n QP"},"url":"https:\/\/quehacerpolitico.mx\/?author=2"}]}},"featured_image_urls":{"full":"","thumbnail":"","medium":"","medium_large":"","large":"","1536x1536":"","2048x2048":"","covernews-featured":"","covernews-medium":""},"author_info":{"display_name":"Redacci\u00f3n QP","author_link":"https:\/\/quehacerpolitico.mx\/?author=2"},"category_info":"<a href=\"https:\/\/quehacerpolitico.mx\/?cat=2\" rel=\"category\">Noticias<\/a>","tag_info":"Noticias","comment_count":"0","_links":{"self":[{"href":"https:\/\/quehacerpolitico.mx\/index.php?rest_route=\/wp\/v2\/posts\/4893","targetHints":{"allow":["GET"]}}],"collection":[{"href":"https:\/\/quehacerpolitico.mx\/index.php?rest_route=\/wp\/v2\/posts"}],"about":[{"href":"https:\/\/quehacerpolitico.mx\/index.php?rest_route=\/wp\/v2\/types\/post"}],"author":[{"embeddable":true,"href":"https:\/\/quehacerpolitico.mx\/index.php?rest_route=\/wp\/v2\/users\/2"}],"replies":[{"embeddable":true,"href":"https:\/\/quehacerpolitico.mx\/index.php?rest_route=%2Fwp%2Fv2%2Fcomments&post=4893"}],"version-history":[{"count":0,"href":"https:\/\/quehacerpolitico.mx\/index.php?rest_route=\/wp\/v2\/posts\/4893\/revisions"}],"wp:featuredmedia":[{"embeddable":true,"href":"https:\/\/quehacerpolitico.mx\/index.php?rest_route=\/"}],"wp:attachment":[{"href":"https:\/\/quehacerpolitico.mx\/index.php?rest_route=%2Fwp%2Fv2%2Fmedia&parent=4893"}],"wp:term":[{"taxonomy":"category","embeddable":true,"href":"https:\/\/quehacerpolitico.mx\/index.php?rest_route=%2Fwp%2Fv2%2Fcategories&post=4893"},{"taxonomy":"post_tag","embeddable":true,"href":"https:\/\/quehacerpolitico.mx\/index.php?rest_route=%2Fwp%2Fv2%2Ftags&post=4893"}],"curies":[{"name":"wp","href":"https:\/\/api.w.org\/{rel}","templated":true}]}}