{"id":4838,"date":"2018-09-18T00:27:34","date_gmt":"2018-09-18T00:27:34","guid":{"rendered":"http:\/\/quehacerpolitico.mx\/diputados-de-morena-toman-protesta-en-el-hemiciclo-a-juarez\/"},"modified":"2018-09-18T00:27:34","modified_gmt":"2018-09-18T00:27:34","slug":"diputados-de-morena-toman-protesta-en-el-hemiciclo-a-juarez","status":"publish","type":"post","link":"https:\/\/quehacerpolitico.mx\/?p=4838","title":{"rendered":"Diputados de Morena toman protesta en el Hemiciclo a Ju\u00e1rez"},"content":{"rendered":"<p class=\"amp-wp-inline-f62a86b1328cd4134bec55ddf6de989a\"><strong>Legisladores de Morena<\/strong> en la CDMX rindieron una segunda <strong>protesta<\/strong> en el<strong> Hemiciclo a Ju\u00e1rez<\/strong> para consolidar su responsabilidad con la ciudadan\u00eda y \u201ccolocar en la agenda p\u00fablica las inquietudes y necesidades ambiciosas que construyan una ciudad incluyente\u201d<\/p>\n<p class=\"amp-wp-inline-f62a86b1328cd4134bec55ddf6de989a\">Luego de rendir la protesta constitucional en el <strong>primer Congreso de la Ciudad de M\u00e9xico<\/strong>, los funcionarios acudieron al monumento, ubicado en avenida Ju\u00e1rez, donde una vez reunidos hicieron un pase de lista para presentarlos oficialmente a los capitalinos.<\/p>\n<blockquote>\n<p class=\"amp-wp-inline-f62a86b1328cd4134bec55ddf6de989a\">\u201cHoy es un d\u00eda hist\u00f3rico, no s\u00f3lo para la ciudad sino para la izquierda. Despu\u00e9s de muchos a\u00f1os, podemos decir que nuestro movimiento ha triunfado. Ya no recorremos las calles en se\u00f1al de protesta\u201d, destac\u00f3 <strong>Eduardo Santill\u00e1n<\/strong>, diputado del distrito XX.<\/p>\n<\/blockquote>\n<p class=\"amp-wp-inline-f62a86b1328cd4134bec55ddf6de989a\">El morenista detall\u00f3 que era necesaria no s\u00f3lo la protesta constitucional\u00a0sino que \u201cdeb\u00eda ser frente a nuestros compa\u00f1eros, por eso es que estamos aqu\u00ed. Tenemos la responsabilidad hist\u00f3rica de demostrar que la izquierda es capaz de gobernar bien y para todos.\u201d<\/p>\n<p class=\"amp-wp-inline-f62a86b1328cd4134bec55ddf6de989a\">Asimismo, se reiter\u00f3 que ser\u00e1n un parlamento que promueva la <strong>democracia<\/strong>, tolerante e incluyente.<\/p>\n<blockquote>\n<p class=\"amp-wp-inline-f62a86b1328cd4134bec55ddf6de989a\">\u201cSepan que en este parlamento haremos historia desde el Congreso. Somos un grupo unido por la convicci\u00f3n, \u00e9tica personal y pol\u00edtica. Vamos por una ciudad llena de libertades al servicio de la gente. Vamos a gobernar de la mejor manera, ser\u00eda una contradicci\u00f3n hacer lo que hemos atacado. Por eso debemos estar muy contentos. Vamos por un Gobierno al servicio de la gente. Porque como dice el Palacio de Ayuntamiento: Gobernar es servir\u201d<\/p>\n<\/blockquote>\n<p class=\"amp-wp-inline-f62a86b1328cd4134bec55ddf6de989a\"><strong>Alejandro Encinas<\/strong> fue el encargado de dirigir la protesta de los congresistas en el que se jur\u00f3 cumplir el proyecto de<strong> Gobierno de Morena,<\/strong> garantizar los derechos de la poblaci\u00f3n y trabajar junto a la gente.<\/p>\n<div id=\"attachment_244965\" class=\"wp-caption aligncenter amp-wp-inline-d2309f029948d0710c6aaadb046e3b8c\"><img decoding=\"async\" class=\"i-amphtml-fill-content i-amphtml-replaced-content\" src=\"https:\/\/elbigdata.mx\/wp-content\/uploads\/2018\/09\/diputados_morena_hemiciclo-1024x682.jpg\" sizes=\"(min-width: 1000px) 1000px, 100vw\" srcset=\"https:\/\/elbigdata.mx\/wp-content\/uploads\/2018\/09\/diputados_morena_hemiciclo-1024x682.jpg 1024w, https:\/\/elbigdata.mx\/wp-content\/uploads\/2018\/09\/diputados_morena_hemiciclo-300x200.jpg 300w, https:\/\/elbigdata.mx\/wp-content\/uploads\/2018\/09\/diputados_morena_hemiciclo-768x512.jpg 768w, https:\/\/elbigdata.mx\/wp-content\/uploads\/2018\/09\/diputados_morena_hemiciclo.jpg 1280w\" alt=\"\" \/><\/p>\n<p class=\"wp-caption-text\">Foto: El Big Data\/ Jos\u00e9 Luis Villa<\/p>\n<\/div>\n<p class=\"amp-wp-inline-f62a86b1328cd4134bec55ddf6de989a\">Al terminar el evento, el diputado reiter\u00f3 que la Ciudad de M\u00e9xico seguir\u00e1 siendo la sede de los poderes federales y que tiene que tener una relaci\u00f3n arm\u00f3nica y de colaboraci\u00f3n y reiter\u00f3 que\u00a0hubo 14 modificaciones a cinco art\u00edculos, de los 71 que conforman la Carta Magna Local.<\/p>\n<blockquote>\n<p class=\"amp-wp-inline-f62a86b1328cd4134bec55ddf6de989a\">\u201cLo establece ya el articulo 152 Constitucional, la capital sigue siendo la sede de los poderes federales. As\u00ed ser\u00e1\u201d sentenci\u00f3.<\/p>\n<\/blockquote>\n<p class=\"amp-wp-inline-f62a86b1328cd4134bec55ddf6de989a\">El Congreso que inicia estar\u00e1 integrado, por 66 diputados, 33 legisladores y 33 legisladoras, respetando el principio de paridad de g\u00e9nero y posicionando a Morena como el partido con mayor\u00eda al tener 38 de los integrantes.<\/p>\n","protected":false},"excerpt":{"rendered":"<p>Diputados de Morena toman protesta en el Hemiciclo a Ju\u00e1rez<br \/>\nPor Redacci\u00f3n QP<\/p>\n","protected":false},"author":2,"featured_media":4837,"comment_status":"open","ping_status":"open","sticky":false,"template":"","format":"standard","meta":{"_monsterinsights_skip_tracking":false,"_monsterinsights_sitenote_active":false,"_monsterinsights_sitenote_note":"","_monsterinsights_sitenote_category":0,"footnotes":""},"categories":[55],"tags":[],"class_list":["post-4838","post","type-post","status-publish","format-standard","has-post-thumbnail","hentry","category-cdmx"],"yoast_head":"<!-- This site is optimized with the Yoast SEO plugin v27.3 - https:\/\/yoast.com\/product\/yoast-seo-wordpress\/ -->\n<title>Diputados de Morena toman protesta en el Hemiciclo a Ju\u00e1rez -<\/title>\n<meta name=\"robots\" content=\"index, follow, max-snippet:-1, max-image-preview:large, max-video-preview:-1\" \/>\n<link rel=\"canonical\" href=\"https:\/\/quehacerpolitico.mx\/?p=4838\" \/>\n<meta property=\"og:locale\" content=\"es_MX\" \/>\n<meta property=\"og:type\" content=\"article\" \/>\n<meta property=\"og:title\" content=\"Diputados de Morena toman protesta en el Hemiciclo a Ju\u00e1rez -\" \/>\n<meta property=\"og:description\" content=\"Diputados de Morena toman protesta en el Hemiciclo a Ju\u00e1rez Por Redacci\u00f3n QP\" \/>\n<meta property=\"og:url\" content=\"https:\/\/quehacerpolitico.mx\/?p=4838\" \/>\n<meta property=\"article:published_time\" content=\"2018-09-18T00:27:34+00:00\" \/>\n<meta name=\"author\" content=\"Redacci\u00f3n QP\" \/>\n<meta name=\"twitter:card\" content=\"summary_large_image\" \/>\n<meta name=\"twitter:label1\" content=\"Escrito por\" \/>\n\t<meta name=\"twitter:data1\" content=\"Redacci\u00f3n QP\" \/>\n\t<meta name=\"twitter:label2\" content=\"Tiempo de lectura\" \/>\n\t<meta name=\"twitter:data2\" content=\"2 minutos\" \/>\n<script type=\"application\/ld+json\" class=\"yoast-schema-graph\">{\"@context\":\"https:\\\/\\\/schema.org\",\"@graph\":[{\"@type\":\"Article\",\"@id\":\"https:\\\/\\\/quehacerpolitico.mx\\\/?p=4838#article\",\"isPartOf\":{\"@id\":\"https:\\\/\\\/quehacerpolitico.mx\\\/?p=4838\"},\"author\":{\"name\":\"Redacci\u00f3n QP\",\"@id\":\"https:\\\/\\\/quehacerpolitico.mx\\\/#\\\/schema\\\/person\\\/496d8ad2d1d3f8036101dca7ee39e585\"},\"headline\":\"Diputados de Morena toman protesta en el Hemiciclo a Ju\u00e1rez\",\"datePublished\":\"2018-09-18T00:27:34+00:00\",\"mainEntityOfPage\":{\"@id\":\"https:\\\/\\\/quehacerpolitico.mx\\\/?p=4838\"},\"wordCount\":428,\"commentCount\":0,\"image\":{\"@id\":\"https:\\\/\\\/quehacerpolitico.mx\\\/?p=4838#primaryimage\"},\"thumbnailUrl\":\"\",\"articleSection\":[\"CDMX\"],\"inLanguage\":\"es\",\"potentialAction\":[{\"@type\":\"CommentAction\",\"name\":\"Comment\",\"target\":[\"https:\\\/\\\/quehacerpolitico.mx\\\/?p=4838#respond\"]}]},{\"@type\":\"WebPage\",\"@id\":\"https:\\\/\\\/quehacerpolitico.mx\\\/?p=4838\",\"url\":\"https:\\\/\\\/quehacerpolitico.mx\\\/?p=4838\",\"name\":\"Diputados de Morena toman protesta en el Hemiciclo a Ju\u00e1rez -\",\"isPartOf\":{\"@id\":\"https:\\\/\\\/quehacerpolitico.mx\\\/#website\"},\"primaryImageOfPage\":{\"@id\":\"https:\\\/\\\/quehacerpolitico.mx\\\/?p=4838#primaryimage\"},\"image\":{\"@id\":\"https:\\\/\\\/quehacerpolitico.mx\\\/?p=4838#primaryimage\"},\"thumbnailUrl\":\"\",\"datePublished\":\"2018-09-18T00:27:34+00:00\",\"author\":{\"@id\":\"https:\\\/\\\/quehacerpolitico.mx\\\/#\\\/schema\\\/person\\\/496d8ad2d1d3f8036101dca7ee39e585\"},\"breadcrumb\":{\"@id\":\"https:\\\/\\\/quehacerpolitico.mx\\\/?p=4838#breadcrumb\"},\"inLanguage\":\"es\",\"potentialAction\":[{\"@type\":\"ReadAction\",\"target\":[\"https:\\\/\\\/quehacerpolitico.mx\\\/?p=4838\"]}]},{\"@type\":\"ImageObject\",\"inLanguage\":\"es\",\"@id\":\"https:\\\/\\\/quehacerpolitico.mx\\\/?p=4838#primaryimage\",\"url\":\"\",\"contentUrl\":\"\"},{\"@type\":\"BreadcrumbList\",\"@id\":\"https:\\\/\\\/quehacerpolitico.mx\\\/?p=4838#breadcrumb\",\"itemListElement\":[{\"@type\":\"ListItem\",\"position\":1,\"name\":\"Inicio\",\"item\":\"https:\\\/\\\/quehacerpolitico.mx\\\/\"},{\"@type\":\"ListItem\",\"position\":2,\"name\":\"Diputados de Morena toman protesta en el Hemiciclo a Ju\u00e1rez\"}]},{\"@type\":\"WebSite\",\"@id\":\"https:\\\/\\\/quehacerpolitico.mx\\\/#website\",\"url\":\"https:\\\/\\\/quehacerpolitico.mx\\\/\",\"name\":\"\",\"description\":\"\",\"potentialAction\":[{\"@type\":\"SearchAction\",\"target\":{\"@type\":\"EntryPoint\",\"urlTemplate\":\"https:\\\/\\\/quehacerpolitico.mx\\\/?s={search_term_string}\"},\"query-input\":{\"@type\":\"PropertyValueSpecification\",\"valueRequired\":true,\"valueName\":\"search_term_string\"}}],\"inLanguage\":\"es\"},{\"@type\":\"Person\",\"@id\":\"https:\\\/\\\/quehacerpolitico.mx\\\/#\\\/schema\\\/person\\\/496d8ad2d1d3f8036101dca7ee39e585\",\"name\":\"Redacci\u00f3n QP\",\"image\":{\"@type\":\"ImageObject\",\"inLanguage\":\"es\",\"@id\":\"https:\\\/\\\/secure.gravatar.com\\\/avatar\\\/c7164ed6fdec453195284ad24a5ae5b6e1eed2b848477fa2a4787ba9adf39a41?s=96&d=mm&r=g\",\"url\":\"https:\\\/\\\/secure.gravatar.com\\\/avatar\\\/c7164ed6fdec453195284ad24a5ae5b6e1eed2b848477fa2a4787ba9adf39a41?s=96&d=mm&r=g\",\"contentUrl\":\"https:\\\/\\\/secure.gravatar.com\\\/avatar\\\/c7164ed6fdec453195284ad24a5ae5b6e1eed2b848477fa2a4787ba9adf39a41?s=96&d=mm&r=g\",\"caption\":\"Redacci\u00f3n QP\"},\"url\":\"https:\\\/\\\/quehacerpolitico.mx\\\/?author=2\"}]}<\/script>\n<!-- \/ Yoast SEO plugin. -->","yoast_head_json":{"title":"Diputados de Morena toman protesta en el Hemiciclo a Ju\u00e1rez -","robots":{"index":"index","follow":"follow","max-snippet":"max-snippet:-1","max-image-preview":"max-image-preview:large","max-video-preview":"max-video-preview:-1"},"canonical":"https:\/\/quehacerpolitico.mx\/?p=4838","og_locale":"es_MX","og_type":"article","og_title":"Diputados de Morena toman protesta en el Hemiciclo a Ju\u00e1rez -","og_description":"Diputados de Morena toman protesta en el Hemiciclo a Ju\u00e1rez Por Redacci\u00f3n QP","og_url":"https:\/\/quehacerpolitico.mx\/?p=4838","article_published_time":"2018-09-18T00:27:34+00:00","author":"Redacci\u00f3n QP","twitter_card":"summary_large_image","twitter_misc":{"Escrito por":"Redacci\u00f3n QP","Tiempo de lectura":"2 minutos"},"schema":{"@context":"https:\/\/schema.org","@graph":[{"@type":"Article","@id":"https:\/\/quehacerpolitico.mx\/?p=4838#article","isPartOf":{"@id":"https:\/\/quehacerpolitico.mx\/?p=4838"},"author":{"name":"Redacci\u00f3n QP","@id":"https:\/\/quehacerpolitico.mx\/#\/schema\/person\/496d8ad2d1d3f8036101dca7ee39e585"},"headline":"Diputados de Morena toman protesta en el Hemiciclo a Ju\u00e1rez","datePublished":"2018-09-18T00:27:34+00:00","mainEntityOfPage":{"@id":"https:\/\/quehacerpolitico.mx\/?p=4838"},"wordCount":428,"commentCount":0,"image":{"@id":"https:\/\/quehacerpolitico.mx\/?p=4838#primaryimage"},"thumbnailUrl":"","articleSection":["CDMX"],"inLanguage":"es","potentialAction":[{"@type":"CommentAction","name":"Comment","target":["https:\/\/quehacerpolitico.mx\/?p=4838#respond"]}]},{"@type":"WebPage","@id":"https:\/\/quehacerpolitico.mx\/?p=4838","url":"https:\/\/quehacerpolitico.mx\/?p=4838","name":"Diputados de Morena toman protesta en el Hemiciclo a Ju\u00e1rez -","isPartOf":{"@id":"https:\/\/quehacerpolitico.mx\/#website"},"primaryImageOfPage":{"@id":"https:\/\/quehacerpolitico.mx\/?p=4838#primaryimage"},"image":{"@id":"https:\/\/quehacerpolitico.mx\/?p=4838#primaryimage"},"thumbnailUrl":"","datePublished":"2018-09-18T00:27:34+00:00","author":{"@id":"https:\/\/quehacerpolitico.mx\/#\/schema\/person\/496d8ad2d1d3f8036101dca7ee39e585"},"breadcrumb":{"@id":"https:\/\/quehacerpolitico.mx\/?p=4838#breadcrumb"},"inLanguage":"es","potentialAction":[{"@type":"ReadAction","target":["https:\/\/quehacerpolitico.mx\/?p=4838"]}]},{"@type":"ImageObject","inLanguage":"es","@id":"https:\/\/quehacerpolitico.mx\/?p=4838#primaryimage","url":"","contentUrl":""},{"@type":"BreadcrumbList","@id":"https:\/\/quehacerpolitico.mx\/?p=4838#breadcrumb","itemListElement":[{"@type":"ListItem","position":1,"name":"Inicio","item":"https:\/\/quehacerpolitico.mx\/"},{"@type":"ListItem","position":2,"name":"Diputados de Morena toman protesta en el Hemiciclo a Ju\u00e1rez"}]},{"@type":"WebSite","@id":"https:\/\/quehacerpolitico.mx\/#website","url":"https:\/\/quehacerpolitico.mx\/","name":"","description":"","potentialAction":[{"@type":"SearchAction","target":{"@type":"EntryPoint","urlTemplate":"https:\/\/quehacerpolitico.mx\/?s={search_term_string}"},"query-input":{"@type":"PropertyValueSpecification","valueRequired":true,"valueName":"search_term_string"}}],"inLanguage":"es"},{"@type":"Person","@id":"https:\/\/quehacerpolitico.mx\/#\/schema\/person\/496d8ad2d1d3f8036101dca7ee39e585","name":"Redacci\u00f3n QP","image":{"@type":"ImageObject","inLanguage":"es","@id":"https:\/\/secure.gravatar.com\/avatar\/c7164ed6fdec453195284ad24a5ae5b6e1eed2b848477fa2a4787ba9adf39a41?s=96&d=mm&r=g","url":"https:\/\/secure.gravatar.com\/avatar\/c7164ed6fdec453195284ad24a5ae5b6e1eed2b848477fa2a4787ba9adf39a41?s=96&d=mm&r=g","contentUrl":"https:\/\/secure.gravatar.com\/avatar\/c7164ed6fdec453195284ad24a5ae5b6e1eed2b848477fa2a4787ba9adf39a41?s=96&d=mm&r=g","caption":"Redacci\u00f3n QP"},"url":"https:\/\/quehacerpolitico.mx\/?author=2"}]}},"featured_image_urls":{"full":"","thumbnail":"","medium":"","medium_large":"","large":"","1536x1536":"","2048x2048":"","covernews-featured":"","covernews-medium":""},"author_info":{"display_name":"Redacci\u00f3n QP","author_link":"https:\/\/quehacerpolitico.mx\/?author=2"},"category_info":"<a href=\"https:\/\/quehacerpolitico.mx\/?cat=55\" rel=\"category\">CDMX<\/a>","tag_info":"CDMX","comment_count":"0","_links":{"self":[{"href":"https:\/\/quehacerpolitico.mx\/index.php?rest_route=\/wp\/v2\/posts\/4838","targetHints":{"allow":["GET"]}}],"collection":[{"href":"https:\/\/quehacerpolitico.mx\/index.php?rest_route=\/wp\/v2\/posts"}],"about":[{"href":"https:\/\/quehacerpolitico.mx\/index.php?rest_route=\/wp\/v2\/types\/post"}],"author":[{"embeddable":true,"href":"https:\/\/quehacerpolitico.mx\/index.php?rest_route=\/wp\/v2\/users\/2"}],"replies":[{"embeddable":true,"href":"https:\/\/quehacerpolitico.mx\/index.php?rest_route=%2Fwp%2Fv2%2Fcomments&post=4838"}],"version-history":[{"count":0,"href":"https:\/\/quehacerpolitico.mx\/index.php?rest_route=\/wp\/v2\/posts\/4838\/revisions"}],"wp:featuredmedia":[{"embeddable":true,"href":"https:\/\/quehacerpolitico.mx\/index.php?rest_route=\/"}],"wp:attachment":[{"href":"https:\/\/quehacerpolitico.mx\/index.php?rest_route=%2Fwp%2Fv2%2Fmedia&parent=4838"}],"wp:term":[{"taxonomy":"category","embeddable":true,"href":"https:\/\/quehacerpolitico.mx\/index.php?rest_route=%2Fwp%2Fv2%2Fcategories&post=4838"},{"taxonomy":"post_tag","embeddable":true,"href":"https:\/\/quehacerpolitico.mx\/index.php?rest_route=%2Fwp%2Fv2%2Ftags&post=4838"}],"curies":[{"name":"wp","href":"https:\/\/api.w.org\/{rel}","templated":true}]}}