{"id":4752,"date":"2018-09-16T17:38:33","date_gmt":"2018-09-16T17:38:33","guid":{"rendered":"http:\/\/quehacerpolitico.mx\/proyecta-caf-impulsar-el-desarrollo-economico-y-social-en-mexico\/"},"modified":"2018-09-16T17:38:33","modified_gmt":"2018-09-16T17:38:33","slug":"proyecta-caf-impulsar-el-desarrollo-economico-y-social-en-mexico","status":"publish","type":"post","link":"https:\/\/quehacerpolitico.mx\/?p=4752","title":{"rendered":"Proyecta CAF impulsar el desarrollo econ\u00f3mico y social en M\u00e9xico"},"content":{"rendered":"<p>La instituci\u00f3n financiera CAF Banco de Desarrollo de Am\u00e9rica Latina, pretende emprender proyectos para beneficio de las zonas marginadas de M\u00e9xico.<\/p>\n<p>As\u00ed lo expres\u00f3 Emilio Urquillas, director representante de la instituci\u00f3n en M\u00e9xico durante la Smart City Expo Latam Congress que celebr\u00f3 su tercera edici\u00f3n en el estado de Puebla.<\/p>\n<p>De acuerdo con Urquillas, la CAF pretende contribuir en \u00e1reas claves del desarrollo, como son el mejoramiento urbano en zonas marginadas, con la construcci\u00f3n de nuevas l\u00edneas de metro en las ciudades de M\u00e9xico y Guadalajara, as\u00ed como la reconstrucci\u00f3n de la infraestructura afectada por los sismos.<\/p>\n<p>Para ello se valdr\u00e1n de recursos econ\u00f3micos aportados por dicha instituci\u00f3n adem\u00e1s de la implementaci\u00f3n de una nueva estrategia digital para todo el pa\u00eds.<\/p>\n<p>Adem\u00e1s implementar\u00e1n una estrategia conocida como Ciudades con Futuro, pues adem\u00e1s de impulsar la econom\u00eda de un pa\u00eds y su desarrollo tecnol\u00f3gico se comparten experiencias de otros pa\u00edses que han enfrentado retos para subsistir.<\/p>\n<p>\u201cAcompa\u00f1amos a municipios y ciudades a desarrollar un trabajo ordenado y planificado as\u00ed como las mejores experiencias pol\u00edticas y pr\u00e1cticas efectuadas por otras ciudades, hemos puesto en contacto a ciudades que enfrentaron un problema y lo resolvieron bien o las que no lo lograron, del fracaso se aprende\u201d, dijo.<\/p>\n<p>Urquillas que han ayudado a resolver problemas de seguridad en el transporte p\u00fablico en ciudades de Ecuador, lo mismo en la ciudad de Fortaleza en Medell\u00edn, donde se ha trabajado por la mejora del transporte p\u00fablico, as\u00ed como la educaci\u00f3n, salud y la mejora de barrios en situaci\u00f3n de pobreza en 30 ciudades donde la CAF ha tenido \u00e9xito.<\/p>\n<p>Durante el 2017 la CAF aprob\u00f3 operaciones a favor de M\u00e9xico por m\u00e1s de un mil millones de d\u00f3lares, de los cuales 800 millones fueron destinados a operaciones de riesgo.<\/p>\n<p>El restante fue invertido en cooperaci\u00f3n t\u00e9cnica, dichos recursos son un pr\u00e9stamos, el primero otorgado al Gobierno Federal fue por 300 millones de d\u00f3lares.<\/p>\n<p>Dichos recursos se obtuvieron con el objetivo de contribuir con la implementaci\u00f3n de pol\u00edticas p\u00fablicas de mitigaci\u00f3n y adaptaci\u00f3n al cambio clim\u00e1tico para el cumplimiento de los compromisos internacionales en la materia asumidos por el pa\u00eds.<\/p>\n","protected":false},"excerpt":{"rendered":"<p>Proyecta CAF impulsar el desarrollo econ\u00f3mico y social en M\u00e9xico<br \/>\nPor Redacci\u00f3n QP<\/p>\n","protected":false},"author":2,"featured_media":4751,"comment_status":"open","ping_status":"open","sticky":false,"template":"","format":"standard","meta":{"_monsterinsights_skip_tracking":false,"_monsterinsights_sitenote_active":false,"_monsterinsights_sitenote_note":"","_monsterinsights_sitenote_category":0,"footnotes":""},"categories":[56],"tags":[],"class_list":["post-4752","post","type-post","status-publish","format-standard","has-post-thumbnail","hentry","category-economia"],"yoast_head":"<!-- This site is optimized with the Yoast SEO plugin v27.3 - https:\/\/yoast.com\/product\/yoast-seo-wordpress\/ -->\n<title>Proyecta CAF impulsar el desarrollo econ\u00f3mico y social en M\u00e9xico -<\/title>\n<meta name=\"robots\" content=\"index, follow, max-snippet:-1, max-image-preview:large, max-video-preview:-1\" \/>\n<link rel=\"canonical\" href=\"https:\/\/quehacerpolitico.mx\/?p=4752\" \/>\n<meta property=\"og:locale\" content=\"es_MX\" \/>\n<meta property=\"og:type\" content=\"article\" \/>\n<meta property=\"og:title\" content=\"Proyecta CAF impulsar el desarrollo econ\u00f3mico y social en M\u00e9xico -\" \/>\n<meta property=\"og:description\" content=\"Proyecta CAF impulsar el desarrollo econ\u00f3mico y social en M\u00e9xico Por Redacci\u00f3n QP\" \/>\n<meta property=\"og:url\" content=\"https:\/\/quehacerpolitico.mx\/?p=4752\" \/>\n<meta property=\"article:published_time\" content=\"2018-09-16T17:38:33+00:00\" \/>\n<meta name=\"author\" content=\"Redacci\u00f3n QP\" \/>\n<meta name=\"twitter:card\" content=\"summary_large_image\" \/>\n<meta name=\"twitter:label1\" content=\"Escrito por\" \/>\n\t<meta name=\"twitter:data1\" content=\"Redacci\u00f3n QP\" \/>\n\t<meta name=\"twitter:label2\" content=\"Tiempo de lectura\" \/>\n\t<meta name=\"twitter:data2\" content=\"2 minutos\" \/>\n<script type=\"application\/ld+json\" class=\"yoast-schema-graph\">{\"@context\":\"https:\\\/\\\/schema.org\",\"@graph\":[{\"@type\":\"Article\",\"@id\":\"https:\\\/\\\/quehacerpolitico.mx\\\/?p=4752#article\",\"isPartOf\":{\"@id\":\"https:\\\/\\\/quehacerpolitico.mx\\\/?p=4752\"},\"author\":{\"name\":\"Redacci\u00f3n QP\",\"@id\":\"https:\\\/\\\/quehacerpolitico.mx\\\/#\\\/schema\\\/person\\\/496d8ad2d1d3f8036101dca7ee39e585\"},\"headline\":\"Proyecta CAF impulsar el desarrollo econ\u00f3mico y social en M\u00e9xico\",\"datePublished\":\"2018-09-16T17:38:33+00:00\",\"mainEntityOfPage\":{\"@id\":\"https:\\\/\\\/quehacerpolitico.mx\\\/?p=4752\"},\"wordCount\":406,\"commentCount\":0,\"image\":{\"@id\":\"https:\\\/\\\/quehacerpolitico.mx\\\/?p=4752#primaryimage\"},\"thumbnailUrl\":\"\",\"articleSection\":[\"Econom\u00eda\"],\"inLanguage\":\"es\",\"potentialAction\":[{\"@type\":\"CommentAction\",\"name\":\"Comment\",\"target\":[\"https:\\\/\\\/quehacerpolitico.mx\\\/?p=4752#respond\"]}]},{\"@type\":\"WebPage\",\"@id\":\"https:\\\/\\\/quehacerpolitico.mx\\\/?p=4752\",\"url\":\"https:\\\/\\\/quehacerpolitico.mx\\\/?p=4752\",\"name\":\"Proyecta CAF impulsar el desarrollo econ\u00f3mico y social en M\u00e9xico -\",\"isPartOf\":{\"@id\":\"https:\\\/\\\/quehacerpolitico.mx\\\/#website\"},\"primaryImageOfPage\":{\"@id\":\"https:\\\/\\\/quehacerpolitico.mx\\\/?p=4752#primaryimage\"},\"image\":{\"@id\":\"https:\\\/\\\/quehacerpolitico.mx\\\/?p=4752#primaryimage\"},\"thumbnailUrl\":\"\",\"datePublished\":\"2018-09-16T17:38:33+00:00\",\"author\":{\"@id\":\"https:\\\/\\\/quehacerpolitico.mx\\\/#\\\/schema\\\/person\\\/496d8ad2d1d3f8036101dca7ee39e585\"},\"breadcrumb\":{\"@id\":\"https:\\\/\\\/quehacerpolitico.mx\\\/?p=4752#breadcrumb\"},\"inLanguage\":\"es\",\"potentialAction\":[{\"@type\":\"ReadAction\",\"target\":[\"https:\\\/\\\/quehacerpolitico.mx\\\/?p=4752\"]}]},{\"@type\":\"ImageObject\",\"inLanguage\":\"es\",\"@id\":\"https:\\\/\\\/quehacerpolitico.mx\\\/?p=4752#primaryimage\",\"url\":\"\",\"contentUrl\":\"\"},{\"@type\":\"BreadcrumbList\",\"@id\":\"https:\\\/\\\/quehacerpolitico.mx\\\/?p=4752#breadcrumb\",\"itemListElement\":[{\"@type\":\"ListItem\",\"position\":1,\"name\":\"Inicio\",\"item\":\"https:\\\/\\\/quehacerpolitico.mx\\\/\"},{\"@type\":\"ListItem\",\"position\":2,\"name\":\"Proyecta CAF impulsar el desarrollo econ\u00f3mico y social en M\u00e9xico\"}]},{\"@type\":\"WebSite\",\"@id\":\"https:\\\/\\\/quehacerpolitico.mx\\\/#website\",\"url\":\"https:\\\/\\\/quehacerpolitico.mx\\\/\",\"name\":\"\",\"description\":\"\",\"potentialAction\":[{\"@type\":\"SearchAction\",\"target\":{\"@type\":\"EntryPoint\",\"urlTemplate\":\"https:\\\/\\\/quehacerpolitico.mx\\\/?s={search_term_string}\"},\"query-input\":{\"@type\":\"PropertyValueSpecification\",\"valueRequired\":true,\"valueName\":\"search_term_string\"}}],\"inLanguage\":\"es\"},{\"@type\":\"Person\",\"@id\":\"https:\\\/\\\/quehacerpolitico.mx\\\/#\\\/schema\\\/person\\\/496d8ad2d1d3f8036101dca7ee39e585\",\"name\":\"Redacci\u00f3n QP\",\"image\":{\"@type\":\"ImageObject\",\"inLanguage\":\"es\",\"@id\":\"https:\\\/\\\/secure.gravatar.com\\\/avatar\\\/c7164ed6fdec453195284ad24a5ae5b6e1eed2b848477fa2a4787ba9adf39a41?s=96&d=mm&r=g\",\"url\":\"https:\\\/\\\/secure.gravatar.com\\\/avatar\\\/c7164ed6fdec453195284ad24a5ae5b6e1eed2b848477fa2a4787ba9adf39a41?s=96&d=mm&r=g\",\"contentUrl\":\"https:\\\/\\\/secure.gravatar.com\\\/avatar\\\/c7164ed6fdec453195284ad24a5ae5b6e1eed2b848477fa2a4787ba9adf39a41?s=96&d=mm&r=g\",\"caption\":\"Redacci\u00f3n QP\"},\"url\":\"https:\\\/\\\/quehacerpolitico.mx\\\/?author=2\"}]}<\/script>\n<!-- \/ Yoast SEO plugin. -->","yoast_head_json":{"title":"Proyecta CAF impulsar el desarrollo econ\u00f3mico y social en M\u00e9xico -","robots":{"index":"index","follow":"follow","max-snippet":"max-snippet:-1","max-image-preview":"max-image-preview:large","max-video-preview":"max-video-preview:-1"},"canonical":"https:\/\/quehacerpolitico.mx\/?p=4752","og_locale":"es_MX","og_type":"article","og_title":"Proyecta CAF impulsar el desarrollo econ\u00f3mico y social en M\u00e9xico -","og_description":"Proyecta CAF impulsar el desarrollo econ\u00f3mico y social en M\u00e9xico Por Redacci\u00f3n QP","og_url":"https:\/\/quehacerpolitico.mx\/?p=4752","article_published_time":"2018-09-16T17:38:33+00:00","author":"Redacci\u00f3n QP","twitter_card":"summary_large_image","twitter_misc":{"Escrito por":"Redacci\u00f3n QP","Tiempo de lectura":"2 minutos"},"schema":{"@context":"https:\/\/schema.org","@graph":[{"@type":"Article","@id":"https:\/\/quehacerpolitico.mx\/?p=4752#article","isPartOf":{"@id":"https:\/\/quehacerpolitico.mx\/?p=4752"},"author":{"name":"Redacci\u00f3n QP","@id":"https:\/\/quehacerpolitico.mx\/#\/schema\/person\/496d8ad2d1d3f8036101dca7ee39e585"},"headline":"Proyecta CAF impulsar el desarrollo econ\u00f3mico y social en M\u00e9xico","datePublished":"2018-09-16T17:38:33+00:00","mainEntityOfPage":{"@id":"https:\/\/quehacerpolitico.mx\/?p=4752"},"wordCount":406,"commentCount":0,"image":{"@id":"https:\/\/quehacerpolitico.mx\/?p=4752#primaryimage"},"thumbnailUrl":"","articleSection":["Econom\u00eda"],"inLanguage":"es","potentialAction":[{"@type":"CommentAction","name":"Comment","target":["https:\/\/quehacerpolitico.mx\/?p=4752#respond"]}]},{"@type":"WebPage","@id":"https:\/\/quehacerpolitico.mx\/?p=4752","url":"https:\/\/quehacerpolitico.mx\/?p=4752","name":"Proyecta CAF impulsar el desarrollo econ\u00f3mico y social en M\u00e9xico -","isPartOf":{"@id":"https:\/\/quehacerpolitico.mx\/#website"},"primaryImageOfPage":{"@id":"https:\/\/quehacerpolitico.mx\/?p=4752#primaryimage"},"image":{"@id":"https:\/\/quehacerpolitico.mx\/?p=4752#primaryimage"},"thumbnailUrl":"","datePublished":"2018-09-16T17:38:33+00:00","author":{"@id":"https:\/\/quehacerpolitico.mx\/#\/schema\/person\/496d8ad2d1d3f8036101dca7ee39e585"},"breadcrumb":{"@id":"https:\/\/quehacerpolitico.mx\/?p=4752#breadcrumb"},"inLanguage":"es","potentialAction":[{"@type":"ReadAction","target":["https:\/\/quehacerpolitico.mx\/?p=4752"]}]},{"@type":"ImageObject","inLanguage":"es","@id":"https:\/\/quehacerpolitico.mx\/?p=4752#primaryimage","url":"","contentUrl":""},{"@type":"BreadcrumbList","@id":"https:\/\/quehacerpolitico.mx\/?p=4752#breadcrumb","itemListElement":[{"@type":"ListItem","position":1,"name":"Inicio","item":"https:\/\/quehacerpolitico.mx\/"},{"@type":"ListItem","position":2,"name":"Proyecta CAF impulsar el desarrollo econ\u00f3mico y social en M\u00e9xico"}]},{"@type":"WebSite","@id":"https:\/\/quehacerpolitico.mx\/#website","url":"https:\/\/quehacerpolitico.mx\/","name":"","description":"","potentialAction":[{"@type":"SearchAction","target":{"@type":"EntryPoint","urlTemplate":"https:\/\/quehacerpolitico.mx\/?s={search_term_string}"},"query-input":{"@type":"PropertyValueSpecification","valueRequired":true,"valueName":"search_term_string"}}],"inLanguage":"es"},{"@type":"Person","@id":"https:\/\/quehacerpolitico.mx\/#\/schema\/person\/496d8ad2d1d3f8036101dca7ee39e585","name":"Redacci\u00f3n QP","image":{"@type":"ImageObject","inLanguage":"es","@id":"https:\/\/secure.gravatar.com\/avatar\/c7164ed6fdec453195284ad24a5ae5b6e1eed2b848477fa2a4787ba9adf39a41?s=96&d=mm&r=g","url":"https:\/\/secure.gravatar.com\/avatar\/c7164ed6fdec453195284ad24a5ae5b6e1eed2b848477fa2a4787ba9adf39a41?s=96&d=mm&r=g","contentUrl":"https:\/\/secure.gravatar.com\/avatar\/c7164ed6fdec453195284ad24a5ae5b6e1eed2b848477fa2a4787ba9adf39a41?s=96&d=mm&r=g","caption":"Redacci\u00f3n QP"},"url":"https:\/\/quehacerpolitico.mx\/?author=2"}]}},"featured_image_urls":{"full":"","thumbnail":"","medium":"","medium_large":"","large":"","1536x1536":"","2048x2048":"","covernews-featured":"","covernews-medium":""},"author_info":{"display_name":"Redacci\u00f3n QP","author_link":"https:\/\/quehacerpolitico.mx\/?author=2"},"category_info":"<a href=\"https:\/\/quehacerpolitico.mx\/?cat=56\" rel=\"category\">Econom\u00eda<\/a>","tag_info":"Econom\u00eda","comment_count":"0","_links":{"self":[{"href":"https:\/\/quehacerpolitico.mx\/index.php?rest_route=\/wp\/v2\/posts\/4752","targetHints":{"allow":["GET"]}}],"collection":[{"href":"https:\/\/quehacerpolitico.mx\/index.php?rest_route=\/wp\/v2\/posts"}],"about":[{"href":"https:\/\/quehacerpolitico.mx\/index.php?rest_route=\/wp\/v2\/types\/post"}],"author":[{"embeddable":true,"href":"https:\/\/quehacerpolitico.mx\/index.php?rest_route=\/wp\/v2\/users\/2"}],"replies":[{"embeddable":true,"href":"https:\/\/quehacerpolitico.mx\/index.php?rest_route=%2Fwp%2Fv2%2Fcomments&post=4752"}],"version-history":[{"count":0,"href":"https:\/\/quehacerpolitico.mx\/index.php?rest_route=\/wp\/v2\/posts\/4752\/revisions"}],"wp:featuredmedia":[{"embeddable":true,"href":"https:\/\/quehacerpolitico.mx\/index.php?rest_route=\/"}],"wp:attachment":[{"href":"https:\/\/quehacerpolitico.mx\/index.php?rest_route=%2Fwp%2Fv2%2Fmedia&parent=4752"}],"wp:term":[{"taxonomy":"category","embeddable":true,"href":"https:\/\/quehacerpolitico.mx\/index.php?rest_route=%2Fwp%2Fv2%2Fcategories&post=4752"},{"taxonomy":"post_tag","embeddable":true,"href":"https:\/\/quehacerpolitico.mx\/index.php?rest_route=%2Fwp%2Fv2%2Ftags&post=4752"}],"curies":[{"name":"wp","href":"https:\/\/api.w.org\/{rel}","templated":true}]}}