{"id":4672,"date":"2018-09-14T22:28:12","date_gmt":"2018-09-14T22:28:12","guid":{"rendered":"http:\/\/quehacerpolitico.mx\/roma-la-pelicula-de-cuaron-en-espanol-y-mixteco-representara-a-mexico-en-los-oscar-y-los-goya\/"},"modified":"2018-09-14T22:28:12","modified_gmt":"2018-09-14T22:28:12","slug":"roma-la-pelicula-de-cuaron-en-espanol-y-mixteco-representara-a-mexico-en-los-oscar-y-los-goya","status":"publish","type":"post","link":"https:\/\/quehacerpolitico.mx\/?p=4672","title":{"rendered":"Roma, la pel\u00edcula de Cuar\u00f3n en espa\u00f1ol y mixteco, representar\u00e1 a M\u00e9xico en los \u00d3scar y los Goya"},"content":{"rendered":"<h3><em>Roma<\/em>, el \u00edntimo retrato en blanco y negro del cineasta Alfonso Cuar\u00f3n sobre una trabajadora dom\u00e9stica en la Ciudad de M\u00e9xico durante la turbulenta d\u00e9cada de 1970, obtuvo fue elegida como la cinta que concursar\u00e1 en los premios Oscar y Goya de 2019.<\/h3>\n<p>https:\/\/youtu.be\/ZSI2VLwPFWw<\/p>\n<p>La Academia Mexicana de Artes y Ciencias Cinematogr\u00e1ficas (AMACC) eligi\u00f3 a\u00a0<em>Roma,<\/em> basada en los recuerdos de su infancia en el barrio donde creci\u00f3 Alfonso Cuar\u00f3n, para representar al pa\u00eds en los premios Oscar y Goya 2019.<\/p>\n<p>La octava pel\u00edcula dirigida por Alfonso Cuar\u00f3n fue elegida entre 12 pel\u00edculas mexicanas nominadas.<\/p>\n<p>El director no pudo estar presente en el anuncio donde estuvo parte del equipo del filme, pero envi\u00f3 un mensaje a la Academia de Cine por la elecci\u00f3n de su pel\u00edcula.<\/p>\n<p>\u201cMe da much\u00edsima pena que por motivos personales no pueda estar hoy con ustedes, pero quiero agradecer el honor de que <em>Roma<\/em>haya sido seleccionada para representar a M\u00e9xico en los premios Oscar como Mejor Pel\u00edcula Extranjera y a los premios Goya como Mejor Pel\u00edcula Iberoamericana\u201d, dijo Cuar\u00f3n a trav\u00e9s de un video.<\/p>\n<blockquote>\n<p>\u201c<em>Roma<\/em> s\u00f3lo fue posible por la inmensa colaboraci\u00f3n y un enorme equipo de trabajo, casi todos ellos mexicanos de talento \u00fanico. Una vez mas gracias Academia y a todo los miembros votantes por dar a Roma la oportunidad de representar a Mexico en el extranjero\u201d,<\/p>\n<blockquote class=\"twitter-tweet\" data-width=\"550\" data-dnt=\"true\">\n<p lang=\"es\" dir=\"ltr\">El director <a href=\"https:\/\/twitter.com\/alfonsocuaron?ref_src=twsrc%5Etfw\">@alfonsocuaron<\/a> tiene un mensaje tras enterarse de que su pel\u00edcula <a href=\"https:\/\/twitter.com\/ROMACuaron?ref_src=twsrc%5Etfw\">@ROMACuaron<\/a>, representar\u00e1 a M\u00e9xico en los premios Goya y Oscar 2019.<a href=\"https:\/\/twitter.com\/hashtag\/M%C3%A9xicoRumboAlGoya?src=hash&amp;ref_src=twsrc%5Etfw\">#M\u00e9xicoRumboAlGoya<\/a> <a href=\"https:\/\/twitter.com\/hashtag\/M%C3%A9xicoRumboAlOscar?src=hash&amp;ref_src=twsrc%5Etfw\">#M\u00e9xicoRumboAlOscar<\/a> <a href=\"https:\/\/t.co\/q0mEvRB78e\">pic.twitter.com\/q0mEvRB78e<\/a><\/p>\n<p>&mdash; AMACC (@AcademiaCineMx) <a href=\"https:\/\/twitter.com\/AcademiaCineMx\/status\/1040652144683233280?ref_src=twsrc%5Etfw\">September 14, 2018<\/a><\/p><\/blockquote>\n<p><script async src=\"https:\/\/platform.twitter.com\/widgets.js\" charset=\"utf-8\"><\/script><\/p>\n<p>Cuar\u00f3n, ganador de dos Premios de la Academia por la direcci\u00f3n y edici\u00f3n de su \u00e9pica espacial<em> Gravity<\/em>, tambi\u00e9n ha sido postulado al Oscar por <em>Children of Men<\/em> y por<em> Y tu mam\u00e1 tambi\u00e9n<\/em>, que fue postulada a mejor gui\u00f3n original (de Cuar\u00f3n con su hermano Carlos) mas no a mejor pel\u00edcula en lengua extranjera.<\/p>\n<p>M\u00e9xico ha sido nominado al Oscar en esta categor\u00eda en ocho ocasiones, la m\u00e1s reciente en 2011 con <em>Biutiful<\/em> de Alejandro Gonz\u00e1lez I\u00f1\u00e1rritu, pero hasta ahora no ha ganado la codiciada estatuilla.<\/p>\n<p>En los Goya de Espa\u00f1a, el cine mexicano ha sido postulado en 16 ocasiones y ha ganado dos premios a mejor pel\u00edcula extranjera de habla hispana (una categor\u00eda hoy conocida como mejor pel\u00edcula iberoamericana), por <em>El callej\u00f3n de los milagros<\/em> de Jorge Fons (1996) y <em>Lo que importa es vivir<\/em> de Luis Alcoriza (1987).<\/p>\n<p>Las nominaciones a los Premios de la Academia se anunciar\u00e1n el 22 de enero del 2019, y la gala de premiaci\u00f3n ser\u00e1 el 24 de febrero.<\/p>\n<p>Los Goya se entregar\u00e1n el 2 de febrero. A\u00fan no se ha anunciado la fecha de las nominaciones.<\/p>\n<div id=\"attachment_3471269\" class=\"wp-caption alignnone\"><img loading=\"lazy\" decoding=\"async\" class=\"size-full wp-image-3471269\" src=\"http:\/\/www.sinembargo.mx\/wp-content\/uploads\/2018\/09\/dnehuznu0aekxfe.jpg\" sizes=\"auto, (max-width: 700px) 100vw, 700px\" srcset=\"http:\/\/www.sinembargo.mx\/wp-content\/uploads\/2018\/09\/dnehuznu0aekxfe.jpg 700w, http:\/\/www.sinembargo.mx\/wp-content\/uploads\/2018\/09\/dnehuznu0aekxfe-300x225.jpg 300w\" alt=\"\" width=\"700\" height=\"525\" \/><\/p>\n<p class=\"wp-caption-text\">Parte del equipo de Roma se hizo presente en Casa Bu\u00f1uel. Foto:<\/p>\n<\/div>\n<p>El pasado 8 de septiembre, Cuar\u00f3n se llev\u00f3 el Le\u00f3n de Oro de la 75 edici\u00f3n del Festival de Venecia, el segundo mexicano en ganarlo despu\u00e9s de Guillermo del Toro.<\/p>\n<blockquote>\n<p>En <em>Roma<\/em>, Cuar\u00f3n narra en blanco y negro la historia de Cleo, la trabajadora domestica ind\u00edgena de una familia adinerada y aparentemente id\u00edlica de la Ciudad de M\u00e9xico de inicios de la d\u00e9cada de 1970, un personaje basado en la tata que \u00e9l mismo tuvo y a quien dedica la cinta, Libo.<\/p>\n<\/blockquote>\n<p>Con esta historia, en la que se intercalan el espa\u00f1ol y la lengua mixteca, el director de Gravity (2013) ofrece un relato social sobre aquella d\u00e9cada convulsa.<\/p>\n<p>Para el papel de Cleo el cineasta recurri\u00f3 a Yalitza Aparicio, una profesora que debuta as\u00ed en el cine, al igual que Nancy Garc\u00eda, que hace de la hermana de la ni\u00f1era.<\/p>\n<blockquote>\n<p>\u201cQuer\u00eda regresar a M\u00e9xico para hacer la pel\u00edcula que he so\u00f1ado\u201d. As\u00ed de rotundo se mostr\u00f3 Alfonso Cuar\u00f3n cuando finaliz\u00f3 el rodaje de <em>Roma<\/em>.<\/p>\n<\/blockquote>\n<p>Unos d\u00edas despu\u00e9s que <em>Roma<\/em> se alz\u00f3 con el Le\u00f3n de Oro en el Festival de Cine de Venecia, Cuar\u00f3n y su nueva pel\u00edcula llegaron al Festival Internacional de Cine de Toronto, donde la respuesta euf\u00f3rica a su b\u00fasqueda espiritual no ces\u00f3. <em>Roma<\/em>, que se estrenar\u00e1 en salas de cine y Netflix en diciembre, es el primer filme de Cuar\u00f3n en espa\u00f1ol desde su \u00e9xito de 2001 \u201cY tu mam\u00e1 tambi\u00e9n\u201d.<\/p>\n<p>Pero para el realizador, <em>Roma<\/em> es m\u00e1s que eso. Es un nuevo comienzo.<\/p>\n<blockquote>\n<p>\u201cEs algo que se ha estado cocinando por mucho, mucho, mucho tiempo. Comenc\u00e9 a tom\u00e1rmela en serio en el 2006. Es la pel\u00edcula que estaba predestinado a hacer. Es mi primera pel\u00edcula en el sentido de que la hice completamente sin temor. Tir\u00e9 todo lo que hab\u00eda aprendido para hacer este filme\u201d, dijo Cuar\u00f3n. \u201cBueno, no todo, porque no hubiera podido hacer esto antes de ahora\u201d.<\/p>\n<p><iframe loading=\"lazy\" title=\"Pel\u00edculas inscritas Goya y Oscar 2019\" width=\"640\" height=\"360\" src=\"https:\/\/www.youtube.com\/embed\/X-zTyplLfTA?feature=oembed\" frameborder=\"0\" allow=\"accelerometer; autoplay; clipboard-write; encrypted-media; gyroscope; picture-in-picture; web-share\" referrerpolicy=\"strict-origin-when-cross-origin\" allowfullscreen><\/iframe><\/p>\n<p>Las pel\u00edculas que participaron en laterna fueron: <em>Batallas \u00edntimas<\/em>, de la directora Luc\u00eda Gaja; <em>El \u00e1ngel en el reloj<\/em>, de Miguel \u00c1ngel Uriegas; <em>El Buquinista<\/em>, de Gibr\u00e1n Baz\u00e1n; <em>El club de los insomnes<\/em>, de Sergio Goyri \u00c1lvarez; <em>El Vigilante<\/em>, de Diego Ros; <em>La libertad del diablo<\/em>, de Everardo Gonz\u00e1lez; <em>Las Tinieblas<\/em>, de Daniel Castro Zimbr\u00f3n; <em>Los adioses<\/em>, de Natalia Berist\u00e1in;<em> Los ojos del mar<\/em>, de Jos\u00e9 \u00c1lvarez; Museo, del director Alonso Ruizpalacios;\u00a0<em>Tiempo compartido,<\/em> de Sebastian Hofmann; <em>Vuelven<\/em>, de Issa L\u00f3pez, y <em>Todo lo dem\u00e1s<\/em> de Natalia Almada.<\/p>\n<p><em>Con informaci\u00f3n de AP y EFE<\/em><\/p>\n<\/blockquote>\n<\/blockquote>\n","protected":false},"excerpt":{"rendered":"<p>Roma, la pel\u00edcula de Cuar\u00f3n en espa\u00f1ol y mixteco, representar\u00e1 a M\u00e9xico en los \u00d3scar y los Goya<br \/>\nPor Redacci\u00f3n QP<\/p>\n","protected":false},"author":2,"featured_media":4671,"comment_status":"open","ping_status":"open","sticky":false,"template":"","format":"standard","meta":{"_monsterinsights_skip_tracking":false,"_monsterinsights_sitenote_active":false,"_monsterinsights_sitenote_note":"","_monsterinsights_sitenote_category":0,"footnotes":""},"categories":[58],"tags":[],"class_list":["post-4672","post","type-post","status-publish","format-standard","has-post-thumbnail","hentry","category-cultura"],"yoast_head":"<!-- This site is optimized with the Yoast SEO plugin v27.3 - https:\/\/yoast.com\/product\/yoast-seo-wordpress\/ -->\n<title>Roma, la pel\u00edcula de Cuar\u00f3n en espa\u00f1ol y mixteco, representar\u00e1 a M\u00e9xico en los \u00d3scar y los Goya -<\/title>\n<meta name=\"robots\" content=\"index, follow, max-snippet:-1, max-image-preview:large, max-video-preview:-1\" \/>\n<link rel=\"canonical\" href=\"https:\/\/quehacerpolitico.mx\/?p=4672\" \/>\n<meta property=\"og:locale\" content=\"es_MX\" \/>\n<meta property=\"og:type\" content=\"article\" \/>\n<meta property=\"og:title\" content=\"Roma, la pel\u00edcula de Cuar\u00f3n en espa\u00f1ol y mixteco, representar\u00e1 a M\u00e9xico en los \u00d3scar y los Goya -\" \/>\n<meta property=\"og:description\" content=\"Roma, la pel\u00edcula de Cuar\u00f3n en espa\u00f1ol y mixteco, representar\u00e1 a M\u00e9xico en los \u00d3scar y los Goya Por Redacci\u00f3n QP\" \/>\n<meta property=\"og:url\" content=\"https:\/\/quehacerpolitico.mx\/?p=4672\" \/>\n<meta property=\"article:published_time\" content=\"2018-09-14T22:28:12+00:00\" \/>\n<meta name=\"author\" content=\"Redacci\u00f3n QP\" \/>\n<meta name=\"twitter:card\" content=\"summary_large_image\" \/>\n<meta name=\"twitter:label1\" content=\"Escrito por\" \/>\n\t<meta name=\"twitter:data1\" content=\"Redacci\u00f3n QP\" \/>\n\t<meta name=\"twitter:label2\" content=\"Tiempo de lectura\" \/>\n\t<meta name=\"twitter:data2\" content=\"5 minutos\" \/>\n<script type=\"application\/ld+json\" class=\"yoast-schema-graph\">{\"@context\":\"https:\\\/\\\/schema.org\",\"@graph\":[{\"@type\":\"Article\",\"@id\":\"https:\\\/\\\/quehacerpolitico.mx\\\/?p=4672#article\",\"isPartOf\":{\"@id\":\"https:\\\/\\\/quehacerpolitico.mx\\\/?p=4672\"},\"author\":{\"name\":\"Redacci\u00f3n QP\",\"@id\":\"https:\\\/\\\/quehacerpolitico.mx\\\/#\\\/schema\\\/person\\\/496d8ad2d1d3f8036101dca7ee39e585\"},\"headline\":\"Roma, la pel\u00edcula de Cuar\u00f3n en espa\u00f1ol y mixteco, representar\u00e1 a M\u00e9xico en los \u00d3scar y los Goya\",\"datePublished\":\"2018-09-14T22:28:12+00:00\",\"mainEntityOfPage\":{\"@id\":\"https:\\\/\\\/quehacerpolitico.mx\\\/?p=4672\"},\"wordCount\":934,\"commentCount\":0,\"image\":{\"@id\":\"https:\\\/\\\/quehacerpolitico.mx\\\/?p=4672#primaryimage\"},\"thumbnailUrl\":\"\",\"articleSection\":[\"Cultura y Entretenimiento\"],\"inLanguage\":\"es\",\"potentialAction\":[{\"@type\":\"CommentAction\",\"name\":\"Comment\",\"target\":[\"https:\\\/\\\/quehacerpolitico.mx\\\/?p=4672#respond\"]}]},{\"@type\":\"WebPage\",\"@id\":\"https:\\\/\\\/quehacerpolitico.mx\\\/?p=4672\",\"url\":\"https:\\\/\\\/quehacerpolitico.mx\\\/?p=4672\",\"name\":\"Roma, la pel\u00edcula de Cuar\u00f3n en espa\u00f1ol y mixteco, representar\u00e1 a M\u00e9xico en los \u00d3scar y los Goya -\",\"isPartOf\":{\"@id\":\"https:\\\/\\\/quehacerpolitico.mx\\\/#website\"},\"primaryImageOfPage\":{\"@id\":\"https:\\\/\\\/quehacerpolitico.mx\\\/?p=4672#primaryimage\"},\"image\":{\"@id\":\"https:\\\/\\\/quehacerpolitico.mx\\\/?p=4672#primaryimage\"},\"thumbnailUrl\":\"\",\"datePublished\":\"2018-09-14T22:28:12+00:00\",\"author\":{\"@id\":\"https:\\\/\\\/quehacerpolitico.mx\\\/#\\\/schema\\\/person\\\/496d8ad2d1d3f8036101dca7ee39e585\"},\"breadcrumb\":{\"@id\":\"https:\\\/\\\/quehacerpolitico.mx\\\/?p=4672#breadcrumb\"},\"inLanguage\":\"es\",\"potentialAction\":[{\"@type\":\"ReadAction\",\"target\":[\"https:\\\/\\\/quehacerpolitico.mx\\\/?p=4672\"]}]},{\"@type\":\"ImageObject\",\"inLanguage\":\"es\",\"@id\":\"https:\\\/\\\/quehacerpolitico.mx\\\/?p=4672#primaryimage\",\"url\":\"\",\"contentUrl\":\"\"},{\"@type\":\"BreadcrumbList\",\"@id\":\"https:\\\/\\\/quehacerpolitico.mx\\\/?p=4672#breadcrumb\",\"itemListElement\":[{\"@type\":\"ListItem\",\"position\":1,\"name\":\"Inicio\",\"item\":\"https:\\\/\\\/quehacerpolitico.mx\\\/\"},{\"@type\":\"ListItem\",\"position\":2,\"name\":\"Roma, la pel\u00edcula de Cuar\u00f3n en espa\u00f1ol y mixteco, representar\u00e1 a M\u00e9xico en los \u00d3scar y los Goya\"}]},{\"@type\":\"WebSite\",\"@id\":\"https:\\\/\\\/quehacerpolitico.mx\\\/#website\",\"url\":\"https:\\\/\\\/quehacerpolitico.mx\\\/\",\"name\":\"\",\"description\":\"\",\"potentialAction\":[{\"@type\":\"SearchAction\",\"target\":{\"@type\":\"EntryPoint\",\"urlTemplate\":\"https:\\\/\\\/quehacerpolitico.mx\\\/?s={search_term_string}\"},\"query-input\":{\"@type\":\"PropertyValueSpecification\",\"valueRequired\":true,\"valueName\":\"search_term_string\"}}],\"inLanguage\":\"es\"},{\"@type\":\"Person\",\"@id\":\"https:\\\/\\\/quehacerpolitico.mx\\\/#\\\/schema\\\/person\\\/496d8ad2d1d3f8036101dca7ee39e585\",\"name\":\"Redacci\u00f3n QP\",\"image\":{\"@type\":\"ImageObject\",\"inLanguage\":\"es\",\"@id\":\"https:\\\/\\\/secure.gravatar.com\\\/avatar\\\/c7164ed6fdec453195284ad24a5ae5b6e1eed2b848477fa2a4787ba9adf39a41?s=96&d=mm&r=g\",\"url\":\"https:\\\/\\\/secure.gravatar.com\\\/avatar\\\/c7164ed6fdec453195284ad24a5ae5b6e1eed2b848477fa2a4787ba9adf39a41?s=96&d=mm&r=g\",\"contentUrl\":\"https:\\\/\\\/secure.gravatar.com\\\/avatar\\\/c7164ed6fdec453195284ad24a5ae5b6e1eed2b848477fa2a4787ba9adf39a41?s=96&d=mm&r=g\",\"caption\":\"Redacci\u00f3n QP\"},\"url\":\"https:\\\/\\\/quehacerpolitico.mx\\\/?author=2\"}]}<\/script>\n<!-- \/ Yoast SEO plugin. -->","yoast_head_json":{"title":"Roma, la pel\u00edcula de Cuar\u00f3n en espa\u00f1ol y mixteco, representar\u00e1 a M\u00e9xico en los \u00d3scar y los Goya -","robots":{"index":"index","follow":"follow","max-snippet":"max-snippet:-1","max-image-preview":"max-image-preview:large","max-video-preview":"max-video-preview:-1"},"canonical":"https:\/\/quehacerpolitico.mx\/?p=4672","og_locale":"es_MX","og_type":"article","og_title":"Roma, la pel\u00edcula de Cuar\u00f3n en espa\u00f1ol y mixteco, representar\u00e1 a M\u00e9xico en los \u00d3scar y los Goya -","og_description":"Roma, la pel\u00edcula de Cuar\u00f3n en espa\u00f1ol y mixteco, representar\u00e1 a M\u00e9xico en los \u00d3scar y los Goya Por Redacci\u00f3n QP","og_url":"https:\/\/quehacerpolitico.mx\/?p=4672","article_published_time":"2018-09-14T22:28:12+00:00","author":"Redacci\u00f3n QP","twitter_card":"summary_large_image","twitter_misc":{"Escrito por":"Redacci\u00f3n QP","Tiempo de lectura":"5 minutos"},"schema":{"@context":"https:\/\/schema.org","@graph":[{"@type":"Article","@id":"https:\/\/quehacerpolitico.mx\/?p=4672#article","isPartOf":{"@id":"https:\/\/quehacerpolitico.mx\/?p=4672"},"author":{"name":"Redacci\u00f3n QP","@id":"https:\/\/quehacerpolitico.mx\/#\/schema\/person\/496d8ad2d1d3f8036101dca7ee39e585"},"headline":"Roma, la pel\u00edcula de Cuar\u00f3n en espa\u00f1ol y mixteco, representar\u00e1 a M\u00e9xico en los \u00d3scar y los Goya","datePublished":"2018-09-14T22:28:12+00:00","mainEntityOfPage":{"@id":"https:\/\/quehacerpolitico.mx\/?p=4672"},"wordCount":934,"commentCount":0,"image":{"@id":"https:\/\/quehacerpolitico.mx\/?p=4672#primaryimage"},"thumbnailUrl":"","articleSection":["Cultura y Entretenimiento"],"inLanguage":"es","potentialAction":[{"@type":"CommentAction","name":"Comment","target":["https:\/\/quehacerpolitico.mx\/?p=4672#respond"]}]},{"@type":"WebPage","@id":"https:\/\/quehacerpolitico.mx\/?p=4672","url":"https:\/\/quehacerpolitico.mx\/?p=4672","name":"Roma, la pel\u00edcula de Cuar\u00f3n en espa\u00f1ol y mixteco, representar\u00e1 a M\u00e9xico en los \u00d3scar y los Goya -","isPartOf":{"@id":"https:\/\/quehacerpolitico.mx\/#website"},"primaryImageOfPage":{"@id":"https:\/\/quehacerpolitico.mx\/?p=4672#primaryimage"},"image":{"@id":"https:\/\/quehacerpolitico.mx\/?p=4672#primaryimage"},"thumbnailUrl":"","datePublished":"2018-09-14T22:28:12+00:00","author":{"@id":"https:\/\/quehacerpolitico.mx\/#\/schema\/person\/496d8ad2d1d3f8036101dca7ee39e585"},"breadcrumb":{"@id":"https:\/\/quehacerpolitico.mx\/?p=4672#breadcrumb"},"inLanguage":"es","potentialAction":[{"@type":"ReadAction","target":["https:\/\/quehacerpolitico.mx\/?p=4672"]}]},{"@type":"ImageObject","inLanguage":"es","@id":"https:\/\/quehacerpolitico.mx\/?p=4672#primaryimage","url":"","contentUrl":""},{"@type":"BreadcrumbList","@id":"https:\/\/quehacerpolitico.mx\/?p=4672#breadcrumb","itemListElement":[{"@type":"ListItem","position":1,"name":"Inicio","item":"https:\/\/quehacerpolitico.mx\/"},{"@type":"ListItem","position":2,"name":"Roma, la pel\u00edcula de Cuar\u00f3n en espa\u00f1ol y mixteco, representar\u00e1 a M\u00e9xico en los \u00d3scar y los Goya"}]},{"@type":"WebSite","@id":"https:\/\/quehacerpolitico.mx\/#website","url":"https:\/\/quehacerpolitico.mx\/","name":"","description":"","potentialAction":[{"@type":"SearchAction","target":{"@type":"EntryPoint","urlTemplate":"https:\/\/quehacerpolitico.mx\/?s={search_term_string}"},"query-input":{"@type":"PropertyValueSpecification","valueRequired":true,"valueName":"search_term_string"}}],"inLanguage":"es"},{"@type":"Person","@id":"https:\/\/quehacerpolitico.mx\/#\/schema\/person\/496d8ad2d1d3f8036101dca7ee39e585","name":"Redacci\u00f3n QP","image":{"@type":"ImageObject","inLanguage":"es","@id":"https:\/\/secure.gravatar.com\/avatar\/c7164ed6fdec453195284ad24a5ae5b6e1eed2b848477fa2a4787ba9adf39a41?s=96&d=mm&r=g","url":"https:\/\/secure.gravatar.com\/avatar\/c7164ed6fdec453195284ad24a5ae5b6e1eed2b848477fa2a4787ba9adf39a41?s=96&d=mm&r=g","contentUrl":"https:\/\/secure.gravatar.com\/avatar\/c7164ed6fdec453195284ad24a5ae5b6e1eed2b848477fa2a4787ba9adf39a41?s=96&d=mm&r=g","caption":"Redacci\u00f3n QP"},"url":"https:\/\/quehacerpolitico.mx\/?author=2"}]}},"featured_image_urls":{"full":"","thumbnail":"","medium":"","medium_large":"","large":"","1536x1536":"","2048x2048":"","covernews-featured":"","covernews-medium":""},"author_info":{"display_name":"Redacci\u00f3n QP","author_link":"https:\/\/quehacerpolitico.mx\/?author=2"},"category_info":"<a href=\"https:\/\/quehacerpolitico.mx\/?cat=58\" rel=\"category\">Cultura y Entretenimiento<\/a>","tag_info":"Cultura y Entretenimiento","comment_count":"0","_links":{"self":[{"href":"https:\/\/quehacerpolitico.mx\/index.php?rest_route=\/wp\/v2\/posts\/4672","targetHints":{"allow":["GET"]}}],"collection":[{"href":"https:\/\/quehacerpolitico.mx\/index.php?rest_route=\/wp\/v2\/posts"}],"about":[{"href":"https:\/\/quehacerpolitico.mx\/index.php?rest_route=\/wp\/v2\/types\/post"}],"author":[{"embeddable":true,"href":"https:\/\/quehacerpolitico.mx\/index.php?rest_route=\/wp\/v2\/users\/2"}],"replies":[{"embeddable":true,"href":"https:\/\/quehacerpolitico.mx\/index.php?rest_route=%2Fwp%2Fv2%2Fcomments&post=4672"}],"version-history":[{"count":0,"href":"https:\/\/quehacerpolitico.mx\/index.php?rest_route=\/wp\/v2\/posts\/4672\/revisions"}],"wp:featuredmedia":[{"embeddable":true,"href":"https:\/\/quehacerpolitico.mx\/index.php?rest_route=\/"}],"wp:attachment":[{"href":"https:\/\/quehacerpolitico.mx\/index.php?rest_route=%2Fwp%2Fv2%2Fmedia&parent=4672"}],"wp:term":[{"taxonomy":"category","embeddable":true,"href":"https:\/\/quehacerpolitico.mx\/index.php?rest_route=%2Fwp%2Fv2%2Fcategories&post=4672"},{"taxonomy":"post_tag","embeddable":true,"href":"https:\/\/quehacerpolitico.mx\/index.php?rest_route=%2Fwp%2Fv2%2Ftags&post=4672"}],"curies":[{"name":"wp","href":"https:\/\/api.w.org\/{rel}","templated":true}]}}