{"id":4670,"date":"2018-09-14T22:20:14","date_gmt":"2018-09-14T22:20:14","guid":{"rendered":"http:\/\/quehacerpolitico.mx\/el-museo-del-prado-echa-a-una-pareja-que-se-desnudo-contra-la-idea-de-genero-ante-cuadros-de-adan-y-eva\/"},"modified":"2018-09-14T22:20:14","modified_gmt":"2018-09-14T22:20:14","slug":"el-museo-del-prado-echa-a-una-pareja-que-se-desnudo-contra-la-idea-de-genero-ante-cuadros-de-adan-y-eva","status":"publish","type":"post","link":"https:\/\/quehacerpolitico.mx\/?p=4670","title":{"rendered":"El Museo del Prado echa a una pareja que se desnud\u00f3 \u201ccontra la idea de g\u00e9nero\u201d ante cuadros de Ad\u00e1n y Eva"},"content":{"rendered":"<h3>La pareja ya hab\u00eda intentado desnudarse en el museo hace dos a\u00f1os, lo que no se les permiti\u00f3. Con su performance aseguran que trataban de \u201cdestruir toda una serie de ideas y constructos sociales\u201d que consideran \u201crid\u00edculas\u201d.<\/h3>\n<h3>Los protagonistas, que se desnudaron cuando no hab\u00eda ning\u00fan menor de edad en la sala, fueron identificados por la Polic\u00eda Nacional y su acci\u00f3n podr\u00eda traerles una sanci\u00f3n administrativa.<\/h3>\n<p>Una <strong>pareja<\/strong> <strong>se<\/strong><strong>desnud\u00f3<\/strong> ayer en el <strong>Museo Nacional del Prado<\/strong> de Madrid, <strong>Espa\u00f1a<\/strong>, en la sala donde se exhiben los <strong>cuadros de Ad\u00e1n y Eva<\/strong> de Alberto Durero, por lo que fueron conducidos por los servicios de seguridad de la pinacoteca ante la Polic\u00eda Nacional, informaron a <em>EFE<\/em>fuentes del museo.<\/p>\n<p>El \u201cperformance\u201d se registr\u00f3 cerca de las once de la ma\u00f1ana, cuando Adri\u00e1n Pino y Jet Br\u00fchl, se despojaron de la ropa que llevaban hasta quedarse desnudos, de acuerdo a lo que ellos mismos informaron en sus cuentas de redes sociales.\u00a0 Varios visitantes los fotografiaron y compartieron las fotograf\u00edas en internet.<\/p>\n<p>Fuentes del museo han confirmado a <em>EFE<\/em> el incidente, una acci\u00f3n, han dicho, que ya intentaron hace dos a\u00f1os, aunque entonces \u201cno les dio tiempo a desnudarse completamente\u201d.<\/p>\n<p>\u201cNos preocupa que moleste a los dem\u00e1s o que puedan sentirse ofendidos, pero poco m\u00e1s podemos hacer\u201d, han a\u00f1adido las mismas fuentes del museo, que impide, por ejemplo, que los visitantes entren descalzos o con comida.<\/p>\n<p>Los protagonistas, que se desnudaron cuando no hab\u00eda ning\u00fan menor de edad en la sala, fueron identificados por la Polic\u00eda Nacional, y su acci\u00f3n podr\u00eda acarrearles una sanci\u00f3n administrativa.<\/p>\n<p>La pareja explica en un v\u00eddeo difundido en el portal <em>C\u00f3digo Nuevo <\/em>que lo hizo para destruir \u201ctoda una serie de ideas y constructos sociales\u201d que consideran rid\u00edculos y han elegido los cuadros de \u201cAd\u00e1n\u201d y \u201cEva\u201d, de Durero, porque \u201ces la instituci\u00f3n de la idea de g\u00e9nero\u201d.<\/p>\n<p>\u201cNos colocamos desnudos con la particularidad de que me muestro como una mujer, con los genitales ocultos\u201d, explica \u00e9l, a lo que ella precisa que es \u201cbiol\u00f3gicamente una mujer\u201d, pero no lo es \u201crealmente\u201d, a\u00f1adiendo que en este momento consume hormonas.<\/p>\n<blockquote>\n<p>A\u00f1aden que la sociedad les parece \u201cuna parida\u201d y \u201cse aburr\u00edan\u201d. Afirman que rompiendo la \u201cunidad m\u00e1s b\u00e1sica sobre la que se construye la sociedad, que es Ad\u00e1n y Eva\u201d lanzan el mensaje que quieren hacer ver a la gente que hay muchas m\u00e1s \u201copciones y vidas posibles\u201d.<\/p>\n<p><iframe loading=\"lazy\" title=\"Adri\u00e1n Pino explica en exclusiva a C\u00f3digo Nuevo su controvertida performance en el Museo del Prado\" width=\"640\" height=\"360\" src=\"https:\/\/www.youtube.com\/embed\/4sZ8X_MAzDQ?feature=oembed\" frameborder=\"0\" allow=\"accelerometer; autoplay; clipboard-write; encrypted-media; gyroscope; picture-in-picture; web-share\" referrerpolicy=\"strict-origin-when-cross-origin\" allowfullscreen><\/iframe><\/p>\n<p>Seg\u00fan se puede ver en sus redes sociales, no es la primera acci\u00f3n de este tipo que llevan a cabo. En su Instagram, a Adri\u00e1n Pino tiene fotograf\u00edas donde posa desnudo junto a la sirenita de Copenhague, frente al David de Miguel \u00c1ngel en Florencia o el pant\u00f3crator de San Clemente de Tahull que se conserva en el Museu Nacional d\u2019Art de Catalunya.<\/p>\n<p>Con Informaci\u00f3n de El Diario.es<\/p>\n<\/blockquote>\n","protected":false},"excerpt":{"rendered":"<p>El Museo del Prado echa a una pareja que se desnud\u00f3 \u201ccontra la idea de g\u00e9nero\u201d ante cuadros de Ad\u00e1n y Eva<br \/>\nPor Redacci\u00f3n QP<\/p>\n","protected":false},"author":2,"featured_media":4669,"comment_status":"open","ping_status":"open","sticky":false,"template":"","format":"standard","meta":{"_monsterinsights_skip_tracking":false,"_monsterinsights_sitenote_active":false,"_monsterinsights_sitenote_note":"","_monsterinsights_sitenote_category":0,"footnotes":""},"categories":[58],"tags":[],"class_list":["post-4670","post","type-post","status-publish","format-standard","has-post-thumbnail","hentry","category-cultura"],"yoast_head":"<!-- This site is optimized with the Yoast SEO plugin v27.3 - https:\/\/yoast.com\/product\/yoast-seo-wordpress\/ -->\n<title>El Museo del Prado echa a una pareja que se desnud\u00f3 \u201ccontra la idea de g\u00e9nero\u201d ante cuadros de Ad\u00e1n y Eva -<\/title>\n<meta name=\"robots\" content=\"index, follow, max-snippet:-1, max-image-preview:large, max-video-preview:-1\" \/>\n<link rel=\"canonical\" href=\"https:\/\/quehacerpolitico.mx\/?p=4670\" \/>\n<meta property=\"og:locale\" content=\"es_MX\" \/>\n<meta property=\"og:type\" content=\"article\" \/>\n<meta property=\"og:title\" content=\"El Museo del Prado echa a una pareja que se desnud\u00f3 \u201ccontra la idea de g\u00e9nero\u201d ante cuadros de Ad\u00e1n y Eva -\" \/>\n<meta property=\"og:description\" content=\"El Museo del Prado echa a una pareja que se desnud\u00f3 \u201ccontra la idea de g\u00e9nero\u201d ante cuadros de Ad\u00e1n y Eva Por Redacci\u00f3n QP\" \/>\n<meta property=\"og:url\" content=\"https:\/\/quehacerpolitico.mx\/?p=4670\" \/>\n<meta property=\"article:published_time\" content=\"2018-09-14T22:20:14+00:00\" \/>\n<meta name=\"author\" content=\"Redacci\u00f3n QP\" \/>\n<meta name=\"twitter:card\" content=\"summary_large_image\" \/>\n<meta name=\"twitter:label1\" content=\"Escrito por\" \/>\n\t<meta name=\"twitter:data1\" content=\"Redacci\u00f3n QP\" \/>\n\t<meta name=\"twitter:label2\" content=\"Tiempo de lectura\" \/>\n\t<meta name=\"twitter:data2\" content=\"3 minutos\" \/>\n<script type=\"application\/ld+json\" class=\"yoast-schema-graph\">{\"@context\":\"https:\\\/\\\/schema.org\",\"@graph\":[{\"@type\":\"Article\",\"@id\":\"https:\\\/\\\/quehacerpolitico.mx\\\/?p=4670#article\",\"isPartOf\":{\"@id\":\"https:\\\/\\\/quehacerpolitico.mx\\\/?p=4670\"},\"author\":{\"name\":\"Redacci\u00f3n QP\",\"@id\":\"https:\\\/\\\/quehacerpolitico.mx\\\/#\\\/schema\\\/person\\\/496d8ad2d1d3f8036101dca7ee39e585\"},\"headline\":\"El Museo del Prado echa a una pareja que se desnud\u00f3 \u201ccontra la idea de g\u00e9nero\u201d ante cuadros de Ad\u00e1n y Eva\",\"datePublished\":\"2018-09-14T22:20:14+00:00\",\"mainEntityOfPage\":{\"@id\":\"https:\\\/\\\/quehacerpolitico.mx\\\/?p=4670\"},\"wordCount\":545,\"commentCount\":0,\"image\":{\"@id\":\"https:\\\/\\\/quehacerpolitico.mx\\\/?p=4670#primaryimage\"},\"thumbnailUrl\":\"\",\"articleSection\":[\"Cultura y Entretenimiento\"],\"inLanguage\":\"es\",\"potentialAction\":[{\"@type\":\"CommentAction\",\"name\":\"Comment\",\"target\":[\"https:\\\/\\\/quehacerpolitico.mx\\\/?p=4670#respond\"]}]},{\"@type\":\"WebPage\",\"@id\":\"https:\\\/\\\/quehacerpolitico.mx\\\/?p=4670\",\"url\":\"https:\\\/\\\/quehacerpolitico.mx\\\/?p=4670\",\"name\":\"El Museo del Prado echa a una pareja que se desnud\u00f3 \u201ccontra la idea de g\u00e9nero\u201d ante cuadros de Ad\u00e1n y Eva -\",\"isPartOf\":{\"@id\":\"https:\\\/\\\/quehacerpolitico.mx\\\/#website\"},\"primaryImageOfPage\":{\"@id\":\"https:\\\/\\\/quehacerpolitico.mx\\\/?p=4670#primaryimage\"},\"image\":{\"@id\":\"https:\\\/\\\/quehacerpolitico.mx\\\/?p=4670#primaryimage\"},\"thumbnailUrl\":\"\",\"datePublished\":\"2018-09-14T22:20:14+00:00\",\"author\":{\"@id\":\"https:\\\/\\\/quehacerpolitico.mx\\\/#\\\/schema\\\/person\\\/496d8ad2d1d3f8036101dca7ee39e585\"},\"breadcrumb\":{\"@id\":\"https:\\\/\\\/quehacerpolitico.mx\\\/?p=4670#breadcrumb\"},\"inLanguage\":\"es\",\"potentialAction\":[{\"@type\":\"ReadAction\",\"target\":[\"https:\\\/\\\/quehacerpolitico.mx\\\/?p=4670\"]}]},{\"@type\":\"ImageObject\",\"inLanguage\":\"es\",\"@id\":\"https:\\\/\\\/quehacerpolitico.mx\\\/?p=4670#primaryimage\",\"url\":\"\",\"contentUrl\":\"\"},{\"@type\":\"BreadcrumbList\",\"@id\":\"https:\\\/\\\/quehacerpolitico.mx\\\/?p=4670#breadcrumb\",\"itemListElement\":[{\"@type\":\"ListItem\",\"position\":1,\"name\":\"Inicio\",\"item\":\"https:\\\/\\\/quehacerpolitico.mx\\\/\"},{\"@type\":\"ListItem\",\"position\":2,\"name\":\"El Museo del Prado echa a una pareja que se desnud\u00f3 \u201ccontra la idea de g\u00e9nero\u201d ante cuadros de Ad\u00e1n y Eva\"}]},{\"@type\":\"WebSite\",\"@id\":\"https:\\\/\\\/quehacerpolitico.mx\\\/#website\",\"url\":\"https:\\\/\\\/quehacerpolitico.mx\\\/\",\"name\":\"\",\"description\":\"\",\"potentialAction\":[{\"@type\":\"SearchAction\",\"target\":{\"@type\":\"EntryPoint\",\"urlTemplate\":\"https:\\\/\\\/quehacerpolitico.mx\\\/?s={search_term_string}\"},\"query-input\":{\"@type\":\"PropertyValueSpecification\",\"valueRequired\":true,\"valueName\":\"search_term_string\"}}],\"inLanguage\":\"es\"},{\"@type\":\"Person\",\"@id\":\"https:\\\/\\\/quehacerpolitico.mx\\\/#\\\/schema\\\/person\\\/496d8ad2d1d3f8036101dca7ee39e585\",\"name\":\"Redacci\u00f3n QP\",\"image\":{\"@type\":\"ImageObject\",\"inLanguage\":\"es\",\"@id\":\"https:\\\/\\\/secure.gravatar.com\\\/avatar\\\/c7164ed6fdec453195284ad24a5ae5b6e1eed2b848477fa2a4787ba9adf39a41?s=96&d=mm&r=g\",\"url\":\"https:\\\/\\\/secure.gravatar.com\\\/avatar\\\/c7164ed6fdec453195284ad24a5ae5b6e1eed2b848477fa2a4787ba9adf39a41?s=96&d=mm&r=g\",\"contentUrl\":\"https:\\\/\\\/secure.gravatar.com\\\/avatar\\\/c7164ed6fdec453195284ad24a5ae5b6e1eed2b848477fa2a4787ba9adf39a41?s=96&d=mm&r=g\",\"caption\":\"Redacci\u00f3n QP\"},\"url\":\"https:\\\/\\\/quehacerpolitico.mx\\\/?author=2\"}]}<\/script>\n<!-- \/ Yoast SEO plugin. -->","yoast_head_json":{"title":"El Museo del Prado echa a una pareja que se desnud\u00f3 \u201ccontra la idea de g\u00e9nero\u201d ante cuadros de Ad\u00e1n y Eva -","robots":{"index":"index","follow":"follow","max-snippet":"max-snippet:-1","max-image-preview":"max-image-preview:large","max-video-preview":"max-video-preview:-1"},"canonical":"https:\/\/quehacerpolitico.mx\/?p=4670","og_locale":"es_MX","og_type":"article","og_title":"El Museo del Prado echa a una pareja que se desnud\u00f3 \u201ccontra la idea de g\u00e9nero\u201d ante cuadros de Ad\u00e1n y Eva -","og_description":"El Museo del Prado echa a una pareja que se desnud\u00f3 \u201ccontra la idea de g\u00e9nero\u201d ante cuadros de Ad\u00e1n y Eva Por Redacci\u00f3n QP","og_url":"https:\/\/quehacerpolitico.mx\/?p=4670","article_published_time":"2018-09-14T22:20:14+00:00","author":"Redacci\u00f3n QP","twitter_card":"summary_large_image","twitter_misc":{"Escrito por":"Redacci\u00f3n QP","Tiempo de lectura":"3 minutos"},"schema":{"@context":"https:\/\/schema.org","@graph":[{"@type":"Article","@id":"https:\/\/quehacerpolitico.mx\/?p=4670#article","isPartOf":{"@id":"https:\/\/quehacerpolitico.mx\/?p=4670"},"author":{"name":"Redacci\u00f3n QP","@id":"https:\/\/quehacerpolitico.mx\/#\/schema\/person\/496d8ad2d1d3f8036101dca7ee39e585"},"headline":"El Museo del Prado echa a una pareja que se desnud\u00f3 \u201ccontra la idea de g\u00e9nero\u201d ante cuadros de Ad\u00e1n y Eva","datePublished":"2018-09-14T22:20:14+00:00","mainEntityOfPage":{"@id":"https:\/\/quehacerpolitico.mx\/?p=4670"},"wordCount":545,"commentCount":0,"image":{"@id":"https:\/\/quehacerpolitico.mx\/?p=4670#primaryimage"},"thumbnailUrl":"","articleSection":["Cultura y Entretenimiento"],"inLanguage":"es","potentialAction":[{"@type":"CommentAction","name":"Comment","target":["https:\/\/quehacerpolitico.mx\/?p=4670#respond"]}]},{"@type":"WebPage","@id":"https:\/\/quehacerpolitico.mx\/?p=4670","url":"https:\/\/quehacerpolitico.mx\/?p=4670","name":"El Museo del Prado echa a una pareja que se desnud\u00f3 \u201ccontra la idea de g\u00e9nero\u201d ante cuadros de Ad\u00e1n y Eva -","isPartOf":{"@id":"https:\/\/quehacerpolitico.mx\/#website"},"primaryImageOfPage":{"@id":"https:\/\/quehacerpolitico.mx\/?p=4670#primaryimage"},"image":{"@id":"https:\/\/quehacerpolitico.mx\/?p=4670#primaryimage"},"thumbnailUrl":"","datePublished":"2018-09-14T22:20:14+00:00","author":{"@id":"https:\/\/quehacerpolitico.mx\/#\/schema\/person\/496d8ad2d1d3f8036101dca7ee39e585"},"breadcrumb":{"@id":"https:\/\/quehacerpolitico.mx\/?p=4670#breadcrumb"},"inLanguage":"es","potentialAction":[{"@type":"ReadAction","target":["https:\/\/quehacerpolitico.mx\/?p=4670"]}]},{"@type":"ImageObject","inLanguage":"es","@id":"https:\/\/quehacerpolitico.mx\/?p=4670#primaryimage","url":"","contentUrl":""},{"@type":"BreadcrumbList","@id":"https:\/\/quehacerpolitico.mx\/?p=4670#breadcrumb","itemListElement":[{"@type":"ListItem","position":1,"name":"Inicio","item":"https:\/\/quehacerpolitico.mx\/"},{"@type":"ListItem","position":2,"name":"El Museo del Prado echa a una pareja que se desnud\u00f3 \u201ccontra la idea de g\u00e9nero\u201d ante cuadros de Ad\u00e1n y Eva"}]},{"@type":"WebSite","@id":"https:\/\/quehacerpolitico.mx\/#website","url":"https:\/\/quehacerpolitico.mx\/","name":"","description":"","potentialAction":[{"@type":"SearchAction","target":{"@type":"EntryPoint","urlTemplate":"https:\/\/quehacerpolitico.mx\/?s={search_term_string}"},"query-input":{"@type":"PropertyValueSpecification","valueRequired":true,"valueName":"search_term_string"}}],"inLanguage":"es"},{"@type":"Person","@id":"https:\/\/quehacerpolitico.mx\/#\/schema\/person\/496d8ad2d1d3f8036101dca7ee39e585","name":"Redacci\u00f3n QP","image":{"@type":"ImageObject","inLanguage":"es","@id":"https:\/\/secure.gravatar.com\/avatar\/c7164ed6fdec453195284ad24a5ae5b6e1eed2b848477fa2a4787ba9adf39a41?s=96&d=mm&r=g","url":"https:\/\/secure.gravatar.com\/avatar\/c7164ed6fdec453195284ad24a5ae5b6e1eed2b848477fa2a4787ba9adf39a41?s=96&d=mm&r=g","contentUrl":"https:\/\/secure.gravatar.com\/avatar\/c7164ed6fdec453195284ad24a5ae5b6e1eed2b848477fa2a4787ba9adf39a41?s=96&d=mm&r=g","caption":"Redacci\u00f3n QP"},"url":"https:\/\/quehacerpolitico.mx\/?author=2"}]}},"featured_image_urls":{"full":"","thumbnail":"","medium":"","medium_large":"","large":"","1536x1536":"","2048x2048":"","covernews-featured":"","covernews-medium":""},"author_info":{"display_name":"Redacci\u00f3n QP","author_link":"https:\/\/quehacerpolitico.mx\/?author=2"},"category_info":"<a href=\"https:\/\/quehacerpolitico.mx\/?cat=58\" rel=\"category\">Cultura y Entretenimiento<\/a>","tag_info":"Cultura y Entretenimiento","comment_count":"0","_links":{"self":[{"href":"https:\/\/quehacerpolitico.mx\/index.php?rest_route=\/wp\/v2\/posts\/4670","targetHints":{"allow":["GET"]}}],"collection":[{"href":"https:\/\/quehacerpolitico.mx\/index.php?rest_route=\/wp\/v2\/posts"}],"about":[{"href":"https:\/\/quehacerpolitico.mx\/index.php?rest_route=\/wp\/v2\/types\/post"}],"author":[{"embeddable":true,"href":"https:\/\/quehacerpolitico.mx\/index.php?rest_route=\/wp\/v2\/users\/2"}],"replies":[{"embeddable":true,"href":"https:\/\/quehacerpolitico.mx\/index.php?rest_route=%2Fwp%2Fv2%2Fcomments&post=4670"}],"version-history":[{"count":0,"href":"https:\/\/quehacerpolitico.mx\/index.php?rest_route=\/wp\/v2\/posts\/4670\/revisions"}],"wp:featuredmedia":[{"embeddable":true,"href":"https:\/\/quehacerpolitico.mx\/index.php?rest_route=\/"}],"wp:attachment":[{"href":"https:\/\/quehacerpolitico.mx\/index.php?rest_route=%2Fwp%2Fv2%2Fmedia&parent=4670"}],"wp:term":[{"taxonomy":"category","embeddable":true,"href":"https:\/\/quehacerpolitico.mx\/index.php?rest_route=%2Fwp%2Fv2%2Fcategories&post=4670"},{"taxonomy":"post_tag","embeddable":true,"href":"https:\/\/quehacerpolitico.mx\/index.php?rest_route=%2Fwp%2Fv2%2Ftags&post=4670"}],"curies":[{"name":"wp","href":"https:\/\/api.w.org\/{rel}","templated":true}]}}