{"id":46553,"date":"2019-12-06T15:35:35","date_gmt":"2019-12-06T15:35:35","guid":{"rendered":"http:\/\/quehacerpolitico.mx\/?p=46553"},"modified":"2019-12-06T15:35:35","modified_gmt":"2019-12-06T15:35:35","slug":"voces-del-periodista-desde-filomeno-mata-8-mouris-salloum-george-la-ley-bonilla-golpe-de-estado-tecnico","status":"publish","type":"post","link":"https:\/\/quehacerpolitico.mx\/?p=46553","title":{"rendered":"Voces del Periodista Desde Filomeno Mata 8\/\/\/Mouris Salloum George\/\/\/La \u201cLey Bonilla\u201d, golpe de Estado t\u00e9cnico"},"content":{"rendered":"<h1 class=\"entry-title penci-entry-title penci-title-\">La \u201cLey Bonilla\u201d, golpe de Estado t\u00e9cnico<br \/>\nPor Mouris Salloum George<\/h1>\n<p>Director General del Club de Periodistas de M\u00e9xico AC<\/p>\n<p>No lo dice literalmente en sus t\u00e9rminos la opini\u00f3n t\u00e9cnica respectiva, pero lo configura: La Sala Superior del Tribunal Electoral del Poder Judicial de la Federaci\u00f3n (TEPJF) tipific\u00f3 como inconstitucional el procedimiento legislativo del Congreso de Baja California por el que el mandato de <strong>Jaime Bonilla Valdez <\/strong>pretende extenderse de dos a cinco a\u00f1os.<\/p>\n<p>La cuesti\u00f3n trata de la coloquialmente llamada <strong><em>Ley Bonilla<\/em><\/strong>, un ordenamiento <strong><em>a la carta<\/em><\/strong>, surgido del pisoteo de la Constituci\u00f3n de aquella entidad y sostenido a contrapelo de los an\u00e1lisis que sobre el tema han hecho destacados constitucionalistas mexicanos.<\/p>\n<p>El centro de gravedad de ese conflicto es el recurso de <strong><em>controversia constitucional <\/em><\/strong>hecho llegar a la Suprema Corte de Justicia de la Nacional por las dirigencias de cuatro partidos pol\u00edticos nacionales.<\/p>\n<p>El asunto fue depositado en manos del togado <strong>Fernando Franco Gonz\u00e1lez Salas<\/strong>. En su condici\u00f3n de ministro ponente, fue quien solicit\u00f3 a los magistrados del TEPJF la opini\u00f3n t\u00e9cnica comentada, que se resume en este dictamen: <strong><em>Violaciones al procedimiento legislativo<\/em><\/strong>.<\/p>\n<p><strong>El Congreso de Baja California qued\u00f3 en la estacada<\/strong><\/p>\n<p>Est\u00e1 en manos del Tribunal Constitucional la resoluci\u00f3n \u00faltima. Si bien se trata, la anterior, de una opini\u00f3n, no estorba recordar que, en su \u00e1mbito, los mandatos de los magistrados electorales federales son <strong><em>definitivos e inatacables<\/em><\/strong>.<\/p>\n<p>El alegato de Bonilla Valdez y sus secuaces fue de suyo elemental: No obstante que la convocatoria a la elecci\u00f3n de gobernador estableci\u00f3 un periodo de dos a\u00f1os (aceptado por los contendientes), se reform\u00f3 la Constituci\u00f3n bajacaliforniana bajo el deleznable argumento de que ese periodo apenas servir\u00eda para llamar a nuevas elecciones, que implicar\u00eda nuevos costos.<\/p>\n<p>La Legislatura de Baja California <strong>qued\u00f3 en la estacada<\/strong>: Si la Primera Sala de la Corte apoya su sentencia en la opini\u00f3n de los magistrados electorales, ordenar\u00eda la reparaci\u00f3n de la transgresi\u00f3n. De no hacerlo, <strong>la contumacia<\/strong> puede ser <strong><em>penalizada<\/em><\/strong> por el Tribunal Constitucional, quien sabe si con la disoluci\u00f3n de la c\u00e1mara.<\/p>\n<p>Los efectos pol\u00edticos en el estado son de pron\u00f3stico reservado. Si se acata el mandato judicial es f\u00e1cil prevenir en las nuevas campa\u00f1as <strong><em>una cena de negros<\/em><\/strong>. A lo que conducen las pretensiones caciquiles.<\/p>\n","protected":false},"excerpt":{"rendered":"<p>La \u201cLey Bonilla\u201d, golpe de Estado t\u00e9cnico Por Mouris Salloum George Director General del Club&#8230;<\/p>\n","protected":false},"author":2,"featured_media":46554,"comment_status":"open","ping_status":"open","sticky":false,"template":"","format":"standard","meta":{"_monsterinsights_skip_tracking":false,"_monsterinsights_sitenote_active":false,"_monsterinsights_sitenote_note":"","_monsterinsights_sitenote_category":0,"footnotes":""},"categories":[2],"tags":[],"class_list":["post-46553","post","type-post","status-publish","format-standard","has-post-thumbnail","hentry","category-noticias"],"yoast_head":"<!-- This site is optimized with the Yoast SEO plugin v27.3 - https:\/\/yoast.com\/product\/yoast-seo-wordpress\/ -->\n<title>Voces del Periodista Desde Filomeno Mata 8\/\/\/Mouris Salloum George\/\/\/La \u201cLey Bonilla\u201d, golpe de Estado t\u00e9cnico -<\/title>\n<meta name=\"robots\" content=\"index, follow, max-snippet:-1, max-image-preview:large, max-video-preview:-1\" \/>\n<link rel=\"canonical\" href=\"https:\/\/quehacerpolitico.mx\/?p=46553\" \/>\n<meta property=\"og:locale\" content=\"es_MX\" \/>\n<meta property=\"og:type\" content=\"article\" \/>\n<meta property=\"og:title\" content=\"Voces del Periodista Desde Filomeno Mata 8\/\/\/Mouris Salloum George\/\/\/La \u201cLey Bonilla\u201d, golpe de Estado t\u00e9cnico -\" \/>\n<meta property=\"og:description\" content=\"La \u201cLey Bonilla\u201d, golpe de Estado t\u00e9cnico Por Mouris Salloum George Director General del Club...\" \/>\n<meta property=\"og:url\" content=\"https:\/\/quehacerpolitico.mx\/?p=46553\" \/>\n<meta property=\"article:published_time\" content=\"2019-12-06T15:35:35+00:00\" \/>\n<meta name=\"author\" content=\"Redacci\u00f3n QP\" \/>\n<meta name=\"twitter:card\" content=\"summary_large_image\" \/>\n<meta name=\"twitter:label1\" content=\"Escrito por\" \/>\n\t<meta name=\"twitter:data1\" content=\"Redacci\u00f3n QP\" \/>\n\t<meta name=\"twitter:label2\" content=\"Tiempo de lectura\" \/>\n\t<meta name=\"twitter:data2\" content=\"2 minutos\" \/>\n<script type=\"application\/ld+json\" class=\"yoast-schema-graph\">{\"@context\":\"https:\\\/\\\/schema.org\",\"@graph\":[{\"@type\":\"Article\",\"@id\":\"https:\\\/\\\/quehacerpolitico.mx\\\/?p=46553#article\",\"isPartOf\":{\"@id\":\"https:\\\/\\\/quehacerpolitico.mx\\\/?p=46553\"},\"author\":{\"name\":\"Redacci\u00f3n QP\",\"@id\":\"https:\\\/\\\/quehacerpolitico.mx\\\/#\\\/schema\\\/person\\\/496d8ad2d1d3f8036101dca7ee39e585\"},\"headline\":\"Voces del Periodista Desde Filomeno Mata 8\\\/\\\/\\\/Mouris Salloum George\\\/\\\/\\\/La \u201cLey Bonilla\u201d, golpe de Estado t\u00e9cnico\",\"datePublished\":\"2019-12-06T15:35:35+00:00\",\"mainEntityOfPage\":{\"@id\":\"https:\\\/\\\/quehacerpolitico.mx\\\/?p=46553\"},\"wordCount\":422,\"commentCount\":0,\"image\":{\"@id\":\"https:\\\/\\\/quehacerpolitico.mx\\\/?p=46553#primaryimage\"},\"thumbnailUrl\":\"\",\"articleSection\":[\"Noticias\"],\"inLanguage\":\"es\",\"potentialAction\":[{\"@type\":\"CommentAction\",\"name\":\"Comment\",\"target\":[\"https:\\\/\\\/quehacerpolitico.mx\\\/?p=46553#respond\"]}]},{\"@type\":\"WebPage\",\"@id\":\"https:\\\/\\\/quehacerpolitico.mx\\\/?p=46553\",\"url\":\"https:\\\/\\\/quehacerpolitico.mx\\\/?p=46553\",\"name\":\"Voces del Periodista Desde Filomeno Mata 8\\\/\\\/\\\/Mouris Salloum George\\\/\\\/\\\/La \u201cLey Bonilla\u201d, golpe de Estado t\u00e9cnico -\",\"isPartOf\":{\"@id\":\"https:\\\/\\\/quehacerpolitico.mx\\\/#website\"},\"primaryImageOfPage\":{\"@id\":\"https:\\\/\\\/quehacerpolitico.mx\\\/?p=46553#primaryimage\"},\"image\":{\"@id\":\"https:\\\/\\\/quehacerpolitico.mx\\\/?p=46553#primaryimage\"},\"thumbnailUrl\":\"\",\"datePublished\":\"2019-12-06T15:35:35+00:00\",\"author\":{\"@id\":\"https:\\\/\\\/quehacerpolitico.mx\\\/#\\\/schema\\\/person\\\/496d8ad2d1d3f8036101dca7ee39e585\"},\"breadcrumb\":{\"@id\":\"https:\\\/\\\/quehacerpolitico.mx\\\/?p=46553#breadcrumb\"},\"inLanguage\":\"es\",\"potentialAction\":[{\"@type\":\"ReadAction\",\"target\":[\"https:\\\/\\\/quehacerpolitico.mx\\\/?p=46553\"]}]},{\"@type\":\"ImageObject\",\"inLanguage\":\"es\",\"@id\":\"https:\\\/\\\/quehacerpolitico.mx\\\/?p=46553#primaryimage\",\"url\":\"\",\"contentUrl\":\"\"},{\"@type\":\"BreadcrumbList\",\"@id\":\"https:\\\/\\\/quehacerpolitico.mx\\\/?p=46553#breadcrumb\",\"itemListElement\":[{\"@type\":\"ListItem\",\"position\":1,\"name\":\"Inicio\",\"item\":\"https:\\\/\\\/quehacerpolitico.mx\\\/\"},{\"@type\":\"ListItem\",\"position\":2,\"name\":\"Voces del Periodista Desde Filomeno Mata 8\\\/\\\/\\\/Mouris Salloum George\\\/\\\/\\\/La \u201cLey Bonilla\u201d, golpe de Estado t\u00e9cnico\"}]},{\"@type\":\"WebSite\",\"@id\":\"https:\\\/\\\/quehacerpolitico.mx\\\/#website\",\"url\":\"https:\\\/\\\/quehacerpolitico.mx\\\/\",\"name\":\"\",\"description\":\"\",\"potentialAction\":[{\"@type\":\"SearchAction\",\"target\":{\"@type\":\"EntryPoint\",\"urlTemplate\":\"https:\\\/\\\/quehacerpolitico.mx\\\/?s={search_term_string}\"},\"query-input\":{\"@type\":\"PropertyValueSpecification\",\"valueRequired\":true,\"valueName\":\"search_term_string\"}}],\"inLanguage\":\"es\"},{\"@type\":\"Person\",\"@id\":\"https:\\\/\\\/quehacerpolitico.mx\\\/#\\\/schema\\\/person\\\/496d8ad2d1d3f8036101dca7ee39e585\",\"name\":\"Redacci\u00f3n QP\",\"image\":{\"@type\":\"ImageObject\",\"inLanguage\":\"es\",\"@id\":\"https:\\\/\\\/secure.gravatar.com\\\/avatar\\\/c7164ed6fdec453195284ad24a5ae5b6e1eed2b848477fa2a4787ba9adf39a41?s=96&d=mm&r=g\",\"url\":\"https:\\\/\\\/secure.gravatar.com\\\/avatar\\\/c7164ed6fdec453195284ad24a5ae5b6e1eed2b848477fa2a4787ba9adf39a41?s=96&d=mm&r=g\",\"contentUrl\":\"https:\\\/\\\/secure.gravatar.com\\\/avatar\\\/c7164ed6fdec453195284ad24a5ae5b6e1eed2b848477fa2a4787ba9adf39a41?s=96&d=mm&r=g\",\"caption\":\"Redacci\u00f3n QP\"},\"url\":\"https:\\\/\\\/quehacerpolitico.mx\\\/?author=2\"}]}<\/script>\n<!-- \/ Yoast SEO plugin. -->","yoast_head_json":{"title":"Voces del Periodista Desde Filomeno Mata 8\/\/\/Mouris Salloum George\/\/\/La \u201cLey Bonilla\u201d, golpe de Estado t\u00e9cnico -","robots":{"index":"index","follow":"follow","max-snippet":"max-snippet:-1","max-image-preview":"max-image-preview:large","max-video-preview":"max-video-preview:-1"},"canonical":"https:\/\/quehacerpolitico.mx\/?p=46553","og_locale":"es_MX","og_type":"article","og_title":"Voces del Periodista Desde Filomeno Mata 8\/\/\/Mouris Salloum George\/\/\/La \u201cLey Bonilla\u201d, golpe de Estado t\u00e9cnico -","og_description":"La \u201cLey Bonilla\u201d, golpe de Estado t\u00e9cnico Por Mouris Salloum George Director General del Club...","og_url":"https:\/\/quehacerpolitico.mx\/?p=46553","article_published_time":"2019-12-06T15:35:35+00:00","author":"Redacci\u00f3n QP","twitter_card":"summary_large_image","twitter_misc":{"Escrito por":"Redacci\u00f3n QP","Tiempo de lectura":"2 minutos"},"schema":{"@context":"https:\/\/schema.org","@graph":[{"@type":"Article","@id":"https:\/\/quehacerpolitico.mx\/?p=46553#article","isPartOf":{"@id":"https:\/\/quehacerpolitico.mx\/?p=46553"},"author":{"name":"Redacci\u00f3n QP","@id":"https:\/\/quehacerpolitico.mx\/#\/schema\/person\/496d8ad2d1d3f8036101dca7ee39e585"},"headline":"Voces del Periodista Desde Filomeno Mata 8\/\/\/Mouris Salloum George\/\/\/La \u201cLey Bonilla\u201d, golpe de Estado t\u00e9cnico","datePublished":"2019-12-06T15:35:35+00:00","mainEntityOfPage":{"@id":"https:\/\/quehacerpolitico.mx\/?p=46553"},"wordCount":422,"commentCount":0,"image":{"@id":"https:\/\/quehacerpolitico.mx\/?p=46553#primaryimage"},"thumbnailUrl":"","articleSection":["Noticias"],"inLanguage":"es","potentialAction":[{"@type":"CommentAction","name":"Comment","target":["https:\/\/quehacerpolitico.mx\/?p=46553#respond"]}]},{"@type":"WebPage","@id":"https:\/\/quehacerpolitico.mx\/?p=46553","url":"https:\/\/quehacerpolitico.mx\/?p=46553","name":"Voces del Periodista Desde Filomeno Mata 8\/\/\/Mouris Salloum George\/\/\/La \u201cLey Bonilla\u201d, golpe de Estado t\u00e9cnico -","isPartOf":{"@id":"https:\/\/quehacerpolitico.mx\/#website"},"primaryImageOfPage":{"@id":"https:\/\/quehacerpolitico.mx\/?p=46553#primaryimage"},"image":{"@id":"https:\/\/quehacerpolitico.mx\/?p=46553#primaryimage"},"thumbnailUrl":"","datePublished":"2019-12-06T15:35:35+00:00","author":{"@id":"https:\/\/quehacerpolitico.mx\/#\/schema\/person\/496d8ad2d1d3f8036101dca7ee39e585"},"breadcrumb":{"@id":"https:\/\/quehacerpolitico.mx\/?p=46553#breadcrumb"},"inLanguage":"es","potentialAction":[{"@type":"ReadAction","target":["https:\/\/quehacerpolitico.mx\/?p=46553"]}]},{"@type":"ImageObject","inLanguage":"es","@id":"https:\/\/quehacerpolitico.mx\/?p=46553#primaryimage","url":"","contentUrl":""},{"@type":"BreadcrumbList","@id":"https:\/\/quehacerpolitico.mx\/?p=46553#breadcrumb","itemListElement":[{"@type":"ListItem","position":1,"name":"Inicio","item":"https:\/\/quehacerpolitico.mx\/"},{"@type":"ListItem","position":2,"name":"Voces del Periodista Desde Filomeno Mata 8\/\/\/Mouris Salloum George\/\/\/La \u201cLey Bonilla\u201d, golpe de Estado t\u00e9cnico"}]},{"@type":"WebSite","@id":"https:\/\/quehacerpolitico.mx\/#website","url":"https:\/\/quehacerpolitico.mx\/","name":"","description":"","potentialAction":[{"@type":"SearchAction","target":{"@type":"EntryPoint","urlTemplate":"https:\/\/quehacerpolitico.mx\/?s={search_term_string}"},"query-input":{"@type":"PropertyValueSpecification","valueRequired":true,"valueName":"search_term_string"}}],"inLanguage":"es"},{"@type":"Person","@id":"https:\/\/quehacerpolitico.mx\/#\/schema\/person\/496d8ad2d1d3f8036101dca7ee39e585","name":"Redacci\u00f3n QP","image":{"@type":"ImageObject","inLanguage":"es","@id":"https:\/\/secure.gravatar.com\/avatar\/c7164ed6fdec453195284ad24a5ae5b6e1eed2b848477fa2a4787ba9adf39a41?s=96&d=mm&r=g","url":"https:\/\/secure.gravatar.com\/avatar\/c7164ed6fdec453195284ad24a5ae5b6e1eed2b848477fa2a4787ba9adf39a41?s=96&d=mm&r=g","contentUrl":"https:\/\/secure.gravatar.com\/avatar\/c7164ed6fdec453195284ad24a5ae5b6e1eed2b848477fa2a4787ba9adf39a41?s=96&d=mm&r=g","caption":"Redacci\u00f3n QP"},"url":"https:\/\/quehacerpolitico.mx\/?author=2"}]}},"featured_image_urls":{"full":"","thumbnail":"","medium":"","medium_large":"","large":"","1536x1536":"","2048x2048":"","covernews-featured":"","covernews-medium":""},"author_info":{"display_name":"Redacci\u00f3n QP","author_link":"https:\/\/quehacerpolitico.mx\/?author=2"},"category_info":"<a href=\"https:\/\/quehacerpolitico.mx\/?cat=2\" rel=\"category\">Noticias<\/a>","tag_info":"Noticias","comment_count":"0","_links":{"self":[{"href":"https:\/\/quehacerpolitico.mx\/index.php?rest_route=\/wp\/v2\/posts\/46553","targetHints":{"allow":["GET"]}}],"collection":[{"href":"https:\/\/quehacerpolitico.mx\/index.php?rest_route=\/wp\/v2\/posts"}],"about":[{"href":"https:\/\/quehacerpolitico.mx\/index.php?rest_route=\/wp\/v2\/types\/post"}],"author":[{"embeddable":true,"href":"https:\/\/quehacerpolitico.mx\/index.php?rest_route=\/wp\/v2\/users\/2"}],"replies":[{"embeddable":true,"href":"https:\/\/quehacerpolitico.mx\/index.php?rest_route=%2Fwp%2Fv2%2Fcomments&post=46553"}],"version-history":[{"count":0,"href":"https:\/\/quehacerpolitico.mx\/index.php?rest_route=\/wp\/v2\/posts\/46553\/revisions"}],"wp:featuredmedia":[{"embeddable":true,"href":"https:\/\/quehacerpolitico.mx\/index.php?rest_route=\/"}],"wp:attachment":[{"href":"https:\/\/quehacerpolitico.mx\/index.php?rest_route=%2Fwp%2Fv2%2Fmedia&parent=46553"}],"wp:term":[{"taxonomy":"category","embeddable":true,"href":"https:\/\/quehacerpolitico.mx\/index.php?rest_route=%2Fwp%2Fv2%2Fcategories&post=46553"},{"taxonomy":"post_tag","embeddable":true,"href":"https:\/\/quehacerpolitico.mx\/index.php?rest_route=%2Fwp%2Fv2%2Ftags&post=46553"}],"curies":[{"name":"wp","href":"https:\/\/api.w.org\/{rel}","templated":true}]}}