{"id":45952,"date":"2019-11-30T00:30:44","date_gmt":"2019-11-30T00:30:44","guid":{"rendered":"http:\/\/quehacerpolitico.mx\/?p=45952"},"modified":"2019-11-30T00:30:44","modified_gmt":"2019-11-30T00:30:44","slug":"dobleces-israel-mendoza-perez-las-desgracias-de-robles","status":"publish","type":"post","link":"https:\/\/quehacerpolitico.mx\/?p=45952","title":{"rendered":"Dobleces\/\/\/Israel Mendoza P\u00e9rez\/\/\/Las desgracias de Robles"},"content":{"rendered":"<h1 class=\"fSize30\">Las desgracias de Robles<br \/>\nPor Israel Mendoza P\u00e9rez<\/h1>\n<p data-removefontsize=\"true\" data-originalcomputedfontsize=\"16\">La presi\u00f3n y el peso del Estado en contra de\u00a0<b data-removefontsize=\"true\" data-originalcomputedfontsize=\"16\">Rosario Robles<\/b>, encabezado por Morena, viene de un par a\u00f1os atr\u00e1s de los videoesc\u00e1ndalos de 2004. Ella, en la actualidad, encarna el mayor desprecio por parte de los integrantes del partido en el poder. Ahora al iniciar juicio pol\u00edtico contra la extitular de Sedesol se exhibe la obsesiva persecusi\u00f3n en su contra. La consigna es que debe pagar sus acciones \u201ctraicioneras\u201d del pasado.<\/p>\n<p data-removefontsize=\"true\" data-originalcomputedfontsize=\"16\">Al conocer las intensiones del legislativo sobre Robles Berlanga, su equipo de abogados se\u00f1al\u00f3 que el juicio politico, contra Rosario Robles es un \u201cJuicio de Estado\u201d que se ha orquestado desde los tres Poderes de la Uni\u00f3n; con la intenci\u00f3n; no s\u00f3lo de mantenerla arbitrariamente en prisi\u00f3n, sino para borrarla del mapa pol\u00edtico nacional y principalmente condenarla de forma anticipada, sin que haya un proceso judicial de por medio.<\/p>\n<p data-removefontsize=\"true\" data-originalcomputedfontsize=\"16\">En todo caso, Morena debe llevar al banquillo \u2014en los pr\u00f3ximos meses\u2014 a m\u00e1s personajes del periodo neoliberal de lo contrario, el caso Robles quedar\u00e1 marcado como el de la consigna personal y la\u00a0<i data-removefontsize=\"true\" data-originalcomputedfontsize=\"16\">vendetta<\/i>. Pero eso s\u00f3lo lo saben personajes como la diputada <b data-removefontsize=\"true\" data-originalcomputedfontsize=\"16\">Tatiana Clouthier<\/b> quien reactiv\u00f3 la demanda de juicio pol\u00edtico contra la extitular de Sedatu, por ello es que Morena tiene en el encordado a Robles Berlanga.<\/p>\n<p data-removefontsize=\"true\" data-originalcomputedfontsize=\"16\">Y es que la caballada legislativa en San L\u00e1zaro est\u00e1 lista para llevar hasta los extremos el caso de Rosario Robles por el caso de la Estafa Maestra. Aunque detr\u00e1s de esta nueva acci\u00f3n en contra de la carrera de la exjefa de Gobierno, se encuentra un antecedente de molestia que se mantiene fresco desde su paso por la Jefatura de Gobierno y luego al frente del PRD.<\/p>\n<p data-removefontsize=\"true\" data-originalcomputedfontsize=\"16\">Terminaba agosto de 2002 y las portadas de los principales diarios mostraban a una sonriente Rosario Robles, en aquel entonces dirigente del PRD, junto a su hom\u00f3logo del PRI, <b data-removefontsize=\"true\" data-originalcomputedfontsize=\"16\">Roberto Madrazo Pintado<\/b>, tras la firma del Acuerdo Pol\u00edtico por M\u00e9xico. Ese momento pol\u00edtico provoc\u00f3 el enojo del entonces Jefe de Gobierno, <b data-removefontsize=\"true\" data-originalcomputedfontsize=\"16\">Andr\u00e9s Manuel L\u00f3pez Obrador<\/b>; con ello vino la ruptura definitiva con Robles. Lo dem\u00e1s fueron gotas de coraje sumadas a la hiel.<\/p>\n<p data-removefontsize=\"true\" data-originalcomputedfontsize=\"16\">El desplante del exjefe de Gobierno fue monumental, de acuerdo con testigos de ese pasaje. Sin titubeos cuestion\u00f3: \u00bfPara qui\u00e9n juega Rosario? \u00bfQu\u00e9 no sabe que Madrazo es mi enemigo, que representa a <b data-removefontsize=\"true\" data-originalcomputedfontsize=\"16\">Salinas<\/b>? \u00bfPor qu\u00e9 no me avis\u00f3? A partir de ese d\u00eda, L\u00f3pez Obrador no volvi\u00f3 a tomarle la llamada a la presidenta nacional del partido del sol azteca.<\/p>\n<p data-removefontsize=\"true\" data-originalcomputedfontsize=\"16\">Ahora, a 17 a\u00f1os de distancia, la confrontaci\u00f3n vuelve, pero le cobran a Robles un pasado que gener\u00f3 a la postre la ruptura del partido que los aglutinaba.<\/p>\n<p data-removefontsize=\"true\" data-originalcomputedfontsize=\"16\">Sus abogados advierten que \u201cla venganza pol\u00edtica se refuerza al quedar comprobado que el Poder Legislativo pretende emitir una sentencia anticipada en contra de Rosario Robles a\u00fan y cuando los tribunales correspondientes no han concluido el proceso judicial\u201d.<\/p>\n<p data-removefontsize=\"true\" data-originalcomputedfontsize=\"16\">Y los legisladores asestaron el golpe final al ratificar la procedencia de un juicio pol\u00edtico contra la exfuncionaria federal Rosario Robles, y a m\u00e1s tardar en marzo quedar\u00e1 resuelto ese procedimiento y el descenlace hasta obvio se prev\u00e9.<\/p>\n","protected":false},"excerpt":{"rendered":"<p>Las desgracias de Robles Por Israel Mendoza P\u00e9rez La presi\u00f3n y el peso del Estado&#8230;<\/p>\n","protected":false},"author":2,"featured_media":45953,"comment_status":"open","ping_status":"open","sticky":false,"template":"","format":"standard","meta":{"_monsterinsights_skip_tracking":false,"_monsterinsights_sitenote_active":false,"_monsterinsights_sitenote_note":"","_monsterinsights_sitenote_category":0,"footnotes":""},"categories":[2],"tags":[],"class_list":["post-45952","post","type-post","status-publish","format-standard","has-post-thumbnail","hentry","category-noticias"],"yoast_head":"<!-- This site is optimized with the Yoast SEO plugin v27.3 - https:\/\/yoast.com\/product\/yoast-seo-wordpress\/ -->\n<title>Dobleces\/\/\/Israel Mendoza P\u00e9rez\/\/\/Las desgracias de Robles -<\/title>\n<meta name=\"robots\" content=\"index, follow, max-snippet:-1, max-image-preview:large, max-video-preview:-1\" \/>\n<link rel=\"canonical\" href=\"https:\/\/quehacerpolitico.mx\/?p=45952\" \/>\n<meta property=\"og:locale\" content=\"es_MX\" \/>\n<meta property=\"og:type\" content=\"article\" \/>\n<meta property=\"og:title\" content=\"Dobleces\/\/\/Israel Mendoza P\u00e9rez\/\/\/Las desgracias de Robles -\" \/>\n<meta property=\"og:description\" content=\"Las desgracias de Robles Por Israel Mendoza P\u00e9rez La presi\u00f3n y el peso del Estado...\" \/>\n<meta property=\"og:url\" content=\"https:\/\/quehacerpolitico.mx\/?p=45952\" \/>\n<meta property=\"article:published_time\" content=\"2019-11-30T00:30:44+00:00\" \/>\n<meta name=\"author\" content=\"Redacci\u00f3n QP\" \/>\n<meta name=\"twitter:card\" content=\"summary_large_image\" \/>\n<meta name=\"twitter:label1\" content=\"Escrito por\" \/>\n\t<meta name=\"twitter:data1\" content=\"Redacci\u00f3n QP\" \/>\n\t<meta name=\"twitter:label2\" content=\"Tiempo de lectura\" \/>\n\t<meta name=\"twitter:data2\" content=\"3 minutos\" \/>\n<script type=\"application\/ld+json\" class=\"yoast-schema-graph\">{\"@context\":\"https:\\\/\\\/schema.org\",\"@graph\":[{\"@type\":\"Article\",\"@id\":\"https:\\\/\\\/quehacerpolitico.mx\\\/?p=45952#article\",\"isPartOf\":{\"@id\":\"https:\\\/\\\/quehacerpolitico.mx\\\/?p=45952\"},\"author\":{\"name\":\"Redacci\u00f3n QP\",\"@id\":\"https:\\\/\\\/quehacerpolitico.mx\\\/#\\\/schema\\\/person\\\/496d8ad2d1d3f8036101dca7ee39e585\"},\"headline\":\"Dobleces\\\/\\\/\\\/Israel Mendoza P\u00e9rez\\\/\\\/\\\/Las desgracias de Robles\",\"datePublished\":\"2019-11-30T00:30:44+00:00\",\"mainEntityOfPage\":{\"@id\":\"https:\\\/\\\/quehacerpolitico.mx\\\/?p=45952\"},\"wordCount\":568,\"commentCount\":0,\"image\":{\"@id\":\"https:\\\/\\\/quehacerpolitico.mx\\\/?p=45952#primaryimage\"},\"thumbnailUrl\":\"\",\"articleSection\":[\"Noticias\"],\"inLanguage\":\"es\",\"potentialAction\":[{\"@type\":\"CommentAction\",\"name\":\"Comment\",\"target\":[\"https:\\\/\\\/quehacerpolitico.mx\\\/?p=45952#respond\"]}]},{\"@type\":\"WebPage\",\"@id\":\"https:\\\/\\\/quehacerpolitico.mx\\\/?p=45952\",\"url\":\"https:\\\/\\\/quehacerpolitico.mx\\\/?p=45952\",\"name\":\"Dobleces\\\/\\\/\\\/Israel Mendoza P\u00e9rez\\\/\\\/\\\/Las desgracias de Robles -\",\"isPartOf\":{\"@id\":\"https:\\\/\\\/quehacerpolitico.mx\\\/#website\"},\"primaryImageOfPage\":{\"@id\":\"https:\\\/\\\/quehacerpolitico.mx\\\/?p=45952#primaryimage\"},\"image\":{\"@id\":\"https:\\\/\\\/quehacerpolitico.mx\\\/?p=45952#primaryimage\"},\"thumbnailUrl\":\"\",\"datePublished\":\"2019-11-30T00:30:44+00:00\",\"author\":{\"@id\":\"https:\\\/\\\/quehacerpolitico.mx\\\/#\\\/schema\\\/person\\\/496d8ad2d1d3f8036101dca7ee39e585\"},\"breadcrumb\":{\"@id\":\"https:\\\/\\\/quehacerpolitico.mx\\\/?p=45952#breadcrumb\"},\"inLanguage\":\"es\",\"potentialAction\":[{\"@type\":\"ReadAction\",\"target\":[\"https:\\\/\\\/quehacerpolitico.mx\\\/?p=45952\"]}]},{\"@type\":\"ImageObject\",\"inLanguage\":\"es\",\"@id\":\"https:\\\/\\\/quehacerpolitico.mx\\\/?p=45952#primaryimage\",\"url\":\"\",\"contentUrl\":\"\"},{\"@type\":\"BreadcrumbList\",\"@id\":\"https:\\\/\\\/quehacerpolitico.mx\\\/?p=45952#breadcrumb\",\"itemListElement\":[{\"@type\":\"ListItem\",\"position\":1,\"name\":\"Inicio\",\"item\":\"https:\\\/\\\/quehacerpolitico.mx\\\/\"},{\"@type\":\"ListItem\",\"position\":2,\"name\":\"Dobleces\\\/\\\/\\\/Israel Mendoza P\u00e9rez\\\/\\\/\\\/Las desgracias de Robles\"}]},{\"@type\":\"WebSite\",\"@id\":\"https:\\\/\\\/quehacerpolitico.mx\\\/#website\",\"url\":\"https:\\\/\\\/quehacerpolitico.mx\\\/\",\"name\":\"\",\"description\":\"\",\"potentialAction\":[{\"@type\":\"SearchAction\",\"target\":{\"@type\":\"EntryPoint\",\"urlTemplate\":\"https:\\\/\\\/quehacerpolitico.mx\\\/?s={search_term_string}\"},\"query-input\":{\"@type\":\"PropertyValueSpecification\",\"valueRequired\":true,\"valueName\":\"search_term_string\"}}],\"inLanguage\":\"es\"},{\"@type\":\"Person\",\"@id\":\"https:\\\/\\\/quehacerpolitico.mx\\\/#\\\/schema\\\/person\\\/496d8ad2d1d3f8036101dca7ee39e585\",\"name\":\"Redacci\u00f3n QP\",\"image\":{\"@type\":\"ImageObject\",\"inLanguage\":\"es\",\"@id\":\"https:\\\/\\\/secure.gravatar.com\\\/avatar\\\/c7164ed6fdec453195284ad24a5ae5b6e1eed2b848477fa2a4787ba9adf39a41?s=96&d=mm&r=g\",\"url\":\"https:\\\/\\\/secure.gravatar.com\\\/avatar\\\/c7164ed6fdec453195284ad24a5ae5b6e1eed2b848477fa2a4787ba9adf39a41?s=96&d=mm&r=g\",\"contentUrl\":\"https:\\\/\\\/secure.gravatar.com\\\/avatar\\\/c7164ed6fdec453195284ad24a5ae5b6e1eed2b848477fa2a4787ba9adf39a41?s=96&d=mm&r=g\",\"caption\":\"Redacci\u00f3n QP\"},\"url\":\"https:\\\/\\\/quehacerpolitico.mx\\\/?author=2\"}]}<\/script>\n<!-- \/ Yoast SEO plugin. -->","yoast_head_json":{"title":"Dobleces\/\/\/Israel Mendoza P\u00e9rez\/\/\/Las desgracias de Robles -","robots":{"index":"index","follow":"follow","max-snippet":"max-snippet:-1","max-image-preview":"max-image-preview:large","max-video-preview":"max-video-preview:-1"},"canonical":"https:\/\/quehacerpolitico.mx\/?p=45952","og_locale":"es_MX","og_type":"article","og_title":"Dobleces\/\/\/Israel Mendoza P\u00e9rez\/\/\/Las desgracias de Robles -","og_description":"Las desgracias de Robles Por Israel Mendoza P\u00e9rez La presi\u00f3n y el peso del Estado...","og_url":"https:\/\/quehacerpolitico.mx\/?p=45952","article_published_time":"2019-11-30T00:30:44+00:00","author":"Redacci\u00f3n QP","twitter_card":"summary_large_image","twitter_misc":{"Escrito por":"Redacci\u00f3n QP","Tiempo de lectura":"3 minutos"},"schema":{"@context":"https:\/\/schema.org","@graph":[{"@type":"Article","@id":"https:\/\/quehacerpolitico.mx\/?p=45952#article","isPartOf":{"@id":"https:\/\/quehacerpolitico.mx\/?p=45952"},"author":{"name":"Redacci\u00f3n QP","@id":"https:\/\/quehacerpolitico.mx\/#\/schema\/person\/496d8ad2d1d3f8036101dca7ee39e585"},"headline":"Dobleces\/\/\/Israel Mendoza P\u00e9rez\/\/\/Las desgracias de Robles","datePublished":"2019-11-30T00:30:44+00:00","mainEntityOfPage":{"@id":"https:\/\/quehacerpolitico.mx\/?p=45952"},"wordCount":568,"commentCount":0,"image":{"@id":"https:\/\/quehacerpolitico.mx\/?p=45952#primaryimage"},"thumbnailUrl":"","articleSection":["Noticias"],"inLanguage":"es","potentialAction":[{"@type":"CommentAction","name":"Comment","target":["https:\/\/quehacerpolitico.mx\/?p=45952#respond"]}]},{"@type":"WebPage","@id":"https:\/\/quehacerpolitico.mx\/?p=45952","url":"https:\/\/quehacerpolitico.mx\/?p=45952","name":"Dobleces\/\/\/Israel Mendoza P\u00e9rez\/\/\/Las desgracias de Robles -","isPartOf":{"@id":"https:\/\/quehacerpolitico.mx\/#website"},"primaryImageOfPage":{"@id":"https:\/\/quehacerpolitico.mx\/?p=45952#primaryimage"},"image":{"@id":"https:\/\/quehacerpolitico.mx\/?p=45952#primaryimage"},"thumbnailUrl":"","datePublished":"2019-11-30T00:30:44+00:00","author":{"@id":"https:\/\/quehacerpolitico.mx\/#\/schema\/person\/496d8ad2d1d3f8036101dca7ee39e585"},"breadcrumb":{"@id":"https:\/\/quehacerpolitico.mx\/?p=45952#breadcrumb"},"inLanguage":"es","potentialAction":[{"@type":"ReadAction","target":["https:\/\/quehacerpolitico.mx\/?p=45952"]}]},{"@type":"ImageObject","inLanguage":"es","@id":"https:\/\/quehacerpolitico.mx\/?p=45952#primaryimage","url":"","contentUrl":""},{"@type":"BreadcrumbList","@id":"https:\/\/quehacerpolitico.mx\/?p=45952#breadcrumb","itemListElement":[{"@type":"ListItem","position":1,"name":"Inicio","item":"https:\/\/quehacerpolitico.mx\/"},{"@type":"ListItem","position":2,"name":"Dobleces\/\/\/Israel Mendoza P\u00e9rez\/\/\/Las desgracias de Robles"}]},{"@type":"WebSite","@id":"https:\/\/quehacerpolitico.mx\/#website","url":"https:\/\/quehacerpolitico.mx\/","name":"","description":"","potentialAction":[{"@type":"SearchAction","target":{"@type":"EntryPoint","urlTemplate":"https:\/\/quehacerpolitico.mx\/?s={search_term_string}"},"query-input":{"@type":"PropertyValueSpecification","valueRequired":true,"valueName":"search_term_string"}}],"inLanguage":"es"},{"@type":"Person","@id":"https:\/\/quehacerpolitico.mx\/#\/schema\/person\/496d8ad2d1d3f8036101dca7ee39e585","name":"Redacci\u00f3n QP","image":{"@type":"ImageObject","inLanguage":"es","@id":"https:\/\/secure.gravatar.com\/avatar\/c7164ed6fdec453195284ad24a5ae5b6e1eed2b848477fa2a4787ba9adf39a41?s=96&d=mm&r=g","url":"https:\/\/secure.gravatar.com\/avatar\/c7164ed6fdec453195284ad24a5ae5b6e1eed2b848477fa2a4787ba9adf39a41?s=96&d=mm&r=g","contentUrl":"https:\/\/secure.gravatar.com\/avatar\/c7164ed6fdec453195284ad24a5ae5b6e1eed2b848477fa2a4787ba9adf39a41?s=96&d=mm&r=g","caption":"Redacci\u00f3n QP"},"url":"https:\/\/quehacerpolitico.mx\/?author=2"}]}},"featured_image_urls":{"full":"","thumbnail":"","medium":"","medium_large":"","large":"","1536x1536":"","2048x2048":"","covernews-featured":"","covernews-medium":""},"author_info":{"display_name":"Redacci\u00f3n QP","author_link":"https:\/\/quehacerpolitico.mx\/?author=2"},"category_info":"<a href=\"https:\/\/quehacerpolitico.mx\/?cat=2\" rel=\"category\">Noticias<\/a>","tag_info":"Noticias","comment_count":"0","_links":{"self":[{"href":"https:\/\/quehacerpolitico.mx\/index.php?rest_route=\/wp\/v2\/posts\/45952","targetHints":{"allow":["GET"]}}],"collection":[{"href":"https:\/\/quehacerpolitico.mx\/index.php?rest_route=\/wp\/v2\/posts"}],"about":[{"href":"https:\/\/quehacerpolitico.mx\/index.php?rest_route=\/wp\/v2\/types\/post"}],"author":[{"embeddable":true,"href":"https:\/\/quehacerpolitico.mx\/index.php?rest_route=\/wp\/v2\/users\/2"}],"replies":[{"embeddable":true,"href":"https:\/\/quehacerpolitico.mx\/index.php?rest_route=%2Fwp%2Fv2%2Fcomments&post=45952"}],"version-history":[{"count":0,"href":"https:\/\/quehacerpolitico.mx\/index.php?rest_route=\/wp\/v2\/posts\/45952\/revisions"}],"wp:featuredmedia":[{"embeddable":true,"href":"https:\/\/quehacerpolitico.mx\/index.php?rest_route=\/"}],"wp:attachment":[{"href":"https:\/\/quehacerpolitico.mx\/index.php?rest_route=%2Fwp%2Fv2%2Fmedia&parent=45952"}],"wp:term":[{"taxonomy":"category","embeddable":true,"href":"https:\/\/quehacerpolitico.mx\/index.php?rest_route=%2Fwp%2Fv2%2Fcategories&post=45952"},{"taxonomy":"post_tag","embeddable":true,"href":"https:\/\/quehacerpolitico.mx\/index.php?rest_route=%2Fwp%2Fv2%2Ftags&post=45952"}],"curies":[{"name":"wp","href":"https:\/\/api.w.org\/{rel}","templated":true}]}}