{"id":45946,"date":"2019-11-29T16:16:59","date_gmt":"2019-11-29T16:16:59","guid":{"rendered":"http:\/\/quehacerpolitico.mx\/?p=45946"},"modified":"2019-11-29T16:16:59","modified_gmt":"2019-11-29T16:16:59","slug":"dolar-cede-terreno-este-viernes-abre-en-19-88-a-la-venta","status":"publish","type":"post","link":"https:\/\/quehacerpolitico.mx\/?p=45946","title":{"rendered":"D\u00f3lar cede terreno este viernes, abre en 19.88 a la venta"},"content":{"rendered":"<p>D\u00f3lar cede terreno este viernes, abre en 19.88 a la venta<br \/>\nPor Redacci\u00f3n QP<\/p>\n<p>El d\u00f3lar libre se vende en un precio m\u00e1ximo de 19.88, es decir, 11 centavos menos respecto al cierre de ayer, y se adquiere en un m\u00ednimo de 18.40 pesos en bancos de la Ciudad de M\u00e9xico.<\/p>\n<p>El Banco de M\u00e9xico (Banxico) public\u00f3 en el Diario Oficial de la Federaci\u00f3n (DOF) que el tipo de cambio para solventar operaciones denominadas en moneda extranjera pagaderas en el pa\u00eds se ubica en 19.6113 pesos por d\u00f3lar.<\/p>\n<p>En tanto, las Tasas de Inter\u00e9s Interbancarias de Equilibrio (TIIE) a 28 y 91 d\u00edas se colocan en 7.7812 y 7.625 por ciento, en ese orden, ambas con p\u00e9rdidas de 0.0013 y 0.0025 puntos porcentuales, respectivamente.<\/p>\n<table width=\"400\">\n<tbody>\n<tr>\n<td><strong>Citibanamex<\/strong><\/td>\n<td><strong>\u00a0\u00a0 Compra\u00a0\u00a0<\/strong><\/td>\n<td><strong>Venta\u00a0\u00a0<\/strong><\/td>\n<\/tr>\n<tr>\n<td>D\u00f3lar libre<\/td>\n<td>\u00a0\u00a0 18.96<\/td>\n<td>\u00a0\u00a0\u00a0\u00a0\u00a0\u00a0 19.81<\/td>\n<\/tr>\n<tr>\n<td>D\u00f3lar interbancario<\/td>\n<td>\u00a0\u00a0 19.49<\/td>\n<td>\u00a0\u00a0\u00a0\u00a0\u00a0\u00a0 19.50<\/td>\n<\/tr>\n<tr>\n<td>Euro<\/td>\n<td>\u00a0\u00a0 21.19<\/td>\n<td>\u00a0\u00a0\u00a0\u00a0\u00a0\u00a0 21.75<\/td>\n<\/tr>\n<tr>\n<td>Yen<\/td>\n<td>\u00a0\u00a0 0.17803<\/td>\n<td>\u00a0\u00a0\u00a0\u00a0\u00a0 \u00a00.17808<\/td>\n<\/tr>\n<tr>\n<td>Libra esterlina<\/td>\n<td>\u00a0\u00a0 25.17<\/td>\n<td>\u00a0\u00a0\u00a0\u00a0\u00a0 \u00a025.18<\/td>\n<\/tr>\n<\/tbody>\n<\/table>\n<p>&nbsp;<\/p>\n<table width=\"400\">\n<tbody>\n<tr>\n<td width=\"195\"><strong>BBVA M\u00e9xico<\/strong><\/td>\n<td width=\"102\"><strong>Compra\u00a0<\/strong><\/td>\n<td width=\"75\"><strong>Venta<\/strong><\/td>\n<\/tr>\n<tr>\n<td width=\"195\">D\u00f3lar libre<\/td>\n<td width=\"102\">18.80<\/td>\n<td width=\"75\">19.88<\/td>\n<\/tr>\n<tr>\n<td width=\"195\">D\u00f3lar interbancario<\/td>\n<td width=\"102\">19.49<\/td>\n<td width=\"75\">19.51<\/td>\n<\/tr>\n<tr>\n<td width=\"195\">Euro<\/td>\n<td width=\"102\">20.77<\/td>\n<td width=\"75\">21.85<\/td>\n<\/tr>\n<tr>\n<td width=\"195\">Yen<\/td>\n<td width=\"102\">0.1672<\/td>\n<td width=\"75\">0.2037<\/td>\n<\/tr>\n<tr>\n<td width=\"195\">Libra esterlina<\/td>\n<td width=\"102\">24.51<\/td>\n<td width=\"75\">25.59<\/td>\n<\/tr>\n<\/tbody>\n<\/table>\n<p>&nbsp;<\/p>\n<table width=\"400\">\n<tbody>\n<tr>\n<td width=\"195\"><strong>Banorte\u00a0 \u00a0 \u00a0 \u00a0 \u00a0 \u00a0 \u00a0 \u00a0 \u00a0 \u00a0\u00a0<\/strong><\/td>\n<td width=\"102\"><strong>Compra\u00a0<\/strong><\/td>\n<td width=\"75\"><strong>Venta\u00a0<\/strong><\/td>\n<\/tr>\n<tr>\n<td width=\"195\">D\u00f3lar libre<\/td>\n<td width=\"102\">18.40<\/td>\n<td width=\"75\">19.80<\/td>\n<\/tr>\n<tr>\n<td width=\"195\">Euro<\/td>\n<td width=\"102\">21.00<\/td>\n<td width=\"75\">21.85<\/td>\n<\/tr>\n<tr>\n<td width=\"195\">Yen<\/td>\n<td width=\"102\">0.175<\/td>\n<td width=\"75\">0.1825<\/td>\n<\/tr>\n<tr>\n<td width=\"195\">Libra esterlina<\/td>\n<td width=\"102\">24.60<\/td>\n<td width=\"75\">25.55<\/td>\n<\/tr>\n<\/tbody>\n<\/table>\n<p>Con Informaci\u00f3n de NTX<\/p>\n","protected":false},"excerpt":{"rendered":"<p>D\u00f3lar cede terreno este viernes, abre en 19.88 a la venta Por Redacci\u00f3n QP El&#8230;<\/p>\n","protected":false},"author":2,"featured_media":45947,"comment_status":"open","ping_status":"open","sticky":false,"template":"","format":"standard","meta":{"_monsterinsights_skip_tracking":false,"_monsterinsights_sitenote_active":false,"_monsterinsights_sitenote_note":"","_monsterinsights_sitenote_category":0,"footnotes":""},"categories":[56],"tags":[],"class_list":["post-45946","post","type-post","status-publish","format-standard","has-post-thumbnail","hentry","category-economia"],"yoast_head":"<!-- This site is optimized with the Yoast SEO plugin v27.3 - https:\/\/yoast.com\/product\/yoast-seo-wordpress\/ -->\n<title>D\u00f3lar cede terreno este viernes, abre en 19.88 a la venta -<\/title>\n<meta name=\"robots\" content=\"index, follow, max-snippet:-1, max-image-preview:large, max-video-preview:-1\" \/>\n<link rel=\"canonical\" href=\"https:\/\/quehacerpolitico.mx\/?p=45946\" \/>\n<meta property=\"og:locale\" content=\"es_MX\" \/>\n<meta property=\"og:type\" content=\"article\" \/>\n<meta property=\"og:title\" content=\"D\u00f3lar cede terreno este viernes, abre en 19.88 a la venta -\" \/>\n<meta property=\"og:description\" content=\"D\u00f3lar cede terreno este viernes, abre en 19.88 a la venta Por Redacci\u00f3n QP El...\" \/>\n<meta property=\"og:url\" content=\"https:\/\/quehacerpolitico.mx\/?p=45946\" \/>\n<meta property=\"article:published_time\" content=\"2019-11-29T16:16:59+00:00\" \/>\n<meta name=\"author\" content=\"Redacci\u00f3n QP\" \/>\n<meta name=\"twitter:card\" content=\"summary_large_image\" \/>\n<meta name=\"twitter:label1\" content=\"Escrito por\" \/>\n\t<meta name=\"twitter:data1\" content=\"Redacci\u00f3n QP\" \/>\n\t<meta name=\"twitter:label2\" content=\"Tiempo de lectura\" \/>\n\t<meta name=\"twitter:data2\" content=\"1 minuto\" \/>\n<script type=\"application\/ld+json\" class=\"yoast-schema-graph\">{\"@context\":\"https:\\\/\\\/schema.org\",\"@graph\":[{\"@type\":\"Article\",\"@id\":\"https:\\\/\\\/quehacerpolitico.mx\\\/?p=45946#article\",\"isPartOf\":{\"@id\":\"https:\\\/\\\/quehacerpolitico.mx\\\/?p=45946\"},\"author\":{\"name\":\"Redacci\u00f3n QP\",\"@id\":\"https:\\\/\\\/quehacerpolitico.mx\\\/#\\\/schema\\\/person\\\/496d8ad2d1d3f8036101dca7ee39e585\"},\"headline\":\"D\u00f3lar cede terreno este viernes, abre en 19.88 a la venta\",\"datePublished\":\"2019-11-29T16:16:59+00:00\",\"mainEntityOfPage\":{\"@id\":\"https:\\\/\\\/quehacerpolitico.mx\\\/?p=45946\"},\"wordCount\":182,\"commentCount\":0,\"image\":{\"@id\":\"https:\\\/\\\/quehacerpolitico.mx\\\/?p=45946#primaryimage\"},\"thumbnailUrl\":\"\",\"articleSection\":[\"Econom\u00eda\"],\"inLanguage\":\"es\",\"potentialAction\":[{\"@type\":\"CommentAction\",\"name\":\"Comment\",\"target\":[\"https:\\\/\\\/quehacerpolitico.mx\\\/?p=45946#respond\"]}]},{\"@type\":\"WebPage\",\"@id\":\"https:\\\/\\\/quehacerpolitico.mx\\\/?p=45946\",\"url\":\"https:\\\/\\\/quehacerpolitico.mx\\\/?p=45946\",\"name\":\"D\u00f3lar cede terreno este viernes, abre en 19.88 a la venta -\",\"isPartOf\":{\"@id\":\"https:\\\/\\\/quehacerpolitico.mx\\\/#website\"},\"primaryImageOfPage\":{\"@id\":\"https:\\\/\\\/quehacerpolitico.mx\\\/?p=45946#primaryimage\"},\"image\":{\"@id\":\"https:\\\/\\\/quehacerpolitico.mx\\\/?p=45946#primaryimage\"},\"thumbnailUrl\":\"\",\"datePublished\":\"2019-11-29T16:16:59+00:00\",\"author\":{\"@id\":\"https:\\\/\\\/quehacerpolitico.mx\\\/#\\\/schema\\\/person\\\/496d8ad2d1d3f8036101dca7ee39e585\"},\"breadcrumb\":{\"@id\":\"https:\\\/\\\/quehacerpolitico.mx\\\/?p=45946#breadcrumb\"},\"inLanguage\":\"es\",\"potentialAction\":[{\"@type\":\"ReadAction\",\"target\":[\"https:\\\/\\\/quehacerpolitico.mx\\\/?p=45946\"]}]},{\"@type\":\"ImageObject\",\"inLanguage\":\"es\",\"@id\":\"https:\\\/\\\/quehacerpolitico.mx\\\/?p=45946#primaryimage\",\"url\":\"\",\"contentUrl\":\"\"},{\"@type\":\"BreadcrumbList\",\"@id\":\"https:\\\/\\\/quehacerpolitico.mx\\\/?p=45946#breadcrumb\",\"itemListElement\":[{\"@type\":\"ListItem\",\"position\":1,\"name\":\"Inicio\",\"item\":\"https:\\\/\\\/quehacerpolitico.mx\\\/\"},{\"@type\":\"ListItem\",\"position\":2,\"name\":\"D\u00f3lar cede terreno este viernes, abre en 19.88 a la venta\"}]},{\"@type\":\"WebSite\",\"@id\":\"https:\\\/\\\/quehacerpolitico.mx\\\/#website\",\"url\":\"https:\\\/\\\/quehacerpolitico.mx\\\/\",\"name\":\"\",\"description\":\"\",\"potentialAction\":[{\"@type\":\"SearchAction\",\"target\":{\"@type\":\"EntryPoint\",\"urlTemplate\":\"https:\\\/\\\/quehacerpolitico.mx\\\/?s={search_term_string}\"},\"query-input\":{\"@type\":\"PropertyValueSpecification\",\"valueRequired\":true,\"valueName\":\"search_term_string\"}}],\"inLanguage\":\"es\"},{\"@type\":\"Person\",\"@id\":\"https:\\\/\\\/quehacerpolitico.mx\\\/#\\\/schema\\\/person\\\/496d8ad2d1d3f8036101dca7ee39e585\",\"name\":\"Redacci\u00f3n QP\",\"image\":{\"@type\":\"ImageObject\",\"inLanguage\":\"es\",\"@id\":\"https:\\\/\\\/secure.gravatar.com\\\/avatar\\\/c7164ed6fdec453195284ad24a5ae5b6e1eed2b848477fa2a4787ba9adf39a41?s=96&d=mm&r=g\",\"url\":\"https:\\\/\\\/secure.gravatar.com\\\/avatar\\\/c7164ed6fdec453195284ad24a5ae5b6e1eed2b848477fa2a4787ba9adf39a41?s=96&d=mm&r=g\",\"contentUrl\":\"https:\\\/\\\/secure.gravatar.com\\\/avatar\\\/c7164ed6fdec453195284ad24a5ae5b6e1eed2b848477fa2a4787ba9adf39a41?s=96&d=mm&r=g\",\"caption\":\"Redacci\u00f3n QP\"},\"url\":\"https:\\\/\\\/quehacerpolitico.mx\\\/?author=2\"}]}<\/script>\n<!-- \/ Yoast SEO plugin. -->","yoast_head_json":{"title":"D\u00f3lar cede terreno este viernes, abre en 19.88 a la venta -","robots":{"index":"index","follow":"follow","max-snippet":"max-snippet:-1","max-image-preview":"max-image-preview:large","max-video-preview":"max-video-preview:-1"},"canonical":"https:\/\/quehacerpolitico.mx\/?p=45946","og_locale":"es_MX","og_type":"article","og_title":"D\u00f3lar cede terreno este viernes, abre en 19.88 a la venta -","og_description":"D\u00f3lar cede terreno este viernes, abre en 19.88 a la venta Por Redacci\u00f3n QP El...","og_url":"https:\/\/quehacerpolitico.mx\/?p=45946","article_published_time":"2019-11-29T16:16:59+00:00","author":"Redacci\u00f3n QP","twitter_card":"summary_large_image","twitter_misc":{"Escrito por":"Redacci\u00f3n QP","Tiempo de lectura":"1 minuto"},"schema":{"@context":"https:\/\/schema.org","@graph":[{"@type":"Article","@id":"https:\/\/quehacerpolitico.mx\/?p=45946#article","isPartOf":{"@id":"https:\/\/quehacerpolitico.mx\/?p=45946"},"author":{"name":"Redacci\u00f3n QP","@id":"https:\/\/quehacerpolitico.mx\/#\/schema\/person\/496d8ad2d1d3f8036101dca7ee39e585"},"headline":"D\u00f3lar cede terreno este viernes, abre en 19.88 a la venta","datePublished":"2019-11-29T16:16:59+00:00","mainEntityOfPage":{"@id":"https:\/\/quehacerpolitico.mx\/?p=45946"},"wordCount":182,"commentCount":0,"image":{"@id":"https:\/\/quehacerpolitico.mx\/?p=45946#primaryimage"},"thumbnailUrl":"","articleSection":["Econom\u00eda"],"inLanguage":"es","potentialAction":[{"@type":"CommentAction","name":"Comment","target":["https:\/\/quehacerpolitico.mx\/?p=45946#respond"]}]},{"@type":"WebPage","@id":"https:\/\/quehacerpolitico.mx\/?p=45946","url":"https:\/\/quehacerpolitico.mx\/?p=45946","name":"D\u00f3lar cede terreno este viernes, abre en 19.88 a la venta -","isPartOf":{"@id":"https:\/\/quehacerpolitico.mx\/#website"},"primaryImageOfPage":{"@id":"https:\/\/quehacerpolitico.mx\/?p=45946#primaryimage"},"image":{"@id":"https:\/\/quehacerpolitico.mx\/?p=45946#primaryimage"},"thumbnailUrl":"","datePublished":"2019-11-29T16:16:59+00:00","author":{"@id":"https:\/\/quehacerpolitico.mx\/#\/schema\/person\/496d8ad2d1d3f8036101dca7ee39e585"},"breadcrumb":{"@id":"https:\/\/quehacerpolitico.mx\/?p=45946#breadcrumb"},"inLanguage":"es","potentialAction":[{"@type":"ReadAction","target":["https:\/\/quehacerpolitico.mx\/?p=45946"]}]},{"@type":"ImageObject","inLanguage":"es","@id":"https:\/\/quehacerpolitico.mx\/?p=45946#primaryimage","url":"","contentUrl":""},{"@type":"BreadcrumbList","@id":"https:\/\/quehacerpolitico.mx\/?p=45946#breadcrumb","itemListElement":[{"@type":"ListItem","position":1,"name":"Inicio","item":"https:\/\/quehacerpolitico.mx\/"},{"@type":"ListItem","position":2,"name":"D\u00f3lar cede terreno este viernes, abre en 19.88 a la venta"}]},{"@type":"WebSite","@id":"https:\/\/quehacerpolitico.mx\/#website","url":"https:\/\/quehacerpolitico.mx\/","name":"","description":"","potentialAction":[{"@type":"SearchAction","target":{"@type":"EntryPoint","urlTemplate":"https:\/\/quehacerpolitico.mx\/?s={search_term_string}"},"query-input":{"@type":"PropertyValueSpecification","valueRequired":true,"valueName":"search_term_string"}}],"inLanguage":"es"},{"@type":"Person","@id":"https:\/\/quehacerpolitico.mx\/#\/schema\/person\/496d8ad2d1d3f8036101dca7ee39e585","name":"Redacci\u00f3n QP","image":{"@type":"ImageObject","inLanguage":"es","@id":"https:\/\/secure.gravatar.com\/avatar\/c7164ed6fdec453195284ad24a5ae5b6e1eed2b848477fa2a4787ba9adf39a41?s=96&d=mm&r=g","url":"https:\/\/secure.gravatar.com\/avatar\/c7164ed6fdec453195284ad24a5ae5b6e1eed2b848477fa2a4787ba9adf39a41?s=96&d=mm&r=g","contentUrl":"https:\/\/secure.gravatar.com\/avatar\/c7164ed6fdec453195284ad24a5ae5b6e1eed2b848477fa2a4787ba9adf39a41?s=96&d=mm&r=g","caption":"Redacci\u00f3n QP"},"url":"https:\/\/quehacerpolitico.mx\/?author=2"}]}},"featured_image_urls":{"full":"","thumbnail":"","medium":"","medium_large":"","large":"","1536x1536":"","2048x2048":"","covernews-featured":"","covernews-medium":""},"author_info":{"display_name":"Redacci\u00f3n QP","author_link":"https:\/\/quehacerpolitico.mx\/?author=2"},"category_info":"<a href=\"https:\/\/quehacerpolitico.mx\/?cat=56\" rel=\"category\">Econom\u00eda<\/a>","tag_info":"Econom\u00eda","comment_count":"0","_links":{"self":[{"href":"https:\/\/quehacerpolitico.mx\/index.php?rest_route=\/wp\/v2\/posts\/45946","targetHints":{"allow":["GET"]}}],"collection":[{"href":"https:\/\/quehacerpolitico.mx\/index.php?rest_route=\/wp\/v2\/posts"}],"about":[{"href":"https:\/\/quehacerpolitico.mx\/index.php?rest_route=\/wp\/v2\/types\/post"}],"author":[{"embeddable":true,"href":"https:\/\/quehacerpolitico.mx\/index.php?rest_route=\/wp\/v2\/users\/2"}],"replies":[{"embeddable":true,"href":"https:\/\/quehacerpolitico.mx\/index.php?rest_route=%2Fwp%2Fv2%2Fcomments&post=45946"}],"version-history":[{"count":0,"href":"https:\/\/quehacerpolitico.mx\/index.php?rest_route=\/wp\/v2\/posts\/45946\/revisions"}],"wp:featuredmedia":[{"embeddable":true,"href":"https:\/\/quehacerpolitico.mx\/index.php?rest_route=\/"}],"wp:attachment":[{"href":"https:\/\/quehacerpolitico.mx\/index.php?rest_route=%2Fwp%2Fv2%2Fmedia&parent=45946"}],"wp:term":[{"taxonomy":"category","embeddable":true,"href":"https:\/\/quehacerpolitico.mx\/index.php?rest_route=%2Fwp%2Fv2%2Fcategories&post=45946"},{"taxonomy":"post_tag","embeddable":true,"href":"https:\/\/quehacerpolitico.mx\/index.php?rest_route=%2Fwp%2Fv2%2Ftags&post=45946"}],"curies":[{"name":"wp","href":"https:\/\/api.w.org\/{rel}","templated":true}]}}