{"id":4591,"date":"2018-09-13T14:32:04","date_gmt":"2018-09-13T14:32:04","guid":{"rendered":"http:\/\/quehacerpolitico.mx\/mexico-canada-y-eu-mantienen-alerta-por-fiebre-porcina-africana\/"},"modified":"2018-09-13T14:32:04","modified_gmt":"2018-09-13T14:32:04","slug":"mexico-canada-y-eu-mantienen-alerta-por-fiebre-porcina-africana","status":"publish","type":"post","link":"https:\/\/quehacerpolitico.mx\/?p=4591","title":{"rendered":"M\u00e9xico, Canad\u00e1 y EU mantienen alerta por fiebre porcina africana"},"content":{"rendered":"<p>M\u00e9xico, Canad\u00e1 y Estados Unidos mantienen la alerta sanitaria en los aeropuertos para prevenir el ingreso de la Peste Porcina Africana (PPA), inform\u00f3 Enrique S\u00e1nchez Cruz, director en jefe del Servicio Nacional de Sanidad, Inocuidad y Calidad Agroalimentaria (Senasica).<\/p>\n<p>&#8220;S\u00ed es una enfermedad riesgosa&#8221;, afirm\u00f3 el funcionario, al se\u00f1alar que el brote afecta en la actualidad a algunos pa\u00edses de \u00c1frica, Asia y Europa del Este.<\/p>\n<p>Tras la presentaci\u00f3n de la serie de libros &#8220;M\u00e9xico, caso de \u00e9xito en producci\u00f3n mundial de alimentos&#8221;, coment\u00f3 que la primera medida que han adoptado los tres pa\u00edses fue establecer una alerta aeroportuaria internacional por los vuelos provenientes de las naciones de esas regiones del mundo.<\/p>\n<p>Indic\u00f3 que si bien los vuelos procedentes de China no llegan de manera directa a M\u00e9xico, el primer filtro de seguridad y de revisi\u00f3n de cargas se encuentra en Estados Unidos.<\/p>\n<p>Esto porque la enfermedad porcina afecta a cientos de animales y amenaza la industria porc\u00edcola de China, que es el principal productor de cerdo en el mundo, a\u00f1adi\u00f3.<\/p>\n<p>En breve entrevista, S\u00e1nchez Cruz subray\u00f3 que tambi\u00e9n se ha fortalecido la inspecci\u00f3n sanitaria a turistas y a cargamentos, as\u00ed como en comisariatos de barcos y aviones provenientes de los pa\u00edses afectados por la PPA.<\/p>\n<p>De igual manera se intensifica el uso de tapetes sanitarios en los puntos de ingreso al pa\u00eds para prevenir riesgos y, sobre todo, se mantiene informados a los porcicultores nacionales sobre la enfermedad y los riesgos que implica, agreg\u00f3.<\/p>\n<p>&#8220;Cuando una enfermedad est\u00e1 presente en un pa\u00eds, se debe estar atentos porque se mueve&#8221;, refiri\u00f3 el titular del Senasica, al insistir en la importancia de elevar los niveles de bioseguridad en las granjas porc\u00edcolas de M\u00e9xico ante esa &#8220;enfermedad latente&#8221;.<\/p>\n<p>Apunt\u00f3 que los laboratorios mexicanos se encuentran trabajando en un diagn\u00f3stico y en una identificaci\u00f3n pronta del virus, mientras la ciencia mundial hace lo propio con respecto de los biol\u00f3gicos pertinentes, por lo que confi\u00f3 en que en breve se tengan vacunas para inmunizar a los animales.\u00a0<\/p>\n","protected":false},"excerpt":{"rendered":"<p>Mantienen la alerta sanitaria en los aeropuertos para prevenir el ingreso del mal, que afecta a algunos pa\u00edses de \u00c1frica, Asia y Europa del Este<br \/>\nPor Redacci\u00f3n QP<\/p>\n","protected":false},"author":2,"featured_media":4590,"comment_status":"open","ping_status":"open","sticky":false,"template":"","format":"standard","meta":{"_monsterinsights_skip_tracking":false,"_monsterinsights_sitenote_active":false,"_monsterinsights_sitenote_note":"","_monsterinsights_sitenote_category":0,"footnotes":""},"categories":[2],"tags":[],"class_list":["post-4591","post","type-post","status-publish","format-standard","has-post-thumbnail","hentry","category-noticias"],"yoast_head":"<!-- This site is optimized with the Yoast SEO plugin v27.3 - https:\/\/yoast.com\/product\/yoast-seo-wordpress\/ -->\n<title>M\u00e9xico, Canad\u00e1 y EU mantienen alerta por fiebre porcina africana -<\/title>\n<meta name=\"robots\" content=\"index, follow, max-snippet:-1, max-image-preview:large, max-video-preview:-1\" \/>\n<link rel=\"canonical\" href=\"https:\/\/quehacerpolitico.mx\/?p=4591\" \/>\n<meta property=\"og:locale\" content=\"es_MX\" \/>\n<meta property=\"og:type\" content=\"article\" \/>\n<meta property=\"og:title\" content=\"M\u00e9xico, Canad\u00e1 y EU mantienen alerta por fiebre porcina africana -\" \/>\n<meta property=\"og:description\" content=\"Mantienen la alerta sanitaria en los aeropuertos para prevenir el ingreso del mal, que afecta a algunos pa\u00edses de \u00c1frica, Asia y Europa del Este Por Redacci\u00f3n QP\" \/>\n<meta property=\"og:url\" content=\"https:\/\/quehacerpolitico.mx\/?p=4591\" \/>\n<meta property=\"article:published_time\" content=\"2018-09-13T14:32:04+00:00\" \/>\n<meta name=\"author\" content=\"Redacci\u00f3n QP\" \/>\n<meta name=\"twitter:card\" content=\"summary_large_image\" \/>\n<meta name=\"twitter:label1\" content=\"Escrito por\" \/>\n\t<meta name=\"twitter:data1\" content=\"Redacci\u00f3n QP\" \/>\n\t<meta name=\"twitter:label2\" content=\"Tiempo de lectura\" \/>\n\t<meta name=\"twitter:data2\" content=\"2 minutos\" \/>\n<script type=\"application\/ld+json\" class=\"yoast-schema-graph\">{\"@context\":\"https:\\\/\\\/schema.org\",\"@graph\":[{\"@type\":\"Article\",\"@id\":\"https:\\\/\\\/quehacerpolitico.mx\\\/?p=4591#article\",\"isPartOf\":{\"@id\":\"https:\\\/\\\/quehacerpolitico.mx\\\/?p=4591\"},\"author\":{\"name\":\"Redacci\u00f3n QP\",\"@id\":\"https:\\\/\\\/quehacerpolitico.mx\\\/#\\\/schema\\\/person\\\/496d8ad2d1d3f8036101dca7ee39e585\"},\"headline\":\"M\u00e9xico, Canad\u00e1 y EU mantienen alerta por fiebre porcina africana\",\"datePublished\":\"2018-09-13T14:32:04+00:00\",\"mainEntityOfPage\":{\"@id\":\"https:\\\/\\\/quehacerpolitico.mx\\\/?p=4591\"},\"wordCount\":367,\"commentCount\":0,\"image\":{\"@id\":\"https:\\\/\\\/quehacerpolitico.mx\\\/?p=4591#primaryimage\"},\"thumbnailUrl\":\"\",\"articleSection\":[\"Noticias\"],\"inLanguage\":\"es\",\"potentialAction\":[{\"@type\":\"CommentAction\",\"name\":\"Comment\",\"target\":[\"https:\\\/\\\/quehacerpolitico.mx\\\/?p=4591#respond\"]}]},{\"@type\":\"WebPage\",\"@id\":\"https:\\\/\\\/quehacerpolitico.mx\\\/?p=4591\",\"url\":\"https:\\\/\\\/quehacerpolitico.mx\\\/?p=4591\",\"name\":\"M\u00e9xico, Canad\u00e1 y EU mantienen alerta por fiebre porcina africana -\",\"isPartOf\":{\"@id\":\"https:\\\/\\\/quehacerpolitico.mx\\\/#website\"},\"primaryImageOfPage\":{\"@id\":\"https:\\\/\\\/quehacerpolitico.mx\\\/?p=4591#primaryimage\"},\"image\":{\"@id\":\"https:\\\/\\\/quehacerpolitico.mx\\\/?p=4591#primaryimage\"},\"thumbnailUrl\":\"\",\"datePublished\":\"2018-09-13T14:32:04+00:00\",\"author\":{\"@id\":\"https:\\\/\\\/quehacerpolitico.mx\\\/#\\\/schema\\\/person\\\/496d8ad2d1d3f8036101dca7ee39e585\"},\"breadcrumb\":{\"@id\":\"https:\\\/\\\/quehacerpolitico.mx\\\/?p=4591#breadcrumb\"},\"inLanguage\":\"es\",\"potentialAction\":[{\"@type\":\"ReadAction\",\"target\":[\"https:\\\/\\\/quehacerpolitico.mx\\\/?p=4591\"]}]},{\"@type\":\"ImageObject\",\"inLanguage\":\"es\",\"@id\":\"https:\\\/\\\/quehacerpolitico.mx\\\/?p=4591#primaryimage\",\"url\":\"\",\"contentUrl\":\"\"},{\"@type\":\"BreadcrumbList\",\"@id\":\"https:\\\/\\\/quehacerpolitico.mx\\\/?p=4591#breadcrumb\",\"itemListElement\":[{\"@type\":\"ListItem\",\"position\":1,\"name\":\"Inicio\",\"item\":\"https:\\\/\\\/quehacerpolitico.mx\\\/\"},{\"@type\":\"ListItem\",\"position\":2,\"name\":\"M\u00e9xico, Canad\u00e1 y EU mantienen alerta por fiebre porcina africana\"}]},{\"@type\":\"WebSite\",\"@id\":\"https:\\\/\\\/quehacerpolitico.mx\\\/#website\",\"url\":\"https:\\\/\\\/quehacerpolitico.mx\\\/\",\"name\":\"\",\"description\":\"\",\"potentialAction\":[{\"@type\":\"SearchAction\",\"target\":{\"@type\":\"EntryPoint\",\"urlTemplate\":\"https:\\\/\\\/quehacerpolitico.mx\\\/?s={search_term_string}\"},\"query-input\":{\"@type\":\"PropertyValueSpecification\",\"valueRequired\":true,\"valueName\":\"search_term_string\"}}],\"inLanguage\":\"es\"},{\"@type\":\"Person\",\"@id\":\"https:\\\/\\\/quehacerpolitico.mx\\\/#\\\/schema\\\/person\\\/496d8ad2d1d3f8036101dca7ee39e585\",\"name\":\"Redacci\u00f3n QP\",\"image\":{\"@type\":\"ImageObject\",\"inLanguage\":\"es\",\"@id\":\"https:\\\/\\\/secure.gravatar.com\\\/avatar\\\/c7164ed6fdec453195284ad24a5ae5b6e1eed2b848477fa2a4787ba9adf39a41?s=96&d=mm&r=g\",\"url\":\"https:\\\/\\\/secure.gravatar.com\\\/avatar\\\/c7164ed6fdec453195284ad24a5ae5b6e1eed2b848477fa2a4787ba9adf39a41?s=96&d=mm&r=g\",\"contentUrl\":\"https:\\\/\\\/secure.gravatar.com\\\/avatar\\\/c7164ed6fdec453195284ad24a5ae5b6e1eed2b848477fa2a4787ba9adf39a41?s=96&d=mm&r=g\",\"caption\":\"Redacci\u00f3n QP\"},\"url\":\"https:\\\/\\\/quehacerpolitico.mx\\\/?author=2\"}]}<\/script>\n<!-- \/ Yoast SEO plugin. -->","yoast_head_json":{"title":"M\u00e9xico, Canad\u00e1 y EU mantienen alerta por fiebre porcina africana -","robots":{"index":"index","follow":"follow","max-snippet":"max-snippet:-1","max-image-preview":"max-image-preview:large","max-video-preview":"max-video-preview:-1"},"canonical":"https:\/\/quehacerpolitico.mx\/?p=4591","og_locale":"es_MX","og_type":"article","og_title":"M\u00e9xico, Canad\u00e1 y EU mantienen alerta por fiebre porcina africana -","og_description":"Mantienen la alerta sanitaria en los aeropuertos para prevenir el ingreso del mal, que afecta a algunos pa\u00edses de \u00c1frica, Asia y Europa del Este Por Redacci\u00f3n QP","og_url":"https:\/\/quehacerpolitico.mx\/?p=4591","article_published_time":"2018-09-13T14:32:04+00:00","author":"Redacci\u00f3n QP","twitter_card":"summary_large_image","twitter_misc":{"Escrito por":"Redacci\u00f3n QP","Tiempo de lectura":"2 minutos"},"schema":{"@context":"https:\/\/schema.org","@graph":[{"@type":"Article","@id":"https:\/\/quehacerpolitico.mx\/?p=4591#article","isPartOf":{"@id":"https:\/\/quehacerpolitico.mx\/?p=4591"},"author":{"name":"Redacci\u00f3n QP","@id":"https:\/\/quehacerpolitico.mx\/#\/schema\/person\/496d8ad2d1d3f8036101dca7ee39e585"},"headline":"M\u00e9xico, Canad\u00e1 y EU mantienen alerta por fiebre porcina africana","datePublished":"2018-09-13T14:32:04+00:00","mainEntityOfPage":{"@id":"https:\/\/quehacerpolitico.mx\/?p=4591"},"wordCount":367,"commentCount":0,"image":{"@id":"https:\/\/quehacerpolitico.mx\/?p=4591#primaryimage"},"thumbnailUrl":"","articleSection":["Noticias"],"inLanguage":"es","potentialAction":[{"@type":"CommentAction","name":"Comment","target":["https:\/\/quehacerpolitico.mx\/?p=4591#respond"]}]},{"@type":"WebPage","@id":"https:\/\/quehacerpolitico.mx\/?p=4591","url":"https:\/\/quehacerpolitico.mx\/?p=4591","name":"M\u00e9xico, Canad\u00e1 y EU mantienen alerta por fiebre porcina africana -","isPartOf":{"@id":"https:\/\/quehacerpolitico.mx\/#website"},"primaryImageOfPage":{"@id":"https:\/\/quehacerpolitico.mx\/?p=4591#primaryimage"},"image":{"@id":"https:\/\/quehacerpolitico.mx\/?p=4591#primaryimage"},"thumbnailUrl":"","datePublished":"2018-09-13T14:32:04+00:00","author":{"@id":"https:\/\/quehacerpolitico.mx\/#\/schema\/person\/496d8ad2d1d3f8036101dca7ee39e585"},"breadcrumb":{"@id":"https:\/\/quehacerpolitico.mx\/?p=4591#breadcrumb"},"inLanguage":"es","potentialAction":[{"@type":"ReadAction","target":["https:\/\/quehacerpolitico.mx\/?p=4591"]}]},{"@type":"ImageObject","inLanguage":"es","@id":"https:\/\/quehacerpolitico.mx\/?p=4591#primaryimage","url":"","contentUrl":""},{"@type":"BreadcrumbList","@id":"https:\/\/quehacerpolitico.mx\/?p=4591#breadcrumb","itemListElement":[{"@type":"ListItem","position":1,"name":"Inicio","item":"https:\/\/quehacerpolitico.mx\/"},{"@type":"ListItem","position":2,"name":"M\u00e9xico, Canad\u00e1 y EU mantienen alerta por fiebre porcina africana"}]},{"@type":"WebSite","@id":"https:\/\/quehacerpolitico.mx\/#website","url":"https:\/\/quehacerpolitico.mx\/","name":"","description":"","potentialAction":[{"@type":"SearchAction","target":{"@type":"EntryPoint","urlTemplate":"https:\/\/quehacerpolitico.mx\/?s={search_term_string}"},"query-input":{"@type":"PropertyValueSpecification","valueRequired":true,"valueName":"search_term_string"}}],"inLanguage":"es"},{"@type":"Person","@id":"https:\/\/quehacerpolitico.mx\/#\/schema\/person\/496d8ad2d1d3f8036101dca7ee39e585","name":"Redacci\u00f3n QP","image":{"@type":"ImageObject","inLanguage":"es","@id":"https:\/\/secure.gravatar.com\/avatar\/c7164ed6fdec453195284ad24a5ae5b6e1eed2b848477fa2a4787ba9adf39a41?s=96&d=mm&r=g","url":"https:\/\/secure.gravatar.com\/avatar\/c7164ed6fdec453195284ad24a5ae5b6e1eed2b848477fa2a4787ba9adf39a41?s=96&d=mm&r=g","contentUrl":"https:\/\/secure.gravatar.com\/avatar\/c7164ed6fdec453195284ad24a5ae5b6e1eed2b848477fa2a4787ba9adf39a41?s=96&d=mm&r=g","caption":"Redacci\u00f3n QP"},"url":"https:\/\/quehacerpolitico.mx\/?author=2"}]}},"featured_image_urls":{"full":"","thumbnail":"","medium":"","medium_large":"","large":"","1536x1536":"","2048x2048":"","covernews-featured":"","covernews-medium":""},"author_info":{"display_name":"Redacci\u00f3n QP","author_link":"https:\/\/quehacerpolitico.mx\/?author=2"},"category_info":"<a href=\"https:\/\/quehacerpolitico.mx\/?cat=2\" rel=\"category\">Noticias<\/a>","tag_info":"Noticias","comment_count":"0","_links":{"self":[{"href":"https:\/\/quehacerpolitico.mx\/index.php?rest_route=\/wp\/v2\/posts\/4591","targetHints":{"allow":["GET"]}}],"collection":[{"href":"https:\/\/quehacerpolitico.mx\/index.php?rest_route=\/wp\/v2\/posts"}],"about":[{"href":"https:\/\/quehacerpolitico.mx\/index.php?rest_route=\/wp\/v2\/types\/post"}],"author":[{"embeddable":true,"href":"https:\/\/quehacerpolitico.mx\/index.php?rest_route=\/wp\/v2\/users\/2"}],"replies":[{"embeddable":true,"href":"https:\/\/quehacerpolitico.mx\/index.php?rest_route=%2Fwp%2Fv2%2Fcomments&post=4591"}],"version-history":[{"count":0,"href":"https:\/\/quehacerpolitico.mx\/index.php?rest_route=\/wp\/v2\/posts\/4591\/revisions"}],"wp:featuredmedia":[{"embeddable":true,"href":"https:\/\/quehacerpolitico.mx\/index.php?rest_route=\/"}],"wp:attachment":[{"href":"https:\/\/quehacerpolitico.mx\/index.php?rest_route=%2Fwp%2Fv2%2Fmedia&parent=4591"}],"wp:term":[{"taxonomy":"category","embeddable":true,"href":"https:\/\/quehacerpolitico.mx\/index.php?rest_route=%2Fwp%2Fv2%2Fcategories&post=4591"},{"taxonomy":"post_tag","embeddable":true,"href":"https:\/\/quehacerpolitico.mx\/index.php?rest_route=%2Fwp%2Fv2%2Ftags&post=4591"}],"curies":[{"name":"wp","href":"https:\/\/api.w.org\/{rel}","templated":true}]}}