{"id":45550,"date":"2019-11-26T15:11:54","date_gmt":"2019-11-26T15:11:54","guid":{"rendered":"http:\/\/quehacerpolitico.mx\/?p=45550"},"modified":"2019-11-26T15:11:54","modified_gmt":"2019-11-26T15:11:54","slug":"internacionales-carolina-alonso-romei-terremoto-en-albania-deja-al-menos-15-muertos-y-mas-de-600-heridos","status":"publish","type":"post","link":"https:\/\/quehacerpolitico.mx\/?p=45550","title":{"rendered":"Internacionales\/\/\/Carolina Alonso Romei\/\/\/Terremoto en Albania deja al menos 15 muertos y m\u00e1s de 600 heridos"},"content":{"rendered":"<h1 class=\"news-title\">Terremoto en Albania deja al menos 15 muertos y m\u00e1s de 600 heridos<br \/>\nPor Carolina Alonso Romei<\/h1>\n<p>Internacionalista<\/p>\n<p>Seg\u00fan los primeros datos oficiales, hasta ahora han podido ser rescatadas 41 personas de entre los escombros<\/p>\n<p>El terremoto\u00a0de magnitud 6.4 que sacudi\u00f3 esta madrugada Albania\u00a0ha dejado al menos 15 v\u00edctimas mortales y m\u00e1s de 600 heridos, mientras que los equipos de rescate buscan entre los escombros a personas sepultadas.<\/p>\n<p>Seg\u00fan los primeros datos oficiales, hasta ahora han podido ser rescatadas 41 personas.<\/p>\n<div id=\"teads_ad\">\n<div id=\"div-gpt-ad-1548262875188-0\" data-google-query-id=\"CKTT-ZCSiOYCFcbBwAodoU8NfQ\">\n<div id=\"google_ads_iframe_\/1001694\/INF_intext_1_0__container__\"><strong>El fen\u00f3meno ocurri\u00f3 cerca de las cuatro de la ma\u00f1ana, con el epicentro localizado en el mar Adri\u00e1tico, 10 kil\u00f3metros al norte de la ciudad de Durres<\/strong> y 40 kil\u00f3metros al oeste de Tirana.<\/div>\n<div>\n<p>Desde primeras horas de la ma\u00f1ana <strong>se han producido decenas de r\u00e9plicas, de magnitud entre 4.8 y 5.4 y que han afectado tambi\u00e9n a localidades al norte de la capital.<\/strong><\/p>\n<p><iframe loading=\"lazy\" title=\"Un #TERREMOTO en ALBANIA de 6,4 grados\" width=\"640\" height=\"360\" src=\"https:\/\/www.youtube.com\/embed\/yvUD8riWzn4?feature=oembed\" frameborder=\"0\" allow=\"accelerometer; autoplay; clipboard-write; encrypted-media; gyroscope; picture-in-picture; web-share\" referrerpolicy=\"strict-origin-when-cross-origin\" allowfullscreen><\/iframe><\/p>\n<p>La mayor\u00eda de las v\u00edctimas murieron al derrumbarse los edificios en los que se encontraban, fundamentalmente en Durres y las peque\u00f1as localidades de Thumana y Kurbin, al norte de Tirana.<\/p>\n<blockquote class=\"twitter-tweet\" data-width=\"550\" data-dnt=\"true\">\n<p lang=\"es\" dir=\"ltr\">LAMENTABLE:<br \/>Tristes im\u00e1genes de los da\u00f1os causados en <a href=\"https:\/\/twitter.com\/hashtag\/Durres?src=hash&amp;ref_src=twsrc%5Etfw\">#Durres<\/a> <a href=\"https:\/\/twitter.com\/hashtag\/Albania?src=hash&amp;ref_src=twsrc%5Etfw\">#Albania<\/a> \ud83c\udde6\ud83c\uddf1 tras el fuerte <a href=\"https:\/\/twitter.com\/hashtag\/sismo?src=hash&amp;ref_src=twsrc%5Etfw\">#sismo<\/a> M6.4<br \/>V\u00eda <a href=\"https:\/\/twitter.com\/KKarabolli?ref_src=twsrc%5Etfw\">@KKarabolli<\/a> <a href=\"https:\/\/t.co\/E3srWtkXtN\">pic.twitter.com\/E3srWtkXtN<\/a><\/p>\n<p>&mdash; Ge\u00f3l. Sergio Almaz\u00e1n (@chematierra) <a href=\"https:\/\/twitter.com\/chematierra\/status\/1199190440567885824?ref_src=twsrc%5Etfw\">November 26, 2019<\/a><\/p><\/blockquote>\n<p><script async src=\"https:\/\/platform.twitter.com\/widgets.js\" charset=\"utf-8\"><\/script><\/p>\n<p>Las consecuencias\u00a0han sido dram\u00e1ticas, con la poblaci\u00f3n sumida en el colapso y el p\u00e1nico, durmiendo en sus autom\u00f3viles o en plena intemperie.<\/p>\n<p>Francia, Italia, Grecia son algunos de los pa\u00edses que han enviado equipos para ayudar a las tareas de rescate, que se presentan complicadas ya que la retirada de escombros se efect\u00faa en edificios que todav\u00eda est\u00e1n parcialmente en pie y bajo amenaza de derrumbe.<\/p>\n<p><iframe loading=\"lazy\" title=\"Terremoto en Albania | B\u00fasqueda contra reloj bajo un mar de escombros\" width=\"640\" height=\"360\" src=\"https:\/\/www.youtube.com\/embed\/I3uFnuhCIgE?feature=oembed\" frameborder=\"0\" allow=\"accelerometer; autoplay; clipboard-write; encrypted-media; gyroscope; picture-in-picture; web-share\" referrerpolicy=\"strict-origin-when-cross-origin\" allowfullscreen><\/iframe><\/p>\n<p>La ministra albanesa de Defensa, Olta Xhacka, inform\u00f3 de que <strong>hay 400 efectivos de las Fuerzas Armadas desplegados sobre el terreno y que todo el Ej\u00e9rcito ha pasado a estado de alerta.<\/strong><\/p>\n<p>La Uni\u00f3n Europea (U\u00c9)\u00a0tambi\u00e9n ha activado los mecanismos de asistencia, a pesar de que el pa\u00eds todav\u00eda no es Estado miembro.<\/p>\n<p>Con informaci\u00f3n de EFE<\/p>\n<\/div>\n<\/div>\n<\/div>\n","protected":false},"excerpt":{"rendered":"<p>Terremoto en Albania deja al menos 15 muertos y m\u00e1s de 600 heridos Por Carolina&#8230;<\/p>\n","protected":false},"author":2,"featured_media":45552,"comment_status":"open","ping_status":"open","sticky":false,"template":"","format":"standard","meta":{"_monsterinsights_skip_tracking":false,"_monsterinsights_sitenote_active":false,"_monsterinsights_sitenote_note":"","_monsterinsights_sitenote_category":0,"footnotes":""},"categories":[1],"tags":[],"class_list":["post-45550","post","type-post","status-publish","format-standard","has-post-thumbnail","hentry","category-sin-categoria"],"yoast_head":"<!-- This site is optimized with the Yoast SEO plugin v27.3 - https:\/\/yoast.com\/product\/yoast-seo-wordpress\/ -->\n<title>Internacionales\/\/\/Carolina Alonso Romei\/\/\/Terremoto en Albania deja al menos 15 muertos y m\u00e1s de 600 heridos -<\/title>\n<meta name=\"robots\" content=\"index, follow, max-snippet:-1, max-image-preview:large, max-video-preview:-1\" \/>\n<link rel=\"canonical\" href=\"https:\/\/quehacerpolitico.mx\/?p=45550\" \/>\n<meta property=\"og:locale\" content=\"es_MX\" \/>\n<meta property=\"og:type\" content=\"article\" \/>\n<meta property=\"og:title\" content=\"Internacionales\/\/\/Carolina Alonso Romei\/\/\/Terremoto en Albania deja al menos 15 muertos y m\u00e1s de 600 heridos -\" \/>\n<meta property=\"og:description\" content=\"Terremoto en Albania deja al menos 15 muertos y m\u00e1s de 600 heridos Por Carolina...\" \/>\n<meta property=\"og:url\" content=\"https:\/\/quehacerpolitico.mx\/?p=45550\" \/>\n<meta property=\"article:published_time\" content=\"2019-11-26T15:11:54+00:00\" \/>\n<meta name=\"author\" content=\"Redacci\u00f3n QP\" \/>\n<meta name=\"twitter:card\" content=\"summary_large_image\" \/>\n<meta name=\"twitter:label1\" content=\"Escrito por\" \/>\n\t<meta name=\"twitter:data1\" content=\"Redacci\u00f3n QP\" \/>\n\t<meta name=\"twitter:label2\" content=\"Tiempo de lectura\" \/>\n\t<meta name=\"twitter:data2\" content=\"2 minutos\" \/>\n<script type=\"application\/ld+json\" class=\"yoast-schema-graph\">{\"@context\":\"https:\\\/\\\/schema.org\",\"@graph\":[{\"@type\":\"Article\",\"@id\":\"https:\\\/\\\/quehacerpolitico.mx\\\/?p=45550#article\",\"isPartOf\":{\"@id\":\"https:\\\/\\\/quehacerpolitico.mx\\\/?p=45550\"},\"author\":{\"name\":\"Redacci\u00f3n QP\",\"@id\":\"https:\\\/\\\/quehacerpolitico.mx\\\/#\\\/schema\\\/person\\\/496d8ad2d1d3f8036101dca7ee39e585\"},\"headline\":\"Internacionales\\\/\\\/\\\/Carolina Alonso Romei\\\/\\\/\\\/Terremoto en Albania deja al menos 15 muertos y m\u00e1s de 600 heridos\",\"datePublished\":\"2019-11-26T15:11:54+00:00\",\"mainEntityOfPage\":{\"@id\":\"https:\\\/\\\/quehacerpolitico.mx\\\/?p=45550\"},\"wordCount\":352,\"commentCount\":0,\"image\":{\"@id\":\"https:\\\/\\\/quehacerpolitico.mx\\\/?p=45550#primaryimage\"},\"thumbnailUrl\":\"\",\"articleSection\":[\"Internacionales\"],\"inLanguage\":\"es\",\"potentialAction\":[{\"@type\":\"CommentAction\",\"name\":\"Comment\",\"target\":[\"https:\\\/\\\/quehacerpolitico.mx\\\/?p=45550#respond\"]}]},{\"@type\":\"WebPage\",\"@id\":\"https:\\\/\\\/quehacerpolitico.mx\\\/?p=45550\",\"url\":\"https:\\\/\\\/quehacerpolitico.mx\\\/?p=45550\",\"name\":\"Internacionales\\\/\\\/\\\/Carolina Alonso Romei\\\/\\\/\\\/Terremoto en Albania deja al menos 15 muertos y m\u00e1s de 600 heridos -\",\"isPartOf\":{\"@id\":\"https:\\\/\\\/quehacerpolitico.mx\\\/#website\"},\"primaryImageOfPage\":{\"@id\":\"https:\\\/\\\/quehacerpolitico.mx\\\/?p=45550#primaryimage\"},\"image\":{\"@id\":\"https:\\\/\\\/quehacerpolitico.mx\\\/?p=45550#primaryimage\"},\"thumbnailUrl\":\"\",\"datePublished\":\"2019-11-26T15:11:54+00:00\",\"author\":{\"@id\":\"https:\\\/\\\/quehacerpolitico.mx\\\/#\\\/schema\\\/person\\\/496d8ad2d1d3f8036101dca7ee39e585\"},\"breadcrumb\":{\"@id\":\"https:\\\/\\\/quehacerpolitico.mx\\\/?p=45550#breadcrumb\"},\"inLanguage\":\"es\",\"potentialAction\":[{\"@type\":\"ReadAction\",\"target\":[\"https:\\\/\\\/quehacerpolitico.mx\\\/?p=45550\"]}]},{\"@type\":\"ImageObject\",\"inLanguage\":\"es\",\"@id\":\"https:\\\/\\\/quehacerpolitico.mx\\\/?p=45550#primaryimage\",\"url\":\"\",\"contentUrl\":\"\"},{\"@type\":\"BreadcrumbList\",\"@id\":\"https:\\\/\\\/quehacerpolitico.mx\\\/?p=45550#breadcrumb\",\"itemListElement\":[{\"@type\":\"ListItem\",\"position\":1,\"name\":\"Inicio\",\"item\":\"https:\\\/\\\/quehacerpolitico.mx\\\/\"},{\"@type\":\"ListItem\",\"position\":2,\"name\":\"Internacionales\\\/\\\/\\\/Carolina Alonso Romei\\\/\\\/\\\/Terremoto en Albania deja al menos 15 muertos y m\u00e1s de 600 heridos\"}]},{\"@type\":\"WebSite\",\"@id\":\"https:\\\/\\\/quehacerpolitico.mx\\\/#website\",\"url\":\"https:\\\/\\\/quehacerpolitico.mx\\\/\",\"name\":\"\",\"description\":\"\",\"potentialAction\":[{\"@type\":\"SearchAction\",\"target\":{\"@type\":\"EntryPoint\",\"urlTemplate\":\"https:\\\/\\\/quehacerpolitico.mx\\\/?s={search_term_string}\"},\"query-input\":{\"@type\":\"PropertyValueSpecification\",\"valueRequired\":true,\"valueName\":\"search_term_string\"}}],\"inLanguage\":\"es\"},{\"@type\":\"Person\",\"@id\":\"https:\\\/\\\/quehacerpolitico.mx\\\/#\\\/schema\\\/person\\\/496d8ad2d1d3f8036101dca7ee39e585\",\"name\":\"Redacci\u00f3n QP\",\"image\":{\"@type\":\"ImageObject\",\"inLanguage\":\"es\",\"@id\":\"https:\\\/\\\/secure.gravatar.com\\\/avatar\\\/c7164ed6fdec453195284ad24a5ae5b6e1eed2b848477fa2a4787ba9adf39a41?s=96&d=mm&r=g\",\"url\":\"https:\\\/\\\/secure.gravatar.com\\\/avatar\\\/c7164ed6fdec453195284ad24a5ae5b6e1eed2b848477fa2a4787ba9adf39a41?s=96&d=mm&r=g\",\"contentUrl\":\"https:\\\/\\\/secure.gravatar.com\\\/avatar\\\/c7164ed6fdec453195284ad24a5ae5b6e1eed2b848477fa2a4787ba9adf39a41?s=96&d=mm&r=g\",\"caption\":\"Redacci\u00f3n QP\"},\"url\":\"https:\\\/\\\/quehacerpolitico.mx\\\/?author=2\"}]}<\/script>\n<!-- \/ Yoast SEO plugin. -->","yoast_head_json":{"title":"Internacionales\/\/\/Carolina Alonso Romei\/\/\/Terremoto en Albania deja al menos 15 muertos y m\u00e1s de 600 heridos -","robots":{"index":"index","follow":"follow","max-snippet":"max-snippet:-1","max-image-preview":"max-image-preview:large","max-video-preview":"max-video-preview:-1"},"canonical":"https:\/\/quehacerpolitico.mx\/?p=45550","og_locale":"es_MX","og_type":"article","og_title":"Internacionales\/\/\/Carolina Alonso Romei\/\/\/Terremoto en Albania deja al menos 15 muertos y m\u00e1s de 600 heridos -","og_description":"Terremoto en Albania deja al menos 15 muertos y m\u00e1s de 600 heridos Por Carolina...","og_url":"https:\/\/quehacerpolitico.mx\/?p=45550","article_published_time":"2019-11-26T15:11:54+00:00","author":"Redacci\u00f3n QP","twitter_card":"summary_large_image","twitter_misc":{"Escrito por":"Redacci\u00f3n QP","Tiempo de lectura":"2 minutos"},"schema":{"@context":"https:\/\/schema.org","@graph":[{"@type":"Article","@id":"https:\/\/quehacerpolitico.mx\/?p=45550#article","isPartOf":{"@id":"https:\/\/quehacerpolitico.mx\/?p=45550"},"author":{"name":"Redacci\u00f3n QP","@id":"https:\/\/quehacerpolitico.mx\/#\/schema\/person\/496d8ad2d1d3f8036101dca7ee39e585"},"headline":"Internacionales\/\/\/Carolina Alonso Romei\/\/\/Terremoto en Albania deja al menos 15 muertos y m\u00e1s de 600 heridos","datePublished":"2019-11-26T15:11:54+00:00","mainEntityOfPage":{"@id":"https:\/\/quehacerpolitico.mx\/?p=45550"},"wordCount":352,"commentCount":0,"image":{"@id":"https:\/\/quehacerpolitico.mx\/?p=45550#primaryimage"},"thumbnailUrl":"","articleSection":["Internacionales"],"inLanguage":"es","potentialAction":[{"@type":"CommentAction","name":"Comment","target":["https:\/\/quehacerpolitico.mx\/?p=45550#respond"]}]},{"@type":"WebPage","@id":"https:\/\/quehacerpolitico.mx\/?p=45550","url":"https:\/\/quehacerpolitico.mx\/?p=45550","name":"Internacionales\/\/\/Carolina Alonso Romei\/\/\/Terremoto en Albania deja al menos 15 muertos y m\u00e1s de 600 heridos -","isPartOf":{"@id":"https:\/\/quehacerpolitico.mx\/#website"},"primaryImageOfPage":{"@id":"https:\/\/quehacerpolitico.mx\/?p=45550#primaryimage"},"image":{"@id":"https:\/\/quehacerpolitico.mx\/?p=45550#primaryimage"},"thumbnailUrl":"","datePublished":"2019-11-26T15:11:54+00:00","author":{"@id":"https:\/\/quehacerpolitico.mx\/#\/schema\/person\/496d8ad2d1d3f8036101dca7ee39e585"},"breadcrumb":{"@id":"https:\/\/quehacerpolitico.mx\/?p=45550#breadcrumb"},"inLanguage":"es","potentialAction":[{"@type":"ReadAction","target":["https:\/\/quehacerpolitico.mx\/?p=45550"]}]},{"@type":"ImageObject","inLanguage":"es","@id":"https:\/\/quehacerpolitico.mx\/?p=45550#primaryimage","url":"","contentUrl":""},{"@type":"BreadcrumbList","@id":"https:\/\/quehacerpolitico.mx\/?p=45550#breadcrumb","itemListElement":[{"@type":"ListItem","position":1,"name":"Inicio","item":"https:\/\/quehacerpolitico.mx\/"},{"@type":"ListItem","position":2,"name":"Internacionales\/\/\/Carolina Alonso Romei\/\/\/Terremoto en Albania deja al menos 15 muertos y m\u00e1s de 600 heridos"}]},{"@type":"WebSite","@id":"https:\/\/quehacerpolitico.mx\/#website","url":"https:\/\/quehacerpolitico.mx\/","name":"","description":"","potentialAction":[{"@type":"SearchAction","target":{"@type":"EntryPoint","urlTemplate":"https:\/\/quehacerpolitico.mx\/?s={search_term_string}"},"query-input":{"@type":"PropertyValueSpecification","valueRequired":true,"valueName":"search_term_string"}}],"inLanguage":"es"},{"@type":"Person","@id":"https:\/\/quehacerpolitico.mx\/#\/schema\/person\/496d8ad2d1d3f8036101dca7ee39e585","name":"Redacci\u00f3n QP","image":{"@type":"ImageObject","inLanguage":"es","@id":"https:\/\/secure.gravatar.com\/avatar\/c7164ed6fdec453195284ad24a5ae5b6e1eed2b848477fa2a4787ba9adf39a41?s=96&d=mm&r=g","url":"https:\/\/secure.gravatar.com\/avatar\/c7164ed6fdec453195284ad24a5ae5b6e1eed2b848477fa2a4787ba9adf39a41?s=96&d=mm&r=g","contentUrl":"https:\/\/secure.gravatar.com\/avatar\/c7164ed6fdec453195284ad24a5ae5b6e1eed2b848477fa2a4787ba9adf39a41?s=96&d=mm&r=g","caption":"Redacci\u00f3n QP"},"url":"https:\/\/quehacerpolitico.mx\/?author=2"}]}},"featured_image_urls":{"full":"","thumbnail":"","medium":"","medium_large":"","large":"","1536x1536":"","2048x2048":"","covernews-featured":"","covernews-medium":""},"author_info":{"display_name":"Redacci\u00f3n QP","author_link":"https:\/\/quehacerpolitico.mx\/?author=2"},"category_info":"<a href=\"https:\/\/quehacerpolitico.mx\/?cat=1\" rel=\"category\">Internacionales<\/a>","tag_info":"Internacionales","comment_count":"0","_links":{"self":[{"href":"https:\/\/quehacerpolitico.mx\/index.php?rest_route=\/wp\/v2\/posts\/45550","targetHints":{"allow":["GET"]}}],"collection":[{"href":"https:\/\/quehacerpolitico.mx\/index.php?rest_route=\/wp\/v2\/posts"}],"about":[{"href":"https:\/\/quehacerpolitico.mx\/index.php?rest_route=\/wp\/v2\/types\/post"}],"author":[{"embeddable":true,"href":"https:\/\/quehacerpolitico.mx\/index.php?rest_route=\/wp\/v2\/users\/2"}],"replies":[{"embeddable":true,"href":"https:\/\/quehacerpolitico.mx\/index.php?rest_route=%2Fwp%2Fv2%2Fcomments&post=45550"}],"version-history":[{"count":0,"href":"https:\/\/quehacerpolitico.mx\/index.php?rest_route=\/wp\/v2\/posts\/45550\/revisions"}],"wp:featuredmedia":[{"embeddable":true,"href":"https:\/\/quehacerpolitico.mx\/index.php?rest_route=\/"}],"wp:attachment":[{"href":"https:\/\/quehacerpolitico.mx\/index.php?rest_route=%2Fwp%2Fv2%2Fmedia&parent=45550"}],"wp:term":[{"taxonomy":"category","embeddable":true,"href":"https:\/\/quehacerpolitico.mx\/index.php?rest_route=%2Fwp%2Fv2%2Fcategories&post=45550"},{"taxonomy":"post_tag","embeddable":true,"href":"https:\/\/quehacerpolitico.mx\/index.php?rest_route=%2Fwp%2Fv2%2Ftags&post=45550"}],"curies":[{"name":"wp","href":"https:\/\/api.w.org\/{rel}","templated":true}]}}