{"id":45540,"date":"2019-11-26T14:26:13","date_gmt":"2019-11-26T14:26:13","guid":{"rendered":"http:\/\/quehacerpolitico.mx\/?p=45540"},"modified":"2019-11-26T14:26:13","modified_gmt":"2019-11-26T14:26:13","slug":"plan-de-infraestructura-147-proyectos-con-inversion-de-859-mil-mdp-en-primera-fase","status":"publish","type":"post","link":"https:\/\/quehacerpolitico.mx\/?p=45540","title":{"rendered":"PLAN DE INFRAESTRUCTURA: 147 PROYECTOS CON INVERSI\u00d3N DE 859 MIL MDP, EN PRIMERA FASE"},"content":{"rendered":"<h1 class=\"amp-wp-title\">PLAN DE INFRAESTRUCTURA: 147 PROYECTOS CON INVERSI\u00d3N DE 859 MIL MDP, EN PRIMERA FASE<br \/>\nPor Redacci\u00f3n QP<\/h1>\n<p>Gobierno de AMLO presenta Plan de Infraestructura Nacional, que contempla 147 proyectos, con inversi\u00f3n de 859 mil mdp. Cuenta b\u00e1sicamente con inversi\u00f3n privada<\/p>\n<p>El presidente de M\u00e9xico, Andr\u00e9s Manuel L\u00f3pez Obrador, dio a conocer este martes, durante su conferencia matutina en Palacio Nacional, el Plan de Infraestructura Nacional, b\u00e1sicamente con inversi\u00f3n privada. El plan se concentra en 147 proyectos, en una primera fase, que representan una inversi\u00f3n de 859 mil millones de pesos.<\/p>\n<p>L\u00f3pez Obrador, quien estuvo acompa\u00f1ado por miembros de su gabinete e integrantes del sector empresarial, destac\u00f3 la importancia de este tipo de inversi\u00f3n para el crecimiento del pa\u00eds y a\u00f1adi\u00f3 que en casi todos los pa\u00edses la inversi\u00f3n privada es mayor.<\/p>\n<blockquote><p>En nuestro pa\u00eds la inversi\u00f3n privada representa casi el 80 % de la inversi\u00f3n general, global\u201d.<\/p><\/blockquote>\n<p>Explic\u00f3 que la inversi\u00f3n p\u00fablica es importante, pero funciona b\u00e1sicamente para detonar el crecimiento junto con el sector privado.<\/p>\n<p>Alfonso Romo, coordinador de la Presidencia de la Rep\u00fablica, explic\u00f3 que el presidente dio la encomienda de fomentar la inversi\u00f3n y el crecimiento del empleo. Dijo que se conform\u00f3 un Consejo que cuenta con tres pilares: el sector p\u00fablico, el sector privado nacional y extranjero y el sector social. A\u00f1adi\u00f3 que se formaron mesas de trabajo con diferentes sectores para quitar trabas como burocracia.<\/p>\n<p>A\u00f1adi\u00f3 que se trata de proyectos que se han estado revisando y que habr\u00e1 transparencia en las licitaciones. Dijo que se trata de un compromiso, un evento real y no pol\u00edtico.<\/p>\n<p>Alfonso Romo aclar\u00f3 que se trata de un primer cap\u00edtulo pues es un programa viviente que va a estarse alimentando conforme se vayan analizando los proyectos y aprob\u00e1ndose por los secretarios.<\/p>\n<blockquote><p>As\u00ed es que continuamente les estaremos informando, calculamos que cada tres meses o cada vez que sea necesario, pero esto no lo tomen como algo definitivo, es un primer cap\u00edtulo\u201d.<\/p><\/blockquote>\n<h2>Sector privado se compromete a la transparencia en licitaciones<\/h2>\n<p>En la conferencia ma\u00f1anera, Carlos Salazar Lomel\u00edn, presidente del Consejo Coordinador Empresarial (CCE), dijo que este mecanismo permiti\u00f3 acelerar el apoyo de la iniciativa privada en proyectos de infraestructura. Reiter\u00f3 que el primer paquete contempla 859 mil millones de pesos.<\/p>\n<blockquote><p>Tenemos el mandato del se\u00f1or presidente de no tomar deuda\u201d, se\u00f1al\u00f3, y a\u00f1adi\u00f3 que estar\u00e1n alineados con los objetivos de la Secretar\u00eda de Hacienda.<\/p><\/blockquote>\n<p>Detall\u00f3 que el sector privado se compromete a la transparencia sobre la licitaci\u00f3n de los proyectos y su progreso.\u00a0A\u00f1adi\u00f3 que se buscar\u00e1 que la mayor parte del financiamiento sea privado. Reiter\u00f3 que se informar\u00e1 constantemente sobre los avances en los proyectos. Explic\u00f3 c\u00f3mo ser\u00e1 la mec\u00e1nica para la aprobaci\u00f3n y ejecuci\u00f3n de los proyectos.<\/p>\n<p>Del primer paquete, la mayor\u00eda de los proyectos ser\u00edan desarrollados entre los a\u00f1os 2020 y 2022, otros 34 avanzar\u00edan entre 2023 y 2024.\u00a0Carlos Salazar Lomel\u00edn aclar\u00f3 que los proyectos de energ\u00eda y de salud se presentar\u00e1n en otro paquete, previsto para enero.<\/p>\n<blockquote><p>Ah\u00ed vendr\u00e1 otro paquete exclusivamente hablando de los proyectos de energ\u00eda y de salud\u201d, dijo.<\/p><\/blockquote>\n<figure id=\"attachment_2367225\" class=\"wp-caption alignnone amp-wp-0b00a7e\"><img decoding=\"async\" class=\"i-amphtml-fill-content i-amphtml-replaced-content\" src=\"https:\/\/i1.wp.com\/noticieros.televisa.com\/wp-content\/uploads\/2019\/11\/proyectos-infraestructura-gobierno-lopez-obrador.jpg?resize=600%2C338&amp;ssl=1\" sizes=\"(max-width: 414px) 382px, 100vw\" srcset=\"https:\/\/i1.wp.com\/noticieros.televisa.com\/wp-content\/uploads\/2019\/11\/proyectos-infraestructura-gobierno-lopez-obrador.jpg?w=1080&amp;ssl=1 1080w, https:\/\/i1.wp.com\/noticieros.televisa.com\/wp-content\/uploads\/2019\/11\/proyectos-infraestructura-gobierno-lopez-obrador.jpg?resize=300%2C169&amp;ssl=1 300w, https:\/\/i1.wp.com\/noticieros.televisa.com\/wp-content\/uploads\/2019\/11\/proyectos-infraestructura-gobierno-lopez-obrador.jpg?resize=768%2C433&amp;ssl=1 768w, https:\/\/i1.wp.com\/noticieros.televisa.com\/wp-content\/uploads\/2019\/11\/proyectos-infraestructura-gobierno-lopez-obrador.jpg?resize=1024%2C577&amp;ssl=1 1024w\" alt=\"Foto: Plan de Infraestructura contempla 147 proyectos con inversi\u00f3n de 859 mil mdp \" \/><figcaption class=\"wp-caption-text\"><em><strong>Plan de Infraestructura contempla 147 proyectos con inversi\u00f3n de 859 mil mdp. (Presidencia de la Rep\u00fablica)<\/strong><\/em><\/figcaption><\/figure>\n<p>El dirigente empresarial detall\u00f3 que de los 147 proyectos, 45 ser\u00e1n para la zona centro del pa\u00eds, 49 para el norte y 42 para el sur. Para el a\u00f1o 2020 se ejecutar\u00e1n 72; mientras que para 2021-2022 se har\u00e1n 41 m\u00e1s y para 2023-2024 ser\u00e1n 34 proyectos.<\/p>\n<p>Las inversiones, para el caso de los a\u00f1os 2020-2022 ser\u00e1n por 255 mil millones de pesos, mientras que para los dos \u00faltimos a\u00f1os de la actual administraci\u00f3n, los recursos ser\u00e1n por 171 mil millones de pesos, refiri\u00f3.<\/p>\n<blockquote><p>Como sector privado estamos intentando colaborar y enfocar, y aplaudimos enormemente que este gobierno est\u00e9 orient\u00e1ndose hacia los que menos tienen\u201d, sentenci\u00f3 Carlos Salazar Lomel\u00edn.<\/p><\/blockquote>\n<p>Luis Ni\u00f1o de Rivera, presidente de la Asociaci\u00f3n de Bancos de M\u00e9xico, dijo que la Banca tiene 684 mil mdp invertidos en infraestructura. Inform\u00f3 que hay 218 mil millones de pesos que tienen invertidos las afores, los certificados de capital de desarrollo y fideicomisos de inversi\u00f3n, m\u00e1s la banca internacional, con un total de 800 mil millones de pesos invertidos en infraestructura.<\/p>\n<p>Luis Ni\u00f1o de Rivera inform\u00f3 que las afores tienen 3.9 billones de pesos captados e invierten \u00fanicamente el d\u00eda de hoy 4% de ese dinero en infraestructura, pero si se aumenta un 1% anual se tendr\u00e1n 39 mil millones de pesos anuales para invertir.<\/p>\n<h2>Manifestaci\u00f3n de apoyo para sacar a M\u00e9xico adelante, dice AMLO<\/h2>\n<p>El presidente L\u00f3pez Obrador afirm\u00f3 que este compromiso es una franca manifestaci\u00f3n de apoyo para sacar a M\u00e9xico adelante, juntos. Dijo que los empresarios muestran as\u00ed su dimensi\u00f3n c\u00edvica y social.<\/p>\n<blockquote><p>Que los empresarios de M\u00e9xico no solo tienen como objetivo la obtenci\u00f3n de utilidades (\u2026) est\u00e1n preocupados por el desarrollo de nuestro pa\u00eds\u201d.<\/p><\/blockquote>\n<p>Destac\u00f3 que pronto se dar\u00e1 a conocer un C\u00f3digo de \u00c9tica para el sector empresarial mexicana, una tendencia mundial con el objetivo de obtener utilidad, al mismo tiempo que se d\u00e9 trato digno y justo a los trabajadores, que se cuide el medio ambiente y que se contribuya al desarrollo de las naciones.<\/p>\n<p>Consider\u00f3 que es un nuevo paradigma en cuanto a la funci\u00f3n de los empresarios.<\/p>\n<p>El presidente se\u00f1al\u00f3 que en el caso de M\u00e9xico esta iniciativa no es nueva, que ya hay un legado empresarial con buenas pr\u00e1cticas en Nuevo Le\u00f3n y la Ciudad de M\u00e9xico.<\/p>\n<blockquote><p>No tenemos ninguna diferencia, ning\u00fan problema con el sector empresarial. Al contrario, hemos procurado mantener muy buenas relaciones\u201d, dijo.<\/p><\/blockquote>\n<p>Elogi\u00f3 a los empresarios por actuar con responsabilidad y destac\u00f3 que Carlos Salazar y Antonio del Valle tienen muy buena comunicaci\u00f3n con el Gobierno federal.<\/p>\n<p>Dijo que Salazar apoy\u00f3 con la resoluci\u00f3n del conflicto por los contratos de gasoductos que no operaban, pero s\u00ed generaban costos. AMLO afirm\u00f3 que el acuerdo garantiza que M\u00e9xico tenga gas por 20 a\u00f1os m\u00e1s.<\/p>\n<p>https:\/\/www.facebook.com\/lopezobrador.org.mx\/videos\/586087882176472\/<\/p>\n<p><em>Con informaci\u00f3n de Presidencia de la Rep\u00fablica<\/em><\/p>\n","protected":false},"excerpt":{"rendered":"<p>PLAN DE INFRAESTRUCTURA: 147 PROYECTOS CON INVERSI\u00d3N DE 859 MIL MDP, EN PRIMERA FASE Por&#8230;<\/p>\n","protected":false},"author":2,"featured_media":45541,"comment_status":"open","ping_status":"open","sticky":false,"template":"","format":"standard","meta":{"_monsterinsights_skip_tracking":false,"_monsterinsights_sitenote_active":false,"_monsterinsights_sitenote_note":"","_monsterinsights_sitenote_category":0,"footnotes":""},"categories":[56],"tags":[],"class_list":["post-45540","post","type-post","status-publish","format-standard","has-post-thumbnail","hentry","category-economia"],"yoast_head":"<!-- This site is optimized with the Yoast SEO plugin v27.3 - https:\/\/yoast.com\/product\/yoast-seo-wordpress\/ -->\n<title>PLAN DE INFRAESTRUCTURA: 147 PROYECTOS CON INVERSI\u00d3N DE 859 MIL MDP, EN PRIMERA FASE -<\/title>\n<meta name=\"robots\" content=\"index, follow, max-snippet:-1, max-image-preview:large, max-video-preview:-1\" \/>\n<link rel=\"canonical\" href=\"https:\/\/quehacerpolitico.mx\/?p=45540\" \/>\n<meta property=\"og:locale\" content=\"es_MX\" \/>\n<meta property=\"og:type\" content=\"article\" \/>\n<meta property=\"og:title\" content=\"PLAN DE INFRAESTRUCTURA: 147 PROYECTOS CON INVERSI\u00d3N DE 859 MIL MDP, EN PRIMERA FASE -\" \/>\n<meta property=\"og:description\" content=\"PLAN DE INFRAESTRUCTURA: 147 PROYECTOS CON INVERSI\u00d3N DE 859 MIL MDP, EN PRIMERA FASE Por...\" \/>\n<meta property=\"og:url\" content=\"https:\/\/quehacerpolitico.mx\/?p=45540\" \/>\n<meta property=\"article:published_time\" content=\"2019-11-26T14:26:13+00:00\" \/>\n<meta name=\"author\" content=\"Redacci\u00f3n QP\" \/>\n<meta name=\"twitter:card\" content=\"summary_large_image\" \/>\n<meta name=\"twitter:label1\" content=\"Escrito por\" \/>\n\t<meta name=\"twitter:data1\" content=\"Redacci\u00f3n QP\" \/>\n\t<meta name=\"twitter:label2\" content=\"Tiempo de lectura\" \/>\n\t<meta name=\"twitter:data2\" content=\"5 minutos\" \/>\n<script type=\"application\/ld+json\" class=\"yoast-schema-graph\">{\"@context\":\"https:\\\/\\\/schema.org\",\"@graph\":[{\"@type\":\"Article\",\"@id\":\"https:\\\/\\\/quehacerpolitico.mx\\\/?p=45540#article\",\"isPartOf\":{\"@id\":\"https:\\\/\\\/quehacerpolitico.mx\\\/?p=45540\"},\"author\":{\"name\":\"Redacci\u00f3n QP\",\"@id\":\"https:\\\/\\\/quehacerpolitico.mx\\\/#\\\/schema\\\/person\\\/496d8ad2d1d3f8036101dca7ee39e585\"},\"headline\":\"PLAN DE INFRAESTRUCTURA: 147 PROYECTOS CON INVERSI\u00d3N DE 859 MIL MDP, EN PRIMERA FASE\",\"datePublished\":\"2019-11-26T14:26:13+00:00\",\"mainEntityOfPage\":{\"@id\":\"https:\\\/\\\/quehacerpolitico.mx\\\/?p=45540\"},\"wordCount\":1077,\"commentCount\":0,\"image\":{\"@id\":\"https:\\\/\\\/quehacerpolitico.mx\\\/?p=45540#primaryimage\"},\"thumbnailUrl\":\"\",\"articleSection\":[\"Econom\u00eda\"],\"inLanguage\":\"es\",\"potentialAction\":[{\"@type\":\"CommentAction\",\"name\":\"Comment\",\"target\":[\"https:\\\/\\\/quehacerpolitico.mx\\\/?p=45540#respond\"]}]},{\"@type\":\"WebPage\",\"@id\":\"https:\\\/\\\/quehacerpolitico.mx\\\/?p=45540\",\"url\":\"https:\\\/\\\/quehacerpolitico.mx\\\/?p=45540\",\"name\":\"PLAN DE INFRAESTRUCTURA: 147 PROYECTOS CON INVERSI\u00d3N DE 859 MIL MDP, EN PRIMERA FASE -\",\"isPartOf\":{\"@id\":\"https:\\\/\\\/quehacerpolitico.mx\\\/#website\"},\"primaryImageOfPage\":{\"@id\":\"https:\\\/\\\/quehacerpolitico.mx\\\/?p=45540#primaryimage\"},\"image\":{\"@id\":\"https:\\\/\\\/quehacerpolitico.mx\\\/?p=45540#primaryimage\"},\"thumbnailUrl\":\"\",\"datePublished\":\"2019-11-26T14:26:13+00:00\",\"author\":{\"@id\":\"https:\\\/\\\/quehacerpolitico.mx\\\/#\\\/schema\\\/person\\\/496d8ad2d1d3f8036101dca7ee39e585\"},\"breadcrumb\":{\"@id\":\"https:\\\/\\\/quehacerpolitico.mx\\\/?p=45540#breadcrumb\"},\"inLanguage\":\"es\",\"potentialAction\":[{\"@type\":\"ReadAction\",\"target\":[\"https:\\\/\\\/quehacerpolitico.mx\\\/?p=45540\"]}]},{\"@type\":\"ImageObject\",\"inLanguage\":\"es\",\"@id\":\"https:\\\/\\\/quehacerpolitico.mx\\\/?p=45540#primaryimage\",\"url\":\"\",\"contentUrl\":\"\"},{\"@type\":\"BreadcrumbList\",\"@id\":\"https:\\\/\\\/quehacerpolitico.mx\\\/?p=45540#breadcrumb\",\"itemListElement\":[{\"@type\":\"ListItem\",\"position\":1,\"name\":\"Inicio\",\"item\":\"https:\\\/\\\/quehacerpolitico.mx\\\/\"},{\"@type\":\"ListItem\",\"position\":2,\"name\":\"PLAN DE INFRAESTRUCTURA: 147 PROYECTOS CON INVERSI\u00d3N DE 859 MIL MDP, EN PRIMERA FASE\"}]},{\"@type\":\"WebSite\",\"@id\":\"https:\\\/\\\/quehacerpolitico.mx\\\/#website\",\"url\":\"https:\\\/\\\/quehacerpolitico.mx\\\/\",\"name\":\"\",\"description\":\"\",\"potentialAction\":[{\"@type\":\"SearchAction\",\"target\":{\"@type\":\"EntryPoint\",\"urlTemplate\":\"https:\\\/\\\/quehacerpolitico.mx\\\/?s={search_term_string}\"},\"query-input\":{\"@type\":\"PropertyValueSpecification\",\"valueRequired\":true,\"valueName\":\"search_term_string\"}}],\"inLanguage\":\"es\"},{\"@type\":\"Person\",\"@id\":\"https:\\\/\\\/quehacerpolitico.mx\\\/#\\\/schema\\\/person\\\/496d8ad2d1d3f8036101dca7ee39e585\",\"name\":\"Redacci\u00f3n QP\",\"image\":{\"@type\":\"ImageObject\",\"inLanguage\":\"es\",\"@id\":\"https:\\\/\\\/secure.gravatar.com\\\/avatar\\\/c7164ed6fdec453195284ad24a5ae5b6e1eed2b848477fa2a4787ba9adf39a41?s=96&d=mm&r=g\",\"url\":\"https:\\\/\\\/secure.gravatar.com\\\/avatar\\\/c7164ed6fdec453195284ad24a5ae5b6e1eed2b848477fa2a4787ba9adf39a41?s=96&d=mm&r=g\",\"contentUrl\":\"https:\\\/\\\/secure.gravatar.com\\\/avatar\\\/c7164ed6fdec453195284ad24a5ae5b6e1eed2b848477fa2a4787ba9adf39a41?s=96&d=mm&r=g\",\"caption\":\"Redacci\u00f3n QP\"},\"url\":\"https:\\\/\\\/quehacerpolitico.mx\\\/?author=2\"}]}<\/script>\n<!-- \/ Yoast SEO plugin. -->","yoast_head_json":{"title":"PLAN DE INFRAESTRUCTURA: 147 PROYECTOS CON INVERSI\u00d3N DE 859 MIL MDP, EN PRIMERA FASE -","robots":{"index":"index","follow":"follow","max-snippet":"max-snippet:-1","max-image-preview":"max-image-preview:large","max-video-preview":"max-video-preview:-1"},"canonical":"https:\/\/quehacerpolitico.mx\/?p=45540","og_locale":"es_MX","og_type":"article","og_title":"PLAN DE INFRAESTRUCTURA: 147 PROYECTOS CON INVERSI\u00d3N DE 859 MIL MDP, EN PRIMERA FASE -","og_description":"PLAN DE INFRAESTRUCTURA: 147 PROYECTOS CON INVERSI\u00d3N DE 859 MIL MDP, EN PRIMERA FASE Por...","og_url":"https:\/\/quehacerpolitico.mx\/?p=45540","article_published_time":"2019-11-26T14:26:13+00:00","author":"Redacci\u00f3n QP","twitter_card":"summary_large_image","twitter_misc":{"Escrito por":"Redacci\u00f3n QP","Tiempo de lectura":"5 minutos"},"schema":{"@context":"https:\/\/schema.org","@graph":[{"@type":"Article","@id":"https:\/\/quehacerpolitico.mx\/?p=45540#article","isPartOf":{"@id":"https:\/\/quehacerpolitico.mx\/?p=45540"},"author":{"name":"Redacci\u00f3n QP","@id":"https:\/\/quehacerpolitico.mx\/#\/schema\/person\/496d8ad2d1d3f8036101dca7ee39e585"},"headline":"PLAN DE INFRAESTRUCTURA: 147 PROYECTOS CON INVERSI\u00d3N DE 859 MIL MDP, EN PRIMERA FASE","datePublished":"2019-11-26T14:26:13+00:00","mainEntityOfPage":{"@id":"https:\/\/quehacerpolitico.mx\/?p=45540"},"wordCount":1077,"commentCount":0,"image":{"@id":"https:\/\/quehacerpolitico.mx\/?p=45540#primaryimage"},"thumbnailUrl":"","articleSection":["Econom\u00eda"],"inLanguage":"es","potentialAction":[{"@type":"CommentAction","name":"Comment","target":["https:\/\/quehacerpolitico.mx\/?p=45540#respond"]}]},{"@type":"WebPage","@id":"https:\/\/quehacerpolitico.mx\/?p=45540","url":"https:\/\/quehacerpolitico.mx\/?p=45540","name":"PLAN DE INFRAESTRUCTURA: 147 PROYECTOS CON INVERSI\u00d3N DE 859 MIL MDP, EN PRIMERA FASE -","isPartOf":{"@id":"https:\/\/quehacerpolitico.mx\/#website"},"primaryImageOfPage":{"@id":"https:\/\/quehacerpolitico.mx\/?p=45540#primaryimage"},"image":{"@id":"https:\/\/quehacerpolitico.mx\/?p=45540#primaryimage"},"thumbnailUrl":"","datePublished":"2019-11-26T14:26:13+00:00","author":{"@id":"https:\/\/quehacerpolitico.mx\/#\/schema\/person\/496d8ad2d1d3f8036101dca7ee39e585"},"breadcrumb":{"@id":"https:\/\/quehacerpolitico.mx\/?p=45540#breadcrumb"},"inLanguage":"es","potentialAction":[{"@type":"ReadAction","target":["https:\/\/quehacerpolitico.mx\/?p=45540"]}]},{"@type":"ImageObject","inLanguage":"es","@id":"https:\/\/quehacerpolitico.mx\/?p=45540#primaryimage","url":"","contentUrl":""},{"@type":"BreadcrumbList","@id":"https:\/\/quehacerpolitico.mx\/?p=45540#breadcrumb","itemListElement":[{"@type":"ListItem","position":1,"name":"Inicio","item":"https:\/\/quehacerpolitico.mx\/"},{"@type":"ListItem","position":2,"name":"PLAN DE INFRAESTRUCTURA: 147 PROYECTOS CON INVERSI\u00d3N DE 859 MIL MDP, EN PRIMERA FASE"}]},{"@type":"WebSite","@id":"https:\/\/quehacerpolitico.mx\/#website","url":"https:\/\/quehacerpolitico.mx\/","name":"","description":"","potentialAction":[{"@type":"SearchAction","target":{"@type":"EntryPoint","urlTemplate":"https:\/\/quehacerpolitico.mx\/?s={search_term_string}"},"query-input":{"@type":"PropertyValueSpecification","valueRequired":true,"valueName":"search_term_string"}}],"inLanguage":"es"},{"@type":"Person","@id":"https:\/\/quehacerpolitico.mx\/#\/schema\/person\/496d8ad2d1d3f8036101dca7ee39e585","name":"Redacci\u00f3n QP","image":{"@type":"ImageObject","inLanguage":"es","@id":"https:\/\/secure.gravatar.com\/avatar\/c7164ed6fdec453195284ad24a5ae5b6e1eed2b848477fa2a4787ba9adf39a41?s=96&d=mm&r=g","url":"https:\/\/secure.gravatar.com\/avatar\/c7164ed6fdec453195284ad24a5ae5b6e1eed2b848477fa2a4787ba9adf39a41?s=96&d=mm&r=g","contentUrl":"https:\/\/secure.gravatar.com\/avatar\/c7164ed6fdec453195284ad24a5ae5b6e1eed2b848477fa2a4787ba9adf39a41?s=96&d=mm&r=g","caption":"Redacci\u00f3n QP"},"url":"https:\/\/quehacerpolitico.mx\/?author=2"}]}},"featured_image_urls":{"full":"","thumbnail":"","medium":"","medium_large":"","large":"","1536x1536":"","2048x2048":"","covernews-featured":"","covernews-medium":""},"author_info":{"display_name":"Redacci\u00f3n QP","author_link":"https:\/\/quehacerpolitico.mx\/?author=2"},"category_info":"<a href=\"https:\/\/quehacerpolitico.mx\/?cat=56\" rel=\"category\">Econom\u00eda<\/a>","tag_info":"Econom\u00eda","comment_count":"0","_links":{"self":[{"href":"https:\/\/quehacerpolitico.mx\/index.php?rest_route=\/wp\/v2\/posts\/45540","targetHints":{"allow":["GET"]}}],"collection":[{"href":"https:\/\/quehacerpolitico.mx\/index.php?rest_route=\/wp\/v2\/posts"}],"about":[{"href":"https:\/\/quehacerpolitico.mx\/index.php?rest_route=\/wp\/v2\/types\/post"}],"author":[{"embeddable":true,"href":"https:\/\/quehacerpolitico.mx\/index.php?rest_route=\/wp\/v2\/users\/2"}],"replies":[{"embeddable":true,"href":"https:\/\/quehacerpolitico.mx\/index.php?rest_route=%2Fwp%2Fv2%2Fcomments&post=45540"}],"version-history":[{"count":0,"href":"https:\/\/quehacerpolitico.mx\/index.php?rest_route=\/wp\/v2\/posts\/45540\/revisions"}],"wp:featuredmedia":[{"embeddable":true,"href":"https:\/\/quehacerpolitico.mx\/index.php?rest_route=\/"}],"wp:attachment":[{"href":"https:\/\/quehacerpolitico.mx\/index.php?rest_route=%2Fwp%2Fv2%2Fmedia&parent=45540"}],"wp:term":[{"taxonomy":"category","embeddable":true,"href":"https:\/\/quehacerpolitico.mx\/index.php?rest_route=%2Fwp%2Fv2%2Fcategories&post=45540"},{"taxonomy":"post_tag","embeddable":true,"href":"https:\/\/quehacerpolitico.mx\/index.php?rest_route=%2Fwp%2Fv2%2Ftags&post=45540"}],"curies":[{"name":"wp","href":"https:\/\/api.w.org\/{rel}","templated":true}]}}