{"id":45442,"date":"2019-11-25T21:42:19","date_gmt":"2019-11-25T21:42:19","guid":{"rendered":"http:\/\/quehacerpolitico.mx\/?p=45442"},"modified":"2019-11-25T21:42:19","modified_gmt":"2019-11-25T21:42:19","slug":"se-formaliza-la-alerta-de-genero-en-la-cdmx-apartir-de-hoy-entra-en-vigor","status":"publish","type":"post","link":"https:\/\/quehacerpolitico.mx\/?p=45442","title":{"rendered":"SE FORMALIZA LA ALERTA DE G\u00c9NERO EN LA CDMX; APARTIR DE HOY ENTRA EN VIGOR"},"content":{"rendered":"<h1 class=\"amp-wp-title\">SE FORMALIZA LA ALERTA DE G\u00c9NERO EN LA CDMX; APARTIR DE HOY ENTRA EN VIGOR<br \/>\nPor Redacci\u00f3n QP<\/h1>\n<p>El Gobierno de la CDMX se comprometi\u00f3 a implementar 11 medidas entre las que destaca la creaci\u00f3n del Registro P\u00fablico de Agresores Sexuales y exhortar al Congreso local para la aprobaci\u00f3n de la \u2018Ley Olimpia\u2019<\/p>\n<blockquote class=\"twitter-tweet\" data-width=\"550\" data-dnt=\"true\">\n<p lang=\"es\" dir=\"ltr\">La Jefa de Gobierno decreta la Alerta por Violencia en Contra de las Mujeres. <\/p>\n<p>Aqu\u00ed los detalles: <a href=\"https:\/\/t.co\/C0ABB0eESt\">pic.twitter.com\/C0ABB0eESt<\/a><\/p>\n<p>&mdash; Gobierno de la Ciudad de M\u00e9xico (@GobCDMX) <a href=\"https:\/\/twitter.com\/GobCDMX\/status\/1197573339318870016?ref_src=twsrc%5Etfw\">November 21, 2019<\/a><\/p><\/blockquote>\n<p><script async src=\"https:\/\/platform.twitter.com\/widgets.js\" charset=\"utf-8\"><\/script><\/p>\n<p>Este lunes fue publicada en la <strong>Gaceta Oficial l<\/strong>a declaratoria de alerta por violencia contra las mujeres en la Ciudad de M\u00e9xico<\/p>\n<blockquote class=\"twitter-tweet\" data-width=\"550\" data-dnt=\"true\">\n<p lang=\"es\" dir=\"ltr\">El Gobierno de la Ciudad de M\u00e9xico informa:<\/p>\n<p>Hoy se public\u00f3 el decreto para declarar la Alerta por Violencia contra las Mujeres. <a href=\"https:\/\/t.co\/sYwLRgsIh6\">https:\/\/t.co\/sYwLRgsIh6<\/a><\/p>\n<p>&mdash; Gobierno de la Ciudad de M\u00e9xico (@GobCDMX) <a href=\"https:\/\/twitter.com\/GobCDMX\/status\/1199018285464834048?ref_src=twsrc%5Etfw\">November 25, 2019<\/a><\/p><\/blockquote>\n<p><script async src=\"https:\/\/platform.twitter.com\/widgets.js\" charset=\"utf-8\"><\/script><\/p>\n<p>En ella se establece que la alerta se solicit\u00f3 por la recurrencia en la comisi\u00f3n de delitos que atenten contra la vida, integridad f\u00edsica y la libertad de las v\u00edctimas.<\/p>\n<p>A trav\u00e9s de esta declaratoria, el gobierno de la <strong>Ciudad de M\u00e9xi<\/strong>co busca garantizar el cese de la violencia feminicida y la seguridad de las mujeres, ni\u00f1as y adolescentes.<\/p>\n<p>Se comprometi\u00f3 tambi\u00e9n a implementar 11 medidas entre las que destaca la presentaci\u00f3n de la iniciativa para la creaci\u00f3n del Registro P\u00fablico de Agresores Sexuales y un exhorto al Congreso de la Ciudad de M\u00e9xico para que aprueben la llamada \u201cLey Olimpia\u201d que busca sancionar el acoso y la violencia digital, adem\u00e1s de la ley por la que se crea el Banco de ADN para la persecuci\u00f3n de delitos sexuales.<\/p>\n<p>Sobre la marcha que se llevar\u00e1 a cabo este lunes con motivo del D\u00eda Internacional para la erradicaci\u00f3n de la Violencia ontra las Mujeres, la <strong>jefa de Gobierno de la CDMX<\/strong> no habl\u00f3 al respecto.<\/p>\n<p>Claudia Sheinbaum estuvo presente por la ma\u00f1ana en un evento denominado \u201cDesaf\u00edos de las Ciudades para la Sustentabilidad\u201d.<\/p>\n<p>Con informaci\u00f3n de Noticieros Televisa<\/p>\n","protected":false},"excerpt":{"rendered":"<p>SE FORMALIZA LA ALERTA DE G\u00c9NERO EN LA CDMX; APARTIR DE HOY ENTRA EN VIGOR&#8230;<\/p>\n","protected":false},"author":2,"featured_media":45445,"comment_status":"open","ping_status":"open","sticky":false,"template":"","format":"standard","meta":{"_monsterinsights_skip_tracking":false,"_monsterinsights_sitenote_active":false,"_monsterinsights_sitenote_note":"","_monsterinsights_sitenote_category":0,"footnotes":""},"categories":[55],"tags":[],"class_list":["post-45442","post","type-post","status-publish","format-standard","has-post-thumbnail","hentry","category-cdmx"],"yoast_head":"<!-- This site is optimized with the Yoast SEO plugin v27.3 - https:\/\/yoast.com\/product\/yoast-seo-wordpress\/ -->\n<title>SE FORMALIZA LA ALERTA DE G\u00c9NERO EN LA CDMX; APARTIR DE HOY ENTRA EN VIGOR -<\/title>\n<meta name=\"robots\" content=\"index, follow, max-snippet:-1, max-image-preview:large, max-video-preview:-1\" \/>\n<link rel=\"canonical\" href=\"https:\/\/quehacerpolitico.mx\/?p=45442\" \/>\n<meta property=\"og:locale\" content=\"es_MX\" \/>\n<meta property=\"og:type\" content=\"article\" \/>\n<meta property=\"og:title\" content=\"SE FORMALIZA LA ALERTA DE G\u00c9NERO EN LA CDMX; APARTIR DE HOY ENTRA EN VIGOR -\" \/>\n<meta property=\"og:description\" content=\"SE FORMALIZA LA ALERTA DE G\u00c9NERO EN LA CDMX; APARTIR DE HOY ENTRA EN VIGOR...\" \/>\n<meta property=\"og:url\" content=\"https:\/\/quehacerpolitico.mx\/?p=45442\" \/>\n<meta property=\"article:published_time\" content=\"2019-11-25T21:42:19+00:00\" \/>\n<meta name=\"author\" content=\"Redacci\u00f3n QP\" \/>\n<meta name=\"twitter:card\" content=\"summary_large_image\" \/>\n<meta name=\"twitter:label1\" content=\"Escrito por\" \/>\n\t<meta name=\"twitter:data1\" content=\"Redacci\u00f3n QP\" \/>\n\t<meta name=\"twitter:label2\" content=\"Tiempo de lectura\" \/>\n\t<meta name=\"twitter:data2\" content=\"1 minuto\" \/>\n<script type=\"application\/ld+json\" class=\"yoast-schema-graph\">{\"@context\":\"https:\\\/\\\/schema.org\",\"@graph\":[{\"@type\":\"Article\",\"@id\":\"https:\\\/\\\/quehacerpolitico.mx\\\/?p=45442#article\",\"isPartOf\":{\"@id\":\"https:\\\/\\\/quehacerpolitico.mx\\\/?p=45442\"},\"author\":{\"name\":\"Redacci\u00f3n QP\",\"@id\":\"https:\\\/\\\/quehacerpolitico.mx\\\/#\\\/schema\\\/person\\\/496d8ad2d1d3f8036101dca7ee39e585\"},\"headline\":\"SE FORMALIZA LA ALERTA DE G\u00c9NERO EN LA CDMX; APARTIR DE HOY ENTRA EN VIGOR\",\"datePublished\":\"2019-11-25T21:42:19+00:00\",\"mainEntityOfPage\":{\"@id\":\"https:\\\/\\\/quehacerpolitico.mx\\\/?p=45442\"},\"wordCount\":312,\"commentCount\":0,\"image\":{\"@id\":\"https:\\\/\\\/quehacerpolitico.mx\\\/?p=45442#primaryimage\"},\"thumbnailUrl\":\"\",\"articleSection\":[\"CDMX\"],\"inLanguage\":\"es\",\"potentialAction\":[{\"@type\":\"CommentAction\",\"name\":\"Comment\",\"target\":[\"https:\\\/\\\/quehacerpolitico.mx\\\/?p=45442#respond\"]}]},{\"@type\":\"WebPage\",\"@id\":\"https:\\\/\\\/quehacerpolitico.mx\\\/?p=45442\",\"url\":\"https:\\\/\\\/quehacerpolitico.mx\\\/?p=45442\",\"name\":\"SE FORMALIZA LA ALERTA DE G\u00c9NERO EN LA CDMX; APARTIR DE HOY ENTRA EN VIGOR -\",\"isPartOf\":{\"@id\":\"https:\\\/\\\/quehacerpolitico.mx\\\/#website\"},\"primaryImageOfPage\":{\"@id\":\"https:\\\/\\\/quehacerpolitico.mx\\\/?p=45442#primaryimage\"},\"image\":{\"@id\":\"https:\\\/\\\/quehacerpolitico.mx\\\/?p=45442#primaryimage\"},\"thumbnailUrl\":\"\",\"datePublished\":\"2019-11-25T21:42:19+00:00\",\"author\":{\"@id\":\"https:\\\/\\\/quehacerpolitico.mx\\\/#\\\/schema\\\/person\\\/496d8ad2d1d3f8036101dca7ee39e585\"},\"breadcrumb\":{\"@id\":\"https:\\\/\\\/quehacerpolitico.mx\\\/?p=45442#breadcrumb\"},\"inLanguage\":\"es\",\"potentialAction\":[{\"@type\":\"ReadAction\",\"target\":[\"https:\\\/\\\/quehacerpolitico.mx\\\/?p=45442\"]}]},{\"@type\":\"ImageObject\",\"inLanguage\":\"es\",\"@id\":\"https:\\\/\\\/quehacerpolitico.mx\\\/?p=45442#primaryimage\",\"url\":\"\",\"contentUrl\":\"\"},{\"@type\":\"BreadcrumbList\",\"@id\":\"https:\\\/\\\/quehacerpolitico.mx\\\/?p=45442#breadcrumb\",\"itemListElement\":[{\"@type\":\"ListItem\",\"position\":1,\"name\":\"Inicio\",\"item\":\"https:\\\/\\\/quehacerpolitico.mx\\\/\"},{\"@type\":\"ListItem\",\"position\":2,\"name\":\"SE FORMALIZA LA ALERTA DE G\u00c9NERO EN LA CDMX; APARTIR DE HOY ENTRA EN VIGOR\"}]},{\"@type\":\"WebSite\",\"@id\":\"https:\\\/\\\/quehacerpolitico.mx\\\/#website\",\"url\":\"https:\\\/\\\/quehacerpolitico.mx\\\/\",\"name\":\"\",\"description\":\"\",\"potentialAction\":[{\"@type\":\"SearchAction\",\"target\":{\"@type\":\"EntryPoint\",\"urlTemplate\":\"https:\\\/\\\/quehacerpolitico.mx\\\/?s={search_term_string}\"},\"query-input\":{\"@type\":\"PropertyValueSpecification\",\"valueRequired\":true,\"valueName\":\"search_term_string\"}}],\"inLanguage\":\"es\"},{\"@type\":\"Person\",\"@id\":\"https:\\\/\\\/quehacerpolitico.mx\\\/#\\\/schema\\\/person\\\/496d8ad2d1d3f8036101dca7ee39e585\",\"name\":\"Redacci\u00f3n QP\",\"image\":{\"@type\":\"ImageObject\",\"inLanguage\":\"es\",\"@id\":\"https:\\\/\\\/secure.gravatar.com\\\/avatar\\\/c7164ed6fdec453195284ad24a5ae5b6e1eed2b848477fa2a4787ba9adf39a41?s=96&d=mm&r=g\",\"url\":\"https:\\\/\\\/secure.gravatar.com\\\/avatar\\\/c7164ed6fdec453195284ad24a5ae5b6e1eed2b848477fa2a4787ba9adf39a41?s=96&d=mm&r=g\",\"contentUrl\":\"https:\\\/\\\/secure.gravatar.com\\\/avatar\\\/c7164ed6fdec453195284ad24a5ae5b6e1eed2b848477fa2a4787ba9adf39a41?s=96&d=mm&r=g\",\"caption\":\"Redacci\u00f3n QP\"},\"url\":\"https:\\\/\\\/quehacerpolitico.mx\\\/?author=2\"}]}<\/script>\n<!-- \/ Yoast SEO plugin. -->","yoast_head_json":{"title":"SE FORMALIZA LA ALERTA DE G\u00c9NERO EN LA CDMX; APARTIR DE HOY ENTRA EN VIGOR -","robots":{"index":"index","follow":"follow","max-snippet":"max-snippet:-1","max-image-preview":"max-image-preview:large","max-video-preview":"max-video-preview:-1"},"canonical":"https:\/\/quehacerpolitico.mx\/?p=45442","og_locale":"es_MX","og_type":"article","og_title":"SE FORMALIZA LA ALERTA DE G\u00c9NERO EN LA CDMX; APARTIR DE HOY ENTRA EN VIGOR -","og_description":"SE FORMALIZA LA ALERTA DE G\u00c9NERO EN LA CDMX; APARTIR DE HOY ENTRA EN VIGOR...","og_url":"https:\/\/quehacerpolitico.mx\/?p=45442","article_published_time":"2019-11-25T21:42:19+00:00","author":"Redacci\u00f3n QP","twitter_card":"summary_large_image","twitter_misc":{"Escrito por":"Redacci\u00f3n QP","Tiempo de lectura":"1 minuto"},"schema":{"@context":"https:\/\/schema.org","@graph":[{"@type":"Article","@id":"https:\/\/quehacerpolitico.mx\/?p=45442#article","isPartOf":{"@id":"https:\/\/quehacerpolitico.mx\/?p=45442"},"author":{"name":"Redacci\u00f3n QP","@id":"https:\/\/quehacerpolitico.mx\/#\/schema\/person\/496d8ad2d1d3f8036101dca7ee39e585"},"headline":"SE FORMALIZA LA ALERTA DE G\u00c9NERO EN LA CDMX; APARTIR DE HOY ENTRA EN VIGOR","datePublished":"2019-11-25T21:42:19+00:00","mainEntityOfPage":{"@id":"https:\/\/quehacerpolitico.mx\/?p=45442"},"wordCount":312,"commentCount":0,"image":{"@id":"https:\/\/quehacerpolitico.mx\/?p=45442#primaryimage"},"thumbnailUrl":"","articleSection":["CDMX"],"inLanguage":"es","potentialAction":[{"@type":"CommentAction","name":"Comment","target":["https:\/\/quehacerpolitico.mx\/?p=45442#respond"]}]},{"@type":"WebPage","@id":"https:\/\/quehacerpolitico.mx\/?p=45442","url":"https:\/\/quehacerpolitico.mx\/?p=45442","name":"SE FORMALIZA LA ALERTA DE G\u00c9NERO EN LA CDMX; APARTIR DE HOY ENTRA EN VIGOR -","isPartOf":{"@id":"https:\/\/quehacerpolitico.mx\/#website"},"primaryImageOfPage":{"@id":"https:\/\/quehacerpolitico.mx\/?p=45442#primaryimage"},"image":{"@id":"https:\/\/quehacerpolitico.mx\/?p=45442#primaryimage"},"thumbnailUrl":"","datePublished":"2019-11-25T21:42:19+00:00","author":{"@id":"https:\/\/quehacerpolitico.mx\/#\/schema\/person\/496d8ad2d1d3f8036101dca7ee39e585"},"breadcrumb":{"@id":"https:\/\/quehacerpolitico.mx\/?p=45442#breadcrumb"},"inLanguage":"es","potentialAction":[{"@type":"ReadAction","target":["https:\/\/quehacerpolitico.mx\/?p=45442"]}]},{"@type":"ImageObject","inLanguage":"es","@id":"https:\/\/quehacerpolitico.mx\/?p=45442#primaryimage","url":"","contentUrl":""},{"@type":"BreadcrumbList","@id":"https:\/\/quehacerpolitico.mx\/?p=45442#breadcrumb","itemListElement":[{"@type":"ListItem","position":1,"name":"Inicio","item":"https:\/\/quehacerpolitico.mx\/"},{"@type":"ListItem","position":2,"name":"SE FORMALIZA LA ALERTA DE G\u00c9NERO EN LA CDMX; APARTIR DE HOY ENTRA EN VIGOR"}]},{"@type":"WebSite","@id":"https:\/\/quehacerpolitico.mx\/#website","url":"https:\/\/quehacerpolitico.mx\/","name":"","description":"","potentialAction":[{"@type":"SearchAction","target":{"@type":"EntryPoint","urlTemplate":"https:\/\/quehacerpolitico.mx\/?s={search_term_string}"},"query-input":{"@type":"PropertyValueSpecification","valueRequired":true,"valueName":"search_term_string"}}],"inLanguage":"es"},{"@type":"Person","@id":"https:\/\/quehacerpolitico.mx\/#\/schema\/person\/496d8ad2d1d3f8036101dca7ee39e585","name":"Redacci\u00f3n QP","image":{"@type":"ImageObject","inLanguage":"es","@id":"https:\/\/secure.gravatar.com\/avatar\/c7164ed6fdec453195284ad24a5ae5b6e1eed2b848477fa2a4787ba9adf39a41?s=96&d=mm&r=g","url":"https:\/\/secure.gravatar.com\/avatar\/c7164ed6fdec453195284ad24a5ae5b6e1eed2b848477fa2a4787ba9adf39a41?s=96&d=mm&r=g","contentUrl":"https:\/\/secure.gravatar.com\/avatar\/c7164ed6fdec453195284ad24a5ae5b6e1eed2b848477fa2a4787ba9adf39a41?s=96&d=mm&r=g","caption":"Redacci\u00f3n QP"},"url":"https:\/\/quehacerpolitico.mx\/?author=2"}]}},"featured_image_urls":{"full":"","thumbnail":"","medium":"","medium_large":"","large":"","1536x1536":"","2048x2048":"","covernews-featured":"","covernews-medium":""},"author_info":{"display_name":"Redacci\u00f3n QP","author_link":"https:\/\/quehacerpolitico.mx\/?author=2"},"category_info":"<a href=\"https:\/\/quehacerpolitico.mx\/?cat=55\" rel=\"category\">CDMX<\/a>","tag_info":"CDMX","comment_count":"0","_links":{"self":[{"href":"https:\/\/quehacerpolitico.mx\/index.php?rest_route=\/wp\/v2\/posts\/45442","targetHints":{"allow":["GET"]}}],"collection":[{"href":"https:\/\/quehacerpolitico.mx\/index.php?rest_route=\/wp\/v2\/posts"}],"about":[{"href":"https:\/\/quehacerpolitico.mx\/index.php?rest_route=\/wp\/v2\/types\/post"}],"author":[{"embeddable":true,"href":"https:\/\/quehacerpolitico.mx\/index.php?rest_route=\/wp\/v2\/users\/2"}],"replies":[{"embeddable":true,"href":"https:\/\/quehacerpolitico.mx\/index.php?rest_route=%2Fwp%2Fv2%2Fcomments&post=45442"}],"version-history":[{"count":0,"href":"https:\/\/quehacerpolitico.mx\/index.php?rest_route=\/wp\/v2\/posts\/45442\/revisions"}],"wp:featuredmedia":[{"embeddable":true,"href":"https:\/\/quehacerpolitico.mx\/index.php?rest_route=\/"}],"wp:attachment":[{"href":"https:\/\/quehacerpolitico.mx\/index.php?rest_route=%2Fwp%2Fv2%2Fmedia&parent=45442"}],"wp:term":[{"taxonomy":"category","embeddable":true,"href":"https:\/\/quehacerpolitico.mx\/index.php?rest_route=%2Fwp%2Fv2%2Fcategories&post=45442"},{"taxonomy":"post_tag","embeddable":true,"href":"https:\/\/quehacerpolitico.mx\/index.php?rest_route=%2Fwp%2Fv2%2Ftags&post=45442"}],"curies":[{"name":"wp","href":"https:\/\/api.w.org\/{rel}","templated":true}]}}