{"id":45437,"date":"2019-11-25T21:15:14","date_gmt":"2019-11-25T21:15:14","guid":{"rendered":"http:\/\/quehacerpolitico.mx\/?p=45437"},"modified":"2019-11-25T21:15:14","modified_gmt":"2019-11-25T21:15:14","slug":"rescatan-a-alejandro-sandi-y-a-turista-frances-secuestrados-en-nevado-de-toluca","status":"publish","type":"post","link":"https:\/\/quehacerpolitico.mx\/?p=45437","title":{"rendered":"RESCATAN A ALEJANDRO SAND\u00cd Y A TURISTA FRANC\u00c9S, SECUESTRADOS EN NEVADO DE TOLUCA"},"content":{"rendered":"<h1 class=\"amp-wp-title\">RESCATAN A ALEJANDRO SAND\u00cd Y A TURISTA FRANC\u00c9S, SECUESTRADOS EN NEVADO DE TOLUCA<\/h1>\n<p>Por Redacci\u00f3n QP<\/p>\n<p>El actor, <strong>Alejandro Sand\u00ed<\/strong>, y el <strong>turista franc\u00e9s<\/strong>, fueron <strong>rescatados<\/strong> tras ser secuestrados ayer en el Nevado de Toluca, en Estado de M\u00e9xico<\/p>\n<p>Los criminales que secuestraron al actor mexicano, Alejandro Sand\u00ed, y a un turista franc\u00e9s durante una excursi\u00f3n en las inmediaciones del Nevado de Toluca <strong>pidieron el rescate<\/strong>, confirm\u00f3 este lunes el titular de la Secretar\u00eda de Seguridad y Protecci\u00f3n Ciudadana (SSPC), Alfonso Durazo.<\/p>\n<blockquote><p>Hubo comunicaciones (con los secuestradores) y se solicit\u00f3 efectivamente un rescate\u201d, dijo Durazo en declaraciones a la prensa al finalizar un evento oficial en Ciudad de M\u00e9xico.<\/p><\/blockquote>\n<p>El funcionario indic\u00f3 que esperaba \u201ctener muy buenas noticias\u201d y habl\u00f3 de avances en la <strong>investigaci\u00f3n<\/strong>.<\/p>\n<blockquote class=\"twitter-tweet\" data-width=\"550\" data-dnt=\"true\">\n<p lang=\"es\" dir=\"ltr\">Piden rescate.<\/p>\n<p>S\u00ed, los secuestradores del actor Alejandro Sand\u00ed y el ciudadano franc\u00e9s Fr\u00e9deric Michel, en el Nevado de Toluca, pidieron rescate por las v\u00edctimas. <\/p>\n<p>As\u00ed lo confirm\u00f3 el secretario Alfonso Durazo, quien espera en las pr\u00f3ximas horas se resuelva el caso. <a href=\"https:\/\/t.co\/zTM4UHdCvy\">pic.twitter.com\/zTM4UHdCvy<\/a><\/p>\n<p>&mdash; Ruido en la Red (@RuidoEnLaRed) <a href=\"https:\/\/twitter.com\/RuidoEnLaRed\/status\/1199067246724886528?ref_src=twsrc%5Etfw\">November 25, 2019<\/a><\/p><\/blockquote>\n<p><script async src=\"https:\/\/platform.twitter.com\/widgets.js\" charset=\"utf-8\"><\/script><\/p>\n<blockquote><p>Estamos muy prontos a cerrar favorablemente\u201d, adelant\u00f3 Durazo, quien se\u00f1al\u00f3 que no quiere compartir \u201cdatos\u201d para no \u201centorpecer la conclusi\u00f3n positiva\u201d que esperan obtener.<\/p>\n<p>De inmediato se organiz\u00f3 el operativo de b\u00fasqueda y se activ\u00f3 el protocolo para estos casos. Y es en funci\u00f3n de ello que estamos muy pr\u00f3ximos a cerrar favorablemente esta investigaci\u00f3n\u201d, subray\u00f3 el secretario de Seguridad y Protecci\u00f3n Ciudadana, quien descart\u00f3 informar sobre el grupo delictivo detr\u00e1s de este suceso.<\/p>\n<p>Las actrices, Esmeralda Ugalde y Vanessa Arias, narraron en redes sociales que alrededor de las 08:00 horas del domingo <strong>fueron interceptados<\/strong> por \u201csujetos armados\u201d, quienes se llevaron el auto en el que viajaban junto a Sand\u00ed y secuestraron al actor.<\/p><\/blockquote>\n<p>Una de ellas, Esmeralda Ugalde, relat\u00f3 que iban \u201ccomo cualquier turista y cualquier familia a visitar el Nevado de Toluca\u201d cuando los <strong>criminales les truncaron el camino<\/strong>.<\/p>\n<blockquote><p>Las autoridades est\u00e1n haciendo su trabajo, por eso no podemos decirles mucha m\u00e1s informaci\u00f3n para no entorpecer este procedimiento. Confiamos que est\u00e1 bien Alejandro\u201d, expres\u00f3.<\/p><\/blockquote>\n<p>El mismo d\u00eda y en otro ataque fue secuestrado un turista franc\u00e9s, seg\u00fan confirm\u00f3 el Ministerio de Europa y de <strong>Asuntos Exteriores de Francia<\/strong> en su p\u00e1gina web.<\/p>\n<blockquote><p>Confirmamos el secuestro de un ciudadano franc\u00e9s en M\u00e9xico\u201d, inform\u00f3 la instituci\u00f3n, la cual advirti\u00f3 que \u201cpor razones de eficiencia y seguridad, mantenemos la m\u00e1xima discreci\u00f3n en este tipo de situaciones\u201d.<\/p><\/blockquote>\n<p>Seg\u00fan la organizaci\u00f3n <strong>Sem\u00e1foro Delictivo<\/strong>, desde diciembre de 2018 -cuando asumi\u00f3 el poder el presidente, Andr\u00e9s Manuel L\u00f3pez Obrador- hasta julio pasado, suman ya mil <strong>265 secuestros<\/strong>, <strong>mil 538 v\u00edctimas<\/strong> y <strong>mil 136 detenidos<\/strong>.<\/p>\n<p>En promedio, en <strong>M\u00e9xico<\/strong> suceden <strong>36 secuestros semanales<\/strong> y cinco diarios.<\/p>\n<p><em>Con informaci\u00f3n de agencias.<\/em><\/p>\n","protected":false},"excerpt":{"rendered":"<p>RESCATAN A ALEJANDRO SAND\u00cd Y A TURISTA FRANC\u00c9S, SECUESTRADOS EN NEVADO DE TOLUCA Por Redacci\u00f3n&#8230;<\/p>\n","protected":false},"author":2,"featured_media":45438,"comment_status":"open","ping_status":"open","sticky":false,"template":"","format":"standard","meta":{"_monsterinsights_skip_tracking":false,"_monsterinsights_sitenote_active":false,"_monsterinsights_sitenote_note":"","_monsterinsights_sitenote_category":0,"footnotes":""},"categories":[2],"tags":[],"class_list":["post-45437","post","type-post","status-publish","format-standard","has-post-thumbnail","hentry","category-noticias"],"yoast_head":"<!-- This site is optimized with the Yoast SEO plugin v27.3 - https:\/\/yoast.com\/product\/yoast-seo-wordpress\/ -->\n<title>RESCATAN A ALEJANDRO SAND\u00cd Y A TURISTA FRANC\u00c9S, SECUESTRADOS EN NEVADO DE TOLUCA -<\/title>\n<meta name=\"robots\" content=\"index, follow, max-snippet:-1, max-image-preview:large, max-video-preview:-1\" \/>\n<link rel=\"canonical\" href=\"https:\/\/quehacerpolitico.mx\/?p=45437\" \/>\n<meta property=\"og:locale\" content=\"es_MX\" \/>\n<meta property=\"og:type\" content=\"article\" \/>\n<meta property=\"og:title\" content=\"RESCATAN A ALEJANDRO SAND\u00cd Y A TURISTA FRANC\u00c9S, SECUESTRADOS EN NEVADO DE TOLUCA -\" \/>\n<meta property=\"og:description\" content=\"RESCATAN A ALEJANDRO SAND\u00cd Y A TURISTA FRANC\u00c9S, SECUESTRADOS EN NEVADO DE TOLUCA Por Redacci\u00f3n...\" \/>\n<meta property=\"og:url\" content=\"https:\/\/quehacerpolitico.mx\/?p=45437\" \/>\n<meta property=\"article:published_time\" content=\"2019-11-25T21:15:14+00:00\" \/>\n<meta name=\"author\" content=\"Redacci\u00f3n QP\" \/>\n<meta name=\"twitter:card\" content=\"summary_large_image\" \/>\n<meta name=\"twitter:label1\" content=\"Escrito por\" \/>\n\t<meta name=\"twitter:data1\" content=\"Redacci\u00f3n QP\" \/>\n\t<meta name=\"twitter:label2\" content=\"Tiempo de lectura\" \/>\n\t<meta name=\"twitter:data2\" content=\"2 minutos\" \/>\n<script type=\"application\/ld+json\" class=\"yoast-schema-graph\">{\"@context\":\"https:\\\/\\\/schema.org\",\"@graph\":[{\"@type\":\"Article\",\"@id\":\"https:\\\/\\\/quehacerpolitico.mx\\\/?p=45437#article\",\"isPartOf\":{\"@id\":\"https:\\\/\\\/quehacerpolitico.mx\\\/?p=45437\"},\"author\":{\"name\":\"Redacci\u00f3n QP\",\"@id\":\"https:\\\/\\\/quehacerpolitico.mx\\\/#\\\/schema\\\/person\\\/496d8ad2d1d3f8036101dca7ee39e585\"},\"headline\":\"RESCATAN A ALEJANDRO SAND\u00cd Y A TURISTA FRANC\u00c9S, SECUESTRADOS EN NEVADO DE TOLUCA\",\"datePublished\":\"2019-11-25T21:15:14+00:00\",\"mainEntityOfPage\":{\"@id\":\"https:\\\/\\\/quehacerpolitico.mx\\\/?p=45437\"},\"wordCount\":451,\"commentCount\":0,\"image\":{\"@id\":\"https:\\\/\\\/quehacerpolitico.mx\\\/?p=45437#primaryimage\"},\"thumbnailUrl\":\"\",\"articleSection\":[\"Noticias\"],\"inLanguage\":\"es\",\"potentialAction\":[{\"@type\":\"CommentAction\",\"name\":\"Comment\",\"target\":[\"https:\\\/\\\/quehacerpolitico.mx\\\/?p=45437#respond\"]}]},{\"@type\":\"WebPage\",\"@id\":\"https:\\\/\\\/quehacerpolitico.mx\\\/?p=45437\",\"url\":\"https:\\\/\\\/quehacerpolitico.mx\\\/?p=45437\",\"name\":\"RESCATAN A ALEJANDRO SAND\u00cd Y A TURISTA FRANC\u00c9S, SECUESTRADOS EN NEVADO DE TOLUCA -\",\"isPartOf\":{\"@id\":\"https:\\\/\\\/quehacerpolitico.mx\\\/#website\"},\"primaryImageOfPage\":{\"@id\":\"https:\\\/\\\/quehacerpolitico.mx\\\/?p=45437#primaryimage\"},\"image\":{\"@id\":\"https:\\\/\\\/quehacerpolitico.mx\\\/?p=45437#primaryimage\"},\"thumbnailUrl\":\"\",\"datePublished\":\"2019-11-25T21:15:14+00:00\",\"author\":{\"@id\":\"https:\\\/\\\/quehacerpolitico.mx\\\/#\\\/schema\\\/person\\\/496d8ad2d1d3f8036101dca7ee39e585\"},\"breadcrumb\":{\"@id\":\"https:\\\/\\\/quehacerpolitico.mx\\\/?p=45437#breadcrumb\"},\"inLanguage\":\"es\",\"potentialAction\":[{\"@type\":\"ReadAction\",\"target\":[\"https:\\\/\\\/quehacerpolitico.mx\\\/?p=45437\"]}]},{\"@type\":\"ImageObject\",\"inLanguage\":\"es\",\"@id\":\"https:\\\/\\\/quehacerpolitico.mx\\\/?p=45437#primaryimage\",\"url\":\"\",\"contentUrl\":\"\"},{\"@type\":\"BreadcrumbList\",\"@id\":\"https:\\\/\\\/quehacerpolitico.mx\\\/?p=45437#breadcrumb\",\"itemListElement\":[{\"@type\":\"ListItem\",\"position\":1,\"name\":\"Inicio\",\"item\":\"https:\\\/\\\/quehacerpolitico.mx\\\/\"},{\"@type\":\"ListItem\",\"position\":2,\"name\":\"RESCATAN A ALEJANDRO SAND\u00cd Y A TURISTA FRANC\u00c9S, SECUESTRADOS EN NEVADO DE TOLUCA\"}]},{\"@type\":\"WebSite\",\"@id\":\"https:\\\/\\\/quehacerpolitico.mx\\\/#website\",\"url\":\"https:\\\/\\\/quehacerpolitico.mx\\\/\",\"name\":\"\",\"description\":\"\",\"potentialAction\":[{\"@type\":\"SearchAction\",\"target\":{\"@type\":\"EntryPoint\",\"urlTemplate\":\"https:\\\/\\\/quehacerpolitico.mx\\\/?s={search_term_string}\"},\"query-input\":{\"@type\":\"PropertyValueSpecification\",\"valueRequired\":true,\"valueName\":\"search_term_string\"}}],\"inLanguage\":\"es\"},{\"@type\":\"Person\",\"@id\":\"https:\\\/\\\/quehacerpolitico.mx\\\/#\\\/schema\\\/person\\\/496d8ad2d1d3f8036101dca7ee39e585\",\"name\":\"Redacci\u00f3n QP\",\"image\":{\"@type\":\"ImageObject\",\"inLanguage\":\"es\",\"@id\":\"https:\\\/\\\/secure.gravatar.com\\\/avatar\\\/c7164ed6fdec453195284ad24a5ae5b6e1eed2b848477fa2a4787ba9adf39a41?s=96&d=mm&r=g\",\"url\":\"https:\\\/\\\/secure.gravatar.com\\\/avatar\\\/c7164ed6fdec453195284ad24a5ae5b6e1eed2b848477fa2a4787ba9adf39a41?s=96&d=mm&r=g\",\"contentUrl\":\"https:\\\/\\\/secure.gravatar.com\\\/avatar\\\/c7164ed6fdec453195284ad24a5ae5b6e1eed2b848477fa2a4787ba9adf39a41?s=96&d=mm&r=g\",\"caption\":\"Redacci\u00f3n QP\"},\"url\":\"https:\\\/\\\/quehacerpolitico.mx\\\/?author=2\"}]}<\/script>\n<!-- \/ Yoast SEO plugin. -->","yoast_head_json":{"title":"RESCATAN A ALEJANDRO SAND\u00cd Y A TURISTA FRANC\u00c9S, SECUESTRADOS EN NEVADO DE TOLUCA -","robots":{"index":"index","follow":"follow","max-snippet":"max-snippet:-1","max-image-preview":"max-image-preview:large","max-video-preview":"max-video-preview:-1"},"canonical":"https:\/\/quehacerpolitico.mx\/?p=45437","og_locale":"es_MX","og_type":"article","og_title":"RESCATAN A ALEJANDRO SAND\u00cd Y A TURISTA FRANC\u00c9S, SECUESTRADOS EN NEVADO DE TOLUCA -","og_description":"RESCATAN A ALEJANDRO SAND\u00cd Y A TURISTA FRANC\u00c9S, SECUESTRADOS EN NEVADO DE TOLUCA Por Redacci\u00f3n...","og_url":"https:\/\/quehacerpolitico.mx\/?p=45437","article_published_time":"2019-11-25T21:15:14+00:00","author":"Redacci\u00f3n QP","twitter_card":"summary_large_image","twitter_misc":{"Escrito por":"Redacci\u00f3n QP","Tiempo de lectura":"2 minutos"},"schema":{"@context":"https:\/\/schema.org","@graph":[{"@type":"Article","@id":"https:\/\/quehacerpolitico.mx\/?p=45437#article","isPartOf":{"@id":"https:\/\/quehacerpolitico.mx\/?p=45437"},"author":{"name":"Redacci\u00f3n QP","@id":"https:\/\/quehacerpolitico.mx\/#\/schema\/person\/496d8ad2d1d3f8036101dca7ee39e585"},"headline":"RESCATAN A ALEJANDRO SAND\u00cd Y A TURISTA FRANC\u00c9S, SECUESTRADOS EN NEVADO DE TOLUCA","datePublished":"2019-11-25T21:15:14+00:00","mainEntityOfPage":{"@id":"https:\/\/quehacerpolitico.mx\/?p=45437"},"wordCount":451,"commentCount":0,"image":{"@id":"https:\/\/quehacerpolitico.mx\/?p=45437#primaryimage"},"thumbnailUrl":"","articleSection":["Noticias"],"inLanguage":"es","potentialAction":[{"@type":"CommentAction","name":"Comment","target":["https:\/\/quehacerpolitico.mx\/?p=45437#respond"]}]},{"@type":"WebPage","@id":"https:\/\/quehacerpolitico.mx\/?p=45437","url":"https:\/\/quehacerpolitico.mx\/?p=45437","name":"RESCATAN A ALEJANDRO SAND\u00cd Y A TURISTA FRANC\u00c9S, SECUESTRADOS EN NEVADO DE TOLUCA -","isPartOf":{"@id":"https:\/\/quehacerpolitico.mx\/#website"},"primaryImageOfPage":{"@id":"https:\/\/quehacerpolitico.mx\/?p=45437#primaryimage"},"image":{"@id":"https:\/\/quehacerpolitico.mx\/?p=45437#primaryimage"},"thumbnailUrl":"","datePublished":"2019-11-25T21:15:14+00:00","author":{"@id":"https:\/\/quehacerpolitico.mx\/#\/schema\/person\/496d8ad2d1d3f8036101dca7ee39e585"},"breadcrumb":{"@id":"https:\/\/quehacerpolitico.mx\/?p=45437#breadcrumb"},"inLanguage":"es","potentialAction":[{"@type":"ReadAction","target":["https:\/\/quehacerpolitico.mx\/?p=45437"]}]},{"@type":"ImageObject","inLanguage":"es","@id":"https:\/\/quehacerpolitico.mx\/?p=45437#primaryimage","url":"","contentUrl":""},{"@type":"BreadcrumbList","@id":"https:\/\/quehacerpolitico.mx\/?p=45437#breadcrumb","itemListElement":[{"@type":"ListItem","position":1,"name":"Inicio","item":"https:\/\/quehacerpolitico.mx\/"},{"@type":"ListItem","position":2,"name":"RESCATAN A ALEJANDRO SAND\u00cd Y A TURISTA FRANC\u00c9S, SECUESTRADOS EN NEVADO DE TOLUCA"}]},{"@type":"WebSite","@id":"https:\/\/quehacerpolitico.mx\/#website","url":"https:\/\/quehacerpolitico.mx\/","name":"","description":"","potentialAction":[{"@type":"SearchAction","target":{"@type":"EntryPoint","urlTemplate":"https:\/\/quehacerpolitico.mx\/?s={search_term_string}"},"query-input":{"@type":"PropertyValueSpecification","valueRequired":true,"valueName":"search_term_string"}}],"inLanguage":"es"},{"@type":"Person","@id":"https:\/\/quehacerpolitico.mx\/#\/schema\/person\/496d8ad2d1d3f8036101dca7ee39e585","name":"Redacci\u00f3n QP","image":{"@type":"ImageObject","inLanguage":"es","@id":"https:\/\/secure.gravatar.com\/avatar\/c7164ed6fdec453195284ad24a5ae5b6e1eed2b848477fa2a4787ba9adf39a41?s=96&d=mm&r=g","url":"https:\/\/secure.gravatar.com\/avatar\/c7164ed6fdec453195284ad24a5ae5b6e1eed2b848477fa2a4787ba9adf39a41?s=96&d=mm&r=g","contentUrl":"https:\/\/secure.gravatar.com\/avatar\/c7164ed6fdec453195284ad24a5ae5b6e1eed2b848477fa2a4787ba9adf39a41?s=96&d=mm&r=g","caption":"Redacci\u00f3n QP"},"url":"https:\/\/quehacerpolitico.mx\/?author=2"}]}},"featured_image_urls":{"full":"","thumbnail":"","medium":"","medium_large":"","large":"","1536x1536":"","2048x2048":"","covernews-featured":"","covernews-medium":""},"author_info":{"display_name":"Redacci\u00f3n QP","author_link":"https:\/\/quehacerpolitico.mx\/?author=2"},"category_info":"<a href=\"https:\/\/quehacerpolitico.mx\/?cat=2\" rel=\"category\">Noticias<\/a>","tag_info":"Noticias","comment_count":"0","_links":{"self":[{"href":"https:\/\/quehacerpolitico.mx\/index.php?rest_route=\/wp\/v2\/posts\/45437","targetHints":{"allow":["GET"]}}],"collection":[{"href":"https:\/\/quehacerpolitico.mx\/index.php?rest_route=\/wp\/v2\/posts"}],"about":[{"href":"https:\/\/quehacerpolitico.mx\/index.php?rest_route=\/wp\/v2\/types\/post"}],"author":[{"embeddable":true,"href":"https:\/\/quehacerpolitico.mx\/index.php?rest_route=\/wp\/v2\/users\/2"}],"replies":[{"embeddable":true,"href":"https:\/\/quehacerpolitico.mx\/index.php?rest_route=%2Fwp%2Fv2%2Fcomments&post=45437"}],"version-history":[{"count":0,"href":"https:\/\/quehacerpolitico.mx\/index.php?rest_route=\/wp\/v2\/posts\/45437\/revisions"}],"wp:featuredmedia":[{"embeddable":true,"href":"https:\/\/quehacerpolitico.mx\/index.php?rest_route=\/"}],"wp:attachment":[{"href":"https:\/\/quehacerpolitico.mx\/index.php?rest_route=%2Fwp%2Fv2%2Fmedia&parent=45437"}],"wp:term":[{"taxonomy":"category","embeddable":true,"href":"https:\/\/quehacerpolitico.mx\/index.php?rest_route=%2Fwp%2Fv2%2Fcategories&post=45437"},{"taxonomy":"post_tag","embeddable":true,"href":"https:\/\/quehacerpolitico.mx\/index.php?rest_route=%2Fwp%2Fv2%2Ftags&post=45437"}],"curies":[{"name":"wp","href":"https:\/\/api.w.org\/{rel}","templated":true}]}}