{"id":45427,"date":"2019-11-25T20:38:58","date_gmt":"2019-11-25T20:38:58","guid":{"rendered":"http:\/\/quehacerpolitico.mx\/?p=45427"},"modified":"2019-11-25T20:38:58","modified_gmt":"2019-11-25T20:38:58","slug":"lopez-obrador-anuncia-que-santander-no-cobrara-comision-a-remesas","status":"publish","type":"post","link":"https:\/\/quehacerpolitico.mx\/?p=45427","title":{"rendered":"L\u00f3pez Obrador anuncia que Santander no cobrar\u00e1 comisi\u00f3n a remesas"},"content":{"rendered":"<h1 class=\"news-title\">L\u00f3pez Obrador anuncia que Santander no cobrar\u00e1 comisi\u00f3n a remesas<br \/>\nPor Redacci\u00f3n QP<\/h1>\n<p>El Presidente adelanta que, tan s\u00f3lo para 2019, se calcula que van a entrar 35 mil millones de d\u00f3lares por este concepto<\/p>\n<p>El Presidente Andres Manuel L\u00f3pez Obrador\u00a0anunci\u00f3, junto con la presidenta de Grupo Santander, Ana Bot\u00edn, que el banco espa\u00f1ol no cobrar\u00e1 comisi\u00f3n por remesas que env\u00eden mexicanos desde los Estados Unidos, a partir de ma\u00f1ana.<\/p>\n<blockquote><p>&#8220;Nuestros paisanos migrantes son h\u00e9roes vivos de M\u00e9xico. Las remesas son muy importantes para la econom\u00eda de M\u00e9xico&#8221;<\/p><\/blockquote>\n<p>En sus redes sociales, el Mandatario afirm\u00f3 que <strong>Grupo Santander es el primero en cumplir el compromiso que les hizo en marzo a varias instituciones bancarias para no cobrar comisiones a las remesas<\/strong>, que es uno de los principales ingresos del pa\u00eds.<\/p>\n<p>&#8220;Nuestros paisanos migrantes son h\u00e9roes vivos de M\u00e9xico. Las remesas\u00a0son muy importantes para la econom\u00eda de M\u00e9xico, por eso hablamos de que nuestros paisanos migrantes son h\u00e9roes. Fueron v\u00edctimas de la expulsi\u00f3n de nuestro pa\u00eds porque no se les brindaron oportunidades de trabajo, ellos decidieron irse para buscarse la vida en Estados Unidos y ahora son parte fundamental&#8221;, dijo.<\/p>\n<p>El Mandatario adelant\u00f3 que, tan s\u00f3lo para 2019, <strong>se calcula que van a entrar 35 mil millones de d\u00f3lares por remesas; y que antes los bancos &#8220;abusaban&#8221; en el cobro de las comisiones.<\/strong><\/p>\n<blockquote class=\"twitter-tweet\" data-width=\"550\" data-dnt=\"true\">\n<p lang=\"es\" dir=\"ltr\">Ana Bot\u00edn, presidenta de Grupo Santander, cumpli\u00f3 el compromiso de que este banco, a partir de ma\u00f1ana, no cobrar\u00e1 comisiones por las remesas que env\u00edan los migrantes a sus familiares en M\u00e9xico. <a href=\"https:\/\/t.co\/TuBF9ueR9m\">pic.twitter.com\/TuBF9ueR9m<\/a><\/p>\n<p>&mdash; Andr\u00e9s Manuel (@lopezobrador_) <a href=\"https:\/\/twitter.com\/lopezobrador_\/status\/1199028904201203712?ref_src=twsrc%5Etfw\">November 25, 2019<\/a><\/p><\/blockquote>\n<p><script async src=\"https:\/\/platform.twitter.com\/widgets.js\" charset=\"utf-8\"><\/script><\/p>\n<p>Bot\u00edn detall\u00f3 que el programa de excepci\u00f3n de cobro de comisiones en remesas aplica desde las sucursales de Santander en Estados Unidos\u00a0hacia cualquier banco de M\u00e9xico, y que admite, adem\u00e1s, una tasa de cambio competitiva; asimismo, adelant\u00f3 que <strong>para el pr\u00f3ximo a\u00f1o buscar\u00e1n que el programa se extienda a las operaciones en dispositivo m\u00f3vil.<\/strong><\/p>\n<p>&#8220;Estoy seguro que este ejemplo lo van a seguir otros bancos&#8221;, se\u00f1al\u00f3 L\u00f3pez Obrador.<\/p>\n<p>Con informaci\u00f3n de SUN<\/p>\n","protected":false},"excerpt":{"rendered":"<p>L\u00f3pez Obrador anuncia que Santander no cobrar\u00e1 comisi\u00f3n a remesas Por Redacci\u00f3n QP El Presidente&#8230;<\/p>\n","protected":false},"author":2,"featured_media":45429,"comment_status":"open","ping_status":"open","sticky":false,"template":"","format":"standard","meta":{"_monsterinsights_skip_tracking":false,"_monsterinsights_sitenote_active":false,"_monsterinsights_sitenote_note":"","_monsterinsights_sitenote_category":0,"footnotes":""},"categories":[56],"tags":[],"class_list":["post-45427","post","type-post","status-publish","format-standard","has-post-thumbnail","hentry","category-economia"],"yoast_head":"<!-- This site is optimized with the Yoast SEO plugin v27.3 - https:\/\/yoast.com\/product\/yoast-seo-wordpress\/ -->\n<title>L\u00f3pez Obrador anuncia que Santander no cobrar\u00e1 comisi\u00f3n a remesas -<\/title>\n<meta name=\"robots\" content=\"index, follow, max-snippet:-1, max-image-preview:large, max-video-preview:-1\" \/>\n<link rel=\"canonical\" href=\"https:\/\/quehacerpolitico.mx\/?p=45427\" \/>\n<meta property=\"og:locale\" content=\"es_MX\" \/>\n<meta property=\"og:type\" content=\"article\" \/>\n<meta property=\"og:title\" content=\"L\u00f3pez Obrador anuncia que Santander no cobrar\u00e1 comisi\u00f3n a remesas -\" \/>\n<meta property=\"og:description\" content=\"L\u00f3pez Obrador anuncia que Santander no cobrar\u00e1 comisi\u00f3n a remesas Por Redacci\u00f3n QP El Presidente...\" \/>\n<meta property=\"og:url\" content=\"https:\/\/quehacerpolitico.mx\/?p=45427\" \/>\n<meta property=\"article:published_time\" content=\"2019-11-25T20:38:58+00:00\" \/>\n<meta name=\"author\" content=\"Redacci\u00f3n QP\" \/>\n<meta name=\"twitter:card\" content=\"summary_large_image\" \/>\n<meta name=\"twitter:label1\" content=\"Escrito por\" \/>\n\t<meta name=\"twitter:data1\" content=\"Redacci\u00f3n QP\" \/>\n\t<meta name=\"twitter:label2\" content=\"Tiempo de lectura\" \/>\n\t<meta name=\"twitter:data2\" content=\"2 minutos\" \/>\n<script type=\"application\/ld+json\" class=\"yoast-schema-graph\">{\"@context\":\"https:\\\/\\\/schema.org\",\"@graph\":[{\"@type\":\"Article\",\"@id\":\"https:\\\/\\\/quehacerpolitico.mx\\\/?p=45427#article\",\"isPartOf\":{\"@id\":\"https:\\\/\\\/quehacerpolitico.mx\\\/?p=45427\"},\"author\":{\"name\":\"Redacci\u00f3n QP\",\"@id\":\"https:\\\/\\\/quehacerpolitico.mx\\\/#\\\/schema\\\/person\\\/496d8ad2d1d3f8036101dca7ee39e585\"},\"headline\":\"L\u00f3pez Obrador anuncia que Santander no cobrar\u00e1 comisi\u00f3n a remesas\",\"datePublished\":\"2019-11-25T20:38:58+00:00\",\"mainEntityOfPage\":{\"@id\":\"https:\\\/\\\/quehacerpolitico.mx\\\/?p=45427\"},\"wordCount\":348,\"commentCount\":0,\"image\":{\"@id\":\"https:\\\/\\\/quehacerpolitico.mx\\\/?p=45427#primaryimage\"},\"thumbnailUrl\":\"\",\"articleSection\":[\"Econom\u00eda\"],\"inLanguage\":\"es\",\"potentialAction\":[{\"@type\":\"CommentAction\",\"name\":\"Comment\",\"target\":[\"https:\\\/\\\/quehacerpolitico.mx\\\/?p=45427#respond\"]}]},{\"@type\":\"WebPage\",\"@id\":\"https:\\\/\\\/quehacerpolitico.mx\\\/?p=45427\",\"url\":\"https:\\\/\\\/quehacerpolitico.mx\\\/?p=45427\",\"name\":\"L\u00f3pez Obrador anuncia que Santander no cobrar\u00e1 comisi\u00f3n a remesas -\",\"isPartOf\":{\"@id\":\"https:\\\/\\\/quehacerpolitico.mx\\\/#website\"},\"primaryImageOfPage\":{\"@id\":\"https:\\\/\\\/quehacerpolitico.mx\\\/?p=45427#primaryimage\"},\"image\":{\"@id\":\"https:\\\/\\\/quehacerpolitico.mx\\\/?p=45427#primaryimage\"},\"thumbnailUrl\":\"\",\"datePublished\":\"2019-11-25T20:38:58+00:00\",\"author\":{\"@id\":\"https:\\\/\\\/quehacerpolitico.mx\\\/#\\\/schema\\\/person\\\/496d8ad2d1d3f8036101dca7ee39e585\"},\"breadcrumb\":{\"@id\":\"https:\\\/\\\/quehacerpolitico.mx\\\/?p=45427#breadcrumb\"},\"inLanguage\":\"es\",\"potentialAction\":[{\"@type\":\"ReadAction\",\"target\":[\"https:\\\/\\\/quehacerpolitico.mx\\\/?p=45427\"]}]},{\"@type\":\"ImageObject\",\"inLanguage\":\"es\",\"@id\":\"https:\\\/\\\/quehacerpolitico.mx\\\/?p=45427#primaryimage\",\"url\":\"\",\"contentUrl\":\"\"},{\"@type\":\"BreadcrumbList\",\"@id\":\"https:\\\/\\\/quehacerpolitico.mx\\\/?p=45427#breadcrumb\",\"itemListElement\":[{\"@type\":\"ListItem\",\"position\":1,\"name\":\"Inicio\",\"item\":\"https:\\\/\\\/quehacerpolitico.mx\\\/\"},{\"@type\":\"ListItem\",\"position\":2,\"name\":\"L\u00f3pez Obrador anuncia que Santander no cobrar\u00e1 comisi\u00f3n a remesas\"}]},{\"@type\":\"WebSite\",\"@id\":\"https:\\\/\\\/quehacerpolitico.mx\\\/#website\",\"url\":\"https:\\\/\\\/quehacerpolitico.mx\\\/\",\"name\":\"\",\"description\":\"\",\"potentialAction\":[{\"@type\":\"SearchAction\",\"target\":{\"@type\":\"EntryPoint\",\"urlTemplate\":\"https:\\\/\\\/quehacerpolitico.mx\\\/?s={search_term_string}\"},\"query-input\":{\"@type\":\"PropertyValueSpecification\",\"valueRequired\":true,\"valueName\":\"search_term_string\"}}],\"inLanguage\":\"es\"},{\"@type\":\"Person\",\"@id\":\"https:\\\/\\\/quehacerpolitico.mx\\\/#\\\/schema\\\/person\\\/496d8ad2d1d3f8036101dca7ee39e585\",\"name\":\"Redacci\u00f3n QP\",\"image\":{\"@type\":\"ImageObject\",\"inLanguage\":\"es\",\"@id\":\"https:\\\/\\\/secure.gravatar.com\\\/avatar\\\/c7164ed6fdec453195284ad24a5ae5b6e1eed2b848477fa2a4787ba9adf39a41?s=96&d=mm&r=g\",\"url\":\"https:\\\/\\\/secure.gravatar.com\\\/avatar\\\/c7164ed6fdec453195284ad24a5ae5b6e1eed2b848477fa2a4787ba9adf39a41?s=96&d=mm&r=g\",\"contentUrl\":\"https:\\\/\\\/secure.gravatar.com\\\/avatar\\\/c7164ed6fdec453195284ad24a5ae5b6e1eed2b848477fa2a4787ba9adf39a41?s=96&d=mm&r=g\",\"caption\":\"Redacci\u00f3n QP\"},\"url\":\"https:\\\/\\\/quehacerpolitico.mx\\\/?author=2\"}]}<\/script>\n<!-- \/ Yoast SEO plugin. -->","yoast_head_json":{"title":"L\u00f3pez Obrador anuncia que Santander no cobrar\u00e1 comisi\u00f3n a remesas -","robots":{"index":"index","follow":"follow","max-snippet":"max-snippet:-1","max-image-preview":"max-image-preview:large","max-video-preview":"max-video-preview:-1"},"canonical":"https:\/\/quehacerpolitico.mx\/?p=45427","og_locale":"es_MX","og_type":"article","og_title":"L\u00f3pez Obrador anuncia que Santander no cobrar\u00e1 comisi\u00f3n a remesas -","og_description":"L\u00f3pez Obrador anuncia que Santander no cobrar\u00e1 comisi\u00f3n a remesas Por Redacci\u00f3n QP El Presidente...","og_url":"https:\/\/quehacerpolitico.mx\/?p=45427","article_published_time":"2019-11-25T20:38:58+00:00","author":"Redacci\u00f3n QP","twitter_card":"summary_large_image","twitter_misc":{"Escrito por":"Redacci\u00f3n QP","Tiempo de lectura":"2 minutos"},"schema":{"@context":"https:\/\/schema.org","@graph":[{"@type":"Article","@id":"https:\/\/quehacerpolitico.mx\/?p=45427#article","isPartOf":{"@id":"https:\/\/quehacerpolitico.mx\/?p=45427"},"author":{"name":"Redacci\u00f3n QP","@id":"https:\/\/quehacerpolitico.mx\/#\/schema\/person\/496d8ad2d1d3f8036101dca7ee39e585"},"headline":"L\u00f3pez Obrador anuncia que Santander no cobrar\u00e1 comisi\u00f3n a remesas","datePublished":"2019-11-25T20:38:58+00:00","mainEntityOfPage":{"@id":"https:\/\/quehacerpolitico.mx\/?p=45427"},"wordCount":348,"commentCount":0,"image":{"@id":"https:\/\/quehacerpolitico.mx\/?p=45427#primaryimage"},"thumbnailUrl":"","articleSection":["Econom\u00eda"],"inLanguage":"es","potentialAction":[{"@type":"CommentAction","name":"Comment","target":["https:\/\/quehacerpolitico.mx\/?p=45427#respond"]}]},{"@type":"WebPage","@id":"https:\/\/quehacerpolitico.mx\/?p=45427","url":"https:\/\/quehacerpolitico.mx\/?p=45427","name":"L\u00f3pez Obrador anuncia que Santander no cobrar\u00e1 comisi\u00f3n a remesas -","isPartOf":{"@id":"https:\/\/quehacerpolitico.mx\/#website"},"primaryImageOfPage":{"@id":"https:\/\/quehacerpolitico.mx\/?p=45427#primaryimage"},"image":{"@id":"https:\/\/quehacerpolitico.mx\/?p=45427#primaryimage"},"thumbnailUrl":"","datePublished":"2019-11-25T20:38:58+00:00","author":{"@id":"https:\/\/quehacerpolitico.mx\/#\/schema\/person\/496d8ad2d1d3f8036101dca7ee39e585"},"breadcrumb":{"@id":"https:\/\/quehacerpolitico.mx\/?p=45427#breadcrumb"},"inLanguage":"es","potentialAction":[{"@type":"ReadAction","target":["https:\/\/quehacerpolitico.mx\/?p=45427"]}]},{"@type":"ImageObject","inLanguage":"es","@id":"https:\/\/quehacerpolitico.mx\/?p=45427#primaryimage","url":"","contentUrl":""},{"@type":"BreadcrumbList","@id":"https:\/\/quehacerpolitico.mx\/?p=45427#breadcrumb","itemListElement":[{"@type":"ListItem","position":1,"name":"Inicio","item":"https:\/\/quehacerpolitico.mx\/"},{"@type":"ListItem","position":2,"name":"L\u00f3pez Obrador anuncia que Santander no cobrar\u00e1 comisi\u00f3n a remesas"}]},{"@type":"WebSite","@id":"https:\/\/quehacerpolitico.mx\/#website","url":"https:\/\/quehacerpolitico.mx\/","name":"","description":"","potentialAction":[{"@type":"SearchAction","target":{"@type":"EntryPoint","urlTemplate":"https:\/\/quehacerpolitico.mx\/?s={search_term_string}"},"query-input":{"@type":"PropertyValueSpecification","valueRequired":true,"valueName":"search_term_string"}}],"inLanguage":"es"},{"@type":"Person","@id":"https:\/\/quehacerpolitico.mx\/#\/schema\/person\/496d8ad2d1d3f8036101dca7ee39e585","name":"Redacci\u00f3n QP","image":{"@type":"ImageObject","inLanguage":"es","@id":"https:\/\/secure.gravatar.com\/avatar\/c7164ed6fdec453195284ad24a5ae5b6e1eed2b848477fa2a4787ba9adf39a41?s=96&d=mm&r=g","url":"https:\/\/secure.gravatar.com\/avatar\/c7164ed6fdec453195284ad24a5ae5b6e1eed2b848477fa2a4787ba9adf39a41?s=96&d=mm&r=g","contentUrl":"https:\/\/secure.gravatar.com\/avatar\/c7164ed6fdec453195284ad24a5ae5b6e1eed2b848477fa2a4787ba9adf39a41?s=96&d=mm&r=g","caption":"Redacci\u00f3n QP"},"url":"https:\/\/quehacerpolitico.mx\/?author=2"}]}},"featured_image_urls":{"full":"","thumbnail":"","medium":"","medium_large":"","large":"","1536x1536":"","2048x2048":"","covernews-featured":"","covernews-medium":""},"author_info":{"display_name":"Redacci\u00f3n QP","author_link":"https:\/\/quehacerpolitico.mx\/?author=2"},"category_info":"<a href=\"https:\/\/quehacerpolitico.mx\/?cat=56\" rel=\"category\">Econom\u00eda<\/a>","tag_info":"Econom\u00eda","comment_count":"0","_links":{"self":[{"href":"https:\/\/quehacerpolitico.mx\/index.php?rest_route=\/wp\/v2\/posts\/45427","targetHints":{"allow":["GET"]}}],"collection":[{"href":"https:\/\/quehacerpolitico.mx\/index.php?rest_route=\/wp\/v2\/posts"}],"about":[{"href":"https:\/\/quehacerpolitico.mx\/index.php?rest_route=\/wp\/v2\/types\/post"}],"author":[{"embeddable":true,"href":"https:\/\/quehacerpolitico.mx\/index.php?rest_route=\/wp\/v2\/users\/2"}],"replies":[{"embeddable":true,"href":"https:\/\/quehacerpolitico.mx\/index.php?rest_route=%2Fwp%2Fv2%2Fcomments&post=45427"}],"version-history":[{"count":0,"href":"https:\/\/quehacerpolitico.mx\/index.php?rest_route=\/wp\/v2\/posts\/45427\/revisions"}],"wp:featuredmedia":[{"embeddable":true,"href":"https:\/\/quehacerpolitico.mx\/index.php?rest_route=\/"}],"wp:attachment":[{"href":"https:\/\/quehacerpolitico.mx\/index.php?rest_route=%2Fwp%2Fv2%2Fmedia&parent=45427"}],"wp:term":[{"taxonomy":"category","embeddable":true,"href":"https:\/\/quehacerpolitico.mx\/index.php?rest_route=%2Fwp%2Fv2%2Fcategories&post=45427"},{"taxonomy":"post_tag","embeddable":true,"href":"https:\/\/quehacerpolitico.mx\/index.php?rest_route=%2Fwp%2Fv2%2Ftags&post=45427"}],"curies":[{"name":"wp","href":"https:\/\/api.w.org\/{rel}","templated":true}]}}