{"id":4505,"date":"2018-09-12T14:35:56","date_gmt":"2018-09-12T14:35:56","guid":{"rendered":"http:\/\/quehacerpolitico.mx\/internacionales-carolina-alonso-romei-el-papa-llama-a-una-cumbre-global-para-discutir-con-religiosos-sobre-el-abuso-sexual-de-curas\/"},"modified":"2018-09-12T14:35:56","modified_gmt":"2018-09-12T14:35:56","slug":"internacionales-carolina-alonso-romei-el-papa-llama-a-una-cumbre-global-para-discutir-con-religiosos-sobre-el-abuso-sexual-de-curas","status":"publish","type":"post","link":"https:\/\/quehacerpolitico.mx\/?p=4505","title":{"rendered":"Internacionales\/\/\/Carolina Alonso Romei\/\/\/El Papa llama a una cumbre global para discutir con religiosos sobre el abuso sexual de curas"},"content":{"rendered":"<h3>La cumbre, es la primera de su tipo y muestra una toma de conciencia en los niveles m\u00e1s altos de la Iglesia de que el abuso sexual por parte del clero es un problema global y no est\u00e1 restringido al mundo anglosaj\u00f3n, como muchos l\u00edderes de la Iglesia han insistido por mucho tiempo.<\/h3>\n<p>El<strong> Papa Francisco<\/strong> cit\u00f3 a los jefes de todas las <strong>Conferencias Episcopales<\/strong> del mundo a una cumbre en <strong>febrero<\/strong> para analizar la <strong>prevenci\u00f3n<\/strong>del <strong>abuso sexual<\/strong> de parte de cl\u00e9rigos y la protecci\u00f3n de los ni\u00f1os, poniendo en evidencia que el pont\u00edfice se ha dado cuenta que el esc\u00e1ndalo es mundial y que la falta de acci\u00f3n amenaza con socavar su legado.<\/p>\n<p>El anuncio fue hecho el mi\u00e9rcoles por los principales consejeros cardenales de Francisco, un d\u00eda antes de que el papa se re\u00fana con l\u00edderes eclesi\u00e1sticos estadounidenses, profundamente desacreditados por las acusaciones m\u00e1s recientes de d\u00e9cadas de abusos sexuales y un esc\u00e1ndalo de encubrimiento por parte de la Iglesia cat\u00f3lica.<\/p>\n<p>Se cree que la cumbre, del 21 al 24 de febrero, es la primera de su tipo y muestra una toma de conciencia en los niveles m\u00e1s altos de la Iglesia de que el abuso sexual por parte del clero es un problema global y no est\u00e1 restringido al mundo anglosaj\u00f3n, como muchos l\u00edderes de la Iglesia han insistido por mucho tiempo.<\/p>\n<p>A principios de este a\u00f1o, Francisco enfrent\u00f3 lo que entonces era la peor crisis de su papado cuando desacredit\u00f3 repetidamente a las v\u00edctimas de un notorio sacerdote depredador chileno. Finalmente admiti\u00f3 \u201cgraves errores de juicio\u201d y ha tomado medidas para enmendarse, sancionar a los obispos culpables y reestructurar el episcopado chileno.<\/p>\n<p>M\u00e1s recientemente, el papado de Francisco ha sido sacudido por las acusaciones hechas por un nuncio jubilado del Vaticano, de haber rehabilitado a un cardenal estadounidense de las sanciones impuestas por el papa Benedicto XVI por haber abusado y acosado a seminaristas adultos.<\/p>\n<p>El Vaticano no ha respondido a las acusaciones del arzobispo Carlo Maria Vigano, pero ha prometido \u201caclaraciones\u201d que presumiblemente llegar\u00e1n en alg\u00fan momento despu\u00e9s de la reuni\u00f3n de Francisco del jueves con la delegaci\u00f3n de Estados Unidos.<\/p>\n<p>El Vaticano dijo el martes que la reuni\u00f3n estar\u00eda encabezada por el cardenal Daniel DiNardo, jefe de la Conferencia de Obispos Cat\u00f3licos de Estados Unidos, y que tambi\u00e9n incluir\u00eda al principal asesor de Francisco sobre abuso sexual, el cardenal Sean O\u2019Malley.<\/p>\n<section class=\"post-content\">\n<p>Di Nardo ha dicho que quiere que Francisco autorice una investigaci\u00f3n completa del Vaticano sobre el ex cardenal Theodore McCarrick, quien fue retirado como cardenal en julio despu\u00e9s de una acusaci\u00f3n cre\u00edble de que manose\u00f3 a un adolescente.<\/p>\n<p>El Vaticano ha sabido desde por lo menos el a\u00f1o 2000 que McCarrick invitaba a seminaristas a su casa de playa en Nueva Jersey y a su cama.<\/p>\n<p>El entonces papa Juan Pablo II lo nombr\u00f3 arzobispo de Washington y cardenal en 2001, presumiblemente porque los funcionarios del Vaticano estaban impresionados por su capacidad para recaudar fondos y consideraban que su actividad homosexual pasada era un mero \u201clapsus moral\u201d y no un abuso grave de poder.<\/p>\n<p>DiNardo tambi\u00e9n ha dicho que las recientes acusaciones de que los altos funcionarios del Vaticano (incluido el papa actual) encubrieron a McCarrick desde el 2000 merecen respuestas.<\/p>\n<div class=\"at-below-post addthis_tool\" data-url=\"http:\/\/www.sinembargo.mx\/12-09-2018\/3470015\">Con Informaci\u00f3n de AP<\/div>\n<\/section>\n","protected":false},"excerpt":{"rendered":"<p>El Papa llama a una cumbre global para discutir con religiosos sobre el abuso sexual de curas<br \/>\nPor Carolina Alonso Romri<br \/>\nInternacionalista<\/p>\n","protected":false},"author":2,"featured_media":4504,"comment_status":"open","ping_status":"open","sticky":false,"template":"","format":"standard","meta":{"_monsterinsights_skip_tracking":false,"_monsterinsights_sitenote_active":false,"_monsterinsights_sitenote_note":"","_monsterinsights_sitenote_category":0,"footnotes":""},"categories":[1],"tags":[],"class_list":["post-4505","post","type-post","status-publish","format-standard","has-post-thumbnail","hentry","category-sin-categoria"],"yoast_head":"<!-- This site is optimized with the Yoast SEO plugin v27.3 - https:\/\/yoast.com\/product\/yoast-seo-wordpress\/ -->\n<title>Internacionales\/\/\/Carolina Alonso Romei\/\/\/El Papa llama a una cumbre global para discutir con religiosos sobre el abuso sexual de curas -<\/title>\n<meta name=\"robots\" content=\"index, follow, max-snippet:-1, max-image-preview:large, max-video-preview:-1\" \/>\n<link rel=\"canonical\" href=\"https:\/\/quehacerpolitico.mx\/?p=4505\" \/>\n<meta property=\"og:locale\" content=\"es_MX\" \/>\n<meta property=\"og:type\" content=\"article\" \/>\n<meta property=\"og:title\" content=\"Internacionales\/\/\/Carolina Alonso Romei\/\/\/El Papa llama a una cumbre global para discutir con religiosos sobre el abuso sexual de curas -\" \/>\n<meta property=\"og:description\" content=\"El Papa llama a una cumbre global para discutir con religiosos sobre el abuso sexual de curas Por Carolina Alonso Romri Internacionalista\" \/>\n<meta property=\"og:url\" content=\"https:\/\/quehacerpolitico.mx\/?p=4505\" \/>\n<meta property=\"article:published_time\" content=\"2018-09-12T14:35:56+00:00\" \/>\n<meta name=\"author\" content=\"Redacci\u00f3n QP\" \/>\n<meta name=\"twitter:card\" content=\"summary_large_image\" \/>\n<meta name=\"twitter:label1\" content=\"Escrito por\" \/>\n\t<meta name=\"twitter:data1\" content=\"Redacci\u00f3n QP\" \/>\n\t<meta name=\"twitter:label2\" content=\"Tiempo de lectura\" \/>\n\t<meta name=\"twitter:data2\" content=\"3 minutos\" \/>\n<script type=\"application\/ld+json\" class=\"yoast-schema-graph\">{\"@context\":\"https:\\\/\\\/schema.org\",\"@graph\":[{\"@type\":\"Article\",\"@id\":\"https:\\\/\\\/quehacerpolitico.mx\\\/?p=4505#article\",\"isPartOf\":{\"@id\":\"https:\\\/\\\/quehacerpolitico.mx\\\/?p=4505\"},\"author\":{\"name\":\"Redacci\u00f3n QP\",\"@id\":\"https:\\\/\\\/quehacerpolitico.mx\\\/#\\\/schema\\\/person\\\/496d8ad2d1d3f8036101dca7ee39e585\"},\"headline\":\"Internacionales\\\/\\\/\\\/Carolina Alonso Romei\\\/\\\/\\\/El Papa llama a una cumbre global para discutir con religiosos sobre el abuso sexual de curas\",\"datePublished\":\"2018-09-12T14:35:56+00:00\",\"mainEntityOfPage\":{\"@id\":\"https:\\\/\\\/quehacerpolitico.mx\\\/?p=4505\"},\"wordCount\":601,\"commentCount\":0,\"image\":{\"@id\":\"https:\\\/\\\/quehacerpolitico.mx\\\/?p=4505#primaryimage\"},\"thumbnailUrl\":\"\",\"articleSection\":[\"Internacionales\"],\"inLanguage\":\"es\",\"potentialAction\":[{\"@type\":\"CommentAction\",\"name\":\"Comment\",\"target\":[\"https:\\\/\\\/quehacerpolitico.mx\\\/?p=4505#respond\"]}]},{\"@type\":\"WebPage\",\"@id\":\"https:\\\/\\\/quehacerpolitico.mx\\\/?p=4505\",\"url\":\"https:\\\/\\\/quehacerpolitico.mx\\\/?p=4505\",\"name\":\"Internacionales\\\/\\\/\\\/Carolina Alonso Romei\\\/\\\/\\\/El Papa llama a una cumbre global para discutir con religiosos sobre el abuso sexual de curas -\",\"isPartOf\":{\"@id\":\"https:\\\/\\\/quehacerpolitico.mx\\\/#website\"},\"primaryImageOfPage\":{\"@id\":\"https:\\\/\\\/quehacerpolitico.mx\\\/?p=4505#primaryimage\"},\"image\":{\"@id\":\"https:\\\/\\\/quehacerpolitico.mx\\\/?p=4505#primaryimage\"},\"thumbnailUrl\":\"\",\"datePublished\":\"2018-09-12T14:35:56+00:00\",\"author\":{\"@id\":\"https:\\\/\\\/quehacerpolitico.mx\\\/#\\\/schema\\\/person\\\/496d8ad2d1d3f8036101dca7ee39e585\"},\"breadcrumb\":{\"@id\":\"https:\\\/\\\/quehacerpolitico.mx\\\/?p=4505#breadcrumb\"},\"inLanguage\":\"es\",\"potentialAction\":[{\"@type\":\"ReadAction\",\"target\":[\"https:\\\/\\\/quehacerpolitico.mx\\\/?p=4505\"]}]},{\"@type\":\"ImageObject\",\"inLanguage\":\"es\",\"@id\":\"https:\\\/\\\/quehacerpolitico.mx\\\/?p=4505#primaryimage\",\"url\":\"\",\"contentUrl\":\"\"},{\"@type\":\"BreadcrumbList\",\"@id\":\"https:\\\/\\\/quehacerpolitico.mx\\\/?p=4505#breadcrumb\",\"itemListElement\":[{\"@type\":\"ListItem\",\"position\":1,\"name\":\"Inicio\",\"item\":\"https:\\\/\\\/quehacerpolitico.mx\\\/\"},{\"@type\":\"ListItem\",\"position\":2,\"name\":\"Internacionales\\\/\\\/\\\/Carolina Alonso Romei\\\/\\\/\\\/El Papa llama a una cumbre global para discutir con religiosos sobre el abuso sexual de curas\"}]},{\"@type\":\"WebSite\",\"@id\":\"https:\\\/\\\/quehacerpolitico.mx\\\/#website\",\"url\":\"https:\\\/\\\/quehacerpolitico.mx\\\/\",\"name\":\"\",\"description\":\"\",\"potentialAction\":[{\"@type\":\"SearchAction\",\"target\":{\"@type\":\"EntryPoint\",\"urlTemplate\":\"https:\\\/\\\/quehacerpolitico.mx\\\/?s={search_term_string}\"},\"query-input\":{\"@type\":\"PropertyValueSpecification\",\"valueRequired\":true,\"valueName\":\"search_term_string\"}}],\"inLanguage\":\"es\"},{\"@type\":\"Person\",\"@id\":\"https:\\\/\\\/quehacerpolitico.mx\\\/#\\\/schema\\\/person\\\/496d8ad2d1d3f8036101dca7ee39e585\",\"name\":\"Redacci\u00f3n QP\",\"image\":{\"@type\":\"ImageObject\",\"inLanguage\":\"es\",\"@id\":\"https:\\\/\\\/secure.gravatar.com\\\/avatar\\\/c7164ed6fdec453195284ad24a5ae5b6e1eed2b848477fa2a4787ba9adf39a41?s=96&d=mm&r=g\",\"url\":\"https:\\\/\\\/secure.gravatar.com\\\/avatar\\\/c7164ed6fdec453195284ad24a5ae5b6e1eed2b848477fa2a4787ba9adf39a41?s=96&d=mm&r=g\",\"contentUrl\":\"https:\\\/\\\/secure.gravatar.com\\\/avatar\\\/c7164ed6fdec453195284ad24a5ae5b6e1eed2b848477fa2a4787ba9adf39a41?s=96&d=mm&r=g\",\"caption\":\"Redacci\u00f3n QP\"},\"url\":\"https:\\\/\\\/quehacerpolitico.mx\\\/?author=2\"}]}<\/script>\n<!-- \/ Yoast SEO plugin. -->","yoast_head_json":{"title":"Internacionales\/\/\/Carolina Alonso Romei\/\/\/El Papa llama a una cumbre global para discutir con religiosos sobre el abuso sexual de curas -","robots":{"index":"index","follow":"follow","max-snippet":"max-snippet:-1","max-image-preview":"max-image-preview:large","max-video-preview":"max-video-preview:-1"},"canonical":"https:\/\/quehacerpolitico.mx\/?p=4505","og_locale":"es_MX","og_type":"article","og_title":"Internacionales\/\/\/Carolina Alonso Romei\/\/\/El Papa llama a una cumbre global para discutir con religiosos sobre el abuso sexual de curas -","og_description":"El Papa llama a una cumbre global para discutir con religiosos sobre el abuso sexual de curas Por Carolina Alonso Romri Internacionalista","og_url":"https:\/\/quehacerpolitico.mx\/?p=4505","article_published_time":"2018-09-12T14:35:56+00:00","author":"Redacci\u00f3n QP","twitter_card":"summary_large_image","twitter_misc":{"Escrito por":"Redacci\u00f3n QP","Tiempo de lectura":"3 minutos"},"schema":{"@context":"https:\/\/schema.org","@graph":[{"@type":"Article","@id":"https:\/\/quehacerpolitico.mx\/?p=4505#article","isPartOf":{"@id":"https:\/\/quehacerpolitico.mx\/?p=4505"},"author":{"name":"Redacci\u00f3n QP","@id":"https:\/\/quehacerpolitico.mx\/#\/schema\/person\/496d8ad2d1d3f8036101dca7ee39e585"},"headline":"Internacionales\/\/\/Carolina Alonso Romei\/\/\/El Papa llama a una cumbre global para discutir con religiosos sobre el abuso sexual de curas","datePublished":"2018-09-12T14:35:56+00:00","mainEntityOfPage":{"@id":"https:\/\/quehacerpolitico.mx\/?p=4505"},"wordCount":601,"commentCount":0,"image":{"@id":"https:\/\/quehacerpolitico.mx\/?p=4505#primaryimage"},"thumbnailUrl":"","articleSection":["Internacionales"],"inLanguage":"es","potentialAction":[{"@type":"CommentAction","name":"Comment","target":["https:\/\/quehacerpolitico.mx\/?p=4505#respond"]}]},{"@type":"WebPage","@id":"https:\/\/quehacerpolitico.mx\/?p=4505","url":"https:\/\/quehacerpolitico.mx\/?p=4505","name":"Internacionales\/\/\/Carolina Alonso Romei\/\/\/El Papa llama a una cumbre global para discutir con religiosos sobre el abuso sexual de curas -","isPartOf":{"@id":"https:\/\/quehacerpolitico.mx\/#website"},"primaryImageOfPage":{"@id":"https:\/\/quehacerpolitico.mx\/?p=4505#primaryimage"},"image":{"@id":"https:\/\/quehacerpolitico.mx\/?p=4505#primaryimage"},"thumbnailUrl":"","datePublished":"2018-09-12T14:35:56+00:00","author":{"@id":"https:\/\/quehacerpolitico.mx\/#\/schema\/person\/496d8ad2d1d3f8036101dca7ee39e585"},"breadcrumb":{"@id":"https:\/\/quehacerpolitico.mx\/?p=4505#breadcrumb"},"inLanguage":"es","potentialAction":[{"@type":"ReadAction","target":["https:\/\/quehacerpolitico.mx\/?p=4505"]}]},{"@type":"ImageObject","inLanguage":"es","@id":"https:\/\/quehacerpolitico.mx\/?p=4505#primaryimage","url":"","contentUrl":""},{"@type":"BreadcrumbList","@id":"https:\/\/quehacerpolitico.mx\/?p=4505#breadcrumb","itemListElement":[{"@type":"ListItem","position":1,"name":"Inicio","item":"https:\/\/quehacerpolitico.mx\/"},{"@type":"ListItem","position":2,"name":"Internacionales\/\/\/Carolina Alonso Romei\/\/\/El Papa llama a una cumbre global para discutir con religiosos sobre el abuso sexual de curas"}]},{"@type":"WebSite","@id":"https:\/\/quehacerpolitico.mx\/#website","url":"https:\/\/quehacerpolitico.mx\/","name":"","description":"","potentialAction":[{"@type":"SearchAction","target":{"@type":"EntryPoint","urlTemplate":"https:\/\/quehacerpolitico.mx\/?s={search_term_string}"},"query-input":{"@type":"PropertyValueSpecification","valueRequired":true,"valueName":"search_term_string"}}],"inLanguage":"es"},{"@type":"Person","@id":"https:\/\/quehacerpolitico.mx\/#\/schema\/person\/496d8ad2d1d3f8036101dca7ee39e585","name":"Redacci\u00f3n QP","image":{"@type":"ImageObject","inLanguage":"es","@id":"https:\/\/secure.gravatar.com\/avatar\/c7164ed6fdec453195284ad24a5ae5b6e1eed2b848477fa2a4787ba9adf39a41?s=96&d=mm&r=g","url":"https:\/\/secure.gravatar.com\/avatar\/c7164ed6fdec453195284ad24a5ae5b6e1eed2b848477fa2a4787ba9adf39a41?s=96&d=mm&r=g","contentUrl":"https:\/\/secure.gravatar.com\/avatar\/c7164ed6fdec453195284ad24a5ae5b6e1eed2b848477fa2a4787ba9adf39a41?s=96&d=mm&r=g","caption":"Redacci\u00f3n QP"},"url":"https:\/\/quehacerpolitico.mx\/?author=2"}]}},"featured_image_urls":{"full":"","thumbnail":"","medium":"","medium_large":"","large":"","1536x1536":"","2048x2048":"","covernews-featured":"","covernews-medium":""},"author_info":{"display_name":"Redacci\u00f3n QP","author_link":"https:\/\/quehacerpolitico.mx\/?author=2"},"category_info":"<a href=\"https:\/\/quehacerpolitico.mx\/?cat=1\" rel=\"category\">Internacionales<\/a>","tag_info":"Internacionales","comment_count":"0","_links":{"self":[{"href":"https:\/\/quehacerpolitico.mx\/index.php?rest_route=\/wp\/v2\/posts\/4505","targetHints":{"allow":["GET"]}}],"collection":[{"href":"https:\/\/quehacerpolitico.mx\/index.php?rest_route=\/wp\/v2\/posts"}],"about":[{"href":"https:\/\/quehacerpolitico.mx\/index.php?rest_route=\/wp\/v2\/types\/post"}],"author":[{"embeddable":true,"href":"https:\/\/quehacerpolitico.mx\/index.php?rest_route=\/wp\/v2\/users\/2"}],"replies":[{"embeddable":true,"href":"https:\/\/quehacerpolitico.mx\/index.php?rest_route=%2Fwp%2Fv2%2Fcomments&post=4505"}],"version-history":[{"count":0,"href":"https:\/\/quehacerpolitico.mx\/index.php?rest_route=\/wp\/v2\/posts\/4505\/revisions"}],"wp:featuredmedia":[{"embeddable":true,"href":"https:\/\/quehacerpolitico.mx\/index.php?rest_route=\/"}],"wp:attachment":[{"href":"https:\/\/quehacerpolitico.mx\/index.php?rest_route=%2Fwp%2Fv2%2Fmedia&parent=4505"}],"wp:term":[{"taxonomy":"category","embeddable":true,"href":"https:\/\/quehacerpolitico.mx\/index.php?rest_route=%2Fwp%2Fv2%2Fcategories&post=4505"},{"taxonomy":"post_tag","embeddable":true,"href":"https:\/\/quehacerpolitico.mx\/index.php?rest_route=%2Fwp%2Fv2%2Ftags&post=4505"}],"curies":[{"name":"wp","href":"https:\/\/api.w.org\/{rel}","templated":true}]}}