{"id":4503,"date":"2018-09-12T14:29:12","date_gmt":"2018-09-12T14:29:12","guid":{"rendered":"http:\/\/quehacerpolitico.mx\/las-carolinas-se-preparan-para-olas-de-4-metros-florence-tomara-fuerza-esta-noche\/"},"modified":"2018-09-12T14:29:12","modified_gmt":"2018-09-12T14:29:12","slug":"las-carolinas-se-preparan-para-olas-de-4-metros-florence-tomara-fuerza-esta-noche","status":"publish","type":"post","link":"https:\/\/quehacerpolitico.mx\/?p=4503","title":{"rendered":"Las Carolinas se preparan para olas de 4 metros: \u201cFlorence\u201d tomar\u00e1 fuerza esta noche"},"content":{"rendered":"<h3>De acuerdo con los pron\u00f3sticos, \u201cFlorence\u201d tocar\u00e1 tierra el jueves por la noche o el viernes en la madrugada y entonces reducir\u00e1 su velocidad descargar\u00e1 lluvias durante varios d\u00edas que alcanzar\u00e1n entre 30 y 60 cent\u00edmetros (entre 1 y 2,5 pies). Las precipitaciones podr\u00edan provocar inundaciones lejos de la costa y causar estragos ambientales si anega vertederos de desechos industriales y granjas porcinas.<\/h3>\n<p><strong>El<\/strong><strong>\u201cextremadamente peligroso\u201d hurac\u00e1n<\/strong> de categor\u00eda 4 <strong>\u201cFlorence\u201d<\/strong> amenaza con marejadas cicl\u00f3nicas y lluvias torrenciales <strong>Las Carolinas<\/strong> y extensas partes de la <strong>costa sureste<\/strong>de EU, aunque en las \u00faltimas horas el sistema se debilit\u00f3 ligeramente, inform\u00f3 hoy el Centro Nacional de Huracanes (NHC).<\/p>\n<p>En su bolet\u00edn de las 00:00 de hoy, el NHC, con sede en Miami, advirti\u00f3 de que \u201cFlorence\u201d \u201cse dirige a la costa sureste de EU y se espera que cause marejadas cicl\u00f3nicas y lluvias que pongan en peligro la vida humana en porciones de Las Carolinas y estados del medio atl\u00e1ntico\u201d.<\/p>\n<p>\u201cFlorence\u201d arrastra vientos m\u00e1ximos sostenidos de 130 millas por hora (215 km\/h) y mantiene su fortaleza, dimensi\u00f3n y organizaci\u00f3n en su ruta a Carolina del Norte y Carolina del sur.<\/p>\n<p>Se encuentra a 530 millas (855 kil\u00f3metros) al sureste del cabo de Fear, en Carolina del Norte, y se desplaza r\u00e1pidamente en direcci\u00f3n oeste-noroeste con una velocidad de traslaci\u00f3n de 17 millas por hora (28 km\/h).<\/p>\n<p>Seg\u00fan un probable patr\u00f3n de trayectoria del NHC, el v\u00f3rtice de \u201cFlorence\u201d se mover\u00e1 hoy por el suroeste del Atl\u00e1ntico, entre Bermudas y las Bahamas, y se acercar\u00e1 a la costa de Carolina del Norte y Carolina del sur el jueves y viernes.<\/p>\n<p>Se prev\u00e9 que el sistema \u201cse fortalezca a\u00fan m\u00e1s hasta esta noche\u201d, para comenzar a debilitarse ligeramente el jueves, aunque se mantendr\u00e1 como un hurac\u00e1n \u201cextremadamente peligroso cuando se aproxime a la costa estadounidense\u201d y su ojo toque tierra en alg\u00fan puntos probablemente entre Carolina del Norte y Carolina del Sur.<\/p>\n<p>Los expertos del NHC alertaron de nuevo sobre el gran peligro de \u201cmarejada cicl\u00f3nica\u201d a lo largo de las costas de Carolina del Norte y Carolina del Sur.<\/p>\n<p>Con la aproximaci\u00f3n de \u201cFlorence\u201d a EU, el NHC emiti\u00f3 una aviso de hurac\u00e1n desde South Santee River (Carolina del Sur) hasta Duck, Albemarle y Pamlico Sounds (Carolina del Norte), y una vigilancia de hurac\u00e1n desde Edisto Beach (Carolina del Sur) hasta Carolina del Norte y la frontera con Virginia.<\/p>\n<p>Se mantiene un aviso de marejada cicl\u00f3nica en la zona, donde el NHC alerta de que \u201cexiste la posibilidad de inundaciones que amenacen la vida\u201d debido a un aumento del nivel del mar \u201cmovi\u00e9ndose tierra adentro\u201d en las pr\u00f3ximas 48 horas.<\/p>\n<p>La peligrosa marejada cicl\u00f3nica causar\u00e1 que \u00e1reas que son normalmente secas cerca de la costa \u201cse inunden por un aumento del nivel\u201d del mar que podr\u00eda alcanzar entre 9 y 13 pies (2,7 a 4 metros) de altura desde Cabo Fear a Cabo Lookout, incluidos Neuse, Pamlico y Pungo, con \u201cgrandes y destructivas olas\u201d, resaltaron los meteor\u00f3logos.<\/p>\n<p>Se espera que \u201cFlorence\u201d produzca acumulaciones totales de lluvia de entre 20 y 30 pulgadas (50-76 cent\u00edmetros) con cantidades aisladas de 40 pulgadas en zonas de Carolina del Norte y Carolina del Sur.<\/p>\n<p>Mientras, Helene contin\u00faa debilit\u00e1ndose y sus vientos m\u00e1ximos sostenidos bajaron hoy a 90 millas por hora (150 km\/h), por lo que ahora es un cicl\u00f3n de categor\u00eda 1 en la escala de intensidad Saffir-Simpson, de un m\u00e1ximo de 5.<\/p>\n<p>Helene se encuentra a 800 millas (1.290 kil\u00f3metros) al oeste-noroeste de las islas de Cabo Verde, en la costa noroeste africana, y a 1.400 millas (2.250 kil\u00f3metros) al sur-suroeste de las islas Azores.<\/p>\n<p>Se desplaza hacia el norte-noroeste con una velocidad de traslaci\u00f3n de 13 millas por hora (20 km\/h) y girar\u00e1 en la tarde de hoy hacia el noreste..<\/p>\n<p>Los expertos vaticinan que Helene experimentar\u00e1 un \u201cgradual debilitamiento\u201d durante las pr\u00f3ximas 48 horas y \u201cse degradar\u00e1 a tormenta tropical el jueves\u201d.<\/p>\n<p>El otro sistema en la mira de los meteor\u00f3logos es Isaac, que arrastra vientos m\u00e1ximos sostenidos de 60 millas por hora (95 km\/h). Se mueve hacia el oeste y se encuentra a 450 millas (725 kil\u00f3metros) al este de Martinica, en las Antillas Menores.<\/p>\n<p>Se prev\u00e9 que su centro se desplace sobre la zona central de las Antillas Menores y el este del Caribe el jueves, para luego, el s\u00e1bado, avanzar por el centro del Caribe.<\/p>\n<p>Los expertos del NHC detallaron que Isaac pudiera experimentar un \u201cgradual debilitamiento en los pr\u00f3ximos d\u00edas\u201d.<\/p>\n<p>Se ha emitido un aviso de tormenta para Guadalupe, Martinica y Dominica y una vigilancia de tormenta tropical (paso del sistema en 48 horas) par Antigua, Montserrat, Saba, St. Eustatius y San Crist\u00f3bal y Nieves.<\/p>\n<p><strong>MILES ABANDONAN SUS HOGARES<\/strong><\/p>\n<p>Residentes de la costa que hu\u00edan de la devastaci\u00f3n que podr\u00eda causar el paso del hurac\u00e1n \u201cFlorence\u201d se encontraron con gasolineras y tiendas vac\u00edas mientras la monstruosa tormenta se acercaba a las Carolinas.<\/p>\n<p>Aunque algunos residentes ten\u00edan previsto quedarse pese a los avisos y alertas por hurac\u00e1n para las viviendas de m\u00e1s de 5,4 millones de personas en la Costa Este, muchos decidieron no asumir riesgos.<\/p>\n<p>Un flujo constante de autos cargados con las pertenencias de sus ocupantes avanzaba hacia zonas de interior el martes, y el Gobernador de Carolina del Norte, Roy Cooper, intent\u00f3 convencer a todo el mundo para que se marchase.<\/p>\n<p>\u201cLas olas y los vientos que esta tormenta podr\u00eda causar no se parecen a nada que ustedes conozcan. Incluso si ustedes han superado tormentas antes, \u00e9sta es distinta. No arriesguen su vida frente a un monstruo\u201d, declar\u00f3.<\/p>\n<p>El Presidente Donald Trump declar\u00f3 el estado de emergencia para Carolina del Norte, Carolina del Sur y Virginia, lo que permite que los estados reciban ayuda federal. El dirigente se\u00f1al\u00f3 que el gobierno federal est\u00e1 \u201cabsoluta y totalmente preparado\u201d para \u201cFlorence\u201d. Las tres regiones ordenaron evacuaciones masivas a lo largo de la costa.<\/p>\n<div id=\"attachment_3470031\" class=\"wp-caption alignnone\"><img loading=\"lazy\" decoding=\"async\" class=\"wp-image-3470031 size-full\" src=\"http:\/\/www.sinembargo.mx\/wp-content\/uploads\/2018\/09\/florence-1-1.jpg\" sizes=\"auto, (max-width: 700px) 100vw, 700px\" srcset=\"http:\/\/www.sinembargo.mx\/wp-content\/uploads\/2018\/09\/florence-1-1.jpg 700w, http:\/\/www.sinembargo.mx\/wp-content\/uploads\/2018\/09\/florence-1-1-300x159.jpg 300w\" alt=\"\" width=\"700\" height=\"370\" \/><\/p>\n<p class=\"wp-caption-text\">Josh Clappsy, Blake Price y JB Phillips retiran las tablas de un muelle con la esperanza de salvarlo de la crecida antes de la llegada del hurac\u00e1n Florence. Foto: AP<\/p>\n<\/div>\n<p>Las aerol\u00edneas American y Southwest Airlines anunciaron la cancelaci\u00f3n, desde el mi\u00e9rcoles, de sus vuelos con salida y llegada en la zona que se prev\u00e9 azotar\u00e1 el hurac\u00e1n. El aeropuerto internacional de Charleston, en Carolina del Sur, tuite\u00f3 que espera cerrar sus pistas a medianoche del mi\u00e9rcoles.<\/p>\n<p>\u201cFlorence\u201d es la tormenta m\u00e1s peligrosa de los tres sistemas en el Atl\u00e1ntico. La tormenta tropical \u201cIsaac\u201d estaba ubicada al este de las Antillas Menores y se espera que pase al sur de Puerto Rico, la Espa\u00f1ola y Cuba. El hurac\u00e1n Helene se mov\u00eda hacia el norte alej\u00e1ndose de tierra firme.<\/p>\n<p>Los meteor\u00f3logos monitorean otras dos perturbaciones.<\/p>\n<p>Con Informaci\u00f3n de AP<\/p>\n","protected":false},"excerpt":{"rendered":"<p>Las Carolinas se preparan para olas de 4 metros: \u201cFlorence\u201d tomar\u00e1 fuerza esta noche<br \/>\nPor Redacci\u00f3n QP<\/p>\n","protected":false},"author":2,"featured_media":4502,"comment_status":"open","ping_status":"open","sticky":false,"template":"","format":"standard","meta":{"_monsterinsights_skip_tracking":false,"_monsterinsights_sitenote_active":false,"_monsterinsights_sitenote_note":"","_monsterinsights_sitenote_category":0,"footnotes":""},"categories":[2],"tags":[],"class_list":["post-4503","post","type-post","status-publish","format-standard","has-post-thumbnail","hentry","category-noticias"],"yoast_head":"<!-- This site is optimized with the Yoast SEO plugin v27.3 - https:\/\/yoast.com\/product\/yoast-seo-wordpress\/ -->\n<title>Las Carolinas se preparan para olas de 4 metros: \u201cFlorence\u201d tomar\u00e1 fuerza esta noche -<\/title>\n<meta name=\"robots\" content=\"index, follow, max-snippet:-1, max-image-preview:large, max-video-preview:-1\" \/>\n<link rel=\"canonical\" href=\"https:\/\/quehacerpolitico.mx\/?p=4503\" \/>\n<meta property=\"og:locale\" content=\"es_MX\" \/>\n<meta property=\"og:type\" content=\"article\" \/>\n<meta property=\"og:title\" content=\"Las Carolinas se preparan para olas de 4 metros: \u201cFlorence\u201d tomar\u00e1 fuerza esta noche -\" \/>\n<meta property=\"og:description\" content=\"Las Carolinas se preparan para olas de 4 metros: \u201cFlorence\u201d tomar\u00e1 fuerza esta noche Por Redacci\u00f3n QP\" \/>\n<meta property=\"og:url\" content=\"https:\/\/quehacerpolitico.mx\/?p=4503\" \/>\n<meta property=\"article:published_time\" content=\"2018-09-12T14:29:12+00:00\" \/>\n<meta name=\"author\" content=\"Redacci\u00f3n QP\" \/>\n<meta name=\"twitter:card\" content=\"summary_large_image\" \/>\n<meta name=\"twitter:label1\" content=\"Escrito por\" \/>\n\t<meta name=\"twitter:data1\" content=\"Redacci\u00f3n QP\" \/>\n\t<meta name=\"twitter:label2\" content=\"Tiempo de lectura\" \/>\n\t<meta name=\"twitter:data2\" content=\"6 minutos\" \/>\n<script type=\"application\/ld+json\" class=\"yoast-schema-graph\">{\"@context\":\"https:\\\/\\\/schema.org\",\"@graph\":[{\"@type\":\"Article\",\"@id\":\"https:\\\/\\\/quehacerpolitico.mx\\\/?p=4503#article\",\"isPartOf\":{\"@id\":\"https:\\\/\\\/quehacerpolitico.mx\\\/?p=4503\"},\"author\":{\"name\":\"Redacci\u00f3n QP\",\"@id\":\"https:\\\/\\\/quehacerpolitico.mx\\\/#\\\/schema\\\/person\\\/496d8ad2d1d3f8036101dca7ee39e585\"},\"headline\":\"Las Carolinas se preparan para olas de 4 metros: \u201cFlorence\u201d tomar\u00e1 fuerza esta noche\",\"datePublished\":\"2018-09-12T14:29:12+00:00\",\"mainEntityOfPage\":{\"@id\":\"https:\\\/\\\/quehacerpolitico.mx\\\/?p=4503\"},\"wordCount\":1170,\"commentCount\":0,\"image\":{\"@id\":\"https:\\\/\\\/quehacerpolitico.mx\\\/?p=4503#primaryimage\"},\"thumbnailUrl\":\"\",\"articleSection\":[\"Noticias\"],\"inLanguage\":\"es\",\"potentialAction\":[{\"@type\":\"CommentAction\",\"name\":\"Comment\",\"target\":[\"https:\\\/\\\/quehacerpolitico.mx\\\/?p=4503#respond\"]}]},{\"@type\":\"WebPage\",\"@id\":\"https:\\\/\\\/quehacerpolitico.mx\\\/?p=4503\",\"url\":\"https:\\\/\\\/quehacerpolitico.mx\\\/?p=4503\",\"name\":\"Las Carolinas se preparan para olas de 4 metros: \u201cFlorence\u201d tomar\u00e1 fuerza esta noche -\",\"isPartOf\":{\"@id\":\"https:\\\/\\\/quehacerpolitico.mx\\\/#website\"},\"primaryImageOfPage\":{\"@id\":\"https:\\\/\\\/quehacerpolitico.mx\\\/?p=4503#primaryimage\"},\"image\":{\"@id\":\"https:\\\/\\\/quehacerpolitico.mx\\\/?p=4503#primaryimage\"},\"thumbnailUrl\":\"\",\"datePublished\":\"2018-09-12T14:29:12+00:00\",\"author\":{\"@id\":\"https:\\\/\\\/quehacerpolitico.mx\\\/#\\\/schema\\\/person\\\/496d8ad2d1d3f8036101dca7ee39e585\"},\"breadcrumb\":{\"@id\":\"https:\\\/\\\/quehacerpolitico.mx\\\/?p=4503#breadcrumb\"},\"inLanguage\":\"es\",\"potentialAction\":[{\"@type\":\"ReadAction\",\"target\":[\"https:\\\/\\\/quehacerpolitico.mx\\\/?p=4503\"]}]},{\"@type\":\"ImageObject\",\"inLanguage\":\"es\",\"@id\":\"https:\\\/\\\/quehacerpolitico.mx\\\/?p=4503#primaryimage\",\"url\":\"\",\"contentUrl\":\"\"},{\"@type\":\"BreadcrumbList\",\"@id\":\"https:\\\/\\\/quehacerpolitico.mx\\\/?p=4503#breadcrumb\",\"itemListElement\":[{\"@type\":\"ListItem\",\"position\":1,\"name\":\"Inicio\",\"item\":\"https:\\\/\\\/quehacerpolitico.mx\\\/\"},{\"@type\":\"ListItem\",\"position\":2,\"name\":\"Las Carolinas se preparan para olas de 4 metros: \u201cFlorence\u201d tomar\u00e1 fuerza esta noche\"}]},{\"@type\":\"WebSite\",\"@id\":\"https:\\\/\\\/quehacerpolitico.mx\\\/#website\",\"url\":\"https:\\\/\\\/quehacerpolitico.mx\\\/\",\"name\":\"\",\"description\":\"\",\"potentialAction\":[{\"@type\":\"SearchAction\",\"target\":{\"@type\":\"EntryPoint\",\"urlTemplate\":\"https:\\\/\\\/quehacerpolitico.mx\\\/?s={search_term_string}\"},\"query-input\":{\"@type\":\"PropertyValueSpecification\",\"valueRequired\":true,\"valueName\":\"search_term_string\"}}],\"inLanguage\":\"es\"},{\"@type\":\"Person\",\"@id\":\"https:\\\/\\\/quehacerpolitico.mx\\\/#\\\/schema\\\/person\\\/496d8ad2d1d3f8036101dca7ee39e585\",\"name\":\"Redacci\u00f3n QP\",\"image\":{\"@type\":\"ImageObject\",\"inLanguage\":\"es\",\"@id\":\"https:\\\/\\\/secure.gravatar.com\\\/avatar\\\/c7164ed6fdec453195284ad24a5ae5b6e1eed2b848477fa2a4787ba9adf39a41?s=96&d=mm&r=g\",\"url\":\"https:\\\/\\\/secure.gravatar.com\\\/avatar\\\/c7164ed6fdec453195284ad24a5ae5b6e1eed2b848477fa2a4787ba9adf39a41?s=96&d=mm&r=g\",\"contentUrl\":\"https:\\\/\\\/secure.gravatar.com\\\/avatar\\\/c7164ed6fdec453195284ad24a5ae5b6e1eed2b848477fa2a4787ba9adf39a41?s=96&d=mm&r=g\",\"caption\":\"Redacci\u00f3n QP\"},\"url\":\"https:\\\/\\\/quehacerpolitico.mx\\\/?author=2\"}]}<\/script>\n<!-- \/ Yoast SEO plugin. -->","yoast_head_json":{"title":"Las Carolinas se preparan para olas de 4 metros: \u201cFlorence\u201d tomar\u00e1 fuerza esta noche -","robots":{"index":"index","follow":"follow","max-snippet":"max-snippet:-1","max-image-preview":"max-image-preview:large","max-video-preview":"max-video-preview:-1"},"canonical":"https:\/\/quehacerpolitico.mx\/?p=4503","og_locale":"es_MX","og_type":"article","og_title":"Las Carolinas se preparan para olas de 4 metros: \u201cFlorence\u201d tomar\u00e1 fuerza esta noche -","og_description":"Las Carolinas se preparan para olas de 4 metros: \u201cFlorence\u201d tomar\u00e1 fuerza esta noche Por Redacci\u00f3n QP","og_url":"https:\/\/quehacerpolitico.mx\/?p=4503","article_published_time":"2018-09-12T14:29:12+00:00","author":"Redacci\u00f3n QP","twitter_card":"summary_large_image","twitter_misc":{"Escrito por":"Redacci\u00f3n QP","Tiempo de lectura":"6 minutos"},"schema":{"@context":"https:\/\/schema.org","@graph":[{"@type":"Article","@id":"https:\/\/quehacerpolitico.mx\/?p=4503#article","isPartOf":{"@id":"https:\/\/quehacerpolitico.mx\/?p=4503"},"author":{"name":"Redacci\u00f3n QP","@id":"https:\/\/quehacerpolitico.mx\/#\/schema\/person\/496d8ad2d1d3f8036101dca7ee39e585"},"headline":"Las Carolinas se preparan para olas de 4 metros: \u201cFlorence\u201d tomar\u00e1 fuerza esta noche","datePublished":"2018-09-12T14:29:12+00:00","mainEntityOfPage":{"@id":"https:\/\/quehacerpolitico.mx\/?p=4503"},"wordCount":1170,"commentCount":0,"image":{"@id":"https:\/\/quehacerpolitico.mx\/?p=4503#primaryimage"},"thumbnailUrl":"","articleSection":["Noticias"],"inLanguage":"es","potentialAction":[{"@type":"CommentAction","name":"Comment","target":["https:\/\/quehacerpolitico.mx\/?p=4503#respond"]}]},{"@type":"WebPage","@id":"https:\/\/quehacerpolitico.mx\/?p=4503","url":"https:\/\/quehacerpolitico.mx\/?p=4503","name":"Las Carolinas se preparan para olas de 4 metros: \u201cFlorence\u201d tomar\u00e1 fuerza esta noche -","isPartOf":{"@id":"https:\/\/quehacerpolitico.mx\/#website"},"primaryImageOfPage":{"@id":"https:\/\/quehacerpolitico.mx\/?p=4503#primaryimage"},"image":{"@id":"https:\/\/quehacerpolitico.mx\/?p=4503#primaryimage"},"thumbnailUrl":"","datePublished":"2018-09-12T14:29:12+00:00","author":{"@id":"https:\/\/quehacerpolitico.mx\/#\/schema\/person\/496d8ad2d1d3f8036101dca7ee39e585"},"breadcrumb":{"@id":"https:\/\/quehacerpolitico.mx\/?p=4503#breadcrumb"},"inLanguage":"es","potentialAction":[{"@type":"ReadAction","target":["https:\/\/quehacerpolitico.mx\/?p=4503"]}]},{"@type":"ImageObject","inLanguage":"es","@id":"https:\/\/quehacerpolitico.mx\/?p=4503#primaryimage","url":"","contentUrl":""},{"@type":"BreadcrumbList","@id":"https:\/\/quehacerpolitico.mx\/?p=4503#breadcrumb","itemListElement":[{"@type":"ListItem","position":1,"name":"Inicio","item":"https:\/\/quehacerpolitico.mx\/"},{"@type":"ListItem","position":2,"name":"Las Carolinas se preparan para olas de 4 metros: \u201cFlorence\u201d tomar\u00e1 fuerza esta noche"}]},{"@type":"WebSite","@id":"https:\/\/quehacerpolitico.mx\/#website","url":"https:\/\/quehacerpolitico.mx\/","name":"","description":"","potentialAction":[{"@type":"SearchAction","target":{"@type":"EntryPoint","urlTemplate":"https:\/\/quehacerpolitico.mx\/?s={search_term_string}"},"query-input":{"@type":"PropertyValueSpecification","valueRequired":true,"valueName":"search_term_string"}}],"inLanguage":"es"},{"@type":"Person","@id":"https:\/\/quehacerpolitico.mx\/#\/schema\/person\/496d8ad2d1d3f8036101dca7ee39e585","name":"Redacci\u00f3n QP","image":{"@type":"ImageObject","inLanguage":"es","@id":"https:\/\/secure.gravatar.com\/avatar\/c7164ed6fdec453195284ad24a5ae5b6e1eed2b848477fa2a4787ba9adf39a41?s=96&d=mm&r=g","url":"https:\/\/secure.gravatar.com\/avatar\/c7164ed6fdec453195284ad24a5ae5b6e1eed2b848477fa2a4787ba9adf39a41?s=96&d=mm&r=g","contentUrl":"https:\/\/secure.gravatar.com\/avatar\/c7164ed6fdec453195284ad24a5ae5b6e1eed2b848477fa2a4787ba9adf39a41?s=96&d=mm&r=g","caption":"Redacci\u00f3n QP"},"url":"https:\/\/quehacerpolitico.mx\/?author=2"}]}},"featured_image_urls":{"full":"","thumbnail":"","medium":"","medium_large":"","large":"","1536x1536":"","2048x2048":"","covernews-featured":"","covernews-medium":""},"author_info":{"display_name":"Redacci\u00f3n QP","author_link":"https:\/\/quehacerpolitico.mx\/?author=2"},"category_info":"<a href=\"https:\/\/quehacerpolitico.mx\/?cat=2\" rel=\"category\">Noticias<\/a>","tag_info":"Noticias","comment_count":"0","_links":{"self":[{"href":"https:\/\/quehacerpolitico.mx\/index.php?rest_route=\/wp\/v2\/posts\/4503","targetHints":{"allow":["GET"]}}],"collection":[{"href":"https:\/\/quehacerpolitico.mx\/index.php?rest_route=\/wp\/v2\/posts"}],"about":[{"href":"https:\/\/quehacerpolitico.mx\/index.php?rest_route=\/wp\/v2\/types\/post"}],"author":[{"embeddable":true,"href":"https:\/\/quehacerpolitico.mx\/index.php?rest_route=\/wp\/v2\/users\/2"}],"replies":[{"embeddable":true,"href":"https:\/\/quehacerpolitico.mx\/index.php?rest_route=%2Fwp%2Fv2%2Fcomments&post=4503"}],"version-history":[{"count":0,"href":"https:\/\/quehacerpolitico.mx\/index.php?rest_route=\/wp\/v2\/posts\/4503\/revisions"}],"wp:featuredmedia":[{"embeddable":true,"href":"https:\/\/quehacerpolitico.mx\/index.php?rest_route=\/"}],"wp:attachment":[{"href":"https:\/\/quehacerpolitico.mx\/index.php?rest_route=%2Fwp%2Fv2%2Fmedia&parent=4503"}],"wp:term":[{"taxonomy":"category","embeddable":true,"href":"https:\/\/quehacerpolitico.mx\/index.php?rest_route=%2Fwp%2Fv2%2Fcategories&post=4503"},{"taxonomy":"post_tag","embeddable":true,"href":"https:\/\/quehacerpolitico.mx\/index.php?rest_route=%2Fwp%2Fv2%2Ftags&post=4503"}],"curies":[{"name":"wp","href":"https:\/\/api.w.org\/{rel}","templated":true}]}}