{"id":4497,"date":"2018-09-12T13:06:04","date_gmt":"2018-09-12T13:06:04","guid":{"rendered":"http:\/\/quehacerpolitico.mx\/fortaleceremos-el-transporte-en-la-periferia-de-la-cdmx-andres-lajous\/"},"modified":"2018-09-12T13:06:04","modified_gmt":"2018-09-12T13:06:04","slug":"fortaleceremos-el-transporte-en-la-periferia-de-la-cdmx-andres-lajous","status":"publish","type":"post","link":"https:\/\/quehacerpolitico.mx\/?p=4497","title":{"rendered":"Fortaleceremos el transporte en la periferia de la CDMX: Andr\u00e9s Lajous"},"content":{"rendered":"<p><strong>Andr\u00e9s Lajous Loaeza,<\/strong> quien ser\u00e1 el pr\u00f3ximo secretario de Movilidad en la Ciudad de M\u00e9xico, afirm\u00f3 que la prioridad durante su gesti\u00f3n ser\u00e1 mejorar la calidad de transporte y que la personas que vivan en la periferia puedan conectarse de manera m\u00e1s eficaz.<\/p>\n<blockquote>\n<p class=\"p3\">\u201cEl \u00e9nfasis es en el transporte p\u00fablico, los tiempos de traslado, la mejora de la calidad del viaje desde la perspectiva del usuario. Muchas veces las administraciones ven el transporte desde c\u00f3mo resolver el problema administrativo, de la gesti\u00f3n de recursos; nosotros lo vamos a ver desde la visi\u00f3n de quienes lo ocupan\u201d, afirm\u00f3.<\/p>\n<\/blockquote>\n<p class=\"p3\">La construcci\u00f3n del<strong> Cableb\u00fas<\/strong> es una de las principales promesas de la administraci\u00f3n que encabezar\u00e1 Claudia Sheinbaum. Este transporte busca dar soluci\u00f3n al problema que enfrentan las personas que viven en las partes altas de la capital.<\/p>\n<p class=\"p3\">Hasta el momento se tienen planteadas cuatro l\u00edneas en las delegaciones \u00c1lvaro Obreg\u00f3n, Gustavo A. Madero, Tlalpan e Iztapalapa; la primera se ha planteado que vaya de Cuautepec a Polit\u00e9cnico.<\/p>\n<blockquote>\n<p class=\"p3\">\u201cLa idea es que las personas que viven en las zonas altas de la Ciudad, a las que les toma mucho tiempo conectarse a la red de transporte ya sea a pie, taxi o transporte concesionado, puedan reducir su tiempo, mejorar la calidad del viaje y conectarse mejor a la red de transporte\u201d, detall\u00f3 Lajous.<\/p>\n<\/blockquote>\n<p class=\"p3\">Lajous Loaeza es maestro en Planeaci\u00f3n Urbana por el Instituto Tecnol\u00f3gico de Massachusetts (MIT), candidato a doctor en Sociolog\u00eda por la Universidad de Princeton y licenciado en Ciencias Pol\u00edticas y Relaciones Internacionales por el Instituto de Investigaci\u00f3n y Docencia Econ\u00f3mica (CIDE).<\/p>\n<p><img decoding=\"async\" class=\"i-amphtml-fill-content i-amphtml-replaced-content\" src=\"https:\/\/elbigdata.mx\/wp-content\/uploads\/2018\/07\/Andr%C3%A9s-Lajous.jpg\" sizes=\"(min-width: 350px) 350px, 100vw\" srcset=\"https:\/\/elbigdata.mx\/wp-content\/uploads\/2018\/07\/Andr%C3%A9s-Lajous.jpg 350w, https:\/\/elbigdata.mx\/wp-content\/uploads\/2018\/07\/Andr%C3%A9s-Lajous-263x300.jpg 263w\" alt=\"\" \/><\/p>\n<p class=\"p3\">En su experiencia, m\u00e1s que enfocarse en un medio de transporte, lo importante es que haya coordinaci\u00f3n entre Metro, Metrob\u00fas, M1 y Cableb\u00fas, y dem\u00e1s, para que la gente mejore su experiencia al viajar; lograr la intermodalidad.<\/p>\n<blockquote>\n<p class=\"p3\">\u201cLa idea de los telef\u00e9ricos no s\u00f3lo es construirlos, es c\u00f3mo integramos el sistema de Cableb\u00fas, buscar que la red existente mejore su coordinaci\u00f3n para que la gente pueda usarla m\u00e1s eficientemente\u201d, ahond\u00f3 el tambi\u00e9n periodista.<\/p>\n<\/blockquote>\n<p class=\"p3\">En este sentido, Lajous resalt\u00f3 la importancia de darle mantenimiento a los medios de transporte p\u00fablico ya existentes y, con eso, mejorar su calidad de servicio. En esta lista entran el Metro, los transportes el\u00e9ctricos como el Troleb\u00fas y el Tren Ligero.<\/p>\n<p class=\"p4\"><b>Amigables con el medio ambiente<\/b><\/p>\n<p class=\"p2\">El pr\u00f3ximo funcionario p\u00fablico reconoci\u00f3 que para bajar emisiones de contaminantes en la capital del pa\u00eds es necesario que la gente deje de usar coche, y para ello se tiene que mejorar el transporte p\u00fablico.<\/p>\n<blockquote>\n<p class=\"p3\">\u201cEl 70% de los viajes se realiza en transporte p\u00fablico, el resto en coche; la \u00fanica forma en que vamos a hacer que se bajen del auto ser\u00e1 mejorando la experiencia del usuario\u201d, refiri\u00f3 Andr\u00e9s Lajous Loaeza.<\/p>\n<\/blockquote>\n<p class=\"p3\">Adelant\u00f3 que el sistema de Ecobici y la infraestructura ciclista crecer\u00e1 en las delegaciones de la periferia.<\/p>\n<blockquote>\n<p class=\"p3\">\u201cLo que nosotros estamos considerando es que hay un buen esfuerzo para promover el uso de la bicicleta durante los \u00faltimos 15 a\u00f1os, pero en el centro de la ciudad\u201d, admiti\u00f3.<\/p>\n<p class=\"p3\">\u201cEn Tl\u00e1huac y Xochimilco se usa mucho la bicicleta como medio de transporte y de trabajo, por eso es importante concentrarse en zonas perif\u00e9ricas. Vamos a aprovechar y reconocer a los ciclistas que existen y a atender a los que est\u00e1n en esas demarcaciones\u201d, declar\u00f3.<\/p>\n<\/blockquote>\n<p class=\"p3\"><span class=\"s1\">Finalmente anunci\u00f3 que la estrategia de movilidad de la gesti\u00f3n de Claudia Sheinbaum ser\u00e1 presentada este mismo mes.<\/span><\/p>\n<div id=\"attachment_47486\" class=\"wp-caption aligncenter amp-wp-inline-dc1e4dc154b1c588663c7d5ea8001789\"><img decoding=\"async\" class=\"i-amphtml-fill-content i-amphtml-replaced-content\" src=\"https:\/\/elbigdata.mx\/wp-content\/uploads\/2016\/08\/1318.jpg\" sizes=\"(min-width: 834px) 834px, 100vw\" srcset=\"https:\/\/elbigdata.mx\/wp-content\/uploads\/2016\/08\/1318.jpg 834w, https:\/\/elbigdata.mx\/wp-content\/uploads\/2016\/08\/1318-300x180.jpg 300w, https:\/\/elbigdata.mx\/wp-content\/uploads\/2016\/08\/1318-600x360.jpg 600w, https:\/\/elbigdata.mx\/wp-content\/uploads\/2016\/08\/1318-450x270.jpg 450w\" alt=\"el big data mx, big data, bicicletas, xochimilco, bicicletas en xochimilco, movilidad,\" \/><\/p>\n<p class=\"wp-caption-text\">Foto: Paola Mart\u00ednez<\/p>\n<\/div>\n<h2>Herencia sobre ruedas<\/h2>\n<p class=\"p1\">Obras inconclusas por falta de fondos o por procesos abiertos en tribunales ante la inconformidad vecinal y desorden en algunos medios de transporte, forman parte de la herencia que el Gobierno de la Ciudad de M\u00e9xico deja en materia de movilidad.<\/p>\n<p class=\"p3\">La <strong>ampliaci\u00f3n<\/strong> de la<strong> L\u00ednea 5,<\/strong> en el Eje 3 Oriente, cerrar\u00e1 la administraci\u00f3n que encabeza el jefe de Gobierno, Jos\u00e9 Ram\u00f3n Amieva, con retrasos, cambio en el trazo final hacia la Glorieta de Vaqueritos e insuficiencia presupuestal.<\/p>\n<p class=\"p3\">El proyecto fue calculado para que costara tres mil millones de pesos, con los que se construir\u00edan 35 estaciones y 20 kil\u00f3metros de carriles confinados; sin embargo, la jefa de Gobierno electa, <strong>Claudia Sheinbaum<\/strong>, tendr\u00e1 que terminar ocho estaciones que quedar\u00e1n pendientes.<\/p>\n<p class=\"p3\">Hasta finales de julio pasado, la Secretar\u00eda de Obras y Servicios (Sobse) detall\u00f3 que la ampliaci\u00f3n acumulaba un avance de 50% en la construcci\u00f3n de las estaciones y 60% en los trabajos del carril confinado.<\/p>\n<p class=\"p3\"><span class=\"s1\">La dependencia asegur\u00f3 que en noviembre inaugurar\u00e1<\/span> el tramo concluido hasta la intersecci\u00f3n con calzada de las Bombas.<\/p>\n<p class=\"p3\">La ampliaci\u00f3n de la L\u00ednea 12 es otro de los pendientes del Gobierno saliente, el cual destin\u00f3 m\u00e1s esfuerzos y recursos en recuperar el tramo que cerr\u00f3 el 11 de marzo de 2014 por problemas de desgaste ondulatorio, que en consolidar la extensi\u00f3n hacia la terminal Observatorio.<\/p>\n<p><img decoding=\"async\" class=\"i-amphtml-fill-content i-amphtml-replaced-content\" src=\"https:\/\/elbigdata.mx\/wp-content\/uploads\/2017\/03\/13-14.jpg\" sizes=\"(min-width: 834px) 834px, 100vw\" srcset=\"https:\/\/elbigdata.mx\/wp-content\/uploads\/2017\/03\/13-14.jpg 834w, https:\/\/elbigdata.mx\/wp-content\/uploads\/2017\/03\/13-14-300x180.jpg 300w, https:\/\/elbigdata.mx\/wp-content\/uploads\/2017\/03\/13-14-768x460.jpg 768w, https:\/\/elbigdata.mx\/wp-content\/uploads\/2017\/03\/13-14-600x360.jpg 600w, https:\/\/elbigdata.mx\/wp-content\/uploads\/2017\/03\/13-14-450x270.jpg 450w\" alt=\"Linea 12 del metro, el big data mx, big data\" \/><\/p>\n<p class=\"p3\">Cuando por fin el proyecto avanz\u00f3, el ex jefe de Gobierno, <strong>Miguel \u00c1ngel Mancera,<\/strong> acus\u00f3 al Gobierno federal de detener los recursos para las obras, por lo que advirti\u00f3 que el dinero s\u00f3lo alcanzar\u00eda para avanzar hasta septiembre.<\/p>\n<p class=\"p3\">El <strong>Tren Interurbano M\u00e9xico-Toluca<\/strong> es otro de los grandes pendientes en materia de infraestructura para el transporte masivo. Los trabajos debieron terminar en 2017, pero la falta de recursos y cambios de ruta por afectaciones medioambientales cortaron su ritmo de obra.<\/p>\n<p class=\"p3\"><span class=\"s1\">Seg\u00fan la Sobse, hasta finales de julio pasado, el Tramo 3 a cargo del Gobierno local, sumaba 56% de avance y no tiene fecha definitiva de apertura, la \u00faltima dada por las autoridades fue abril pasado.<\/span><\/p>\n<p class=\"p3\">La construcci\u00f3n del nuevo<strong> Centro de Transferencia Modal de Observatorio<\/strong>, asociado a la ampliaci\u00f3n de la L\u00ednea 12 y a la construcci\u00f3n del Tren Interurbano M\u00e9xico-Toluca, tampoco estar\u00e1 listo antes del 1 de diciembre como se hab\u00eda prometido.<\/p>\n<p class=\"p3\">En materia de movilidad sustentable, queda pendiente la ciclov\u00eda de Paseo de la Reforma, en el tramo norte, la cual est\u00e1 detenida por un litigio interpuesto por el Instituto Nacional de Antropolog\u00eda e Historia (INAH).<\/p>\n<p class=\"p3\"><span class=\"s1\">Otro proyecto que qued\u00f3 en el olvido es la construcci\u00f3n del <strong>Bus-Bici en el Eje Central.<\/strong> \u00c9ste se anunci\u00f3 como una de las grandes obras en materia de movilidad y aunque se dieron varias fechas para su puesta en operaci\u00f3n, nunca se concret\u00f3.<\/span><\/p>\n<p class=\"p3\">La consolidaci\u00f3n de una flota de taxis el\u00e9ctricos es uno de los pendientes que ha trascendido administraciones. Mancera anunci\u00f3 que sustituir\u00eda 110 mil taxis por veh\u00edculos el\u00e9ctricos; sin embargo, la renovaci\u00f3n s\u00f3lo alcanz\u00f3 para poner 50 en circulaci\u00f3n.<\/p>\n<p><img decoding=\"async\" class=\"i-amphtml-fill-content i-amphtml-replaced-content\" src=\"https:\/\/elbigdata.mx\/wp-content\/uploads\/2017\/06\/trolebus_bicis.jpg\" sizes=\"(min-width: 835px) 835px, 100vw\" srcset=\"https:\/\/elbigdata.mx\/wp-content\/uploads\/2017\/06\/trolebus_bicis.jpg 835w, https:\/\/elbigdata.mx\/wp-content\/uploads\/2017\/06\/trolebus_bicis-300x180.jpg 300w, https:\/\/elbigdata.mx\/wp-content\/uploads\/2017\/06\/trolebus_bicis-768x462.jpg 768w, https:\/\/elbigdata.mx\/wp-content\/uploads\/2017\/06\/trolebus_bicis-600x361.jpg 600w, https:\/\/elbigdata.mx\/wp-content\/uploads\/2017\/06\/trolebus_bicis-450x270.jpg 450w\" alt=\"\" \/><\/p>\n","protected":false},"excerpt":{"rendered":"<p>Fortaleceremos el transporte en la periferia de la CDMX: Andr\u00e9s Lajous<br \/>\nPor Redacci\u00f3n QP<\/p>\n","protected":false},"author":2,"featured_media":4496,"comment_status":"open","ping_status":"open","sticky":false,"template":"","format":"standard","meta":{"_monsterinsights_skip_tracking":false,"_monsterinsights_sitenote_active":false,"_monsterinsights_sitenote_note":"","_monsterinsights_sitenote_category":0,"footnotes":""},"categories":[55],"tags":[],"class_list":["post-4497","post","type-post","status-publish","format-standard","has-post-thumbnail","hentry","category-cdmx"],"yoast_head":"<!-- This site is optimized with the Yoast SEO plugin v27.3 - https:\/\/yoast.com\/product\/yoast-seo-wordpress\/ -->\n<title>Fortaleceremos el transporte en la periferia de la CDMX: Andr\u00e9s Lajous -<\/title>\n<meta name=\"robots\" content=\"index, follow, max-snippet:-1, max-image-preview:large, max-video-preview:-1\" \/>\n<link rel=\"canonical\" href=\"https:\/\/quehacerpolitico.mx\/?p=4497\" \/>\n<meta property=\"og:locale\" content=\"es_MX\" \/>\n<meta property=\"og:type\" content=\"article\" \/>\n<meta property=\"og:title\" content=\"Fortaleceremos el transporte en la periferia de la CDMX: Andr\u00e9s Lajous -\" \/>\n<meta property=\"og:description\" content=\"Fortaleceremos el transporte en la periferia de la CDMX: Andr\u00e9s Lajous Por Redacci\u00f3n QP\" \/>\n<meta property=\"og:url\" content=\"https:\/\/quehacerpolitico.mx\/?p=4497\" \/>\n<meta property=\"article:published_time\" content=\"2018-09-12T13:06:04+00:00\" \/>\n<meta name=\"author\" content=\"Redacci\u00f3n QP\" \/>\n<meta name=\"twitter:card\" content=\"summary_large_image\" \/>\n<meta name=\"twitter:label1\" content=\"Escrito por\" \/>\n\t<meta name=\"twitter:data1\" content=\"Redacci\u00f3n QP\" \/>\n\t<meta name=\"twitter:label2\" content=\"Tiempo de lectura\" \/>\n\t<meta name=\"twitter:data2\" content=\"6 minutos\" \/>\n<script type=\"application\/ld+json\" class=\"yoast-schema-graph\">{\"@context\":\"https:\\\/\\\/schema.org\",\"@graph\":[{\"@type\":\"Article\",\"@id\":\"https:\\\/\\\/quehacerpolitico.mx\\\/?p=4497#article\",\"isPartOf\":{\"@id\":\"https:\\\/\\\/quehacerpolitico.mx\\\/?p=4497\"},\"author\":{\"name\":\"Redacci\u00f3n QP\",\"@id\":\"https:\\\/\\\/quehacerpolitico.mx\\\/#\\\/schema\\\/person\\\/496d8ad2d1d3f8036101dca7ee39e585\"},\"headline\":\"Fortaleceremos el transporte en la periferia de la CDMX: Andr\u00e9s Lajous\",\"datePublished\":\"2018-09-12T13:06:04+00:00\",\"mainEntityOfPage\":{\"@id\":\"https:\\\/\\\/quehacerpolitico.mx\\\/?p=4497\"},\"wordCount\":1140,\"commentCount\":0,\"image\":{\"@id\":\"https:\\\/\\\/quehacerpolitico.mx\\\/?p=4497#primaryimage\"},\"thumbnailUrl\":\"\",\"articleSection\":[\"CDMX\"],\"inLanguage\":\"es\",\"potentialAction\":[{\"@type\":\"CommentAction\",\"name\":\"Comment\",\"target\":[\"https:\\\/\\\/quehacerpolitico.mx\\\/?p=4497#respond\"]}]},{\"@type\":\"WebPage\",\"@id\":\"https:\\\/\\\/quehacerpolitico.mx\\\/?p=4497\",\"url\":\"https:\\\/\\\/quehacerpolitico.mx\\\/?p=4497\",\"name\":\"Fortaleceremos el transporte en la periferia de la CDMX: Andr\u00e9s Lajous -\",\"isPartOf\":{\"@id\":\"https:\\\/\\\/quehacerpolitico.mx\\\/#website\"},\"primaryImageOfPage\":{\"@id\":\"https:\\\/\\\/quehacerpolitico.mx\\\/?p=4497#primaryimage\"},\"image\":{\"@id\":\"https:\\\/\\\/quehacerpolitico.mx\\\/?p=4497#primaryimage\"},\"thumbnailUrl\":\"\",\"datePublished\":\"2018-09-12T13:06:04+00:00\",\"author\":{\"@id\":\"https:\\\/\\\/quehacerpolitico.mx\\\/#\\\/schema\\\/person\\\/496d8ad2d1d3f8036101dca7ee39e585\"},\"breadcrumb\":{\"@id\":\"https:\\\/\\\/quehacerpolitico.mx\\\/?p=4497#breadcrumb\"},\"inLanguage\":\"es\",\"potentialAction\":[{\"@type\":\"ReadAction\",\"target\":[\"https:\\\/\\\/quehacerpolitico.mx\\\/?p=4497\"]}]},{\"@type\":\"ImageObject\",\"inLanguage\":\"es\",\"@id\":\"https:\\\/\\\/quehacerpolitico.mx\\\/?p=4497#primaryimage\",\"url\":\"\",\"contentUrl\":\"\"},{\"@type\":\"BreadcrumbList\",\"@id\":\"https:\\\/\\\/quehacerpolitico.mx\\\/?p=4497#breadcrumb\",\"itemListElement\":[{\"@type\":\"ListItem\",\"position\":1,\"name\":\"Inicio\",\"item\":\"https:\\\/\\\/quehacerpolitico.mx\\\/\"},{\"@type\":\"ListItem\",\"position\":2,\"name\":\"Fortaleceremos el transporte en la periferia de la CDMX: Andr\u00e9s Lajous\"}]},{\"@type\":\"WebSite\",\"@id\":\"https:\\\/\\\/quehacerpolitico.mx\\\/#website\",\"url\":\"https:\\\/\\\/quehacerpolitico.mx\\\/\",\"name\":\"\",\"description\":\"\",\"potentialAction\":[{\"@type\":\"SearchAction\",\"target\":{\"@type\":\"EntryPoint\",\"urlTemplate\":\"https:\\\/\\\/quehacerpolitico.mx\\\/?s={search_term_string}\"},\"query-input\":{\"@type\":\"PropertyValueSpecification\",\"valueRequired\":true,\"valueName\":\"search_term_string\"}}],\"inLanguage\":\"es\"},{\"@type\":\"Person\",\"@id\":\"https:\\\/\\\/quehacerpolitico.mx\\\/#\\\/schema\\\/person\\\/496d8ad2d1d3f8036101dca7ee39e585\",\"name\":\"Redacci\u00f3n QP\",\"image\":{\"@type\":\"ImageObject\",\"inLanguage\":\"es\",\"@id\":\"https:\\\/\\\/secure.gravatar.com\\\/avatar\\\/c7164ed6fdec453195284ad24a5ae5b6e1eed2b848477fa2a4787ba9adf39a41?s=96&d=mm&r=g\",\"url\":\"https:\\\/\\\/secure.gravatar.com\\\/avatar\\\/c7164ed6fdec453195284ad24a5ae5b6e1eed2b848477fa2a4787ba9adf39a41?s=96&d=mm&r=g\",\"contentUrl\":\"https:\\\/\\\/secure.gravatar.com\\\/avatar\\\/c7164ed6fdec453195284ad24a5ae5b6e1eed2b848477fa2a4787ba9adf39a41?s=96&d=mm&r=g\",\"caption\":\"Redacci\u00f3n QP\"},\"url\":\"https:\\\/\\\/quehacerpolitico.mx\\\/?author=2\"}]}<\/script>\n<!-- \/ Yoast SEO plugin. -->","yoast_head_json":{"title":"Fortaleceremos el transporte en la periferia de la CDMX: Andr\u00e9s Lajous -","robots":{"index":"index","follow":"follow","max-snippet":"max-snippet:-1","max-image-preview":"max-image-preview:large","max-video-preview":"max-video-preview:-1"},"canonical":"https:\/\/quehacerpolitico.mx\/?p=4497","og_locale":"es_MX","og_type":"article","og_title":"Fortaleceremos el transporte en la periferia de la CDMX: Andr\u00e9s Lajous -","og_description":"Fortaleceremos el transporte en la periferia de la CDMX: Andr\u00e9s Lajous Por Redacci\u00f3n QP","og_url":"https:\/\/quehacerpolitico.mx\/?p=4497","article_published_time":"2018-09-12T13:06:04+00:00","author":"Redacci\u00f3n QP","twitter_card":"summary_large_image","twitter_misc":{"Escrito por":"Redacci\u00f3n QP","Tiempo de lectura":"6 minutos"},"schema":{"@context":"https:\/\/schema.org","@graph":[{"@type":"Article","@id":"https:\/\/quehacerpolitico.mx\/?p=4497#article","isPartOf":{"@id":"https:\/\/quehacerpolitico.mx\/?p=4497"},"author":{"name":"Redacci\u00f3n QP","@id":"https:\/\/quehacerpolitico.mx\/#\/schema\/person\/496d8ad2d1d3f8036101dca7ee39e585"},"headline":"Fortaleceremos el transporte en la periferia de la CDMX: Andr\u00e9s Lajous","datePublished":"2018-09-12T13:06:04+00:00","mainEntityOfPage":{"@id":"https:\/\/quehacerpolitico.mx\/?p=4497"},"wordCount":1140,"commentCount":0,"image":{"@id":"https:\/\/quehacerpolitico.mx\/?p=4497#primaryimage"},"thumbnailUrl":"","articleSection":["CDMX"],"inLanguage":"es","potentialAction":[{"@type":"CommentAction","name":"Comment","target":["https:\/\/quehacerpolitico.mx\/?p=4497#respond"]}]},{"@type":"WebPage","@id":"https:\/\/quehacerpolitico.mx\/?p=4497","url":"https:\/\/quehacerpolitico.mx\/?p=4497","name":"Fortaleceremos el transporte en la periferia de la CDMX: Andr\u00e9s Lajous -","isPartOf":{"@id":"https:\/\/quehacerpolitico.mx\/#website"},"primaryImageOfPage":{"@id":"https:\/\/quehacerpolitico.mx\/?p=4497#primaryimage"},"image":{"@id":"https:\/\/quehacerpolitico.mx\/?p=4497#primaryimage"},"thumbnailUrl":"","datePublished":"2018-09-12T13:06:04+00:00","author":{"@id":"https:\/\/quehacerpolitico.mx\/#\/schema\/person\/496d8ad2d1d3f8036101dca7ee39e585"},"breadcrumb":{"@id":"https:\/\/quehacerpolitico.mx\/?p=4497#breadcrumb"},"inLanguage":"es","potentialAction":[{"@type":"ReadAction","target":["https:\/\/quehacerpolitico.mx\/?p=4497"]}]},{"@type":"ImageObject","inLanguage":"es","@id":"https:\/\/quehacerpolitico.mx\/?p=4497#primaryimage","url":"","contentUrl":""},{"@type":"BreadcrumbList","@id":"https:\/\/quehacerpolitico.mx\/?p=4497#breadcrumb","itemListElement":[{"@type":"ListItem","position":1,"name":"Inicio","item":"https:\/\/quehacerpolitico.mx\/"},{"@type":"ListItem","position":2,"name":"Fortaleceremos el transporte en la periferia de la CDMX: Andr\u00e9s Lajous"}]},{"@type":"WebSite","@id":"https:\/\/quehacerpolitico.mx\/#website","url":"https:\/\/quehacerpolitico.mx\/","name":"","description":"","potentialAction":[{"@type":"SearchAction","target":{"@type":"EntryPoint","urlTemplate":"https:\/\/quehacerpolitico.mx\/?s={search_term_string}"},"query-input":{"@type":"PropertyValueSpecification","valueRequired":true,"valueName":"search_term_string"}}],"inLanguage":"es"},{"@type":"Person","@id":"https:\/\/quehacerpolitico.mx\/#\/schema\/person\/496d8ad2d1d3f8036101dca7ee39e585","name":"Redacci\u00f3n QP","image":{"@type":"ImageObject","inLanguage":"es","@id":"https:\/\/secure.gravatar.com\/avatar\/c7164ed6fdec453195284ad24a5ae5b6e1eed2b848477fa2a4787ba9adf39a41?s=96&d=mm&r=g","url":"https:\/\/secure.gravatar.com\/avatar\/c7164ed6fdec453195284ad24a5ae5b6e1eed2b848477fa2a4787ba9adf39a41?s=96&d=mm&r=g","contentUrl":"https:\/\/secure.gravatar.com\/avatar\/c7164ed6fdec453195284ad24a5ae5b6e1eed2b848477fa2a4787ba9adf39a41?s=96&d=mm&r=g","caption":"Redacci\u00f3n QP"},"url":"https:\/\/quehacerpolitico.mx\/?author=2"}]}},"featured_image_urls":{"full":"","thumbnail":"","medium":"","medium_large":"","large":"","1536x1536":"","2048x2048":"","covernews-featured":"","covernews-medium":""},"author_info":{"display_name":"Redacci\u00f3n QP","author_link":"https:\/\/quehacerpolitico.mx\/?author=2"},"category_info":"<a href=\"https:\/\/quehacerpolitico.mx\/?cat=55\" rel=\"category\">CDMX<\/a>","tag_info":"CDMX","comment_count":"0","_links":{"self":[{"href":"https:\/\/quehacerpolitico.mx\/index.php?rest_route=\/wp\/v2\/posts\/4497","targetHints":{"allow":["GET"]}}],"collection":[{"href":"https:\/\/quehacerpolitico.mx\/index.php?rest_route=\/wp\/v2\/posts"}],"about":[{"href":"https:\/\/quehacerpolitico.mx\/index.php?rest_route=\/wp\/v2\/types\/post"}],"author":[{"embeddable":true,"href":"https:\/\/quehacerpolitico.mx\/index.php?rest_route=\/wp\/v2\/users\/2"}],"replies":[{"embeddable":true,"href":"https:\/\/quehacerpolitico.mx\/index.php?rest_route=%2Fwp%2Fv2%2Fcomments&post=4497"}],"version-history":[{"count":0,"href":"https:\/\/quehacerpolitico.mx\/index.php?rest_route=\/wp\/v2\/posts\/4497\/revisions"}],"wp:featuredmedia":[{"embeddable":true,"href":"https:\/\/quehacerpolitico.mx\/index.php?rest_route=\/"}],"wp:attachment":[{"href":"https:\/\/quehacerpolitico.mx\/index.php?rest_route=%2Fwp%2Fv2%2Fmedia&parent=4497"}],"wp:term":[{"taxonomy":"category","embeddable":true,"href":"https:\/\/quehacerpolitico.mx\/index.php?rest_route=%2Fwp%2Fv2%2Fcategories&post=4497"},{"taxonomy":"post_tag","embeddable":true,"href":"https:\/\/quehacerpolitico.mx\/index.php?rest_route=%2Fwp%2Fv2%2Ftags&post=4497"}],"curies":[{"name":"wp","href":"https:\/\/api.w.org\/{rel}","templated":true}]}}