{"id":4483,"date":"2018-09-12T03:44:00","date_gmt":"2018-09-12T03:44:00","guid":{"rendered":"http:\/\/quehacerpolitico.mx\/la-unam-admite-error-uno-de-los-expulsados-no-era-porro-y-podra-volver-a-la-institucion-educativa\/"},"modified":"2018-09-12T03:44:00","modified_gmt":"2018-09-12T03:44:00","slug":"la-unam-admite-error-uno-de-los-expulsados-no-era-porro-y-podra-volver-a-la-institucion-educativa","status":"publish","type":"post","link":"https:\/\/quehacerpolitico.mx\/?p=4483","title":{"rendered":"La UNAM admite error: uno de los expulsados no era porro y podr\u00e1 volver a la instituci\u00f3n educativa"},"content":{"rendered":"<h3>A Fernando Tinajero Mu\u00f1oz, quien fue expulsado de la UNAM tras el ataque porril, le ser\u00e1n restablecidos sus derechos universitarios.<\/h3>\n<p>La <strong>Universidad Nacional Aut\u00f3noma de M\u00e9xico (UNAM)<\/strong> inform\u00f3 que ha solicitado al presidente del <strong>Tribunal Universitario<\/strong>, Juli\u00e1n G\u00fcitr\u00f3n Fuentevilla, sean restablecidos los derechos universitarios del alumno <strong>Fernando Tinajero Mu\u00f1oz<\/strong>, de la <strong>Facultad de Estudios Superiores (FES) Acatl\u00e1n<\/strong>, en atenci\u00f3n a que hubo una confusi\u00f3n al identificar las caracter\u00edsticas f\u00edsicas del estudiante con otra persona que s\u00ed intervino en los hechos violentos suscitados el pasado 3 de septiembre en la explanada de la Torre de Rector\u00eda.<\/p>\n<blockquote>\n<p>La <strong>Universidad<\/strong> ha ofrecido ya una disculpa al alumno afectado y a sus familiares por los inconvenientes que la confusi\u00f3n les haya causado en detrimento de su imagen personal y acad\u00e9mica.<\/p>\n<\/blockquote>\n<p>La <strong>UNAM<\/strong> asegur\u00f3 que continuar\u00e1 la investigaci\u00f3n, identificaci\u00f3n y denuncia, ante la autoridad correspondiente, de los responsables de la brutal agresi\u00f3n del 3 de septiembre.<\/p>\n<p>Por su parte, la Procuradur\u00eda General de Justicia de la Ciudad de M\u00e9xico logr\u00f3 que un juez de control vinculara a proceso a un hombre de 29 a\u00f1os, acusado de cometer con violencia el delito de mot\u00edn, durante los sucesos del pasado 3 de septiembre en la explanada de la Rector\u00eda.<\/p>\n<blockquote>\n<p>El imputado fue aprehendido ayer por elementos de la Polic\u00eda de Investigaci\u00f3n, en cumplimiento a un mandamiento judicial, y tras su captura fue trasladado Reclusorio Preventivo Varonil Norte, donde permanecer\u00e1 con la medida cautelar de prisi\u00f3n preventiva oficiosa, impuesta por el juzgador, mientras se desarrollan los dos meses fijados para el cierre de la investigaci\u00f3n complementaria.<\/p>\n<\/blockquote>\n<p><strong>Hoy, Joel Meza Garc\u00eda,<\/strong>\u00a0uno de los estudiantes de la <strong>UNAM<\/strong>\u00a0que fue agredido por\u00a0<strong>porros,\u00a0<\/strong>fue\u00a0<strong>dado de alta<\/strong>.<\/p>\n<p>A trav\u00e9s de un comunicado, el Instituto Mexicano del Seguro Social (IMSS) inform\u00f3 que Joel, estudiante del quinto semestre de la carrera de Estudios Latinoamericanos de la Facultad de Filosof\u00eda y Letras (FFyL) fue dado de alta luego de permanecer una semana internado en el Centro M\u00e9dico Nacional Siglo XXI.<\/p>\n<p>El muchacho fue apu\u00f1alado por la espalda; sufri\u00f3 la mutilaci\u00f3n de parte de la oreja izquierda; tuvo fracturas en la nariz y golpes en diversas partes del cuerpo.<\/p>\n","protected":false},"excerpt":{"rendered":"<p>La UNAM admite error: uno de los expulsados no era porro y podr\u00e1 volver a la instituci\u00f3n educativa<br \/>\nPor Redacci\u00f3n QP<\/p>\n","protected":false},"author":2,"featured_media":4482,"comment_status":"open","ping_status":"open","sticky":false,"template":"","format":"standard","meta":{"_monsterinsights_skip_tracking":false,"_monsterinsights_sitenote_active":false,"_monsterinsights_sitenote_note":"","_monsterinsights_sitenote_category":0,"footnotes":""},"categories":[2],"tags":[],"class_list":["post-4483","post","type-post","status-publish","format-standard","has-post-thumbnail","hentry","category-noticias"],"yoast_head":"<!-- This site is optimized with the Yoast SEO plugin v27.3 - https:\/\/yoast.com\/product\/yoast-seo-wordpress\/ -->\n<title>La UNAM admite error: uno de los expulsados no era porro y podr\u00e1 volver a la instituci\u00f3n educativa -<\/title>\n<meta name=\"robots\" content=\"index, follow, max-snippet:-1, max-image-preview:large, max-video-preview:-1\" \/>\n<link rel=\"canonical\" href=\"https:\/\/quehacerpolitico.mx\/?p=4483\" \/>\n<meta property=\"og:locale\" content=\"es_MX\" \/>\n<meta property=\"og:type\" content=\"article\" \/>\n<meta property=\"og:title\" content=\"La UNAM admite error: uno de los expulsados no era porro y podr\u00e1 volver a la instituci\u00f3n educativa -\" \/>\n<meta property=\"og:description\" content=\"La UNAM admite error: uno de los expulsados no era porro y podr\u00e1 volver a la instituci\u00f3n educativa Por Redacci\u00f3n QP\" \/>\n<meta property=\"og:url\" content=\"https:\/\/quehacerpolitico.mx\/?p=4483\" \/>\n<meta property=\"article:published_time\" content=\"2018-09-12T03:44:00+00:00\" \/>\n<meta name=\"author\" content=\"Redacci\u00f3n QP\" \/>\n<meta name=\"twitter:card\" content=\"summary_large_image\" \/>\n<meta name=\"twitter:label1\" content=\"Escrito por\" \/>\n\t<meta name=\"twitter:data1\" content=\"Redacci\u00f3n QP\" \/>\n\t<meta name=\"twitter:label2\" content=\"Tiempo de lectura\" \/>\n\t<meta name=\"twitter:data2\" content=\"2 minutos\" \/>\n<script type=\"application\/ld+json\" class=\"yoast-schema-graph\">{\"@context\":\"https:\\\/\\\/schema.org\",\"@graph\":[{\"@type\":\"Article\",\"@id\":\"https:\\\/\\\/quehacerpolitico.mx\\\/?p=4483#article\",\"isPartOf\":{\"@id\":\"https:\\\/\\\/quehacerpolitico.mx\\\/?p=4483\"},\"author\":{\"name\":\"Redacci\u00f3n QP\",\"@id\":\"https:\\\/\\\/quehacerpolitico.mx\\\/#\\\/schema\\\/person\\\/496d8ad2d1d3f8036101dca7ee39e585\"},\"headline\":\"La UNAM admite error: uno de los expulsados no era porro y podr\u00e1 volver a la instituci\u00f3n educativa\",\"datePublished\":\"2018-09-12T03:44:00+00:00\",\"mainEntityOfPage\":{\"@id\":\"https:\\\/\\\/quehacerpolitico.mx\\\/?p=4483\"},\"wordCount\":405,\"commentCount\":0,\"image\":{\"@id\":\"https:\\\/\\\/quehacerpolitico.mx\\\/?p=4483#primaryimage\"},\"thumbnailUrl\":\"\",\"articleSection\":[\"Noticias\"],\"inLanguage\":\"es\",\"potentialAction\":[{\"@type\":\"CommentAction\",\"name\":\"Comment\",\"target\":[\"https:\\\/\\\/quehacerpolitico.mx\\\/?p=4483#respond\"]}]},{\"@type\":\"WebPage\",\"@id\":\"https:\\\/\\\/quehacerpolitico.mx\\\/?p=4483\",\"url\":\"https:\\\/\\\/quehacerpolitico.mx\\\/?p=4483\",\"name\":\"La UNAM admite error: uno de los expulsados no era porro y podr\u00e1 volver a la instituci\u00f3n educativa -\",\"isPartOf\":{\"@id\":\"https:\\\/\\\/quehacerpolitico.mx\\\/#website\"},\"primaryImageOfPage\":{\"@id\":\"https:\\\/\\\/quehacerpolitico.mx\\\/?p=4483#primaryimage\"},\"image\":{\"@id\":\"https:\\\/\\\/quehacerpolitico.mx\\\/?p=4483#primaryimage\"},\"thumbnailUrl\":\"\",\"datePublished\":\"2018-09-12T03:44:00+00:00\",\"author\":{\"@id\":\"https:\\\/\\\/quehacerpolitico.mx\\\/#\\\/schema\\\/person\\\/496d8ad2d1d3f8036101dca7ee39e585\"},\"breadcrumb\":{\"@id\":\"https:\\\/\\\/quehacerpolitico.mx\\\/?p=4483#breadcrumb\"},\"inLanguage\":\"es\",\"potentialAction\":[{\"@type\":\"ReadAction\",\"target\":[\"https:\\\/\\\/quehacerpolitico.mx\\\/?p=4483\"]}]},{\"@type\":\"ImageObject\",\"inLanguage\":\"es\",\"@id\":\"https:\\\/\\\/quehacerpolitico.mx\\\/?p=4483#primaryimage\",\"url\":\"\",\"contentUrl\":\"\"},{\"@type\":\"BreadcrumbList\",\"@id\":\"https:\\\/\\\/quehacerpolitico.mx\\\/?p=4483#breadcrumb\",\"itemListElement\":[{\"@type\":\"ListItem\",\"position\":1,\"name\":\"Inicio\",\"item\":\"https:\\\/\\\/quehacerpolitico.mx\\\/\"},{\"@type\":\"ListItem\",\"position\":2,\"name\":\"La UNAM admite error: uno de los expulsados no era porro y podr\u00e1 volver a la instituci\u00f3n educativa\"}]},{\"@type\":\"WebSite\",\"@id\":\"https:\\\/\\\/quehacerpolitico.mx\\\/#website\",\"url\":\"https:\\\/\\\/quehacerpolitico.mx\\\/\",\"name\":\"\",\"description\":\"\",\"potentialAction\":[{\"@type\":\"SearchAction\",\"target\":{\"@type\":\"EntryPoint\",\"urlTemplate\":\"https:\\\/\\\/quehacerpolitico.mx\\\/?s={search_term_string}\"},\"query-input\":{\"@type\":\"PropertyValueSpecification\",\"valueRequired\":true,\"valueName\":\"search_term_string\"}}],\"inLanguage\":\"es\"},{\"@type\":\"Person\",\"@id\":\"https:\\\/\\\/quehacerpolitico.mx\\\/#\\\/schema\\\/person\\\/496d8ad2d1d3f8036101dca7ee39e585\",\"name\":\"Redacci\u00f3n QP\",\"image\":{\"@type\":\"ImageObject\",\"inLanguage\":\"es\",\"@id\":\"https:\\\/\\\/secure.gravatar.com\\\/avatar\\\/c7164ed6fdec453195284ad24a5ae5b6e1eed2b848477fa2a4787ba9adf39a41?s=96&d=mm&r=g\",\"url\":\"https:\\\/\\\/secure.gravatar.com\\\/avatar\\\/c7164ed6fdec453195284ad24a5ae5b6e1eed2b848477fa2a4787ba9adf39a41?s=96&d=mm&r=g\",\"contentUrl\":\"https:\\\/\\\/secure.gravatar.com\\\/avatar\\\/c7164ed6fdec453195284ad24a5ae5b6e1eed2b848477fa2a4787ba9adf39a41?s=96&d=mm&r=g\",\"caption\":\"Redacci\u00f3n QP\"},\"url\":\"https:\\\/\\\/quehacerpolitico.mx\\\/?author=2\"}]}<\/script>\n<!-- \/ Yoast SEO plugin. -->","yoast_head_json":{"title":"La UNAM admite error: uno de los expulsados no era porro y podr\u00e1 volver a la instituci\u00f3n educativa -","robots":{"index":"index","follow":"follow","max-snippet":"max-snippet:-1","max-image-preview":"max-image-preview:large","max-video-preview":"max-video-preview:-1"},"canonical":"https:\/\/quehacerpolitico.mx\/?p=4483","og_locale":"es_MX","og_type":"article","og_title":"La UNAM admite error: uno de los expulsados no era porro y podr\u00e1 volver a la instituci\u00f3n educativa -","og_description":"La UNAM admite error: uno de los expulsados no era porro y podr\u00e1 volver a la instituci\u00f3n educativa Por Redacci\u00f3n QP","og_url":"https:\/\/quehacerpolitico.mx\/?p=4483","article_published_time":"2018-09-12T03:44:00+00:00","author":"Redacci\u00f3n QP","twitter_card":"summary_large_image","twitter_misc":{"Escrito por":"Redacci\u00f3n QP","Tiempo de lectura":"2 minutos"},"schema":{"@context":"https:\/\/schema.org","@graph":[{"@type":"Article","@id":"https:\/\/quehacerpolitico.mx\/?p=4483#article","isPartOf":{"@id":"https:\/\/quehacerpolitico.mx\/?p=4483"},"author":{"name":"Redacci\u00f3n QP","@id":"https:\/\/quehacerpolitico.mx\/#\/schema\/person\/496d8ad2d1d3f8036101dca7ee39e585"},"headline":"La UNAM admite error: uno de los expulsados no era porro y podr\u00e1 volver a la instituci\u00f3n educativa","datePublished":"2018-09-12T03:44:00+00:00","mainEntityOfPage":{"@id":"https:\/\/quehacerpolitico.mx\/?p=4483"},"wordCount":405,"commentCount":0,"image":{"@id":"https:\/\/quehacerpolitico.mx\/?p=4483#primaryimage"},"thumbnailUrl":"","articleSection":["Noticias"],"inLanguage":"es","potentialAction":[{"@type":"CommentAction","name":"Comment","target":["https:\/\/quehacerpolitico.mx\/?p=4483#respond"]}]},{"@type":"WebPage","@id":"https:\/\/quehacerpolitico.mx\/?p=4483","url":"https:\/\/quehacerpolitico.mx\/?p=4483","name":"La UNAM admite error: uno de los expulsados no era porro y podr\u00e1 volver a la instituci\u00f3n educativa -","isPartOf":{"@id":"https:\/\/quehacerpolitico.mx\/#website"},"primaryImageOfPage":{"@id":"https:\/\/quehacerpolitico.mx\/?p=4483#primaryimage"},"image":{"@id":"https:\/\/quehacerpolitico.mx\/?p=4483#primaryimage"},"thumbnailUrl":"","datePublished":"2018-09-12T03:44:00+00:00","author":{"@id":"https:\/\/quehacerpolitico.mx\/#\/schema\/person\/496d8ad2d1d3f8036101dca7ee39e585"},"breadcrumb":{"@id":"https:\/\/quehacerpolitico.mx\/?p=4483#breadcrumb"},"inLanguage":"es","potentialAction":[{"@type":"ReadAction","target":["https:\/\/quehacerpolitico.mx\/?p=4483"]}]},{"@type":"ImageObject","inLanguage":"es","@id":"https:\/\/quehacerpolitico.mx\/?p=4483#primaryimage","url":"","contentUrl":""},{"@type":"BreadcrumbList","@id":"https:\/\/quehacerpolitico.mx\/?p=4483#breadcrumb","itemListElement":[{"@type":"ListItem","position":1,"name":"Inicio","item":"https:\/\/quehacerpolitico.mx\/"},{"@type":"ListItem","position":2,"name":"La UNAM admite error: uno de los expulsados no era porro y podr\u00e1 volver a la instituci\u00f3n educativa"}]},{"@type":"WebSite","@id":"https:\/\/quehacerpolitico.mx\/#website","url":"https:\/\/quehacerpolitico.mx\/","name":"","description":"","potentialAction":[{"@type":"SearchAction","target":{"@type":"EntryPoint","urlTemplate":"https:\/\/quehacerpolitico.mx\/?s={search_term_string}"},"query-input":{"@type":"PropertyValueSpecification","valueRequired":true,"valueName":"search_term_string"}}],"inLanguage":"es"},{"@type":"Person","@id":"https:\/\/quehacerpolitico.mx\/#\/schema\/person\/496d8ad2d1d3f8036101dca7ee39e585","name":"Redacci\u00f3n QP","image":{"@type":"ImageObject","inLanguage":"es","@id":"https:\/\/secure.gravatar.com\/avatar\/c7164ed6fdec453195284ad24a5ae5b6e1eed2b848477fa2a4787ba9adf39a41?s=96&d=mm&r=g","url":"https:\/\/secure.gravatar.com\/avatar\/c7164ed6fdec453195284ad24a5ae5b6e1eed2b848477fa2a4787ba9adf39a41?s=96&d=mm&r=g","contentUrl":"https:\/\/secure.gravatar.com\/avatar\/c7164ed6fdec453195284ad24a5ae5b6e1eed2b848477fa2a4787ba9adf39a41?s=96&d=mm&r=g","caption":"Redacci\u00f3n QP"},"url":"https:\/\/quehacerpolitico.mx\/?author=2"}]}},"featured_image_urls":{"full":"","thumbnail":"","medium":"","medium_large":"","large":"","1536x1536":"","2048x2048":"","covernews-featured":"","covernews-medium":""},"author_info":{"display_name":"Redacci\u00f3n QP","author_link":"https:\/\/quehacerpolitico.mx\/?author=2"},"category_info":"<a href=\"https:\/\/quehacerpolitico.mx\/?cat=2\" rel=\"category\">Noticias<\/a>","tag_info":"Noticias","comment_count":"0","_links":{"self":[{"href":"https:\/\/quehacerpolitico.mx\/index.php?rest_route=\/wp\/v2\/posts\/4483","targetHints":{"allow":["GET"]}}],"collection":[{"href":"https:\/\/quehacerpolitico.mx\/index.php?rest_route=\/wp\/v2\/posts"}],"about":[{"href":"https:\/\/quehacerpolitico.mx\/index.php?rest_route=\/wp\/v2\/types\/post"}],"author":[{"embeddable":true,"href":"https:\/\/quehacerpolitico.mx\/index.php?rest_route=\/wp\/v2\/users\/2"}],"replies":[{"embeddable":true,"href":"https:\/\/quehacerpolitico.mx\/index.php?rest_route=%2Fwp%2Fv2%2Fcomments&post=4483"}],"version-history":[{"count":0,"href":"https:\/\/quehacerpolitico.mx\/index.php?rest_route=\/wp\/v2\/posts\/4483\/revisions"}],"wp:featuredmedia":[{"embeddable":true,"href":"https:\/\/quehacerpolitico.mx\/index.php?rest_route=\/"}],"wp:attachment":[{"href":"https:\/\/quehacerpolitico.mx\/index.php?rest_route=%2Fwp%2Fv2%2Fmedia&parent=4483"}],"wp:term":[{"taxonomy":"category","embeddable":true,"href":"https:\/\/quehacerpolitico.mx\/index.php?rest_route=%2Fwp%2Fv2%2Fcategories&post=4483"},{"taxonomy":"post_tag","embeddable":true,"href":"https:\/\/quehacerpolitico.mx\/index.php?rest_route=%2Fwp%2Fv2%2Ftags&post=4483"}],"curies":[{"name":"wp","href":"https:\/\/api.w.org\/{rel}","templated":true}]}}