{"id":44526,"date":"2019-11-15T16:52:12","date_gmt":"2019-11-15T16:52:12","guid":{"rendered":"http:\/\/quehacerpolitico.mx\/internacionales-carolina-alonso-romei-venecia-cierra-la-plaza-de-san-marcos-por-nueva-inundacion\/"},"modified":"2019-11-15T16:52:12","modified_gmt":"2019-11-15T16:52:12","slug":"internacionales-carolina-alonso-romei-venecia-cierra-la-plaza-de-san-marcos-por-nueva-inundacion","status":"publish","type":"post","link":"https:\/\/quehacerpolitico.mx\/?p=44526","title":{"rendered":"Internacionales\/\/\/Carolina Alonso Romei\/\/\/Venecia cierra la plaza de San Marcos por nueva inundaci\u00f3n"},"content":{"rendered":"<h1 class=\"news-title\">Venecia cierra la plaza de San Marcos por nueva inundaci\u00f3n<br \/>Por Carolina Alonso Romei\u00a0<\/h1>\n<p>Internacionalista\u00a0<\/p>\n<p>El nivel del agua alcanz\u00f3 los 154 cent\u00edmetros este viernes, seg\u00fan la Oficina Meteorol\u00f3gica local<\/p>\n<p><strong>Venecia<\/strong> volvi\u00f3 a sufrir este viernes una gran inundaci\u00f3n, despu\u00e9s de que el jueves el agua diera algo de tregua, hasta el punto de que el ayuntamiento ha decidido cerrar la emblem\u00e1tica plaza de San Marcos a residentes y turistas.<\/p>\n<p><strong>El alcalde de la ciudad de los canales, LuigiBrugnaro, anunci\u00f3 que hab\u00eda decidido cerrar San Marcos por motivos de seguridad, debido al nuevo pico de 154 cent\u00edmetros<\/strong> que alcanz\u00f3 a media ma\u00f1ana el &#8220;agua alta&#8221;.<\/p>\n<p>Se trata del segundo r\u00e9cord alcanzado esta semana despu\u00e9s de la gran inundaci\u00f3n del martes\u00a0la mayor sufrida por la ciudad en m\u00e1s de medio siglo, con las aguas alcanzando los 187 cent\u00edmetros.<\/p>\n<p>&#8220;Hemos destruido Venecia. Hablamos de mil millones de da\u00f1os y solo los del otro d\u00eda, y no los de hoy&#8221;, afirm\u00f3 el alcalde.<\/p>\n<div>\n<figure class=\"image\"><img decoding=\"async\" title=\"\" src=\"https:\/\/www.informador.mx\/export\/sites\/elinformador\/img\/2019\/11\/15\/high_water_in_venice_x32155673x_efe.jpg_346497623.jpg\" alt=\"\" hspace=\"5\" vspace=\"5\" data-height=\"467\" data-size=\"w:3071,h:2050\" data-width=\"700\" \/><figcaption>La mayor\u00eda de los negocios est\u00e1n cerrados y los comerciantes tratan de sacar el agua de sus locales. EFE \/ A. Merola<\/figcaption><\/figure>\n<\/div>\n<p>La Oficina Meteorol\u00f3gica de Venecia comunic\u00f3 que el pico de la marea fue de 154 cent\u00edmetros y se alcanz\u00f3 a las 11:26 hora local, aunque empez\u00f3 a descender lentamente sobre todo gracias a la ausencia de viento.<\/p>\n<p>&#8220;Cerramos la plaza para no poner en peligro la seguridad de las personas. <strong>Todav\u00eda estamos en estado de emergencia, en breve abriremos un fondo de donaciones.<\/strong> Agradezco a todas las personas que est\u00e1n trabajando duro, l\u00e1stima que aqu\u00ed en la plaza a\u00fan hay quien quiere filmar una pel\u00edcula y en estos casos no hay nada peor que la especulaci\u00f3n&#8221;, lament\u00f3 el alcalde veneciano.<\/p>\n<p>Se refer\u00eda a un equipo de filmaci\u00f3n del nuevo filme del actor italiano Stefano Accorsi, que, para perplejidad de algunos y el enfado de otros, trabajaba en plena <strong>plaza de San Marcos<\/strong> poco antes de su cierre.<\/p>\n<p>Con el 70 por ciento de la ciudad inundada, transitar por ella se ha convertido en una aventura, <strong>la mayor\u00eda de los negocios est\u00e1n cerrados y los comerciantes tratan de sacar el agua de sus locales.<\/strong><\/p>\n<div>\n<figure class=\"image\"><img decoding=\"async\" title=\"\" src=\"https:\/\/www.informador.mx\/export\/sites\/elinformador\/img\/2019\/11\/15\/high_water_in_venice_x32155621x_efe.jpg_346497623.jpg\" alt=\"\" hspace=\"5\" vspace=\"5\" data-height=\"467\" data-size=\"w:3071,h:2050\" data-width=\"700\" \/><\/p>\n<div class=\"seedtag-gohan seedtag-adunit st-in-image\">\n<div class=\"st-container\">\u00a0<\/div>\n<\/div><figcaption>Se trata del segundo r\u00e9cord alcanzado esta semana despu\u00e9s de la gran inundaci\u00f3n de martes. EFE \/ A. Merola<\/figcaption><\/figure>\n<\/div>\n<p>Diana, camarera del \u00fanico bar abierto en las cercan\u00edas de San Marco, cuenta: &#8220;Es dif\u00edcil, hace cuatro d\u00edas que somos los \u00fanicos que han abierto, pero tratamos de contentar a las personas que vienen, les damos la cervecita, el sandwich, el caf\u00e9&#8221;.<\/p>\n<p>&#8220;Hoy es m\u00e1s particular, puede ver que todo est\u00e1 inundado. Mi compa\u00f1era de trabajo sigue haciendo de comer y tratamos de sacarlo adelante, pero no es f\u00e1cil&#8221;, a\u00f1ade.<\/p>\n<p><strong>Quienes s\u00ed est\u00e1n haciendo negocio son los kioscos donde se venden, por unos 10 euros las m\u00e1s altas, las preceptivas botas-fundas de goma imprescindibles para poder caminar por entre las aguas.<\/strong><\/p>\n<p>Tambi\u00e9n los hoteles ofrecen a sus hu\u00e9spedes botas de caucho para poder salir a las calles, donde el nivel del agua llega en muchos casos hasta la rodilla.<\/p>\n<p>Quien se pase\u00f3 por la plaza de San Marcos antes de su cierre, ataviado con botas de goma hasta los muslos, fue el l\u00edder de la ultraderechista Liga y exministro de Interior italiano, <strong>Mateo Salvini<\/strong>, quien asegur\u00f3 que nunca hab\u00eda visto as\u00ed Venecia.<\/p>\n<p>&#8220;Es un desastre para los que viven y trabajan aqu\u00ed&#8221;, a\u00f1adi\u00f3, y dijo que ya se ha perdido demasiado tiempo para finalizar el sistema de diques que impida las inundaciones.<\/p>\n<p><strong>&#8220;Ya no se puede perder el tiempo. Esta ciudad pide ayuda, necesitamos unirnos para completar el Mose&#8221;, afirm\u00f3 Salvini<\/strong> en referencia al proyecto de ingenier\u00eda para evitar las inundaciones.<\/p>\n<p>El servicio de transporte p\u00fablico se suspendi\u00f3 debido a la altura de las aguas y por cuarto d\u00eda consecutivo se mantienen cerrados los centros educativos.<\/p>\n<p>Seg\u00fan el Centro de Previsiones, <strong>la marea alta se mantendr\u00e1 durante toda la semana entre los 85 y los 120 cent\u00edmetros.<\/strong><\/p>\n<p>El jueves, el Consejo de ministros italiano decret\u00f3 el estado de emergencia en Venecia y aprob\u00f3 una inversi\u00f3n de veinte millones de euros como primera ayuda a los damnificados por el agua.<\/p>\n<p>El primer ministro de Italia, Giuseppe Conte, concret\u00f3 que se ofrecer\u00e1n cinco mil euros a cada residente damnificado y hasta 20 mil euros a los propietarios de actividades comerciales.<\/p>\n<p>Con informaci\u00f3n de EFE<\/p>\n","protected":false},"excerpt":{"rendered":"<p>Venecia cierra la plaza de San Marcos por nueva inundaci\u00f3n<br \/>\nPor Carolina Alonso Romei<br \/>\nInternacionalista<\/p>\n","protected":false},"author":2,"featured_media":44525,"comment_status":"open","ping_status":"open","sticky":false,"template":"","format":"standard","meta":{"_monsterinsights_skip_tracking":false,"_monsterinsights_sitenote_active":false,"_monsterinsights_sitenote_note":"","_monsterinsights_sitenote_category":0,"footnotes":""},"categories":[1],"tags":[],"class_list":["post-44526","post","type-post","status-publish","format-standard","has-post-thumbnail","hentry","category-sin-categoria"],"yoast_head":"<!-- This site is optimized with the Yoast SEO plugin v27.3 - https:\/\/yoast.com\/product\/yoast-seo-wordpress\/ -->\n<title>Internacionales\/\/\/Carolina Alonso Romei\/\/\/Venecia cierra la plaza de San Marcos por nueva inundaci\u00f3n -<\/title>\n<meta name=\"robots\" content=\"index, follow, max-snippet:-1, max-image-preview:large, max-video-preview:-1\" \/>\n<link rel=\"canonical\" href=\"https:\/\/quehacerpolitico.mx\/?p=44526\" \/>\n<meta property=\"og:locale\" content=\"es_MX\" \/>\n<meta property=\"og:type\" content=\"article\" \/>\n<meta property=\"og:title\" content=\"Internacionales\/\/\/Carolina Alonso Romei\/\/\/Venecia cierra la plaza de San Marcos por nueva inundaci\u00f3n -\" \/>\n<meta property=\"og:description\" content=\"Venecia cierra la plaza de San Marcos por nueva inundaci\u00f3n Por Carolina Alonso Romei Internacionalista\" \/>\n<meta property=\"og:url\" content=\"https:\/\/quehacerpolitico.mx\/?p=44526\" \/>\n<meta property=\"article:published_time\" content=\"2019-11-15T16:52:12+00:00\" \/>\n<meta name=\"author\" content=\"Redacci\u00f3n QP\" \/>\n<meta name=\"twitter:card\" content=\"summary_large_image\" \/>\n<meta name=\"twitter:label1\" content=\"Escrito por\" \/>\n\t<meta name=\"twitter:data1\" content=\"Redacci\u00f3n QP\" \/>\n\t<meta name=\"twitter:label2\" content=\"Tiempo de lectura\" \/>\n\t<meta name=\"twitter:data2\" content=\"4 minutos\" \/>\n<script type=\"application\/ld+json\" class=\"yoast-schema-graph\">{\"@context\":\"https:\\\/\\\/schema.org\",\"@graph\":[{\"@type\":\"Article\",\"@id\":\"https:\\\/\\\/quehacerpolitico.mx\\\/?p=44526#article\",\"isPartOf\":{\"@id\":\"https:\\\/\\\/quehacerpolitico.mx\\\/?p=44526\"},\"author\":{\"name\":\"Redacci\u00f3n QP\",\"@id\":\"https:\\\/\\\/quehacerpolitico.mx\\\/#\\\/schema\\\/person\\\/496d8ad2d1d3f8036101dca7ee39e585\"},\"headline\":\"Internacionales\\\/\\\/\\\/Carolina Alonso Romei\\\/\\\/\\\/Venecia cierra la plaza de San Marcos por nueva inundaci\u00f3n\",\"datePublished\":\"2019-11-15T16:52:12+00:00\",\"mainEntityOfPage\":{\"@id\":\"https:\\\/\\\/quehacerpolitico.mx\\\/?p=44526\"},\"wordCount\":775,\"commentCount\":0,\"image\":{\"@id\":\"https:\\\/\\\/quehacerpolitico.mx\\\/?p=44526#primaryimage\"},\"thumbnailUrl\":\"\",\"articleSection\":[\"Internacionales\"],\"inLanguage\":\"es\",\"potentialAction\":[{\"@type\":\"CommentAction\",\"name\":\"Comment\",\"target\":[\"https:\\\/\\\/quehacerpolitico.mx\\\/?p=44526#respond\"]}]},{\"@type\":\"WebPage\",\"@id\":\"https:\\\/\\\/quehacerpolitico.mx\\\/?p=44526\",\"url\":\"https:\\\/\\\/quehacerpolitico.mx\\\/?p=44526\",\"name\":\"Internacionales\\\/\\\/\\\/Carolina Alonso Romei\\\/\\\/\\\/Venecia cierra la plaza de San Marcos por nueva inundaci\u00f3n -\",\"isPartOf\":{\"@id\":\"https:\\\/\\\/quehacerpolitico.mx\\\/#website\"},\"primaryImageOfPage\":{\"@id\":\"https:\\\/\\\/quehacerpolitico.mx\\\/?p=44526#primaryimage\"},\"image\":{\"@id\":\"https:\\\/\\\/quehacerpolitico.mx\\\/?p=44526#primaryimage\"},\"thumbnailUrl\":\"\",\"datePublished\":\"2019-11-15T16:52:12+00:00\",\"author\":{\"@id\":\"https:\\\/\\\/quehacerpolitico.mx\\\/#\\\/schema\\\/person\\\/496d8ad2d1d3f8036101dca7ee39e585\"},\"breadcrumb\":{\"@id\":\"https:\\\/\\\/quehacerpolitico.mx\\\/?p=44526#breadcrumb\"},\"inLanguage\":\"es\",\"potentialAction\":[{\"@type\":\"ReadAction\",\"target\":[\"https:\\\/\\\/quehacerpolitico.mx\\\/?p=44526\"]}]},{\"@type\":\"ImageObject\",\"inLanguage\":\"es\",\"@id\":\"https:\\\/\\\/quehacerpolitico.mx\\\/?p=44526#primaryimage\",\"url\":\"\",\"contentUrl\":\"\"},{\"@type\":\"BreadcrumbList\",\"@id\":\"https:\\\/\\\/quehacerpolitico.mx\\\/?p=44526#breadcrumb\",\"itemListElement\":[{\"@type\":\"ListItem\",\"position\":1,\"name\":\"Inicio\",\"item\":\"https:\\\/\\\/quehacerpolitico.mx\\\/\"},{\"@type\":\"ListItem\",\"position\":2,\"name\":\"Internacionales\\\/\\\/\\\/Carolina Alonso Romei\\\/\\\/\\\/Venecia cierra la plaza de San Marcos por nueva inundaci\u00f3n\"}]},{\"@type\":\"WebSite\",\"@id\":\"https:\\\/\\\/quehacerpolitico.mx\\\/#website\",\"url\":\"https:\\\/\\\/quehacerpolitico.mx\\\/\",\"name\":\"\",\"description\":\"\",\"potentialAction\":[{\"@type\":\"SearchAction\",\"target\":{\"@type\":\"EntryPoint\",\"urlTemplate\":\"https:\\\/\\\/quehacerpolitico.mx\\\/?s={search_term_string}\"},\"query-input\":{\"@type\":\"PropertyValueSpecification\",\"valueRequired\":true,\"valueName\":\"search_term_string\"}}],\"inLanguage\":\"es\"},{\"@type\":\"Person\",\"@id\":\"https:\\\/\\\/quehacerpolitico.mx\\\/#\\\/schema\\\/person\\\/496d8ad2d1d3f8036101dca7ee39e585\",\"name\":\"Redacci\u00f3n QP\",\"image\":{\"@type\":\"ImageObject\",\"inLanguage\":\"es\",\"@id\":\"https:\\\/\\\/secure.gravatar.com\\\/avatar\\\/c7164ed6fdec453195284ad24a5ae5b6e1eed2b848477fa2a4787ba9adf39a41?s=96&d=mm&r=g\",\"url\":\"https:\\\/\\\/secure.gravatar.com\\\/avatar\\\/c7164ed6fdec453195284ad24a5ae5b6e1eed2b848477fa2a4787ba9adf39a41?s=96&d=mm&r=g\",\"contentUrl\":\"https:\\\/\\\/secure.gravatar.com\\\/avatar\\\/c7164ed6fdec453195284ad24a5ae5b6e1eed2b848477fa2a4787ba9adf39a41?s=96&d=mm&r=g\",\"caption\":\"Redacci\u00f3n QP\"},\"url\":\"https:\\\/\\\/quehacerpolitico.mx\\\/?author=2\"}]}<\/script>\n<!-- \/ Yoast SEO plugin. -->","yoast_head_json":{"title":"Internacionales\/\/\/Carolina Alonso Romei\/\/\/Venecia cierra la plaza de San Marcos por nueva inundaci\u00f3n -","robots":{"index":"index","follow":"follow","max-snippet":"max-snippet:-1","max-image-preview":"max-image-preview:large","max-video-preview":"max-video-preview:-1"},"canonical":"https:\/\/quehacerpolitico.mx\/?p=44526","og_locale":"es_MX","og_type":"article","og_title":"Internacionales\/\/\/Carolina Alonso Romei\/\/\/Venecia cierra la plaza de San Marcos por nueva inundaci\u00f3n -","og_description":"Venecia cierra la plaza de San Marcos por nueva inundaci\u00f3n Por Carolina Alonso Romei Internacionalista","og_url":"https:\/\/quehacerpolitico.mx\/?p=44526","article_published_time":"2019-11-15T16:52:12+00:00","author":"Redacci\u00f3n QP","twitter_card":"summary_large_image","twitter_misc":{"Escrito por":"Redacci\u00f3n QP","Tiempo de lectura":"4 minutos"},"schema":{"@context":"https:\/\/schema.org","@graph":[{"@type":"Article","@id":"https:\/\/quehacerpolitico.mx\/?p=44526#article","isPartOf":{"@id":"https:\/\/quehacerpolitico.mx\/?p=44526"},"author":{"name":"Redacci\u00f3n QP","@id":"https:\/\/quehacerpolitico.mx\/#\/schema\/person\/496d8ad2d1d3f8036101dca7ee39e585"},"headline":"Internacionales\/\/\/Carolina Alonso Romei\/\/\/Venecia cierra la plaza de San Marcos por nueva inundaci\u00f3n","datePublished":"2019-11-15T16:52:12+00:00","mainEntityOfPage":{"@id":"https:\/\/quehacerpolitico.mx\/?p=44526"},"wordCount":775,"commentCount":0,"image":{"@id":"https:\/\/quehacerpolitico.mx\/?p=44526#primaryimage"},"thumbnailUrl":"","articleSection":["Internacionales"],"inLanguage":"es","potentialAction":[{"@type":"CommentAction","name":"Comment","target":["https:\/\/quehacerpolitico.mx\/?p=44526#respond"]}]},{"@type":"WebPage","@id":"https:\/\/quehacerpolitico.mx\/?p=44526","url":"https:\/\/quehacerpolitico.mx\/?p=44526","name":"Internacionales\/\/\/Carolina Alonso Romei\/\/\/Venecia cierra la plaza de San Marcos por nueva inundaci\u00f3n -","isPartOf":{"@id":"https:\/\/quehacerpolitico.mx\/#website"},"primaryImageOfPage":{"@id":"https:\/\/quehacerpolitico.mx\/?p=44526#primaryimage"},"image":{"@id":"https:\/\/quehacerpolitico.mx\/?p=44526#primaryimage"},"thumbnailUrl":"","datePublished":"2019-11-15T16:52:12+00:00","author":{"@id":"https:\/\/quehacerpolitico.mx\/#\/schema\/person\/496d8ad2d1d3f8036101dca7ee39e585"},"breadcrumb":{"@id":"https:\/\/quehacerpolitico.mx\/?p=44526#breadcrumb"},"inLanguage":"es","potentialAction":[{"@type":"ReadAction","target":["https:\/\/quehacerpolitico.mx\/?p=44526"]}]},{"@type":"ImageObject","inLanguage":"es","@id":"https:\/\/quehacerpolitico.mx\/?p=44526#primaryimage","url":"","contentUrl":""},{"@type":"BreadcrumbList","@id":"https:\/\/quehacerpolitico.mx\/?p=44526#breadcrumb","itemListElement":[{"@type":"ListItem","position":1,"name":"Inicio","item":"https:\/\/quehacerpolitico.mx\/"},{"@type":"ListItem","position":2,"name":"Internacionales\/\/\/Carolina Alonso Romei\/\/\/Venecia cierra la plaza de San Marcos por nueva inundaci\u00f3n"}]},{"@type":"WebSite","@id":"https:\/\/quehacerpolitico.mx\/#website","url":"https:\/\/quehacerpolitico.mx\/","name":"","description":"","potentialAction":[{"@type":"SearchAction","target":{"@type":"EntryPoint","urlTemplate":"https:\/\/quehacerpolitico.mx\/?s={search_term_string}"},"query-input":{"@type":"PropertyValueSpecification","valueRequired":true,"valueName":"search_term_string"}}],"inLanguage":"es"},{"@type":"Person","@id":"https:\/\/quehacerpolitico.mx\/#\/schema\/person\/496d8ad2d1d3f8036101dca7ee39e585","name":"Redacci\u00f3n QP","image":{"@type":"ImageObject","inLanguage":"es","@id":"https:\/\/secure.gravatar.com\/avatar\/c7164ed6fdec453195284ad24a5ae5b6e1eed2b848477fa2a4787ba9adf39a41?s=96&d=mm&r=g","url":"https:\/\/secure.gravatar.com\/avatar\/c7164ed6fdec453195284ad24a5ae5b6e1eed2b848477fa2a4787ba9adf39a41?s=96&d=mm&r=g","contentUrl":"https:\/\/secure.gravatar.com\/avatar\/c7164ed6fdec453195284ad24a5ae5b6e1eed2b848477fa2a4787ba9adf39a41?s=96&d=mm&r=g","caption":"Redacci\u00f3n QP"},"url":"https:\/\/quehacerpolitico.mx\/?author=2"}]}},"featured_image_urls":{"full":"","thumbnail":"","medium":"","medium_large":"","large":"","1536x1536":"","2048x2048":"","covernews-featured":"","covernews-medium":""},"author_info":{"display_name":"Redacci\u00f3n QP","author_link":"https:\/\/quehacerpolitico.mx\/?author=2"},"category_info":"<a href=\"https:\/\/quehacerpolitico.mx\/?cat=1\" rel=\"category\">Internacionales<\/a>","tag_info":"Internacionales","comment_count":"0","_links":{"self":[{"href":"https:\/\/quehacerpolitico.mx\/index.php?rest_route=\/wp\/v2\/posts\/44526","targetHints":{"allow":["GET"]}}],"collection":[{"href":"https:\/\/quehacerpolitico.mx\/index.php?rest_route=\/wp\/v2\/posts"}],"about":[{"href":"https:\/\/quehacerpolitico.mx\/index.php?rest_route=\/wp\/v2\/types\/post"}],"author":[{"embeddable":true,"href":"https:\/\/quehacerpolitico.mx\/index.php?rest_route=\/wp\/v2\/users\/2"}],"replies":[{"embeddable":true,"href":"https:\/\/quehacerpolitico.mx\/index.php?rest_route=%2Fwp%2Fv2%2Fcomments&post=44526"}],"version-history":[{"count":0,"href":"https:\/\/quehacerpolitico.mx\/index.php?rest_route=\/wp\/v2\/posts\/44526\/revisions"}],"wp:featuredmedia":[{"embeddable":true,"href":"https:\/\/quehacerpolitico.mx\/index.php?rest_route=\/"}],"wp:attachment":[{"href":"https:\/\/quehacerpolitico.mx\/index.php?rest_route=%2Fwp%2Fv2%2Fmedia&parent=44526"}],"wp:term":[{"taxonomy":"category","embeddable":true,"href":"https:\/\/quehacerpolitico.mx\/index.php?rest_route=%2Fwp%2Fv2%2Fcategories&post=44526"},{"taxonomy":"post_tag","embeddable":true,"href":"https:\/\/quehacerpolitico.mx\/index.php?rest_route=%2Fwp%2Fv2%2Ftags&post=44526"}],"curies":[{"name":"wp","href":"https:\/\/api.w.org\/{rel}","templated":true}]}}