{"id":4445,"date":"2018-09-11T16:55:50","date_gmt":"2018-09-11T16:55:50","guid":{"rendered":"http:\/\/quehacerpolitico.mx\/reconocen-una-vida-dedicada-a-la-literatura-infantil-y-juvenil\/"},"modified":"2018-09-11T16:55:50","modified_gmt":"2018-09-11T16:55:50","slug":"reconocen-una-vida-dedicada-a-la-literatura-infantil-y-juvenil","status":"publish","type":"post","link":"https:\/\/quehacerpolitico.mx\/?p=4445","title":{"rendered":"Reconocen una vida dedicada a la literatura infantil y juvenil"},"content":{"rendered":"<p>La escritora argentina Graciela Montes fue nombrada como ganadora del Premio Iberoamericano SM de Literatura Infantil y Juvenil, en su edici\u00f3n n\u00famero catorce. MarisolSchulz Manaut, directora de la Feria Internacional del Libro de Guadalajara (FIL), coment\u00f3 que este premio es un ejemplo de la vocaci\u00f3n de la feria por la promoci\u00f3n de la lectura. Entregado desde 2005, la lista de ganadores traza un mapa de lo mejor de la literatura infantil y juvenil, afirm\u00f3 Marisol.<\/p>\n<p>Cecilia Espinosa, directora de la Fundaci\u00f3n SM, se\u00f1al\u00f3 que tienen presencia en diez pa\u00edses, donde el fomento a la lectura y escritura marcan el rumbo de sus programas. La alianza para entregar el premio incluye al Centro Regional para el Fomento del Libro en Am\u00e9rica Latina y el Caribe (CERLARC), Organizaci\u00f3n de los Estados Iberoamericanos (OEI), IBBY M\u00e9xico y la Unesco, a la par de la FIL, sede de la deliberaci\u00f3n y de la entrega.<\/p>\n<p>Una caracter\u00edstica de este galard\u00f3n, agreg\u00f3 Espinosa, es que se trata del \u00fanico premio de trayectoria para autores de literatura infantil y juvenil en Iberoam\u00e9rica. En esta ocasi\u00f3n se recibieron nueve propuestas de ocho pa\u00edses, entre los que se eligi\u00f3 a Graciela Montes de manera un\u00e1nime, por la totalidad de su obra.<\/p>\n<p>El jurado estuvo integrado por Juana In\u00e9s Dehesa (de la OEI), Mar\u00eda Elena Maggi (del CERLARC), Ver\u00f3nica Ju\u00e1rez Campos (de IBBY M\u00e9xico), Jos\u00e9 Pulido Matta (de la oficina mexicana de la Unesco), Cecilia Ana Repetti (de la Fundaci\u00f3n SM).<\/p>\n<p>Mar\u00eda Elena Maggi dio lectura al acta, en representaci\u00f3n del jurado. En ella se resaltan los criterios tomados en cuenta para otorgar el premio a Montes: la calidad literaria de la obra, congruencia de los libros con el mundo de ni\u00f1os y j\u00f3venes, contribuci\u00f3n de la autora al desarrollo de la literatura infantil y juvenil en Iberoam\u00e9rica, consistencia y diversidad de su trayectoria, influencia y reconocimiento de su obra tanto local como nacional.<\/p>\n<p><strong>LA AUTORA<\/strong><\/p>\n<p>Graciela Montes naci\u00f3 en Buenos Aires en 1947, fue profesora en letras por la Facultad de Filosof\u00eda y Letras de la Universidad de Buenos Aires, a la par de su trabajo como escritora, traductora y editora. El acta se\u00f1ala a Montes como precursora de la literatura infantil y juvenil, ejemplificada en su papel como fundadora de la Asociaci\u00f3n de Literatura Infantil y Juvenil de la Argentina y de la revista \u201cLa Mancha\u201d.<\/p>\n<p>Sobre el premio, destac\u00f3: \u201cEs muy especial. He estado retirada de la literatura en los \u00faltimos a\u00f1os. Es un poco algo que viene de mi pasado\u201d.<\/p>\n<p>Sobre su obra literaria, dijo: \u201cEsa etapa est\u00e1 concluida. Ahora es otro momento de mi vida\u201d. \u00a0Su obra se ha traducido al griego, coreano, alem\u00e1n, catal\u00e1n, italiano, hebreo, tailand\u00e9s y portugu\u00e9s.<\/p>\n<p>Su obra consta de m\u00e1s de una treintena de libros para ni\u00f1os, como \u201cAventuras y desventuras de Casiperro del Hambre\u201d, \u201cHistoria de un amor exagerado\u201d y \u201cTengo un monstruo en el bolsillo\u201d. Su novela \u201cEl turno de la escriba\u201d gan\u00f3 en 2005 el Premio Alfaguara. Otros reconocimientos que ha recibido son el Premio Lazarillo (1980) y el Premio Fantas\u00eda Infantil (1996).<\/p>\n<p>En cuanto a la traducci\u00f3n y el ensayo, otros terrenos de la creaci\u00f3n que la autora explor\u00f3, Graciela coment\u00f3: \u201cNo es demasiado extra\u00f1o en los escritores: que al mismo tiempo que escriben ficci\u00f3n, que construyen mundos imaginarios, tambi\u00e9n reflexionan sobre su propio trabajo, sobre el lenguaje. Para m\u00ed, las tres cosas (el ensayo, la escritura y la traducci\u00f3n) fueron muy importantes en mi formaci\u00f3n. Casi dir\u00eda que la traducci\u00f3n fue un centro muy importante de reflexi\u00f3n sobre el lenguaje, me ayud\u00f3 much\u00edsimo como escritora\u201d.<\/p>\n<div><strong>TOMA NOTA<br \/>Asiste<\/strong> <br \/>Graciela Montes recibir\u00e1 el Premio Iberoamericano SM de Literatura Infantil y Juvenil el pr\u00f3ximo martes 27 de noviembre, en el Sal\u00f3n 2 de la FIL, en Expo Guadalajara (18:00 horas).<\/div>\n","protected":false},"excerpt":{"rendered":"<p>Graciela Montes fue nombrada como ganadora del Premio Iberoamericano SM 2018<br \/>\nPor Redacci\u00f3n QP<\/p>\n","protected":false},"author":2,"featured_media":4444,"comment_status":"open","ping_status":"open","sticky":false,"template":"","format":"standard","meta":{"_monsterinsights_skip_tracking":false,"_monsterinsights_sitenote_active":false,"_monsterinsights_sitenote_note":"","_monsterinsights_sitenote_category":0,"footnotes":""},"categories":[58],"tags":[],"class_list":["post-4445","post","type-post","status-publish","format-standard","has-post-thumbnail","hentry","category-cultura"],"yoast_head":"<!-- This site is optimized with the Yoast SEO plugin v27.3 - https:\/\/yoast.com\/product\/yoast-seo-wordpress\/ -->\n<title>Reconocen una vida dedicada a la literatura infantil y juvenil -<\/title>\n<meta name=\"robots\" content=\"index, follow, max-snippet:-1, max-image-preview:large, max-video-preview:-1\" \/>\n<link rel=\"canonical\" href=\"https:\/\/quehacerpolitico.mx\/?p=4445\" \/>\n<meta property=\"og:locale\" content=\"es_MX\" \/>\n<meta property=\"og:type\" content=\"article\" \/>\n<meta property=\"og:title\" content=\"Reconocen una vida dedicada a la literatura infantil y juvenil -\" \/>\n<meta property=\"og:description\" content=\"Graciela Montes fue nombrada como ganadora del Premio Iberoamericano SM 2018 Por Redacci\u00f3n QP\" \/>\n<meta property=\"og:url\" content=\"https:\/\/quehacerpolitico.mx\/?p=4445\" \/>\n<meta property=\"article:published_time\" content=\"2018-09-11T16:55:50+00:00\" \/>\n<meta name=\"author\" content=\"Redacci\u00f3n QP\" \/>\n<meta name=\"twitter:card\" content=\"summary_large_image\" \/>\n<meta name=\"twitter:label1\" content=\"Escrito por\" \/>\n\t<meta name=\"twitter:data1\" content=\"Redacci\u00f3n QP\" \/>\n\t<meta name=\"twitter:label2\" content=\"Tiempo de lectura\" \/>\n\t<meta name=\"twitter:data2\" content=\"3 minutos\" \/>\n<script type=\"application\/ld+json\" class=\"yoast-schema-graph\">{\"@context\":\"https:\\\/\\\/schema.org\",\"@graph\":[{\"@type\":\"Article\",\"@id\":\"https:\\\/\\\/quehacerpolitico.mx\\\/?p=4445#article\",\"isPartOf\":{\"@id\":\"https:\\\/\\\/quehacerpolitico.mx\\\/?p=4445\"},\"author\":{\"name\":\"Redacci\u00f3n QP\",\"@id\":\"https:\\\/\\\/quehacerpolitico.mx\\\/#\\\/schema\\\/person\\\/496d8ad2d1d3f8036101dca7ee39e585\"},\"headline\":\"Reconocen una vida dedicada a la literatura infantil y juvenil\",\"datePublished\":\"2018-09-11T16:55:50+00:00\",\"mainEntityOfPage\":{\"@id\":\"https:\\\/\\\/quehacerpolitico.mx\\\/?p=4445\"},\"wordCount\":677,\"commentCount\":0,\"image\":{\"@id\":\"https:\\\/\\\/quehacerpolitico.mx\\\/?p=4445#primaryimage\"},\"thumbnailUrl\":\"\",\"articleSection\":[\"Cultura y Entretenimiento\"],\"inLanguage\":\"es\",\"potentialAction\":[{\"@type\":\"CommentAction\",\"name\":\"Comment\",\"target\":[\"https:\\\/\\\/quehacerpolitico.mx\\\/?p=4445#respond\"]}]},{\"@type\":\"WebPage\",\"@id\":\"https:\\\/\\\/quehacerpolitico.mx\\\/?p=4445\",\"url\":\"https:\\\/\\\/quehacerpolitico.mx\\\/?p=4445\",\"name\":\"Reconocen una vida dedicada a la literatura infantil y juvenil -\",\"isPartOf\":{\"@id\":\"https:\\\/\\\/quehacerpolitico.mx\\\/#website\"},\"primaryImageOfPage\":{\"@id\":\"https:\\\/\\\/quehacerpolitico.mx\\\/?p=4445#primaryimage\"},\"image\":{\"@id\":\"https:\\\/\\\/quehacerpolitico.mx\\\/?p=4445#primaryimage\"},\"thumbnailUrl\":\"\",\"datePublished\":\"2018-09-11T16:55:50+00:00\",\"author\":{\"@id\":\"https:\\\/\\\/quehacerpolitico.mx\\\/#\\\/schema\\\/person\\\/496d8ad2d1d3f8036101dca7ee39e585\"},\"breadcrumb\":{\"@id\":\"https:\\\/\\\/quehacerpolitico.mx\\\/?p=4445#breadcrumb\"},\"inLanguage\":\"es\",\"potentialAction\":[{\"@type\":\"ReadAction\",\"target\":[\"https:\\\/\\\/quehacerpolitico.mx\\\/?p=4445\"]}]},{\"@type\":\"ImageObject\",\"inLanguage\":\"es\",\"@id\":\"https:\\\/\\\/quehacerpolitico.mx\\\/?p=4445#primaryimage\",\"url\":\"\",\"contentUrl\":\"\"},{\"@type\":\"BreadcrumbList\",\"@id\":\"https:\\\/\\\/quehacerpolitico.mx\\\/?p=4445#breadcrumb\",\"itemListElement\":[{\"@type\":\"ListItem\",\"position\":1,\"name\":\"Inicio\",\"item\":\"https:\\\/\\\/quehacerpolitico.mx\\\/\"},{\"@type\":\"ListItem\",\"position\":2,\"name\":\"Reconocen una vida dedicada a la literatura infantil y juvenil\"}]},{\"@type\":\"WebSite\",\"@id\":\"https:\\\/\\\/quehacerpolitico.mx\\\/#website\",\"url\":\"https:\\\/\\\/quehacerpolitico.mx\\\/\",\"name\":\"\",\"description\":\"\",\"potentialAction\":[{\"@type\":\"SearchAction\",\"target\":{\"@type\":\"EntryPoint\",\"urlTemplate\":\"https:\\\/\\\/quehacerpolitico.mx\\\/?s={search_term_string}\"},\"query-input\":{\"@type\":\"PropertyValueSpecification\",\"valueRequired\":true,\"valueName\":\"search_term_string\"}}],\"inLanguage\":\"es\"},{\"@type\":\"Person\",\"@id\":\"https:\\\/\\\/quehacerpolitico.mx\\\/#\\\/schema\\\/person\\\/496d8ad2d1d3f8036101dca7ee39e585\",\"name\":\"Redacci\u00f3n QP\",\"image\":{\"@type\":\"ImageObject\",\"inLanguage\":\"es\",\"@id\":\"https:\\\/\\\/secure.gravatar.com\\\/avatar\\\/c7164ed6fdec453195284ad24a5ae5b6e1eed2b848477fa2a4787ba9adf39a41?s=96&d=mm&r=g\",\"url\":\"https:\\\/\\\/secure.gravatar.com\\\/avatar\\\/c7164ed6fdec453195284ad24a5ae5b6e1eed2b848477fa2a4787ba9adf39a41?s=96&d=mm&r=g\",\"contentUrl\":\"https:\\\/\\\/secure.gravatar.com\\\/avatar\\\/c7164ed6fdec453195284ad24a5ae5b6e1eed2b848477fa2a4787ba9adf39a41?s=96&d=mm&r=g\",\"caption\":\"Redacci\u00f3n QP\"},\"url\":\"https:\\\/\\\/quehacerpolitico.mx\\\/?author=2\"}]}<\/script>\n<!-- \/ Yoast SEO plugin. -->","yoast_head_json":{"title":"Reconocen una vida dedicada a la literatura infantil y juvenil -","robots":{"index":"index","follow":"follow","max-snippet":"max-snippet:-1","max-image-preview":"max-image-preview:large","max-video-preview":"max-video-preview:-1"},"canonical":"https:\/\/quehacerpolitico.mx\/?p=4445","og_locale":"es_MX","og_type":"article","og_title":"Reconocen una vida dedicada a la literatura infantil y juvenil -","og_description":"Graciela Montes fue nombrada como ganadora del Premio Iberoamericano SM 2018 Por Redacci\u00f3n QP","og_url":"https:\/\/quehacerpolitico.mx\/?p=4445","article_published_time":"2018-09-11T16:55:50+00:00","author":"Redacci\u00f3n QP","twitter_card":"summary_large_image","twitter_misc":{"Escrito por":"Redacci\u00f3n QP","Tiempo de lectura":"3 minutos"},"schema":{"@context":"https:\/\/schema.org","@graph":[{"@type":"Article","@id":"https:\/\/quehacerpolitico.mx\/?p=4445#article","isPartOf":{"@id":"https:\/\/quehacerpolitico.mx\/?p=4445"},"author":{"name":"Redacci\u00f3n QP","@id":"https:\/\/quehacerpolitico.mx\/#\/schema\/person\/496d8ad2d1d3f8036101dca7ee39e585"},"headline":"Reconocen una vida dedicada a la literatura infantil y juvenil","datePublished":"2018-09-11T16:55:50+00:00","mainEntityOfPage":{"@id":"https:\/\/quehacerpolitico.mx\/?p=4445"},"wordCount":677,"commentCount":0,"image":{"@id":"https:\/\/quehacerpolitico.mx\/?p=4445#primaryimage"},"thumbnailUrl":"","articleSection":["Cultura y Entretenimiento"],"inLanguage":"es","potentialAction":[{"@type":"CommentAction","name":"Comment","target":["https:\/\/quehacerpolitico.mx\/?p=4445#respond"]}]},{"@type":"WebPage","@id":"https:\/\/quehacerpolitico.mx\/?p=4445","url":"https:\/\/quehacerpolitico.mx\/?p=4445","name":"Reconocen una vida dedicada a la literatura infantil y juvenil -","isPartOf":{"@id":"https:\/\/quehacerpolitico.mx\/#website"},"primaryImageOfPage":{"@id":"https:\/\/quehacerpolitico.mx\/?p=4445#primaryimage"},"image":{"@id":"https:\/\/quehacerpolitico.mx\/?p=4445#primaryimage"},"thumbnailUrl":"","datePublished":"2018-09-11T16:55:50+00:00","author":{"@id":"https:\/\/quehacerpolitico.mx\/#\/schema\/person\/496d8ad2d1d3f8036101dca7ee39e585"},"breadcrumb":{"@id":"https:\/\/quehacerpolitico.mx\/?p=4445#breadcrumb"},"inLanguage":"es","potentialAction":[{"@type":"ReadAction","target":["https:\/\/quehacerpolitico.mx\/?p=4445"]}]},{"@type":"ImageObject","inLanguage":"es","@id":"https:\/\/quehacerpolitico.mx\/?p=4445#primaryimage","url":"","contentUrl":""},{"@type":"BreadcrumbList","@id":"https:\/\/quehacerpolitico.mx\/?p=4445#breadcrumb","itemListElement":[{"@type":"ListItem","position":1,"name":"Inicio","item":"https:\/\/quehacerpolitico.mx\/"},{"@type":"ListItem","position":2,"name":"Reconocen una vida dedicada a la literatura infantil y juvenil"}]},{"@type":"WebSite","@id":"https:\/\/quehacerpolitico.mx\/#website","url":"https:\/\/quehacerpolitico.mx\/","name":"","description":"","potentialAction":[{"@type":"SearchAction","target":{"@type":"EntryPoint","urlTemplate":"https:\/\/quehacerpolitico.mx\/?s={search_term_string}"},"query-input":{"@type":"PropertyValueSpecification","valueRequired":true,"valueName":"search_term_string"}}],"inLanguage":"es"},{"@type":"Person","@id":"https:\/\/quehacerpolitico.mx\/#\/schema\/person\/496d8ad2d1d3f8036101dca7ee39e585","name":"Redacci\u00f3n QP","image":{"@type":"ImageObject","inLanguage":"es","@id":"https:\/\/secure.gravatar.com\/avatar\/c7164ed6fdec453195284ad24a5ae5b6e1eed2b848477fa2a4787ba9adf39a41?s=96&d=mm&r=g","url":"https:\/\/secure.gravatar.com\/avatar\/c7164ed6fdec453195284ad24a5ae5b6e1eed2b848477fa2a4787ba9adf39a41?s=96&d=mm&r=g","contentUrl":"https:\/\/secure.gravatar.com\/avatar\/c7164ed6fdec453195284ad24a5ae5b6e1eed2b848477fa2a4787ba9adf39a41?s=96&d=mm&r=g","caption":"Redacci\u00f3n QP"},"url":"https:\/\/quehacerpolitico.mx\/?author=2"}]}},"featured_image_urls":{"full":"","thumbnail":"","medium":"","medium_large":"","large":"","1536x1536":"","2048x2048":"","covernews-featured":"","covernews-medium":""},"author_info":{"display_name":"Redacci\u00f3n QP","author_link":"https:\/\/quehacerpolitico.mx\/?author=2"},"category_info":"<a href=\"https:\/\/quehacerpolitico.mx\/?cat=58\" rel=\"category\">Cultura y Entretenimiento<\/a>","tag_info":"Cultura y Entretenimiento","comment_count":"0","_links":{"self":[{"href":"https:\/\/quehacerpolitico.mx\/index.php?rest_route=\/wp\/v2\/posts\/4445","targetHints":{"allow":["GET"]}}],"collection":[{"href":"https:\/\/quehacerpolitico.mx\/index.php?rest_route=\/wp\/v2\/posts"}],"about":[{"href":"https:\/\/quehacerpolitico.mx\/index.php?rest_route=\/wp\/v2\/types\/post"}],"author":[{"embeddable":true,"href":"https:\/\/quehacerpolitico.mx\/index.php?rest_route=\/wp\/v2\/users\/2"}],"replies":[{"embeddable":true,"href":"https:\/\/quehacerpolitico.mx\/index.php?rest_route=%2Fwp%2Fv2%2Fcomments&post=4445"}],"version-history":[{"count":0,"href":"https:\/\/quehacerpolitico.mx\/index.php?rest_route=\/wp\/v2\/posts\/4445\/revisions"}],"wp:featuredmedia":[{"embeddable":true,"href":"https:\/\/quehacerpolitico.mx\/index.php?rest_route=\/"}],"wp:attachment":[{"href":"https:\/\/quehacerpolitico.mx\/index.php?rest_route=%2Fwp%2Fv2%2Fmedia&parent=4445"}],"wp:term":[{"taxonomy":"category","embeddable":true,"href":"https:\/\/quehacerpolitico.mx\/index.php?rest_route=%2Fwp%2Fv2%2Fcategories&post=4445"},{"taxonomy":"post_tag","embeddable":true,"href":"https:\/\/quehacerpolitico.mx\/index.php?rest_route=%2Fwp%2Fv2%2Ftags&post=4445"}],"curies":[{"name":"wp","href":"https:\/\/api.w.org\/{rel}","templated":true}]}}