{"id":4437,"date":"2018-09-11T16:20:48","date_gmt":"2018-09-11T16:20:48","guid":{"rendered":"http:\/\/quehacerpolitico.mx\/hay-carteles-en-ciudad-de-mexico-desde-hace-cuatro-anos-monreal\/"},"modified":"2018-09-11T16:20:48","modified_gmt":"2018-09-11T16:20:48","slug":"hay-carteles-en-ciudad-de-mexico-desde-hace-cuatro-anos-monreal","status":"publish","type":"post","link":"https:\/\/quehacerpolitico.mx\/?p=4437","title":{"rendered":"Hay c\u00e1rteles en Ciudad de M\u00e9xico desde hace cuatro a\u00f1os: Monreal"},"content":{"rendered":"<p>El coordinador de Movimiento Regeneraci\u00f3n Nacional (Morena) en el Senado, Ricardo Monreal Avila, sostuvo que la operaci\u00f3n de c\u00e1rteles de la droga en la Ciudad de M\u00e9xico <strong>es un problema que debe combatirse con la coordinaci\u00f3n de los niveles de gobierno<\/strong>.<\/p>\n<div id=\"div-gpt-ad-1524682842930-0\" data-google-query-id=\"CPb3g5Sts90CFYjCwAod5eYLPQ\">\n<div id=\"google_ads_iframe_\/40135427\/informador_mx_Video_Outstream_0__container__\"><strong>El problema &#8220;s\u00ed es severo&#8221;, dijo el legislador al llegar a la sede del Senado<\/strong>, en bicicleta, sin escoltas, sin acompa\u00f1antes, y agreg\u00f3 que pese a que act\u00faan c\u00e1rteles de la droga en disputa por la Ciudad de M\u00e9xico, como lo reporta El Universal en su edici\u00f3n de hoy martes, \u00e9l continuar\u00e1 su vida sin protecci\u00f3n alguna.<\/div>\n<\/div>\n<p>&#8220;Es hora de coordinarse los tres niveles de gobierno. Siempre ha habido discusi\u00f3n de si corresponde a la PGR, Sedena, Marina, a los aparatos de seguridad p\u00fablica&#8221;.<\/p>\n<p>Agreg\u00f3 que el problema de los c\u00e1rteles en la Ciudad de M\u00e9xico debe enfrentarse con la Procuradur\u00eda General o Fiscal\u00eda General; Procuradur\u00eda o Fiscal\u00eda de la Ciudad, junto con \u00f3rganos de inteligencia.<\/p>\n<p>La situaci\u00f3n imperante <strong>&#8220;hay que atenderla con fuerza y con labores de Inteligencia y tiros de precisi\u00f3n para desmantelar los c\u00e1rteles en la Ciudad de M\u00e9xico&#8221;.<\/strong><\/p>\n<p>Ante la discusi\u00f3n de que si hay en la capital de la rep\u00fablica c\u00e1rteles de la droga o grupos de narcomenudustas, el senador Monreal anot\u00f3 que &#8220;he sostenido que hay c\u00e1rteles en la ciudad, desde hace tres o cuatro a\u00f1os y manifestaciones propias de organizaciones criminales&#8221;.<\/p>\n<p>Apunt\u00f3 que &#8220;para poder combatirlas hay que reconocer que existen&#8221;.<\/p>\n","protected":false},"excerpt":{"rendered":"<p>El problema &#8220;s\u00ed es severo&#8221;, dice el legislador al llegar a la sede del Senado<br \/>\nPor Redacci\u00f3n QP<\/p>\n","protected":false},"author":2,"featured_media":4436,"comment_status":"open","ping_status":"open","sticky":false,"template":"","format":"standard","meta":{"_monsterinsights_skip_tracking":false,"_monsterinsights_sitenote_active":false,"_monsterinsights_sitenote_note":"","_monsterinsights_sitenote_category":0,"footnotes":""},"categories":[2],"tags":[],"class_list":["post-4437","post","type-post","status-publish","format-standard","has-post-thumbnail","hentry","category-noticias"],"yoast_head":"<!-- This site is optimized with the Yoast SEO plugin v27.3 - https:\/\/yoast.com\/product\/yoast-seo-wordpress\/ -->\n<title>Hay c\u00e1rteles en Ciudad de M\u00e9xico desde hace cuatro a\u00f1os: Monreal -<\/title>\n<meta name=\"robots\" content=\"index, follow, max-snippet:-1, max-image-preview:large, max-video-preview:-1\" \/>\n<link rel=\"canonical\" href=\"https:\/\/quehacerpolitico.mx\/?p=4437\" \/>\n<meta property=\"og:locale\" content=\"es_MX\" \/>\n<meta property=\"og:type\" content=\"article\" \/>\n<meta property=\"og:title\" content=\"Hay c\u00e1rteles en Ciudad de M\u00e9xico desde hace cuatro a\u00f1os: Monreal -\" \/>\n<meta property=\"og:description\" content=\"El problema &quot;s\u00ed es severo&quot;, dice el legislador al llegar a la sede del Senado Por Redacci\u00f3n QP\" \/>\n<meta property=\"og:url\" content=\"https:\/\/quehacerpolitico.mx\/?p=4437\" \/>\n<meta property=\"article:published_time\" content=\"2018-09-11T16:20:48+00:00\" \/>\n<meta name=\"author\" content=\"Redacci\u00f3n QP\" \/>\n<meta name=\"twitter:card\" content=\"summary_large_image\" \/>\n<meta name=\"twitter:label1\" content=\"Escrito por\" \/>\n\t<meta name=\"twitter:data1\" content=\"Redacci\u00f3n QP\" \/>\n\t<meta name=\"twitter:label2\" content=\"Tiempo de lectura\" \/>\n\t<meta name=\"twitter:data2\" content=\"1 minuto\" \/>\n<script type=\"application\/ld+json\" class=\"yoast-schema-graph\">{\"@context\":\"https:\\\/\\\/schema.org\",\"@graph\":[{\"@type\":\"Article\",\"@id\":\"https:\\\/\\\/quehacerpolitico.mx\\\/?p=4437#article\",\"isPartOf\":{\"@id\":\"https:\\\/\\\/quehacerpolitico.mx\\\/?p=4437\"},\"author\":{\"name\":\"Redacci\u00f3n QP\",\"@id\":\"https:\\\/\\\/quehacerpolitico.mx\\\/#\\\/schema\\\/person\\\/496d8ad2d1d3f8036101dca7ee39e585\"},\"headline\":\"Hay c\u00e1rteles en Ciudad de M\u00e9xico desde hace cuatro a\u00f1os: Monreal\",\"datePublished\":\"2018-09-11T16:20:48+00:00\",\"mainEntityOfPage\":{\"@id\":\"https:\\\/\\\/quehacerpolitico.mx\\\/?p=4437\"},\"wordCount\":281,\"commentCount\":0,\"image\":{\"@id\":\"https:\\\/\\\/quehacerpolitico.mx\\\/?p=4437#primaryimage\"},\"thumbnailUrl\":\"\",\"articleSection\":[\"Noticias\"],\"inLanguage\":\"es\",\"potentialAction\":[{\"@type\":\"CommentAction\",\"name\":\"Comment\",\"target\":[\"https:\\\/\\\/quehacerpolitico.mx\\\/?p=4437#respond\"]}]},{\"@type\":\"WebPage\",\"@id\":\"https:\\\/\\\/quehacerpolitico.mx\\\/?p=4437\",\"url\":\"https:\\\/\\\/quehacerpolitico.mx\\\/?p=4437\",\"name\":\"Hay c\u00e1rteles en Ciudad de M\u00e9xico desde hace cuatro a\u00f1os: Monreal -\",\"isPartOf\":{\"@id\":\"https:\\\/\\\/quehacerpolitico.mx\\\/#website\"},\"primaryImageOfPage\":{\"@id\":\"https:\\\/\\\/quehacerpolitico.mx\\\/?p=4437#primaryimage\"},\"image\":{\"@id\":\"https:\\\/\\\/quehacerpolitico.mx\\\/?p=4437#primaryimage\"},\"thumbnailUrl\":\"\",\"datePublished\":\"2018-09-11T16:20:48+00:00\",\"author\":{\"@id\":\"https:\\\/\\\/quehacerpolitico.mx\\\/#\\\/schema\\\/person\\\/496d8ad2d1d3f8036101dca7ee39e585\"},\"breadcrumb\":{\"@id\":\"https:\\\/\\\/quehacerpolitico.mx\\\/?p=4437#breadcrumb\"},\"inLanguage\":\"es\",\"potentialAction\":[{\"@type\":\"ReadAction\",\"target\":[\"https:\\\/\\\/quehacerpolitico.mx\\\/?p=4437\"]}]},{\"@type\":\"ImageObject\",\"inLanguage\":\"es\",\"@id\":\"https:\\\/\\\/quehacerpolitico.mx\\\/?p=4437#primaryimage\",\"url\":\"\",\"contentUrl\":\"\"},{\"@type\":\"BreadcrumbList\",\"@id\":\"https:\\\/\\\/quehacerpolitico.mx\\\/?p=4437#breadcrumb\",\"itemListElement\":[{\"@type\":\"ListItem\",\"position\":1,\"name\":\"Inicio\",\"item\":\"https:\\\/\\\/quehacerpolitico.mx\\\/\"},{\"@type\":\"ListItem\",\"position\":2,\"name\":\"Hay c\u00e1rteles en Ciudad de M\u00e9xico desde hace cuatro a\u00f1os: Monreal\"}]},{\"@type\":\"WebSite\",\"@id\":\"https:\\\/\\\/quehacerpolitico.mx\\\/#website\",\"url\":\"https:\\\/\\\/quehacerpolitico.mx\\\/\",\"name\":\"\",\"description\":\"\",\"potentialAction\":[{\"@type\":\"SearchAction\",\"target\":{\"@type\":\"EntryPoint\",\"urlTemplate\":\"https:\\\/\\\/quehacerpolitico.mx\\\/?s={search_term_string}\"},\"query-input\":{\"@type\":\"PropertyValueSpecification\",\"valueRequired\":true,\"valueName\":\"search_term_string\"}}],\"inLanguage\":\"es\"},{\"@type\":\"Person\",\"@id\":\"https:\\\/\\\/quehacerpolitico.mx\\\/#\\\/schema\\\/person\\\/496d8ad2d1d3f8036101dca7ee39e585\",\"name\":\"Redacci\u00f3n QP\",\"image\":{\"@type\":\"ImageObject\",\"inLanguage\":\"es\",\"@id\":\"https:\\\/\\\/secure.gravatar.com\\\/avatar\\\/c7164ed6fdec453195284ad24a5ae5b6e1eed2b848477fa2a4787ba9adf39a41?s=96&d=mm&r=g\",\"url\":\"https:\\\/\\\/secure.gravatar.com\\\/avatar\\\/c7164ed6fdec453195284ad24a5ae5b6e1eed2b848477fa2a4787ba9adf39a41?s=96&d=mm&r=g\",\"contentUrl\":\"https:\\\/\\\/secure.gravatar.com\\\/avatar\\\/c7164ed6fdec453195284ad24a5ae5b6e1eed2b848477fa2a4787ba9adf39a41?s=96&d=mm&r=g\",\"caption\":\"Redacci\u00f3n QP\"},\"url\":\"https:\\\/\\\/quehacerpolitico.mx\\\/?author=2\"}]}<\/script>\n<!-- \/ Yoast SEO plugin. -->","yoast_head_json":{"title":"Hay c\u00e1rteles en Ciudad de M\u00e9xico desde hace cuatro a\u00f1os: Monreal -","robots":{"index":"index","follow":"follow","max-snippet":"max-snippet:-1","max-image-preview":"max-image-preview:large","max-video-preview":"max-video-preview:-1"},"canonical":"https:\/\/quehacerpolitico.mx\/?p=4437","og_locale":"es_MX","og_type":"article","og_title":"Hay c\u00e1rteles en Ciudad de M\u00e9xico desde hace cuatro a\u00f1os: Monreal -","og_description":"El problema \"s\u00ed es severo\", dice el legislador al llegar a la sede del Senado Por Redacci\u00f3n QP","og_url":"https:\/\/quehacerpolitico.mx\/?p=4437","article_published_time":"2018-09-11T16:20:48+00:00","author":"Redacci\u00f3n QP","twitter_card":"summary_large_image","twitter_misc":{"Escrito por":"Redacci\u00f3n QP","Tiempo de lectura":"1 minuto"},"schema":{"@context":"https:\/\/schema.org","@graph":[{"@type":"Article","@id":"https:\/\/quehacerpolitico.mx\/?p=4437#article","isPartOf":{"@id":"https:\/\/quehacerpolitico.mx\/?p=4437"},"author":{"name":"Redacci\u00f3n QP","@id":"https:\/\/quehacerpolitico.mx\/#\/schema\/person\/496d8ad2d1d3f8036101dca7ee39e585"},"headline":"Hay c\u00e1rteles en Ciudad de M\u00e9xico desde hace cuatro a\u00f1os: Monreal","datePublished":"2018-09-11T16:20:48+00:00","mainEntityOfPage":{"@id":"https:\/\/quehacerpolitico.mx\/?p=4437"},"wordCount":281,"commentCount":0,"image":{"@id":"https:\/\/quehacerpolitico.mx\/?p=4437#primaryimage"},"thumbnailUrl":"","articleSection":["Noticias"],"inLanguage":"es","potentialAction":[{"@type":"CommentAction","name":"Comment","target":["https:\/\/quehacerpolitico.mx\/?p=4437#respond"]}]},{"@type":"WebPage","@id":"https:\/\/quehacerpolitico.mx\/?p=4437","url":"https:\/\/quehacerpolitico.mx\/?p=4437","name":"Hay c\u00e1rteles en Ciudad de M\u00e9xico desde hace cuatro a\u00f1os: Monreal -","isPartOf":{"@id":"https:\/\/quehacerpolitico.mx\/#website"},"primaryImageOfPage":{"@id":"https:\/\/quehacerpolitico.mx\/?p=4437#primaryimage"},"image":{"@id":"https:\/\/quehacerpolitico.mx\/?p=4437#primaryimage"},"thumbnailUrl":"","datePublished":"2018-09-11T16:20:48+00:00","author":{"@id":"https:\/\/quehacerpolitico.mx\/#\/schema\/person\/496d8ad2d1d3f8036101dca7ee39e585"},"breadcrumb":{"@id":"https:\/\/quehacerpolitico.mx\/?p=4437#breadcrumb"},"inLanguage":"es","potentialAction":[{"@type":"ReadAction","target":["https:\/\/quehacerpolitico.mx\/?p=4437"]}]},{"@type":"ImageObject","inLanguage":"es","@id":"https:\/\/quehacerpolitico.mx\/?p=4437#primaryimage","url":"","contentUrl":""},{"@type":"BreadcrumbList","@id":"https:\/\/quehacerpolitico.mx\/?p=4437#breadcrumb","itemListElement":[{"@type":"ListItem","position":1,"name":"Inicio","item":"https:\/\/quehacerpolitico.mx\/"},{"@type":"ListItem","position":2,"name":"Hay c\u00e1rteles en Ciudad de M\u00e9xico desde hace cuatro a\u00f1os: Monreal"}]},{"@type":"WebSite","@id":"https:\/\/quehacerpolitico.mx\/#website","url":"https:\/\/quehacerpolitico.mx\/","name":"","description":"","potentialAction":[{"@type":"SearchAction","target":{"@type":"EntryPoint","urlTemplate":"https:\/\/quehacerpolitico.mx\/?s={search_term_string}"},"query-input":{"@type":"PropertyValueSpecification","valueRequired":true,"valueName":"search_term_string"}}],"inLanguage":"es"},{"@type":"Person","@id":"https:\/\/quehacerpolitico.mx\/#\/schema\/person\/496d8ad2d1d3f8036101dca7ee39e585","name":"Redacci\u00f3n QP","image":{"@type":"ImageObject","inLanguage":"es","@id":"https:\/\/secure.gravatar.com\/avatar\/c7164ed6fdec453195284ad24a5ae5b6e1eed2b848477fa2a4787ba9adf39a41?s=96&d=mm&r=g","url":"https:\/\/secure.gravatar.com\/avatar\/c7164ed6fdec453195284ad24a5ae5b6e1eed2b848477fa2a4787ba9adf39a41?s=96&d=mm&r=g","contentUrl":"https:\/\/secure.gravatar.com\/avatar\/c7164ed6fdec453195284ad24a5ae5b6e1eed2b848477fa2a4787ba9adf39a41?s=96&d=mm&r=g","caption":"Redacci\u00f3n QP"},"url":"https:\/\/quehacerpolitico.mx\/?author=2"}]}},"featured_image_urls":{"full":"","thumbnail":"","medium":"","medium_large":"","large":"","1536x1536":"","2048x2048":"","covernews-featured":"","covernews-medium":""},"author_info":{"display_name":"Redacci\u00f3n QP","author_link":"https:\/\/quehacerpolitico.mx\/?author=2"},"category_info":"<a href=\"https:\/\/quehacerpolitico.mx\/?cat=2\" rel=\"category\">Noticias<\/a>","tag_info":"Noticias","comment_count":"0","_links":{"self":[{"href":"https:\/\/quehacerpolitico.mx\/index.php?rest_route=\/wp\/v2\/posts\/4437","targetHints":{"allow":["GET"]}}],"collection":[{"href":"https:\/\/quehacerpolitico.mx\/index.php?rest_route=\/wp\/v2\/posts"}],"about":[{"href":"https:\/\/quehacerpolitico.mx\/index.php?rest_route=\/wp\/v2\/types\/post"}],"author":[{"embeddable":true,"href":"https:\/\/quehacerpolitico.mx\/index.php?rest_route=\/wp\/v2\/users\/2"}],"replies":[{"embeddable":true,"href":"https:\/\/quehacerpolitico.mx\/index.php?rest_route=%2Fwp%2Fv2%2Fcomments&post=4437"}],"version-history":[{"count":0,"href":"https:\/\/quehacerpolitico.mx\/index.php?rest_route=\/wp\/v2\/posts\/4437\/revisions"}],"wp:featuredmedia":[{"embeddable":true,"href":"https:\/\/quehacerpolitico.mx\/index.php?rest_route=\/"}],"wp:attachment":[{"href":"https:\/\/quehacerpolitico.mx\/index.php?rest_route=%2Fwp%2Fv2%2Fmedia&parent=4437"}],"wp:term":[{"taxonomy":"category","embeddable":true,"href":"https:\/\/quehacerpolitico.mx\/index.php?rest_route=%2Fwp%2Fv2%2Fcategories&post=4437"},{"taxonomy":"post_tag","embeddable":true,"href":"https:\/\/quehacerpolitico.mx\/index.php?rest_route=%2Fwp%2Fv2%2Ftags&post=4437"}],"curies":[{"name":"wp","href":"https:\/\/api.w.org\/{rel}","templated":true}]}}