{"id":4435,"date":"2018-09-11T16:13:28","date_gmt":"2018-09-11T16:13:28","guid":{"rendered":"http:\/\/quehacerpolitico.mx\/trump-envia-peculiar-mensaje-por-atentados-del-11-s\/"},"modified":"2018-09-11T16:13:28","modified_gmt":"2018-09-11T16:13:28","slug":"trump-envia-peculiar-mensaje-por-atentados-del-11-s","status":"publish","type":"post","link":"https:\/\/quehacerpolitico.mx\/?p=4435","title":{"rendered":"Trump env\u00eda &#8220;peculiar&#8221; mensaje por atentados del 11-S"},"content":{"rendered":"<p><strong>Este 11 de septiembre el mundo recuerda uno de los peores ataques terroristas en la historia<\/strong>, cuando dos aviones se estrellaron en contra de las Torres Gemelas en Nueva York. Miles de personas conmemoran este hecho y env\u00edan mensajes a trav\u00e9s de sus redes sociales para rendir un tributo a las casi tres mil v\u00edctimas que murieron ese d\u00eda.<\/p>\n<p>Entre los mensajes que han logrado posicionar como tendencia el #11deSeptiembre en Twitter, hubo uno que se destac\u00f3: el de Trump.<\/p>\n<p>El presidente de Estados Unidos, que es bien conocido por la manera en que utiliza esta red social, mand\u00f3 un corto mensaje en el que se lee:<\/p>\n<p>&#8220;\u00a117 a\u00f1os desde el 11 de septiembre!&#8221;<\/p>\n<blockquote class=\"twitter-tweet\" data-width=\"550\" data-dnt=\"true\">\n<p lang=\"en\" dir=\"ltr\">17 years since September 11th!<\/p>\n<p>&mdash; Donald J. Trump (@realDonaldTrump) <a href=\"https:\/\/twitter.com\/realDonaldTrump\/status\/1039498334594052096?ref_src=twsrc%5Etfw\">September 11, 2018<\/a><\/p><\/blockquote>\n<p><script async src=\"https:\/\/platform.twitter.com\/widgets.js\" charset=\"utf-8\"><\/script><\/p>\n<p>Las reacciones de sus seguidores no se hicieron esperar. Varios de ellos hicieron comentarios sobre lo corto y poco expresivo del mensaje, pero lo que llam\u00f3 la atenci\u00f3n de la mayor\u00eda fue el signo de exclamaci\u00f3n con el que termin\u00f3 la oraci\u00f3n.<\/p>\n<p><strong>Esta no es la primera vez que el ahora mandatario de Estados Unidos manda un pol\u00e9mico mensaje en esta fecha<\/strong>.<\/p>\n<p>El mismo d\u00eda del ataque, Trump dio declaraciones para una estaci\u00f3n de radio en la que dijo:<\/p>\n<p>&#8220;El n\u00famero 40 de Wall Street era el segundo edificio m\u00e1s alto en el centro de Manhattan, ahora es el primero&#8221;<\/p>\n<p>La construcci\u00f3n a la que hizo referencia es la Torre Trump.<\/p>\n<p>En el 2013, el tambi\u00e9n empresario sorprendi\u00f3 a m\u00e1s de una persona con un tuit en el que escribi\u00f3:<\/p>\n<p>&#8220;Me gustar\u00eda mandar mis mejores deseos a todos, incluido a los &#8220;haters&#8221; y perdedores, en esta fecha tan especial, 11 de septiembre.&#8221;<\/p>\n<blockquote class=\"twitter-tweet\" data-width=\"550\" data-dnt=\"true\">\n<p lang=\"en\" dir=\"ltr\">\u201c<a href=\"https:\/\/twitter.com\/realDonaldTrump?ref_src=twsrc%5Etfw\">@realDonaldTrump<\/a>: I would like to extend my best wishes to all, even the haters and losers, on this special date, September 11th.\u201d<\/p>\n<p>&mdash; Donald J. Trump (@realDonaldTrump) <a href=\"https:\/\/twitter.com\/realDonaldTrump\/status\/377947866641485824?ref_src=twsrc%5Etfw\">September 12, 2013<\/a><\/p><\/blockquote>\n<p><script async src=\"https:\/\/platform.twitter.com\/widgets.js\" charset=\"utf-8\"><\/script><\/p>\n<p>En el 2015, durante un evento de campa\u00f1a en Birmingham dijo que \u00e9l vio c\u00f3mo el &#8220;World Trade Center se vino abajo desde Jersey City en Nueva Jersey, donde miles y miles de personas estaban aplaudiendo y celebrando cuando se derrumb\u00f3.&#8221;<\/p>\n<p>Ya como presidente, en Abril del 2017, T<strong>rump<\/strong><strong>compar\u00f3 su presidencia con los ratings que alcanz\u00f3 la transmisi\u00f3n de la tragedia<\/strong>:<\/p>\n<p>&#8220;Son los mejores raitings para el programa &#8216;Deface the Nation&#8217; desde el World Trade Center. Desde que el World Trade Center se derrumb\u00f3. Es una tremenda ventaja&#8221;.<\/p>\n<p>Por su parte, el Presidente, Barack Obama envi\u00f3 un emotivo mensaje tambi\u00e9n a trav\u00e9s de Twitter:<\/p>\n<p>&#8220;Recordaremos por siempre a todos aquellos que perdimos en el 9\/11, gracias a los primeros respondientes que nos mantuvieron a salvo y honor a todos aquellos que defienden nuestro pa\u00eds y los ideales que nos mantienen unidos. No hay nada que nuestra resiliencia y resoluci\u00f3n no puedan vencer, y ning\u00fan acto de terror puede cambiar lo que somos.&#8221;<\/p>\n<blockquote class=\"twitter-tweet\" data-width=\"550\" data-dnt=\"true\">\n<p lang=\"en\" dir=\"ltr\">We will always remember everyone we lost on 9\/11, thank the first responders who keep us safe, and honor all who defend our country and the ideals that bind us together. There&#39;s nothing our resilience and resolve can\u2019t overcome, and no act of terror can ever change who we are.<\/p>\n<p>&mdash; Barack Obama (@BarackObama) <a href=\"https:\/\/twitter.com\/BarackObama\/status\/1039512025406349312?ref_src=twsrc%5Etfw\">September 11, 2018<\/a><\/p><\/blockquote>\n<p><script async src=\"https:\/\/platform.twitter.com\/widgets.js\" charset=\"utf-8\"><\/script><\/p>\n","protected":false},"excerpt":{"rendered":"<p>&#8220;\u00a117 a\u00f1os desde el 11 de septiembre!&#8221;, escribi\u00f3 el mandatario de Estados Unidos en su cuenta de Twitter<br \/>\nPor Carolina Alonso Romei<br \/>\nInternacionalista<\/p>\n","protected":false},"author":2,"featured_media":4434,"comment_status":"open","ping_status":"open","sticky":false,"template":"","format":"standard","meta":{"_monsterinsights_skip_tracking":false,"_monsterinsights_sitenote_active":false,"_monsterinsights_sitenote_note":"","_monsterinsights_sitenote_category":0,"footnotes":""},"categories":[1],"tags":[],"class_list":["post-4435","post","type-post","status-publish","format-standard","has-post-thumbnail","hentry","category-sin-categoria"],"yoast_head":"<!-- This site is optimized with the Yoast SEO plugin v27.3 - https:\/\/yoast.com\/product\/yoast-seo-wordpress\/ -->\n<title>Trump env\u00eda &quot;peculiar&quot; mensaje por atentados del 11-S -<\/title>\n<meta name=\"robots\" content=\"index, follow, max-snippet:-1, max-image-preview:large, max-video-preview:-1\" \/>\n<link rel=\"canonical\" href=\"https:\/\/quehacerpolitico.mx\/?p=4435\" \/>\n<meta property=\"og:locale\" content=\"es_MX\" \/>\n<meta property=\"og:type\" content=\"article\" \/>\n<meta property=\"og:title\" content=\"Trump env\u00eda &quot;peculiar&quot; mensaje por atentados del 11-S -\" \/>\n<meta property=\"og:description\" content=\"&quot;\u00a117 a\u00f1os desde el 11 de septiembre!&quot;, escribi\u00f3 el mandatario de Estados Unidos en su cuenta de Twitter Por Carolina Alonso Romei Internacionalista\" \/>\n<meta property=\"og:url\" content=\"https:\/\/quehacerpolitico.mx\/?p=4435\" \/>\n<meta property=\"article:published_time\" content=\"2018-09-11T16:13:28+00:00\" \/>\n<meta name=\"author\" content=\"Redacci\u00f3n QP\" \/>\n<meta name=\"twitter:card\" content=\"summary_large_image\" \/>\n<meta name=\"twitter:label1\" content=\"Escrito por\" \/>\n\t<meta name=\"twitter:data1\" content=\"Redacci\u00f3n QP\" \/>\n\t<meta name=\"twitter:label2\" content=\"Tiempo de lectura\" \/>\n\t<meta name=\"twitter:data2\" content=\"2 minutos\" \/>\n<script type=\"application\/ld+json\" class=\"yoast-schema-graph\">{\"@context\":\"https:\\\/\\\/schema.org\",\"@graph\":[{\"@type\":\"Article\",\"@id\":\"https:\\\/\\\/quehacerpolitico.mx\\\/?p=4435#article\",\"isPartOf\":{\"@id\":\"https:\\\/\\\/quehacerpolitico.mx\\\/?p=4435\"},\"author\":{\"name\":\"Redacci\u00f3n QP\",\"@id\":\"https:\\\/\\\/quehacerpolitico.mx\\\/#\\\/schema\\\/person\\\/496d8ad2d1d3f8036101dca7ee39e585\"},\"headline\":\"Trump env\u00eda &#8220;peculiar&#8221; mensaje por atentados del 11-S\",\"datePublished\":\"2018-09-11T16:13:28+00:00\",\"mainEntityOfPage\":{\"@id\":\"https:\\\/\\\/quehacerpolitico.mx\\\/?p=4435\"},\"wordCount\":473,\"commentCount\":0,\"image\":{\"@id\":\"https:\\\/\\\/quehacerpolitico.mx\\\/?p=4435#primaryimage\"},\"thumbnailUrl\":\"\",\"articleSection\":[\"Internacionales\"],\"inLanguage\":\"es\",\"potentialAction\":[{\"@type\":\"CommentAction\",\"name\":\"Comment\",\"target\":[\"https:\\\/\\\/quehacerpolitico.mx\\\/?p=4435#respond\"]}]},{\"@type\":\"WebPage\",\"@id\":\"https:\\\/\\\/quehacerpolitico.mx\\\/?p=4435\",\"url\":\"https:\\\/\\\/quehacerpolitico.mx\\\/?p=4435\",\"name\":\"Trump env\u00eda \\\"peculiar\\\" mensaje por atentados del 11-S -\",\"isPartOf\":{\"@id\":\"https:\\\/\\\/quehacerpolitico.mx\\\/#website\"},\"primaryImageOfPage\":{\"@id\":\"https:\\\/\\\/quehacerpolitico.mx\\\/?p=4435#primaryimage\"},\"image\":{\"@id\":\"https:\\\/\\\/quehacerpolitico.mx\\\/?p=4435#primaryimage\"},\"thumbnailUrl\":\"\",\"datePublished\":\"2018-09-11T16:13:28+00:00\",\"author\":{\"@id\":\"https:\\\/\\\/quehacerpolitico.mx\\\/#\\\/schema\\\/person\\\/496d8ad2d1d3f8036101dca7ee39e585\"},\"breadcrumb\":{\"@id\":\"https:\\\/\\\/quehacerpolitico.mx\\\/?p=4435#breadcrumb\"},\"inLanguage\":\"es\",\"potentialAction\":[{\"@type\":\"ReadAction\",\"target\":[\"https:\\\/\\\/quehacerpolitico.mx\\\/?p=4435\"]}]},{\"@type\":\"ImageObject\",\"inLanguage\":\"es\",\"@id\":\"https:\\\/\\\/quehacerpolitico.mx\\\/?p=4435#primaryimage\",\"url\":\"\",\"contentUrl\":\"\"},{\"@type\":\"BreadcrumbList\",\"@id\":\"https:\\\/\\\/quehacerpolitico.mx\\\/?p=4435#breadcrumb\",\"itemListElement\":[{\"@type\":\"ListItem\",\"position\":1,\"name\":\"Inicio\",\"item\":\"https:\\\/\\\/quehacerpolitico.mx\\\/\"},{\"@type\":\"ListItem\",\"position\":2,\"name\":\"Trump env\u00eda &#8220;peculiar&#8221; mensaje por atentados del 11-S\"}]},{\"@type\":\"WebSite\",\"@id\":\"https:\\\/\\\/quehacerpolitico.mx\\\/#website\",\"url\":\"https:\\\/\\\/quehacerpolitico.mx\\\/\",\"name\":\"\",\"description\":\"\",\"potentialAction\":[{\"@type\":\"SearchAction\",\"target\":{\"@type\":\"EntryPoint\",\"urlTemplate\":\"https:\\\/\\\/quehacerpolitico.mx\\\/?s={search_term_string}\"},\"query-input\":{\"@type\":\"PropertyValueSpecification\",\"valueRequired\":true,\"valueName\":\"search_term_string\"}}],\"inLanguage\":\"es\"},{\"@type\":\"Person\",\"@id\":\"https:\\\/\\\/quehacerpolitico.mx\\\/#\\\/schema\\\/person\\\/496d8ad2d1d3f8036101dca7ee39e585\",\"name\":\"Redacci\u00f3n QP\",\"image\":{\"@type\":\"ImageObject\",\"inLanguage\":\"es\",\"@id\":\"https:\\\/\\\/secure.gravatar.com\\\/avatar\\\/c7164ed6fdec453195284ad24a5ae5b6e1eed2b848477fa2a4787ba9adf39a41?s=96&d=mm&r=g\",\"url\":\"https:\\\/\\\/secure.gravatar.com\\\/avatar\\\/c7164ed6fdec453195284ad24a5ae5b6e1eed2b848477fa2a4787ba9adf39a41?s=96&d=mm&r=g\",\"contentUrl\":\"https:\\\/\\\/secure.gravatar.com\\\/avatar\\\/c7164ed6fdec453195284ad24a5ae5b6e1eed2b848477fa2a4787ba9adf39a41?s=96&d=mm&r=g\",\"caption\":\"Redacci\u00f3n QP\"},\"url\":\"https:\\\/\\\/quehacerpolitico.mx\\\/?author=2\"}]}<\/script>\n<!-- \/ Yoast SEO plugin. -->","yoast_head_json":{"title":"Trump env\u00eda \"peculiar\" mensaje por atentados del 11-S -","robots":{"index":"index","follow":"follow","max-snippet":"max-snippet:-1","max-image-preview":"max-image-preview:large","max-video-preview":"max-video-preview:-1"},"canonical":"https:\/\/quehacerpolitico.mx\/?p=4435","og_locale":"es_MX","og_type":"article","og_title":"Trump env\u00eda \"peculiar\" mensaje por atentados del 11-S -","og_description":"\"\u00a117 a\u00f1os desde el 11 de septiembre!\", escribi\u00f3 el mandatario de Estados Unidos en su cuenta de Twitter Por Carolina Alonso Romei Internacionalista","og_url":"https:\/\/quehacerpolitico.mx\/?p=4435","article_published_time":"2018-09-11T16:13:28+00:00","author":"Redacci\u00f3n QP","twitter_card":"summary_large_image","twitter_misc":{"Escrito por":"Redacci\u00f3n QP","Tiempo de lectura":"2 minutos"},"schema":{"@context":"https:\/\/schema.org","@graph":[{"@type":"Article","@id":"https:\/\/quehacerpolitico.mx\/?p=4435#article","isPartOf":{"@id":"https:\/\/quehacerpolitico.mx\/?p=4435"},"author":{"name":"Redacci\u00f3n QP","@id":"https:\/\/quehacerpolitico.mx\/#\/schema\/person\/496d8ad2d1d3f8036101dca7ee39e585"},"headline":"Trump env\u00eda &#8220;peculiar&#8221; mensaje por atentados del 11-S","datePublished":"2018-09-11T16:13:28+00:00","mainEntityOfPage":{"@id":"https:\/\/quehacerpolitico.mx\/?p=4435"},"wordCount":473,"commentCount":0,"image":{"@id":"https:\/\/quehacerpolitico.mx\/?p=4435#primaryimage"},"thumbnailUrl":"","articleSection":["Internacionales"],"inLanguage":"es","potentialAction":[{"@type":"CommentAction","name":"Comment","target":["https:\/\/quehacerpolitico.mx\/?p=4435#respond"]}]},{"@type":"WebPage","@id":"https:\/\/quehacerpolitico.mx\/?p=4435","url":"https:\/\/quehacerpolitico.mx\/?p=4435","name":"Trump env\u00eda \"peculiar\" mensaje por atentados del 11-S -","isPartOf":{"@id":"https:\/\/quehacerpolitico.mx\/#website"},"primaryImageOfPage":{"@id":"https:\/\/quehacerpolitico.mx\/?p=4435#primaryimage"},"image":{"@id":"https:\/\/quehacerpolitico.mx\/?p=4435#primaryimage"},"thumbnailUrl":"","datePublished":"2018-09-11T16:13:28+00:00","author":{"@id":"https:\/\/quehacerpolitico.mx\/#\/schema\/person\/496d8ad2d1d3f8036101dca7ee39e585"},"breadcrumb":{"@id":"https:\/\/quehacerpolitico.mx\/?p=4435#breadcrumb"},"inLanguage":"es","potentialAction":[{"@type":"ReadAction","target":["https:\/\/quehacerpolitico.mx\/?p=4435"]}]},{"@type":"ImageObject","inLanguage":"es","@id":"https:\/\/quehacerpolitico.mx\/?p=4435#primaryimage","url":"","contentUrl":""},{"@type":"BreadcrumbList","@id":"https:\/\/quehacerpolitico.mx\/?p=4435#breadcrumb","itemListElement":[{"@type":"ListItem","position":1,"name":"Inicio","item":"https:\/\/quehacerpolitico.mx\/"},{"@type":"ListItem","position":2,"name":"Trump env\u00eda &#8220;peculiar&#8221; mensaje por atentados del 11-S"}]},{"@type":"WebSite","@id":"https:\/\/quehacerpolitico.mx\/#website","url":"https:\/\/quehacerpolitico.mx\/","name":"","description":"","potentialAction":[{"@type":"SearchAction","target":{"@type":"EntryPoint","urlTemplate":"https:\/\/quehacerpolitico.mx\/?s={search_term_string}"},"query-input":{"@type":"PropertyValueSpecification","valueRequired":true,"valueName":"search_term_string"}}],"inLanguage":"es"},{"@type":"Person","@id":"https:\/\/quehacerpolitico.mx\/#\/schema\/person\/496d8ad2d1d3f8036101dca7ee39e585","name":"Redacci\u00f3n QP","image":{"@type":"ImageObject","inLanguage":"es","@id":"https:\/\/secure.gravatar.com\/avatar\/c7164ed6fdec453195284ad24a5ae5b6e1eed2b848477fa2a4787ba9adf39a41?s=96&d=mm&r=g","url":"https:\/\/secure.gravatar.com\/avatar\/c7164ed6fdec453195284ad24a5ae5b6e1eed2b848477fa2a4787ba9adf39a41?s=96&d=mm&r=g","contentUrl":"https:\/\/secure.gravatar.com\/avatar\/c7164ed6fdec453195284ad24a5ae5b6e1eed2b848477fa2a4787ba9adf39a41?s=96&d=mm&r=g","caption":"Redacci\u00f3n QP"},"url":"https:\/\/quehacerpolitico.mx\/?author=2"}]}},"featured_image_urls":{"full":"","thumbnail":"","medium":"","medium_large":"","large":"","1536x1536":"","2048x2048":"","covernews-featured":"","covernews-medium":""},"author_info":{"display_name":"Redacci\u00f3n QP","author_link":"https:\/\/quehacerpolitico.mx\/?author=2"},"category_info":"<a href=\"https:\/\/quehacerpolitico.mx\/?cat=1\" rel=\"category\">Internacionales<\/a>","tag_info":"Internacionales","comment_count":"0","_links":{"self":[{"href":"https:\/\/quehacerpolitico.mx\/index.php?rest_route=\/wp\/v2\/posts\/4435","targetHints":{"allow":["GET"]}}],"collection":[{"href":"https:\/\/quehacerpolitico.mx\/index.php?rest_route=\/wp\/v2\/posts"}],"about":[{"href":"https:\/\/quehacerpolitico.mx\/index.php?rest_route=\/wp\/v2\/types\/post"}],"author":[{"embeddable":true,"href":"https:\/\/quehacerpolitico.mx\/index.php?rest_route=\/wp\/v2\/users\/2"}],"replies":[{"embeddable":true,"href":"https:\/\/quehacerpolitico.mx\/index.php?rest_route=%2Fwp%2Fv2%2Fcomments&post=4435"}],"version-history":[{"count":0,"href":"https:\/\/quehacerpolitico.mx\/index.php?rest_route=\/wp\/v2\/posts\/4435\/revisions"}],"wp:featuredmedia":[{"embeddable":true,"href":"https:\/\/quehacerpolitico.mx\/index.php?rest_route=\/"}],"wp:attachment":[{"href":"https:\/\/quehacerpolitico.mx\/index.php?rest_route=%2Fwp%2Fv2%2Fmedia&parent=4435"}],"wp:term":[{"taxonomy":"category","embeddable":true,"href":"https:\/\/quehacerpolitico.mx\/index.php?rest_route=%2Fwp%2Fv2%2Fcategories&post=4435"},{"taxonomy":"post_tag","embeddable":true,"href":"https:\/\/quehacerpolitico.mx\/index.php?rest_route=%2Fwp%2Fv2%2Ftags&post=4435"}],"curies":[{"name":"wp","href":"https:\/\/api.w.org\/{rel}","templated":true}]}}