{"id":4433,"date":"2018-09-11T16:01:21","date_gmt":"2018-09-11T16:01:21","guid":{"rendered":"http:\/\/quehacerpolitico.mx\/morena-da-reversa-y-decide-no-bajar-el-sueldo-a-los-nuevos-diputados\/"},"modified":"2018-09-11T16:01:21","modified_gmt":"2018-09-11T16:01:21","slug":"morena-da-reversa-y-decide-no-bajar-el-sueldo-a-los-nuevos-diputados","status":"publish","type":"post","link":"https:\/\/quehacerpolitico.mx\/?p=4433","title":{"rendered":"Morena da reversa y decide no bajar el sueldo a los nuevos diputados"},"content":{"rendered":"<p>A pesar de que <strong>Morena<\/strong> repet\u00eda hasta el cansancio que el sueldo de los nuevos diputados ser\u00eda reducido, la verdad es que al final decidieron<strong> meter en reversa<\/strong>la iniciativa y decir que siempre no, justific\u00e1ndose porque \u201c<strong>no hay acuerdos\u201d<\/strong>.<\/p>\n<p>Al anunciar un primer plan de austeridad, el coordinador del <strong>grupo parlamentario<\/strong> y presidente de la junta <strong>Mario Delgado<\/strong> asegur\u00f3 que \u201cpor el momento no habr\u00e1 reducci\u00f3n, a\u00fan no hay un acuerdo porque habr\u00e1 que revisar el tema de manera cuidadosa\u201d.<\/p>\n<p>Es decir que desde este mes y hasta <strong>diciembre<\/strong>, los legisladores continuar\u00e1n recibiendo mensualmente sus 74 mil 672 pesos con 32 centavos, m\u00e1s sus apoyos econ\u00f3micos adicionales, es decir 45 mil 786 pesos por concepto de <strong>Asistencia Legislativa<\/strong> y otros 28 mil 772 pesos para<strong> Atenci\u00f3n Ciudadana.<\/strong><\/p>\n<p>Con eso, su bolsa mensual seguir\u00e1 siendo de <strong>149 mil 230 pesos,<\/strong> es decir 43 mil 230 m\u00e1s de lo que prometi\u00f3 el futuro presidente, <strong>Andr\u00e9s Manuel L\u00f3pez Obrador<\/strong>. <strong>Delgado Carrillo<\/strong> resalt\u00f3 que si bien no se reducir\u00e1n la dieta, s\u00ed se actuar\u00e1 con <strong>plena transparencia<\/strong> en el uso de los recursos de los llamados apoyos econ\u00f3micos adicionales.<\/p>\n<p>Mario Delgado argument\u00f3 que las conversaciones sobre este rubro continuar\u00e1n en el resto de este a\u00f1o, y que durante la discusi\u00f3n y aprobaci\u00f3n del nuevo Presupuesto para el 2019 \u2013entre el <strong>15 y 31 de diciembre<\/strong>\u2013 se determinar\u00e1 cu\u00e1l ser\u00e1 la dieta de los legisladores y otros ahorros en el costo total de la C\u00e1mara de Diputados.<\/p>\n<p>Lo que s\u00ed se logr\u00f3 \u2013anunci\u00f3 despu\u00e9s de una reuni\u00f3n este lunes de la <strong>Junta de Coordinaci\u00f3n Pol\u00edtica<\/strong>\u2013 fue un ahorro de 409 millones de pesos, de los 820 millones que ya estaban destinados para gastarse entre septiembre y diciembre de este a\u00f1o, monto que \u2013sostuvo- se devolver\u00e1 a la <strong>Tesorer\u00eda de la Federaci\u00f3n.<\/strong><\/p>\n<p>Ojo, los ahorros acordados entre los coordinadores de los <strong>ocho grupos parlamentarios<\/strong> fueron en los fondos de ahorro de los legisladores, en seguros de gastos m\u00e9dicos, en <strong>seguros de vida,<\/strong> en arrendamientos de autos, <strong>vales gasolina<\/strong>, vales de comida, entre otras cosas.<\/p>\n<p><em>Con informaci\u00f3n de V\u00edctor Ch\u00e1vez.<\/em><\/p>\n","protected":false},"excerpt":{"rendered":"<p>Morena da reversa y decide no bajar el sueldo a los nuevos diputados<br \/>\nPor Redacci\u00f3n QP<\/p>\n","protected":false},"author":2,"featured_media":4432,"comment_status":"open","ping_status":"open","sticky":false,"template":"","format":"standard","meta":{"_monsterinsights_skip_tracking":false,"_monsterinsights_sitenote_active":false,"_monsterinsights_sitenote_note":"","_monsterinsights_sitenote_category":0,"footnotes":""},"categories":[2],"tags":[],"class_list":["post-4433","post","type-post","status-publish","format-standard","has-post-thumbnail","hentry","category-noticias"],"yoast_head":"<!-- This site is optimized with the Yoast SEO plugin v27.3 - https:\/\/yoast.com\/product\/yoast-seo-wordpress\/ -->\n<title>Morena da reversa y decide no bajar el sueldo a los nuevos diputados -<\/title>\n<meta name=\"robots\" content=\"index, follow, max-snippet:-1, max-image-preview:large, max-video-preview:-1\" \/>\n<link rel=\"canonical\" href=\"https:\/\/quehacerpolitico.mx\/?p=4433\" \/>\n<meta property=\"og:locale\" content=\"es_MX\" \/>\n<meta property=\"og:type\" content=\"article\" \/>\n<meta property=\"og:title\" content=\"Morena da reversa y decide no bajar el sueldo a los nuevos diputados -\" \/>\n<meta property=\"og:description\" content=\"Morena da reversa y decide no bajar el sueldo a los nuevos diputados Por Redacci\u00f3n QP\" \/>\n<meta property=\"og:url\" content=\"https:\/\/quehacerpolitico.mx\/?p=4433\" \/>\n<meta property=\"article:published_time\" content=\"2018-09-11T16:01:21+00:00\" \/>\n<meta name=\"author\" content=\"Redacci\u00f3n QP\" \/>\n<meta name=\"twitter:card\" content=\"summary_large_image\" \/>\n<meta name=\"twitter:label1\" content=\"Escrito por\" \/>\n\t<meta name=\"twitter:data1\" content=\"Redacci\u00f3n QP\" \/>\n\t<meta name=\"twitter:label2\" content=\"Tiempo de lectura\" \/>\n\t<meta name=\"twitter:data2\" content=\"2 minutos\" \/>\n<script type=\"application\/ld+json\" class=\"yoast-schema-graph\">{\"@context\":\"https:\\\/\\\/schema.org\",\"@graph\":[{\"@type\":\"Article\",\"@id\":\"https:\\\/\\\/quehacerpolitico.mx\\\/?p=4433#article\",\"isPartOf\":{\"@id\":\"https:\\\/\\\/quehacerpolitico.mx\\\/?p=4433\"},\"author\":{\"name\":\"Redacci\u00f3n QP\",\"@id\":\"https:\\\/\\\/quehacerpolitico.mx\\\/#\\\/schema\\\/person\\\/496d8ad2d1d3f8036101dca7ee39e585\"},\"headline\":\"Morena da reversa y decide no bajar el sueldo a los nuevos diputados\",\"datePublished\":\"2018-09-11T16:01:21+00:00\",\"mainEntityOfPage\":{\"@id\":\"https:\\\/\\\/quehacerpolitico.mx\\\/?p=4433\"},\"wordCount\":371,\"commentCount\":0,\"image\":{\"@id\":\"https:\\\/\\\/quehacerpolitico.mx\\\/?p=4433#primaryimage\"},\"thumbnailUrl\":\"\",\"articleSection\":[\"Noticias\"],\"inLanguage\":\"es\",\"potentialAction\":[{\"@type\":\"CommentAction\",\"name\":\"Comment\",\"target\":[\"https:\\\/\\\/quehacerpolitico.mx\\\/?p=4433#respond\"]}]},{\"@type\":\"WebPage\",\"@id\":\"https:\\\/\\\/quehacerpolitico.mx\\\/?p=4433\",\"url\":\"https:\\\/\\\/quehacerpolitico.mx\\\/?p=4433\",\"name\":\"Morena da reversa y decide no bajar el sueldo a los nuevos diputados -\",\"isPartOf\":{\"@id\":\"https:\\\/\\\/quehacerpolitico.mx\\\/#website\"},\"primaryImageOfPage\":{\"@id\":\"https:\\\/\\\/quehacerpolitico.mx\\\/?p=4433#primaryimage\"},\"image\":{\"@id\":\"https:\\\/\\\/quehacerpolitico.mx\\\/?p=4433#primaryimage\"},\"thumbnailUrl\":\"\",\"datePublished\":\"2018-09-11T16:01:21+00:00\",\"author\":{\"@id\":\"https:\\\/\\\/quehacerpolitico.mx\\\/#\\\/schema\\\/person\\\/496d8ad2d1d3f8036101dca7ee39e585\"},\"breadcrumb\":{\"@id\":\"https:\\\/\\\/quehacerpolitico.mx\\\/?p=4433#breadcrumb\"},\"inLanguage\":\"es\",\"potentialAction\":[{\"@type\":\"ReadAction\",\"target\":[\"https:\\\/\\\/quehacerpolitico.mx\\\/?p=4433\"]}]},{\"@type\":\"ImageObject\",\"inLanguage\":\"es\",\"@id\":\"https:\\\/\\\/quehacerpolitico.mx\\\/?p=4433#primaryimage\",\"url\":\"\",\"contentUrl\":\"\"},{\"@type\":\"BreadcrumbList\",\"@id\":\"https:\\\/\\\/quehacerpolitico.mx\\\/?p=4433#breadcrumb\",\"itemListElement\":[{\"@type\":\"ListItem\",\"position\":1,\"name\":\"Inicio\",\"item\":\"https:\\\/\\\/quehacerpolitico.mx\\\/\"},{\"@type\":\"ListItem\",\"position\":2,\"name\":\"Morena da reversa y decide no bajar el sueldo a los nuevos diputados\"}]},{\"@type\":\"WebSite\",\"@id\":\"https:\\\/\\\/quehacerpolitico.mx\\\/#website\",\"url\":\"https:\\\/\\\/quehacerpolitico.mx\\\/\",\"name\":\"\",\"description\":\"\",\"potentialAction\":[{\"@type\":\"SearchAction\",\"target\":{\"@type\":\"EntryPoint\",\"urlTemplate\":\"https:\\\/\\\/quehacerpolitico.mx\\\/?s={search_term_string}\"},\"query-input\":{\"@type\":\"PropertyValueSpecification\",\"valueRequired\":true,\"valueName\":\"search_term_string\"}}],\"inLanguage\":\"es\"},{\"@type\":\"Person\",\"@id\":\"https:\\\/\\\/quehacerpolitico.mx\\\/#\\\/schema\\\/person\\\/496d8ad2d1d3f8036101dca7ee39e585\",\"name\":\"Redacci\u00f3n QP\",\"image\":{\"@type\":\"ImageObject\",\"inLanguage\":\"es\",\"@id\":\"https:\\\/\\\/secure.gravatar.com\\\/avatar\\\/c7164ed6fdec453195284ad24a5ae5b6e1eed2b848477fa2a4787ba9adf39a41?s=96&d=mm&r=g\",\"url\":\"https:\\\/\\\/secure.gravatar.com\\\/avatar\\\/c7164ed6fdec453195284ad24a5ae5b6e1eed2b848477fa2a4787ba9adf39a41?s=96&d=mm&r=g\",\"contentUrl\":\"https:\\\/\\\/secure.gravatar.com\\\/avatar\\\/c7164ed6fdec453195284ad24a5ae5b6e1eed2b848477fa2a4787ba9adf39a41?s=96&d=mm&r=g\",\"caption\":\"Redacci\u00f3n QP\"},\"url\":\"https:\\\/\\\/quehacerpolitico.mx\\\/?author=2\"}]}<\/script>\n<!-- \/ Yoast SEO plugin. -->","yoast_head_json":{"title":"Morena da reversa y decide no bajar el sueldo a los nuevos diputados -","robots":{"index":"index","follow":"follow","max-snippet":"max-snippet:-1","max-image-preview":"max-image-preview:large","max-video-preview":"max-video-preview:-1"},"canonical":"https:\/\/quehacerpolitico.mx\/?p=4433","og_locale":"es_MX","og_type":"article","og_title":"Morena da reversa y decide no bajar el sueldo a los nuevos diputados -","og_description":"Morena da reversa y decide no bajar el sueldo a los nuevos diputados Por Redacci\u00f3n QP","og_url":"https:\/\/quehacerpolitico.mx\/?p=4433","article_published_time":"2018-09-11T16:01:21+00:00","author":"Redacci\u00f3n QP","twitter_card":"summary_large_image","twitter_misc":{"Escrito por":"Redacci\u00f3n QP","Tiempo de lectura":"2 minutos"},"schema":{"@context":"https:\/\/schema.org","@graph":[{"@type":"Article","@id":"https:\/\/quehacerpolitico.mx\/?p=4433#article","isPartOf":{"@id":"https:\/\/quehacerpolitico.mx\/?p=4433"},"author":{"name":"Redacci\u00f3n QP","@id":"https:\/\/quehacerpolitico.mx\/#\/schema\/person\/496d8ad2d1d3f8036101dca7ee39e585"},"headline":"Morena da reversa y decide no bajar el sueldo a los nuevos diputados","datePublished":"2018-09-11T16:01:21+00:00","mainEntityOfPage":{"@id":"https:\/\/quehacerpolitico.mx\/?p=4433"},"wordCount":371,"commentCount":0,"image":{"@id":"https:\/\/quehacerpolitico.mx\/?p=4433#primaryimage"},"thumbnailUrl":"","articleSection":["Noticias"],"inLanguage":"es","potentialAction":[{"@type":"CommentAction","name":"Comment","target":["https:\/\/quehacerpolitico.mx\/?p=4433#respond"]}]},{"@type":"WebPage","@id":"https:\/\/quehacerpolitico.mx\/?p=4433","url":"https:\/\/quehacerpolitico.mx\/?p=4433","name":"Morena da reversa y decide no bajar el sueldo a los nuevos diputados -","isPartOf":{"@id":"https:\/\/quehacerpolitico.mx\/#website"},"primaryImageOfPage":{"@id":"https:\/\/quehacerpolitico.mx\/?p=4433#primaryimage"},"image":{"@id":"https:\/\/quehacerpolitico.mx\/?p=4433#primaryimage"},"thumbnailUrl":"","datePublished":"2018-09-11T16:01:21+00:00","author":{"@id":"https:\/\/quehacerpolitico.mx\/#\/schema\/person\/496d8ad2d1d3f8036101dca7ee39e585"},"breadcrumb":{"@id":"https:\/\/quehacerpolitico.mx\/?p=4433#breadcrumb"},"inLanguage":"es","potentialAction":[{"@type":"ReadAction","target":["https:\/\/quehacerpolitico.mx\/?p=4433"]}]},{"@type":"ImageObject","inLanguage":"es","@id":"https:\/\/quehacerpolitico.mx\/?p=4433#primaryimage","url":"","contentUrl":""},{"@type":"BreadcrumbList","@id":"https:\/\/quehacerpolitico.mx\/?p=4433#breadcrumb","itemListElement":[{"@type":"ListItem","position":1,"name":"Inicio","item":"https:\/\/quehacerpolitico.mx\/"},{"@type":"ListItem","position":2,"name":"Morena da reversa y decide no bajar el sueldo a los nuevos diputados"}]},{"@type":"WebSite","@id":"https:\/\/quehacerpolitico.mx\/#website","url":"https:\/\/quehacerpolitico.mx\/","name":"","description":"","potentialAction":[{"@type":"SearchAction","target":{"@type":"EntryPoint","urlTemplate":"https:\/\/quehacerpolitico.mx\/?s={search_term_string}"},"query-input":{"@type":"PropertyValueSpecification","valueRequired":true,"valueName":"search_term_string"}}],"inLanguage":"es"},{"@type":"Person","@id":"https:\/\/quehacerpolitico.mx\/#\/schema\/person\/496d8ad2d1d3f8036101dca7ee39e585","name":"Redacci\u00f3n QP","image":{"@type":"ImageObject","inLanguage":"es","@id":"https:\/\/secure.gravatar.com\/avatar\/c7164ed6fdec453195284ad24a5ae5b6e1eed2b848477fa2a4787ba9adf39a41?s=96&d=mm&r=g","url":"https:\/\/secure.gravatar.com\/avatar\/c7164ed6fdec453195284ad24a5ae5b6e1eed2b848477fa2a4787ba9adf39a41?s=96&d=mm&r=g","contentUrl":"https:\/\/secure.gravatar.com\/avatar\/c7164ed6fdec453195284ad24a5ae5b6e1eed2b848477fa2a4787ba9adf39a41?s=96&d=mm&r=g","caption":"Redacci\u00f3n QP"},"url":"https:\/\/quehacerpolitico.mx\/?author=2"}]}},"featured_image_urls":{"full":"","thumbnail":"","medium":"","medium_large":"","large":"","1536x1536":"","2048x2048":"","covernews-featured":"","covernews-medium":""},"author_info":{"display_name":"Redacci\u00f3n QP","author_link":"https:\/\/quehacerpolitico.mx\/?author=2"},"category_info":"<a href=\"https:\/\/quehacerpolitico.mx\/?cat=2\" rel=\"category\">Noticias<\/a>","tag_info":"Noticias","comment_count":"0","_links":{"self":[{"href":"https:\/\/quehacerpolitico.mx\/index.php?rest_route=\/wp\/v2\/posts\/4433","targetHints":{"allow":["GET"]}}],"collection":[{"href":"https:\/\/quehacerpolitico.mx\/index.php?rest_route=\/wp\/v2\/posts"}],"about":[{"href":"https:\/\/quehacerpolitico.mx\/index.php?rest_route=\/wp\/v2\/types\/post"}],"author":[{"embeddable":true,"href":"https:\/\/quehacerpolitico.mx\/index.php?rest_route=\/wp\/v2\/users\/2"}],"replies":[{"embeddable":true,"href":"https:\/\/quehacerpolitico.mx\/index.php?rest_route=%2Fwp%2Fv2%2Fcomments&post=4433"}],"version-history":[{"count":0,"href":"https:\/\/quehacerpolitico.mx\/index.php?rest_route=\/wp\/v2\/posts\/4433\/revisions"}],"wp:featuredmedia":[{"embeddable":true,"href":"https:\/\/quehacerpolitico.mx\/index.php?rest_route=\/"}],"wp:attachment":[{"href":"https:\/\/quehacerpolitico.mx\/index.php?rest_route=%2Fwp%2Fv2%2Fmedia&parent=4433"}],"wp:term":[{"taxonomy":"category","embeddable":true,"href":"https:\/\/quehacerpolitico.mx\/index.php?rest_route=%2Fwp%2Fv2%2Fcategories&post=4433"},{"taxonomy":"post_tag","embeddable":true,"href":"https:\/\/quehacerpolitico.mx\/index.php?rest_route=%2Fwp%2Fv2%2Ftags&post=4433"}],"curies":[{"name":"wp","href":"https:\/\/api.w.org\/{rel}","templated":true}]}}