{"id":4429,"date":"2018-09-11T15:45:14","date_gmt":"2018-09-11T15:45:14","guid":{"rendered":"http:\/\/quehacerpolitico.mx\/nataly-michel-silva-hara-campamento-en-italia-con-sus-propios-recursos\/"},"modified":"2018-09-11T15:45:14","modified_gmt":"2018-09-11T15:45:14","slug":"nataly-michel-silva-hara-campamento-en-italia-con-sus-propios-recursos","status":"publish","type":"post","link":"https:\/\/quehacerpolitico.mx\/?p=4429","title":{"rendered":"Nataly Michel Silva har\u00e1 campamento en Italia con sus propios recursos"},"content":{"rendered":"<p>Tras la <strong>austeridad<\/strong> que hay en <strong>Conade<\/strong>, los <strong>atletas<\/strong>est\u00e1n buscando sus propias <strong>v\u00edas<\/strong> para salir a <strong>competir<\/strong> o <strong>entrenar<\/strong> fuera del pa\u00eds, ya que el camino contin\u00faa hacia la meta principal que son los J<strong>uegos Ol\u00edmpicos<\/strong> de Tokio 2020.<\/p>\n<p>Un ejemplo es la esgrimista <strong>Nataly Michel Silva<\/strong>, quien volver\u00e1 a entrenar en <strong>Italia<\/strong> con el objetivo de mejorar su nivel competitivo.<\/p>\n<blockquote>\n<p>\u201cEn octubre saldr\u00e9 hacia Italia para prepararme estos tres meses que quedan, pero la idea es estar en ese pa\u00eds todo el tiempo que se pueda para mejorar mi nivel competitivo, ya que en abril comienza la clasificaci\u00f3n para los Juegos Ol\u00edmpicos de Tokio 2020\u201d, declar\u00f3 la esgrimista.<\/p>\n<\/blockquote>\n<p>En marzo pasado la jalisciense realiz\u00f3 un primer campamento en ese pa\u00eds y que le fue muy ben\u00e9fico.<\/p>\n<blockquote>\n<p>\u201cMas que nada lo que me ayud\u00f3 fue la mentalidad que ellos tienen, desde que entran a la sala tienen ese pensamiento de ganar, y se creen los mejores ganen, pierdan o empaten, entonces eso te hace ver mucho y el nivel de combate es m\u00e1s alto\u201d, dijo.<\/p>\n<\/blockquote>\n<p>Silva es consciente de los gastos que debe realizar al vivir y entrenar en otro pa\u00eds, por lo tanto, ya tiene una estrategia para recortar un poco el monto.<\/p>\n<blockquote>\n<p>\u201cDebo pagar la renta de un departamento, adem\u00e1s del entrenamiento y alimentaci\u00f3n, pero en esta ocasi\u00f3n representar\u00e9 a un club italiano en competencias, y eso me ayudar\u00e1 para no pagar el entrenamiento, y tambi\u00e9n ellos deber\u00e1n apoyarme para ir a los eventos a participar\u201d, mencion\u00f3.<\/p>\n<div class=\"amp-ad-wrapper amp_ad_1 ampforwp-incontent-ampforwp-incontent-ad ampforwp-incontent-ad4\">\n<div class=\"i-amphtml-fx-flying-carpet-clip\">\n<div class=\"i-amphtml-fx-flying-carpet-container\">\n<div class=\"amp-hidden\">\n<p><img decoding=\"async\" class=\"i-amphtml-fill-content i-amphtml-replaced-content\" src=\"https:\/\/elbigdata.mx\/wp-content\/uploads\/2018\/09\/JZS81564.jpg\" sizes=\"(min-width: 834px) 834px, 100vw\" srcset=\"https:\/\/elbigdata.mx\/wp-content\/uploads\/2018\/09\/JZS81564.jpg 834w, https:\/\/elbigdata.mx\/wp-content\/uploads\/2018\/09\/JZS81564-300x180.jpg 300w, https:\/\/elbigdata.mx\/wp-content\/uploads\/2018\/09\/JZS81564-768x460.jpg 768w\" alt=\"\" \/><\/p>\n<p><strong>Nataly Michel Silva con la medalla de plata lograda en los Centroamericanos de Barranquilla 2018<\/strong><\/p>\n<p>La siguiente competencia del ciclo ol\u00edmpico ser\u00e1n los Juegos Panamericanos de Lima 2019, y la deportista tiene en la mira ese evento.<\/p>\n<blockquote>\n<p>\u201cYa M\u00e9xico en esgrima tiene los pases a los Panamericanos, y espero competir en el primer Campeonato Nacional antes de irme, y despu\u00e9s venir a todos los dem\u00e1s para conseguir ese boleto para ir a Lima\u201d, dijo.<\/p>\n<\/blockquote>\n<p>As\u00ed, Nataly Michel no se queda con los brazos cruzados para ver si llega o no el presupuesto de las autoridades deportivas, e incluso muchos atletas est\u00e1n buscando sus propias v\u00edas para salir a competir, como es el caso de taekwondo\u00ednes, quienes este fin de semana viajar\u00e1n al Abierto de Canad\u00e1 en busca de puntos para el ranking ol\u00edmpico, un evento que la Conade no tiene entre sus planes.<\/p>\n<\/div>\n<\/div>\n<\/div>\n<\/div>\n<\/blockquote>\n","protected":false},"excerpt":{"rendered":"<p>Nataly Michel Silva har\u00e1 campamento en Italia con sus propios recursos<br \/>\nPor Redacci\u00f3n QP<\/p>\n","protected":false},"author":2,"featured_media":4428,"comment_status":"open","ping_status":"open","sticky":false,"template":"","format":"standard","meta":{"_monsterinsights_skip_tracking":false,"_monsterinsights_sitenote_active":false,"_monsterinsights_sitenote_note":"","_monsterinsights_sitenote_category":0,"footnotes":""},"categories":[54],"tags":[],"class_list":["post-4429","post","type-post","status-publish","format-standard","has-post-thumbnail","hentry","category-deportes"],"yoast_head":"<!-- This site is optimized with the Yoast SEO plugin v27.3 - https:\/\/yoast.com\/product\/yoast-seo-wordpress\/ -->\n<title>Nataly Michel Silva har\u00e1 campamento en Italia con sus propios recursos -<\/title>\n<meta name=\"robots\" content=\"index, follow, max-snippet:-1, max-image-preview:large, max-video-preview:-1\" \/>\n<link rel=\"canonical\" href=\"https:\/\/quehacerpolitico.mx\/?p=4429\" \/>\n<meta property=\"og:locale\" content=\"es_MX\" \/>\n<meta property=\"og:type\" content=\"article\" \/>\n<meta property=\"og:title\" content=\"Nataly Michel Silva har\u00e1 campamento en Italia con sus propios recursos -\" \/>\n<meta property=\"og:description\" content=\"Nataly Michel Silva har\u00e1 campamento en Italia con sus propios recursos Por Redacci\u00f3n QP\" \/>\n<meta property=\"og:url\" content=\"https:\/\/quehacerpolitico.mx\/?p=4429\" \/>\n<meta property=\"article:published_time\" content=\"2018-09-11T15:45:14+00:00\" \/>\n<meta name=\"author\" content=\"Redacci\u00f3n QP\" \/>\n<meta name=\"twitter:card\" content=\"summary_large_image\" \/>\n<meta name=\"twitter:label1\" content=\"Escrito por\" \/>\n\t<meta name=\"twitter:data1\" content=\"Redacci\u00f3n QP\" \/>\n\t<meta name=\"twitter:label2\" content=\"Tiempo de lectura\" \/>\n\t<meta name=\"twitter:data2\" content=\"2 minutos\" \/>\n<script type=\"application\/ld+json\" class=\"yoast-schema-graph\">{\"@context\":\"https:\\\/\\\/schema.org\",\"@graph\":[{\"@type\":\"Article\",\"@id\":\"https:\\\/\\\/quehacerpolitico.mx\\\/?p=4429#article\",\"isPartOf\":{\"@id\":\"https:\\\/\\\/quehacerpolitico.mx\\\/?p=4429\"},\"author\":{\"name\":\"Redacci\u00f3n QP\",\"@id\":\"https:\\\/\\\/quehacerpolitico.mx\\\/#\\\/schema\\\/person\\\/496d8ad2d1d3f8036101dca7ee39e585\"},\"headline\":\"Nataly Michel Silva har\u00e1 campamento en Italia con sus propios recursos\",\"datePublished\":\"2018-09-11T15:45:14+00:00\",\"mainEntityOfPage\":{\"@id\":\"https:\\\/\\\/quehacerpolitico.mx\\\/?p=4429\"},\"wordCount\":426,\"commentCount\":0,\"image\":{\"@id\":\"https:\\\/\\\/quehacerpolitico.mx\\\/?p=4429#primaryimage\"},\"thumbnailUrl\":\"\",\"articleSection\":[\"Deportes\"],\"inLanguage\":\"es\",\"potentialAction\":[{\"@type\":\"CommentAction\",\"name\":\"Comment\",\"target\":[\"https:\\\/\\\/quehacerpolitico.mx\\\/?p=4429#respond\"]}]},{\"@type\":\"WebPage\",\"@id\":\"https:\\\/\\\/quehacerpolitico.mx\\\/?p=4429\",\"url\":\"https:\\\/\\\/quehacerpolitico.mx\\\/?p=4429\",\"name\":\"Nataly Michel Silva har\u00e1 campamento en Italia con sus propios recursos -\",\"isPartOf\":{\"@id\":\"https:\\\/\\\/quehacerpolitico.mx\\\/#website\"},\"primaryImageOfPage\":{\"@id\":\"https:\\\/\\\/quehacerpolitico.mx\\\/?p=4429#primaryimage\"},\"image\":{\"@id\":\"https:\\\/\\\/quehacerpolitico.mx\\\/?p=4429#primaryimage\"},\"thumbnailUrl\":\"\",\"datePublished\":\"2018-09-11T15:45:14+00:00\",\"author\":{\"@id\":\"https:\\\/\\\/quehacerpolitico.mx\\\/#\\\/schema\\\/person\\\/496d8ad2d1d3f8036101dca7ee39e585\"},\"breadcrumb\":{\"@id\":\"https:\\\/\\\/quehacerpolitico.mx\\\/?p=4429#breadcrumb\"},\"inLanguage\":\"es\",\"potentialAction\":[{\"@type\":\"ReadAction\",\"target\":[\"https:\\\/\\\/quehacerpolitico.mx\\\/?p=4429\"]}]},{\"@type\":\"ImageObject\",\"inLanguage\":\"es\",\"@id\":\"https:\\\/\\\/quehacerpolitico.mx\\\/?p=4429#primaryimage\",\"url\":\"\",\"contentUrl\":\"\"},{\"@type\":\"BreadcrumbList\",\"@id\":\"https:\\\/\\\/quehacerpolitico.mx\\\/?p=4429#breadcrumb\",\"itemListElement\":[{\"@type\":\"ListItem\",\"position\":1,\"name\":\"Inicio\",\"item\":\"https:\\\/\\\/quehacerpolitico.mx\\\/\"},{\"@type\":\"ListItem\",\"position\":2,\"name\":\"Nataly Michel Silva har\u00e1 campamento en Italia con sus propios recursos\"}]},{\"@type\":\"WebSite\",\"@id\":\"https:\\\/\\\/quehacerpolitico.mx\\\/#website\",\"url\":\"https:\\\/\\\/quehacerpolitico.mx\\\/\",\"name\":\"\",\"description\":\"\",\"potentialAction\":[{\"@type\":\"SearchAction\",\"target\":{\"@type\":\"EntryPoint\",\"urlTemplate\":\"https:\\\/\\\/quehacerpolitico.mx\\\/?s={search_term_string}\"},\"query-input\":{\"@type\":\"PropertyValueSpecification\",\"valueRequired\":true,\"valueName\":\"search_term_string\"}}],\"inLanguage\":\"es\"},{\"@type\":\"Person\",\"@id\":\"https:\\\/\\\/quehacerpolitico.mx\\\/#\\\/schema\\\/person\\\/496d8ad2d1d3f8036101dca7ee39e585\",\"name\":\"Redacci\u00f3n QP\",\"image\":{\"@type\":\"ImageObject\",\"inLanguage\":\"es\",\"@id\":\"https:\\\/\\\/secure.gravatar.com\\\/avatar\\\/c7164ed6fdec453195284ad24a5ae5b6e1eed2b848477fa2a4787ba9adf39a41?s=96&d=mm&r=g\",\"url\":\"https:\\\/\\\/secure.gravatar.com\\\/avatar\\\/c7164ed6fdec453195284ad24a5ae5b6e1eed2b848477fa2a4787ba9adf39a41?s=96&d=mm&r=g\",\"contentUrl\":\"https:\\\/\\\/secure.gravatar.com\\\/avatar\\\/c7164ed6fdec453195284ad24a5ae5b6e1eed2b848477fa2a4787ba9adf39a41?s=96&d=mm&r=g\",\"caption\":\"Redacci\u00f3n QP\"},\"url\":\"https:\\\/\\\/quehacerpolitico.mx\\\/?author=2\"}]}<\/script>\n<!-- \/ Yoast SEO plugin. -->","yoast_head_json":{"title":"Nataly Michel Silva har\u00e1 campamento en Italia con sus propios recursos -","robots":{"index":"index","follow":"follow","max-snippet":"max-snippet:-1","max-image-preview":"max-image-preview:large","max-video-preview":"max-video-preview:-1"},"canonical":"https:\/\/quehacerpolitico.mx\/?p=4429","og_locale":"es_MX","og_type":"article","og_title":"Nataly Michel Silva har\u00e1 campamento en Italia con sus propios recursos -","og_description":"Nataly Michel Silva har\u00e1 campamento en Italia con sus propios recursos Por Redacci\u00f3n QP","og_url":"https:\/\/quehacerpolitico.mx\/?p=4429","article_published_time":"2018-09-11T15:45:14+00:00","author":"Redacci\u00f3n QP","twitter_card":"summary_large_image","twitter_misc":{"Escrito por":"Redacci\u00f3n QP","Tiempo de lectura":"2 minutos"},"schema":{"@context":"https:\/\/schema.org","@graph":[{"@type":"Article","@id":"https:\/\/quehacerpolitico.mx\/?p=4429#article","isPartOf":{"@id":"https:\/\/quehacerpolitico.mx\/?p=4429"},"author":{"name":"Redacci\u00f3n QP","@id":"https:\/\/quehacerpolitico.mx\/#\/schema\/person\/496d8ad2d1d3f8036101dca7ee39e585"},"headline":"Nataly Michel Silva har\u00e1 campamento en Italia con sus propios recursos","datePublished":"2018-09-11T15:45:14+00:00","mainEntityOfPage":{"@id":"https:\/\/quehacerpolitico.mx\/?p=4429"},"wordCount":426,"commentCount":0,"image":{"@id":"https:\/\/quehacerpolitico.mx\/?p=4429#primaryimage"},"thumbnailUrl":"","articleSection":["Deportes"],"inLanguage":"es","potentialAction":[{"@type":"CommentAction","name":"Comment","target":["https:\/\/quehacerpolitico.mx\/?p=4429#respond"]}]},{"@type":"WebPage","@id":"https:\/\/quehacerpolitico.mx\/?p=4429","url":"https:\/\/quehacerpolitico.mx\/?p=4429","name":"Nataly Michel Silva har\u00e1 campamento en Italia con sus propios recursos -","isPartOf":{"@id":"https:\/\/quehacerpolitico.mx\/#website"},"primaryImageOfPage":{"@id":"https:\/\/quehacerpolitico.mx\/?p=4429#primaryimage"},"image":{"@id":"https:\/\/quehacerpolitico.mx\/?p=4429#primaryimage"},"thumbnailUrl":"","datePublished":"2018-09-11T15:45:14+00:00","author":{"@id":"https:\/\/quehacerpolitico.mx\/#\/schema\/person\/496d8ad2d1d3f8036101dca7ee39e585"},"breadcrumb":{"@id":"https:\/\/quehacerpolitico.mx\/?p=4429#breadcrumb"},"inLanguage":"es","potentialAction":[{"@type":"ReadAction","target":["https:\/\/quehacerpolitico.mx\/?p=4429"]}]},{"@type":"ImageObject","inLanguage":"es","@id":"https:\/\/quehacerpolitico.mx\/?p=4429#primaryimage","url":"","contentUrl":""},{"@type":"BreadcrumbList","@id":"https:\/\/quehacerpolitico.mx\/?p=4429#breadcrumb","itemListElement":[{"@type":"ListItem","position":1,"name":"Inicio","item":"https:\/\/quehacerpolitico.mx\/"},{"@type":"ListItem","position":2,"name":"Nataly Michel Silva har\u00e1 campamento en Italia con sus propios recursos"}]},{"@type":"WebSite","@id":"https:\/\/quehacerpolitico.mx\/#website","url":"https:\/\/quehacerpolitico.mx\/","name":"","description":"","potentialAction":[{"@type":"SearchAction","target":{"@type":"EntryPoint","urlTemplate":"https:\/\/quehacerpolitico.mx\/?s={search_term_string}"},"query-input":{"@type":"PropertyValueSpecification","valueRequired":true,"valueName":"search_term_string"}}],"inLanguage":"es"},{"@type":"Person","@id":"https:\/\/quehacerpolitico.mx\/#\/schema\/person\/496d8ad2d1d3f8036101dca7ee39e585","name":"Redacci\u00f3n QP","image":{"@type":"ImageObject","inLanguage":"es","@id":"https:\/\/secure.gravatar.com\/avatar\/c7164ed6fdec453195284ad24a5ae5b6e1eed2b848477fa2a4787ba9adf39a41?s=96&d=mm&r=g","url":"https:\/\/secure.gravatar.com\/avatar\/c7164ed6fdec453195284ad24a5ae5b6e1eed2b848477fa2a4787ba9adf39a41?s=96&d=mm&r=g","contentUrl":"https:\/\/secure.gravatar.com\/avatar\/c7164ed6fdec453195284ad24a5ae5b6e1eed2b848477fa2a4787ba9adf39a41?s=96&d=mm&r=g","caption":"Redacci\u00f3n QP"},"url":"https:\/\/quehacerpolitico.mx\/?author=2"}]}},"featured_image_urls":{"full":"","thumbnail":"","medium":"","medium_large":"","large":"","1536x1536":"","2048x2048":"","covernews-featured":"","covernews-medium":""},"author_info":{"display_name":"Redacci\u00f3n QP","author_link":"https:\/\/quehacerpolitico.mx\/?author=2"},"category_info":"<a href=\"https:\/\/quehacerpolitico.mx\/?cat=54\" rel=\"category\">Deportes<\/a>","tag_info":"Deportes","comment_count":"0","_links":{"self":[{"href":"https:\/\/quehacerpolitico.mx\/index.php?rest_route=\/wp\/v2\/posts\/4429","targetHints":{"allow":["GET"]}}],"collection":[{"href":"https:\/\/quehacerpolitico.mx\/index.php?rest_route=\/wp\/v2\/posts"}],"about":[{"href":"https:\/\/quehacerpolitico.mx\/index.php?rest_route=\/wp\/v2\/types\/post"}],"author":[{"embeddable":true,"href":"https:\/\/quehacerpolitico.mx\/index.php?rest_route=\/wp\/v2\/users\/2"}],"replies":[{"embeddable":true,"href":"https:\/\/quehacerpolitico.mx\/index.php?rest_route=%2Fwp%2Fv2%2Fcomments&post=4429"}],"version-history":[{"count":0,"href":"https:\/\/quehacerpolitico.mx\/index.php?rest_route=\/wp\/v2\/posts\/4429\/revisions"}],"wp:featuredmedia":[{"embeddable":true,"href":"https:\/\/quehacerpolitico.mx\/index.php?rest_route=\/"}],"wp:attachment":[{"href":"https:\/\/quehacerpolitico.mx\/index.php?rest_route=%2Fwp%2Fv2%2Fmedia&parent=4429"}],"wp:term":[{"taxonomy":"category","embeddable":true,"href":"https:\/\/quehacerpolitico.mx\/index.php?rest_route=%2Fwp%2Fv2%2Fcategories&post=4429"},{"taxonomy":"post_tag","embeddable":true,"href":"https:\/\/quehacerpolitico.mx\/index.php?rest_route=%2Fwp%2Fv2%2Ftags&post=4429"}],"curies":[{"name":"wp","href":"https:\/\/api.w.org\/{rel}","templated":true}]}}