{"id":4423,"date":"2018-09-11T15:24:17","date_gmt":"2018-09-11T15:24:17","guid":{"rendered":"http:\/\/quehacerpolitico.mx\/internacionales-carolina-alonso-romei-ordenan-evacuar-a-mas-de-un-millon-de-personas-por-florence-en-eu\/"},"modified":"2018-09-11T15:24:17","modified_gmt":"2018-09-11T15:24:17","slug":"internacionales-carolina-alonso-romei-ordenan-evacuar-a-mas-de-un-millon-de-personas-por-florence-en-eu","status":"publish","type":"post","link":"https:\/\/quehacerpolitico.mx\/?p=4423","title":{"rendered":"Internacionales\/\/\/Carolina Alonso Romei\/\/\/Ordenan evacuar a m\u00e1s de un mill\u00f3n de personas por &#8220;Florence&#8221; en EU"},"content":{"rendered":"<p>El hurac\u00e1n \u201cFlorence\u201d avanzaba este martes con vientos de m\u00e1s de 220 km\/hora hacia la costa este de Estados Unidos, donde se orden\u00f3 la evacuaci\u00f3n de m\u00e1s de un mill\u00f3n de personas.<\/p>\n<div id=\"div-gpt-ad-1524682842930-0\" data-google-query-id=\"COyroK-gs90CFVq5TwodDFgOMw\">\n<div id=\"google_ads_iframe_\/40135427\/informador_mx_Video_Outstream_0__container__\">Los residentes fugaban en masa a medida que el hurac\u00e1n de categor\u00eda 4 se aproxima a la costa atl\u00e1ntica estadounidense, donde se espera que toque tierra entre jueves y viernes.<\/div>\n<\/div>\n<blockquote>\n<p>&#8220;Esta es una de las peores tormentas que azotar\u00e1 la costa este en muchos a\u00f1os&#8221;, tuite\u00f3 el presidente Donald Trump. &#8220;\u00a1Prep\u00e1rense, tengan cuidado y est\u00e9n seguros!&#8221;, advirti\u00f3.<\/p>\n<\/blockquote>\n<p>\u201cFlorence\u201d tiene el potencial de provocar catastr\u00f3ficas inundaciones en zonas de la costa este ya anegadas por fuertes precipitaciones, y podr\u00eda ser la peor tormenta en azotar la zona en varias d\u00e9cadas.<\/p>\n<p>A las 09H00 GMT, el cicl\u00f3n se encontraba 660 km al sur de Bermuda. Se espera que el ojo de \u201cFlorence\u201d pase entre Bermuda y las islas Bahamas entre mi\u00e9rcoles y jueves, se\u00f1al\u00f3 el Centro Nacional de Huracanes (NHC), con sede en Miami.<\/p>\n<p><strong>Los meteor\u00f3logos pronostican que \u201cFlorence\u201d se fortalecer\u00e1 en las pr\u00f3ximas 36 horas<\/strong>, a medida que se desplaza hacia el oeste-noroeste a 24 km\/h.<\/p>\n<div>\n<figure class=\"image\"><img decoding=\"async\" title=\"\" src=\"https:\/\/www.informador.mx\/export\/sites\/elinformador\/img\/2018\/09\/11\/florence_afp_nasa.jpg_1891768952.jpg\" alt=\"\" hspace=\"5\" vspace=\"5\" data-height=\"432\" data-size=\"w:4096,h:2530\" data-width=\"700\" \/><figcaption>Vista de \u201cFlorence\u201d desde la Estaci\u00f3n Espacial. AFP \/ NASA<\/figcaption><\/figure>\n<\/div>\n<p>&#8220;Se prev\u00e9 un mayor fortalecimiento y se espera que \u2018Florence\u2019 sea un hurac\u00e1n de gran intensidad extremadamente peligroso a lo largo del jueves&#8221;, indic\u00f3 el NHC.<\/p>\n<h4>Evacuaciones\u00a0\u00a0\u00a0\u00a0\u00a0\u00a0\u00a0\u00a0\u00a0\u00a0\u00a0\u00a0<\/h4>\n<p><strong>El gobernador de Carolina del Sur, Henry McMaster, orden\u00f3 la evacuaci\u00f3n de un mill\u00f3n de residentes<\/strong> antes del posible arribo de \u201cFlorence\u201d el jueves.<\/p>\n<p>Las escuelas de 26 de los 46 condados del estado permanecer\u00e1n cerradas desde el martes.<\/p>\n<p>&#8220;Esto es un hurac\u00e1n de verdad&#8221;, dijo el gobernador. &#8220;Las evacuaciones son inconvenientes, pero no queremos arriesgar una sola vida&#8221;.<\/p>\n<p>Su par del vecino estado de Carolina del Norte, Roy Cooper, <strong>orden\u00f3 la evacuaci\u00f3n de los Outer Banks, barrera de islas destino de turistas, as\u00ed como zonas del costero condado de Dare<\/strong>.<\/p>\n<p>&#8220;Aqu\u00ed en Carolina del Norte nos estamos preparando para un golpe fuerte&#8221;, dijo el gobernador Cooper en rueda de prensa.<\/p>\n<p>A\u00f1adi\u00f3 que Carolina del Norte se toma al hurac\u00e1n Florence &#8220;muy seriamente&#8221; y pidi\u00f3 a los ciudadanos que tambi\u00e9n lo hagan.<\/p>\n<p>El presidente de la junta del condado de Dare, Robert Woodward, estim\u00f3 que &#8220;esta es una tormenta enorme&#8221; y predijo lluvias entre 380 y 500 mil\u00edmetros. &#8220;Nunca hemos visto una tormenta de este tipo acercarse a nosotros&#8221;, agreg\u00f3.<\/p>\n<p>Los estados de Carolina del Norte y del Sur, as\u00ed como el de Virginia, se declararon en emergencia para acelerar los planes de contingencia.<\/p>\n<p>Las autoridades <strong>ordenaron la evacuaci\u00f3n de m\u00e1s de 1.25 millones de habitantes que residen en las zonas costeras de los tres estados<\/strong>.<\/p>\n<p>La gobernaci\u00f3n de Virginia espera &#8220;inundaciones catastr\u00f3ficas, fuertes vientos y posibles amplios cortes de energ\u00eda&#8221;, en tanto advirti\u00f3 que las inundaciones representan la peor amenaza.<\/p>\n<p>Trump declar\u00f3 la emergencia en los estados amenazados, lo que permite el env\u00edo de ayuda federal. El mandatario dijo que hab\u00eda hablado con los respectivos gobernadores y que &#8220;el gobierno federal est\u00e1 listo para asistir 24\/7&#8221;.<\/p>\n<p>Fuertes precipitaciones durante el fin de semana en la zona de Washington ya provocaron inundaciones en la vecina Alexandria, Virginia, y el Servicio Nacional de Meteorolog\u00eda emiti\u00f3 un aviso de inundaciones para parte del r\u00edo Potomac.<\/p>\n<h4>Preparativos\u00a0\u00a0\u00a0\u00a0\u00a0\u00a0\u00a0\u00a0\u00a0\u00a0\u00a0\u00a0\u00a0\u00a0\u00a0\u00a0\u00a0<\/h4>\n<p>La Armada estadounidense indic\u00f3 que se preparaba para enviar mar adentro a unos 30 buques estacionados en Virginia.<\/p>\n<p>Los barcos zarpar\u00e1n de las bases de Norfolk y Little Creek para evitar da\u00f1os provocados por los vientos y las fuertes mareas, dijo el coronel Rob Manning, un portavoz del Pent\u00e1gono.<\/p>\n<p>En Charleston, una vieja ciudad portuaria de Carolina del Sur, los residentes se dispon\u00edan a llenar sacos de arena y comprar provisiones antes de que comience el \u00e9xodo masivo.<\/p>\n<div>\n<figure class=\"image\"><img decoding=\"async\" title=\"\" src=\"https:\/\/www.informador.mx\/export\/sites\/elinformador\/img\/2018\/09\/11\/florence_eu_ap.jpg_1916180417.jpg\" alt=\"\" hspace=\"5\" vspace=\"5\" data-height=\"466\" data-size=\"w:3300,h:2200\" data-width=\"700\" \/><figcaption>Ciudadanos compran v\u00edveres antes de que &#8220;Florence&#8221; toque tierra. AP \/ J. Carter<\/figcaption><\/figure>\n<\/div>\n<p>John Johnson, encargado de una ferreter\u00eda en el centro, dijo que la carrera por conseguir bater\u00edas, linternas, cubiertas de pl\u00e1stico y sacos de arena comenz\u00f3 el viernes pasado. &#8220;No hemos parado&#8221;, coment\u00f3.<\/p>\n<p>Meteor\u00f3logos advierten que luego Florence podr\u00eda permanecer estancada en tierra firme antes de disiparse, como lo hizo Harvey en Texas el a\u00f1o pasado, lo que aumentar\u00eda el riesgo de inundaciones.<\/p>\n","protected":false},"excerpt":{"rendered":"<p>Ciudadanos sal\u00edan en masa a medida que el hurac\u00e1n de categor\u00eda 4 se aproxima a la costa atl\u00e1ntica estadounidense<br \/>\nPor Carolina Alonso Romei<br \/>\nInternacionalista<\/p>\n","protected":false},"author":2,"featured_media":4422,"comment_status":"open","ping_status":"open","sticky":false,"template":"","format":"standard","meta":{"_monsterinsights_skip_tracking":false,"_monsterinsights_sitenote_active":false,"_monsterinsights_sitenote_note":"","_monsterinsights_sitenote_category":0,"footnotes":""},"categories":[1],"tags":[],"class_list":["post-4423","post","type-post","status-publish","format-standard","has-post-thumbnail","hentry","category-sin-categoria"],"yoast_head":"<!-- This site is optimized with the Yoast SEO plugin v27.3 - https:\/\/yoast.com\/product\/yoast-seo-wordpress\/ -->\n<title>Internacionales\/\/\/Carolina Alonso Romei\/\/\/Ordenan evacuar a m\u00e1s de un mill\u00f3n de personas por &quot;Florence&quot; en EU -<\/title>\n<meta name=\"robots\" content=\"index, follow, max-snippet:-1, max-image-preview:large, max-video-preview:-1\" \/>\n<link rel=\"canonical\" href=\"https:\/\/quehacerpolitico.mx\/?p=4423\" \/>\n<meta property=\"og:locale\" content=\"es_MX\" \/>\n<meta property=\"og:type\" content=\"article\" \/>\n<meta property=\"og:title\" content=\"Internacionales\/\/\/Carolina Alonso Romei\/\/\/Ordenan evacuar a m\u00e1s de un mill\u00f3n de personas por &quot;Florence&quot; en EU -\" \/>\n<meta property=\"og:description\" content=\"Ciudadanos sal\u00edan en masa a medida que el hurac\u00e1n de categor\u00eda 4 se aproxima a la costa atl\u00e1ntica estadounidense Por Carolina Alonso Romei Internacionalista\" \/>\n<meta property=\"og:url\" content=\"https:\/\/quehacerpolitico.mx\/?p=4423\" \/>\n<meta property=\"article:published_time\" content=\"2018-09-11T15:24:17+00:00\" \/>\n<meta name=\"author\" content=\"Redacci\u00f3n QP\" \/>\n<meta name=\"twitter:card\" content=\"summary_large_image\" \/>\n<meta name=\"twitter:label1\" content=\"Escrito por\" \/>\n\t<meta name=\"twitter:data1\" content=\"Redacci\u00f3n QP\" \/>\n\t<meta name=\"twitter:label2\" content=\"Tiempo de lectura\" \/>\n\t<meta name=\"twitter:data2\" content=\"4 minutos\" \/>\n<script type=\"application\/ld+json\" class=\"yoast-schema-graph\">{\"@context\":\"https:\\\/\\\/schema.org\",\"@graph\":[{\"@type\":\"Article\",\"@id\":\"https:\\\/\\\/quehacerpolitico.mx\\\/?p=4423#article\",\"isPartOf\":{\"@id\":\"https:\\\/\\\/quehacerpolitico.mx\\\/?p=4423\"},\"author\":{\"name\":\"Redacci\u00f3n QP\",\"@id\":\"https:\\\/\\\/quehacerpolitico.mx\\\/#\\\/schema\\\/person\\\/496d8ad2d1d3f8036101dca7ee39e585\"},\"headline\":\"Internacionales\\\/\\\/\\\/Carolina Alonso Romei\\\/\\\/\\\/Ordenan evacuar a m\u00e1s de un mill\u00f3n de personas por &#8220;Florence&#8221; en EU\",\"datePublished\":\"2018-09-11T15:24:17+00:00\",\"mainEntityOfPage\":{\"@id\":\"https:\\\/\\\/quehacerpolitico.mx\\\/?p=4423\"},\"wordCount\":749,\"commentCount\":0,\"image\":{\"@id\":\"https:\\\/\\\/quehacerpolitico.mx\\\/?p=4423#primaryimage\"},\"thumbnailUrl\":\"\",\"articleSection\":[\"Internacionales\"],\"inLanguage\":\"es\",\"potentialAction\":[{\"@type\":\"CommentAction\",\"name\":\"Comment\",\"target\":[\"https:\\\/\\\/quehacerpolitico.mx\\\/?p=4423#respond\"]}]},{\"@type\":\"WebPage\",\"@id\":\"https:\\\/\\\/quehacerpolitico.mx\\\/?p=4423\",\"url\":\"https:\\\/\\\/quehacerpolitico.mx\\\/?p=4423\",\"name\":\"Internacionales\\\/\\\/\\\/Carolina Alonso Romei\\\/\\\/\\\/Ordenan evacuar a m\u00e1s de un mill\u00f3n de personas por \\\"Florence\\\" en EU -\",\"isPartOf\":{\"@id\":\"https:\\\/\\\/quehacerpolitico.mx\\\/#website\"},\"primaryImageOfPage\":{\"@id\":\"https:\\\/\\\/quehacerpolitico.mx\\\/?p=4423#primaryimage\"},\"image\":{\"@id\":\"https:\\\/\\\/quehacerpolitico.mx\\\/?p=4423#primaryimage\"},\"thumbnailUrl\":\"\",\"datePublished\":\"2018-09-11T15:24:17+00:00\",\"author\":{\"@id\":\"https:\\\/\\\/quehacerpolitico.mx\\\/#\\\/schema\\\/person\\\/496d8ad2d1d3f8036101dca7ee39e585\"},\"breadcrumb\":{\"@id\":\"https:\\\/\\\/quehacerpolitico.mx\\\/?p=4423#breadcrumb\"},\"inLanguage\":\"es\",\"potentialAction\":[{\"@type\":\"ReadAction\",\"target\":[\"https:\\\/\\\/quehacerpolitico.mx\\\/?p=4423\"]}]},{\"@type\":\"ImageObject\",\"inLanguage\":\"es\",\"@id\":\"https:\\\/\\\/quehacerpolitico.mx\\\/?p=4423#primaryimage\",\"url\":\"\",\"contentUrl\":\"\"},{\"@type\":\"BreadcrumbList\",\"@id\":\"https:\\\/\\\/quehacerpolitico.mx\\\/?p=4423#breadcrumb\",\"itemListElement\":[{\"@type\":\"ListItem\",\"position\":1,\"name\":\"Inicio\",\"item\":\"https:\\\/\\\/quehacerpolitico.mx\\\/\"},{\"@type\":\"ListItem\",\"position\":2,\"name\":\"Internacionales\\\/\\\/\\\/Carolina Alonso Romei\\\/\\\/\\\/Ordenan evacuar a m\u00e1s de un mill\u00f3n de personas por &#8220;Florence&#8221; en EU\"}]},{\"@type\":\"WebSite\",\"@id\":\"https:\\\/\\\/quehacerpolitico.mx\\\/#website\",\"url\":\"https:\\\/\\\/quehacerpolitico.mx\\\/\",\"name\":\"\",\"description\":\"\",\"potentialAction\":[{\"@type\":\"SearchAction\",\"target\":{\"@type\":\"EntryPoint\",\"urlTemplate\":\"https:\\\/\\\/quehacerpolitico.mx\\\/?s={search_term_string}\"},\"query-input\":{\"@type\":\"PropertyValueSpecification\",\"valueRequired\":true,\"valueName\":\"search_term_string\"}}],\"inLanguage\":\"es\"},{\"@type\":\"Person\",\"@id\":\"https:\\\/\\\/quehacerpolitico.mx\\\/#\\\/schema\\\/person\\\/496d8ad2d1d3f8036101dca7ee39e585\",\"name\":\"Redacci\u00f3n QP\",\"image\":{\"@type\":\"ImageObject\",\"inLanguage\":\"es\",\"@id\":\"https:\\\/\\\/secure.gravatar.com\\\/avatar\\\/c7164ed6fdec453195284ad24a5ae5b6e1eed2b848477fa2a4787ba9adf39a41?s=96&d=mm&r=g\",\"url\":\"https:\\\/\\\/secure.gravatar.com\\\/avatar\\\/c7164ed6fdec453195284ad24a5ae5b6e1eed2b848477fa2a4787ba9adf39a41?s=96&d=mm&r=g\",\"contentUrl\":\"https:\\\/\\\/secure.gravatar.com\\\/avatar\\\/c7164ed6fdec453195284ad24a5ae5b6e1eed2b848477fa2a4787ba9adf39a41?s=96&d=mm&r=g\",\"caption\":\"Redacci\u00f3n QP\"},\"url\":\"https:\\\/\\\/quehacerpolitico.mx\\\/?author=2\"}]}<\/script>\n<!-- \/ Yoast SEO plugin. -->","yoast_head_json":{"title":"Internacionales\/\/\/Carolina Alonso Romei\/\/\/Ordenan evacuar a m\u00e1s de un mill\u00f3n de personas por \"Florence\" en EU -","robots":{"index":"index","follow":"follow","max-snippet":"max-snippet:-1","max-image-preview":"max-image-preview:large","max-video-preview":"max-video-preview:-1"},"canonical":"https:\/\/quehacerpolitico.mx\/?p=4423","og_locale":"es_MX","og_type":"article","og_title":"Internacionales\/\/\/Carolina Alonso Romei\/\/\/Ordenan evacuar a m\u00e1s de un mill\u00f3n de personas por \"Florence\" en EU -","og_description":"Ciudadanos sal\u00edan en masa a medida que el hurac\u00e1n de categor\u00eda 4 se aproxima a la costa atl\u00e1ntica estadounidense Por Carolina Alonso Romei Internacionalista","og_url":"https:\/\/quehacerpolitico.mx\/?p=4423","article_published_time":"2018-09-11T15:24:17+00:00","author":"Redacci\u00f3n QP","twitter_card":"summary_large_image","twitter_misc":{"Escrito por":"Redacci\u00f3n QP","Tiempo de lectura":"4 minutos"},"schema":{"@context":"https:\/\/schema.org","@graph":[{"@type":"Article","@id":"https:\/\/quehacerpolitico.mx\/?p=4423#article","isPartOf":{"@id":"https:\/\/quehacerpolitico.mx\/?p=4423"},"author":{"name":"Redacci\u00f3n QP","@id":"https:\/\/quehacerpolitico.mx\/#\/schema\/person\/496d8ad2d1d3f8036101dca7ee39e585"},"headline":"Internacionales\/\/\/Carolina Alonso Romei\/\/\/Ordenan evacuar a m\u00e1s de un mill\u00f3n de personas por &#8220;Florence&#8221; en EU","datePublished":"2018-09-11T15:24:17+00:00","mainEntityOfPage":{"@id":"https:\/\/quehacerpolitico.mx\/?p=4423"},"wordCount":749,"commentCount":0,"image":{"@id":"https:\/\/quehacerpolitico.mx\/?p=4423#primaryimage"},"thumbnailUrl":"","articleSection":["Internacionales"],"inLanguage":"es","potentialAction":[{"@type":"CommentAction","name":"Comment","target":["https:\/\/quehacerpolitico.mx\/?p=4423#respond"]}]},{"@type":"WebPage","@id":"https:\/\/quehacerpolitico.mx\/?p=4423","url":"https:\/\/quehacerpolitico.mx\/?p=4423","name":"Internacionales\/\/\/Carolina Alonso Romei\/\/\/Ordenan evacuar a m\u00e1s de un mill\u00f3n de personas por \"Florence\" en EU -","isPartOf":{"@id":"https:\/\/quehacerpolitico.mx\/#website"},"primaryImageOfPage":{"@id":"https:\/\/quehacerpolitico.mx\/?p=4423#primaryimage"},"image":{"@id":"https:\/\/quehacerpolitico.mx\/?p=4423#primaryimage"},"thumbnailUrl":"","datePublished":"2018-09-11T15:24:17+00:00","author":{"@id":"https:\/\/quehacerpolitico.mx\/#\/schema\/person\/496d8ad2d1d3f8036101dca7ee39e585"},"breadcrumb":{"@id":"https:\/\/quehacerpolitico.mx\/?p=4423#breadcrumb"},"inLanguage":"es","potentialAction":[{"@type":"ReadAction","target":["https:\/\/quehacerpolitico.mx\/?p=4423"]}]},{"@type":"ImageObject","inLanguage":"es","@id":"https:\/\/quehacerpolitico.mx\/?p=4423#primaryimage","url":"","contentUrl":""},{"@type":"BreadcrumbList","@id":"https:\/\/quehacerpolitico.mx\/?p=4423#breadcrumb","itemListElement":[{"@type":"ListItem","position":1,"name":"Inicio","item":"https:\/\/quehacerpolitico.mx\/"},{"@type":"ListItem","position":2,"name":"Internacionales\/\/\/Carolina Alonso Romei\/\/\/Ordenan evacuar a m\u00e1s de un mill\u00f3n de personas por &#8220;Florence&#8221; en EU"}]},{"@type":"WebSite","@id":"https:\/\/quehacerpolitico.mx\/#website","url":"https:\/\/quehacerpolitico.mx\/","name":"","description":"","potentialAction":[{"@type":"SearchAction","target":{"@type":"EntryPoint","urlTemplate":"https:\/\/quehacerpolitico.mx\/?s={search_term_string}"},"query-input":{"@type":"PropertyValueSpecification","valueRequired":true,"valueName":"search_term_string"}}],"inLanguage":"es"},{"@type":"Person","@id":"https:\/\/quehacerpolitico.mx\/#\/schema\/person\/496d8ad2d1d3f8036101dca7ee39e585","name":"Redacci\u00f3n QP","image":{"@type":"ImageObject","inLanguage":"es","@id":"https:\/\/secure.gravatar.com\/avatar\/c7164ed6fdec453195284ad24a5ae5b6e1eed2b848477fa2a4787ba9adf39a41?s=96&d=mm&r=g","url":"https:\/\/secure.gravatar.com\/avatar\/c7164ed6fdec453195284ad24a5ae5b6e1eed2b848477fa2a4787ba9adf39a41?s=96&d=mm&r=g","contentUrl":"https:\/\/secure.gravatar.com\/avatar\/c7164ed6fdec453195284ad24a5ae5b6e1eed2b848477fa2a4787ba9adf39a41?s=96&d=mm&r=g","caption":"Redacci\u00f3n QP"},"url":"https:\/\/quehacerpolitico.mx\/?author=2"}]}},"featured_image_urls":{"full":"","thumbnail":"","medium":"","medium_large":"","large":"","1536x1536":"","2048x2048":"","covernews-featured":"","covernews-medium":""},"author_info":{"display_name":"Redacci\u00f3n QP","author_link":"https:\/\/quehacerpolitico.mx\/?author=2"},"category_info":"<a href=\"https:\/\/quehacerpolitico.mx\/?cat=1\" rel=\"category\">Internacionales<\/a>","tag_info":"Internacionales","comment_count":"0","_links":{"self":[{"href":"https:\/\/quehacerpolitico.mx\/index.php?rest_route=\/wp\/v2\/posts\/4423","targetHints":{"allow":["GET"]}}],"collection":[{"href":"https:\/\/quehacerpolitico.mx\/index.php?rest_route=\/wp\/v2\/posts"}],"about":[{"href":"https:\/\/quehacerpolitico.mx\/index.php?rest_route=\/wp\/v2\/types\/post"}],"author":[{"embeddable":true,"href":"https:\/\/quehacerpolitico.mx\/index.php?rest_route=\/wp\/v2\/users\/2"}],"replies":[{"embeddable":true,"href":"https:\/\/quehacerpolitico.mx\/index.php?rest_route=%2Fwp%2Fv2%2Fcomments&post=4423"}],"version-history":[{"count":0,"href":"https:\/\/quehacerpolitico.mx\/index.php?rest_route=\/wp\/v2\/posts\/4423\/revisions"}],"wp:featuredmedia":[{"embeddable":true,"href":"https:\/\/quehacerpolitico.mx\/index.php?rest_route=\/"}],"wp:attachment":[{"href":"https:\/\/quehacerpolitico.mx\/index.php?rest_route=%2Fwp%2Fv2%2Fmedia&parent=4423"}],"wp:term":[{"taxonomy":"category","embeddable":true,"href":"https:\/\/quehacerpolitico.mx\/index.php?rest_route=%2Fwp%2Fv2%2Fcategories&post=4423"},{"taxonomy":"post_tag","embeddable":true,"href":"https:\/\/quehacerpolitico.mx\/index.php?rest_route=%2Fwp%2Fv2%2Ftags&post=4423"}],"curies":[{"name":"wp","href":"https:\/\/api.w.org\/{rel}","templated":true}]}}