{"id":44219,"date":"2019-11-13T03:37:12","date_gmt":"2019-11-13T03:37:12","guid":{"rendered":"http:\/\/quehacerpolitico.mx\/la-proxima-semana-inicia-licitacion-de-la-feria-de-chapultepec\/"},"modified":"2019-11-13T03:37:12","modified_gmt":"2019-11-13T03:37:12","slug":"la-proxima-semana-inicia-licitacion-de-la-feria-de-chapultepec","status":"publish","type":"post","link":"https:\/\/quehacerpolitico.mx\/?p=44219","title":{"rendered":"La pr\u00f3xima semana inicia licitaci\u00f3n de la Feria de Chapultepec"},"content":{"rendered":"<h1 class=\"news-title\">La pr\u00f3xima semana inicia licitaci\u00f3n de la Feria de Chapultepec<br \/>Por Redacci\u00f3n QP<\/h1>\n<p>Autoridades capitalinas informan que las propuestas podr\u00e1n registrarse desde el pr\u00f3ximo lunes hasta el 16 de diciembre<\/p>\n<p>Del pr\u00f3ximo lunes y hasta el 16 de diciembre se llevar\u00e1 a cabo el registro de las empresas interesadas en desarrollar, instalar y operar un parque de diversiones en lugar de la Feria de Chapultepec<\/p>\n<p>La propuesta <strong>puede ser un parque de diversiones con juegos mec\u00e1nicos, tem\u00e1ticos (est\u00e1ticos y din\u00e1micos), de manera enunciativa m\u00e1s no limitativa<\/strong>, los cuales podr\u00e1n conmemorar un acontecimiento hist\u00f3rico, basarse en personajes m\u00edticos o de atractivo popular, estar enfocado a un recurso natural, enfocados a lo multimedia y realidad virtual.<\/p>\n<p>&#8220;El objetivo, entonces, es que la Ciudad cuente con un parque de diversiones en este sitio de la Segunda Secci\u00f3n del Bosque de Chapultepec que pueda incluir distintos tipos de atracciones para los habitantes de la Ciudad&#8221;, explic\u00f3 la secretaria de Medio Ambiente local, Marina Robles Garc\u00eda<\/p>\n<p>Durante la presentaci\u00f3n de la invitaci\u00f3n a empresas nacionales e internacionales, Robles Garc\u00eda expuso que <strong>el 20 de abril se anunciar\u00e1 el proyecto elegido; sin embargo, asegur\u00f3 que todo el proceso ser\u00e1 supervisado por especialistas.<\/strong><\/p>\n<p>&#8220;Una cosa importante es que tanto la convocatoria, como la revisi\u00f3n de la normatividad para la seguridad de estos parques de diversiones la hemos estado revisando bajo los esquemas de la normatividad internacional y tambi\u00e9n nos asesoraremos con expertos internacionales en la materia para poder hacer la mejor selecci\u00f3n de este parque de diversiones para la Ciudad&#8221;, explic\u00f3.<\/p>\n<p>La jefa de Gobierno, Claudia Sheinbaum, indic\u00f3 que <strong>a m\u00e1s tardar el jueves se publicar\u00e1 la invitaci\u00f3n internacional para operar La Feria de Chapultepec bajo un esquema abierto<\/strong>, donde quien presente propuestas puede o no utilizar los juegos mec\u00e1nicos.<\/p>\n<blockquote class=\"twitter-tweet\" data-width=\"550\" data-dnt=\"true\">\n<p lang=\"es\" dir=\"ltr\"><a href=\"https:\/\/twitter.com\/hashtag\/EnVivo?src=hash&amp;ref_src=twsrc%5Etfw\">#EnVivo<\/a> \u25b6 <a href=\"https:\/\/twitter.com\/hashtag\/ConferenciaDePrensa?src=hash&amp;ref_src=twsrc%5Etfw\">#ConferenciaDePrensa<\/a> para anunciar el pr\u00f3ximo proyecto en las instalaciones de la Feria de Chapultepec, con la <a href=\"https:\/\/twitter.com\/hashtag\/JefaDeGobierno?src=hash&amp;ref_src=twsrc%5Etfw\">#JefaDeGobierno<\/a> y <a href=\"https:\/\/twitter.com\/SEDEMA_CDMX?ref_src=twsrc%5Etfw\">@SEDEMA_CDMX<\/a> <a href=\"https:\/\/t.co\/f6VM58057p\">https:\/\/t.co\/f6VM58057p<\/a><\/p>\n<p>&mdash; Gobierno de la Ciudad de M\u00e9xico (@GobCDMX) <a href=\"https:\/\/twitter.com\/GobCDMX\/status\/1194287241742258176?ref_src=twsrc%5Etfw\">November 12, 2019<\/a><\/p><\/blockquote>\n<p><script async src=\"https:\/\/platform.twitter.com\/widgets.js\" charset=\"utf-8\"><\/script><\/p>\n<p>&#8220;No solamente pueden presentar propuestas de juegos mec\u00e1nicos, sino propuestas para un parque de diversiones que sea popular, accesible y al mismo tiempo con las mejores normas de seguridad&#8221;, coment\u00f3.<\/p>\n<p>Con informaci\u00f3n de SUN<\/p>\n","protected":false},"excerpt":{"rendered":"<p>La pr\u00f3xima semana inicia licitaci\u00f3n de la Feria de Chapultepec<br \/>\nPor Redacci\u00f3n QP<\/p>\n","protected":false},"author":2,"featured_media":44218,"comment_status":"open","ping_status":"open","sticky":false,"template":"","format":"standard","meta":{"_monsterinsights_skip_tracking":false,"_monsterinsights_sitenote_active":false,"_monsterinsights_sitenote_note":"","_monsterinsights_sitenote_category":0,"footnotes":""},"categories":[55],"tags":[],"class_list":["post-44219","post","type-post","status-publish","format-standard","has-post-thumbnail","hentry","category-cdmx"],"yoast_head":"<!-- This site is optimized with the Yoast SEO plugin v27.3 - https:\/\/yoast.com\/product\/yoast-seo-wordpress\/ -->\n<title>La pr\u00f3xima semana inicia licitaci\u00f3n de la Feria de Chapultepec -<\/title>\n<meta name=\"robots\" content=\"index, follow, max-snippet:-1, max-image-preview:large, max-video-preview:-1\" \/>\n<link rel=\"canonical\" href=\"https:\/\/quehacerpolitico.mx\/?p=44219\" \/>\n<meta property=\"og:locale\" content=\"es_MX\" \/>\n<meta property=\"og:type\" content=\"article\" \/>\n<meta property=\"og:title\" content=\"La pr\u00f3xima semana inicia licitaci\u00f3n de la Feria de Chapultepec -\" \/>\n<meta property=\"og:description\" content=\"La pr\u00f3xima semana inicia licitaci\u00f3n de la Feria de Chapultepec Por Redacci\u00f3n QP\" \/>\n<meta property=\"og:url\" content=\"https:\/\/quehacerpolitico.mx\/?p=44219\" \/>\n<meta property=\"article:published_time\" content=\"2019-11-13T03:37:12+00:00\" \/>\n<meta name=\"author\" content=\"Redacci\u00f3n QP\" \/>\n<meta name=\"twitter:card\" content=\"summary_large_image\" \/>\n<meta name=\"twitter:label1\" content=\"Escrito por\" \/>\n\t<meta name=\"twitter:data1\" content=\"Redacci\u00f3n QP\" \/>\n\t<meta name=\"twitter:label2\" content=\"Tiempo de lectura\" \/>\n\t<meta name=\"twitter:data2\" content=\"2 minutos\" \/>\n<script type=\"application\/ld+json\" class=\"yoast-schema-graph\">{\"@context\":\"https:\\\/\\\/schema.org\",\"@graph\":[{\"@type\":\"Article\",\"@id\":\"https:\\\/\\\/quehacerpolitico.mx\\\/?p=44219#article\",\"isPartOf\":{\"@id\":\"https:\\\/\\\/quehacerpolitico.mx\\\/?p=44219\"},\"author\":{\"name\":\"Redacci\u00f3n QP\",\"@id\":\"https:\\\/\\\/quehacerpolitico.mx\\\/#\\\/schema\\\/person\\\/496d8ad2d1d3f8036101dca7ee39e585\"},\"headline\":\"La pr\u00f3xima semana inicia licitaci\u00f3n de la Feria de Chapultepec\",\"datePublished\":\"2019-11-13T03:37:12+00:00\",\"mainEntityOfPage\":{\"@id\":\"https:\\\/\\\/quehacerpolitico.mx\\\/?p=44219\"},\"wordCount\":368,\"commentCount\":0,\"image\":{\"@id\":\"https:\\\/\\\/quehacerpolitico.mx\\\/?p=44219#primaryimage\"},\"thumbnailUrl\":\"\",\"articleSection\":[\"CDMX\"],\"inLanguage\":\"es\",\"potentialAction\":[{\"@type\":\"CommentAction\",\"name\":\"Comment\",\"target\":[\"https:\\\/\\\/quehacerpolitico.mx\\\/?p=44219#respond\"]}]},{\"@type\":\"WebPage\",\"@id\":\"https:\\\/\\\/quehacerpolitico.mx\\\/?p=44219\",\"url\":\"https:\\\/\\\/quehacerpolitico.mx\\\/?p=44219\",\"name\":\"La pr\u00f3xima semana inicia licitaci\u00f3n de la Feria de Chapultepec -\",\"isPartOf\":{\"@id\":\"https:\\\/\\\/quehacerpolitico.mx\\\/#website\"},\"primaryImageOfPage\":{\"@id\":\"https:\\\/\\\/quehacerpolitico.mx\\\/?p=44219#primaryimage\"},\"image\":{\"@id\":\"https:\\\/\\\/quehacerpolitico.mx\\\/?p=44219#primaryimage\"},\"thumbnailUrl\":\"\",\"datePublished\":\"2019-11-13T03:37:12+00:00\",\"author\":{\"@id\":\"https:\\\/\\\/quehacerpolitico.mx\\\/#\\\/schema\\\/person\\\/496d8ad2d1d3f8036101dca7ee39e585\"},\"breadcrumb\":{\"@id\":\"https:\\\/\\\/quehacerpolitico.mx\\\/?p=44219#breadcrumb\"},\"inLanguage\":\"es\",\"potentialAction\":[{\"@type\":\"ReadAction\",\"target\":[\"https:\\\/\\\/quehacerpolitico.mx\\\/?p=44219\"]}]},{\"@type\":\"ImageObject\",\"inLanguage\":\"es\",\"@id\":\"https:\\\/\\\/quehacerpolitico.mx\\\/?p=44219#primaryimage\",\"url\":\"\",\"contentUrl\":\"\"},{\"@type\":\"BreadcrumbList\",\"@id\":\"https:\\\/\\\/quehacerpolitico.mx\\\/?p=44219#breadcrumb\",\"itemListElement\":[{\"@type\":\"ListItem\",\"position\":1,\"name\":\"Inicio\",\"item\":\"https:\\\/\\\/quehacerpolitico.mx\\\/\"},{\"@type\":\"ListItem\",\"position\":2,\"name\":\"La pr\u00f3xima semana inicia licitaci\u00f3n de la Feria de Chapultepec\"}]},{\"@type\":\"WebSite\",\"@id\":\"https:\\\/\\\/quehacerpolitico.mx\\\/#website\",\"url\":\"https:\\\/\\\/quehacerpolitico.mx\\\/\",\"name\":\"\",\"description\":\"\",\"potentialAction\":[{\"@type\":\"SearchAction\",\"target\":{\"@type\":\"EntryPoint\",\"urlTemplate\":\"https:\\\/\\\/quehacerpolitico.mx\\\/?s={search_term_string}\"},\"query-input\":{\"@type\":\"PropertyValueSpecification\",\"valueRequired\":true,\"valueName\":\"search_term_string\"}}],\"inLanguage\":\"es\"},{\"@type\":\"Person\",\"@id\":\"https:\\\/\\\/quehacerpolitico.mx\\\/#\\\/schema\\\/person\\\/496d8ad2d1d3f8036101dca7ee39e585\",\"name\":\"Redacci\u00f3n QP\",\"image\":{\"@type\":\"ImageObject\",\"inLanguage\":\"es\",\"@id\":\"https:\\\/\\\/secure.gravatar.com\\\/avatar\\\/c7164ed6fdec453195284ad24a5ae5b6e1eed2b848477fa2a4787ba9adf39a41?s=96&d=mm&r=g\",\"url\":\"https:\\\/\\\/secure.gravatar.com\\\/avatar\\\/c7164ed6fdec453195284ad24a5ae5b6e1eed2b848477fa2a4787ba9adf39a41?s=96&d=mm&r=g\",\"contentUrl\":\"https:\\\/\\\/secure.gravatar.com\\\/avatar\\\/c7164ed6fdec453195284ad24a5ae5b6e1eed2b848477fa2a4787ba9adf39a41?s=96&d=mm&r=g\",\"caption\":\"Redacci\u00f3n QP\"},\"url\":\"https:\\\/\\\/quehacerpolitico.mx\\\/?author=2\"}]}<\/script>\n<!-- \/ Yoast SEO plugin. -->","yoast_head_json":{"title":"La pr\u00f3xima semana inicia licitaci\u00f3n de la Feria de Chapultepec -","robots":{"index":"index","follow":"follow","max-snippet":"max-snippet:-1","max-image-preview":"max-image-preview:large","max-video-preview":"max-video-preview:-1"},"canonical":"https:\/\/quehacerpolitico.mx\/?p=44219","og_locale":"es_MX","og_type":"article","og_title":"La pr\u00f3xima semana inicia licitaci\u00f3n de la Feria de Chapultepec -","og_description":"La pr\u00f3xima semana inicia licitaci\u00f3n de la Feria de Chapultepec Por Redacci\u00f3n QP","og_url":"https:\/\/quehacerpolitico.mx\/?p=44219","article_published_time":"2019-11-13T03:37:12+00:00","author":"Redacci\u00f3n QP","twitter_card":"summary_large_image","twitter_misc":{"Escrito por":"Redacci\u00f3n QP","Tiempo de lectura":"2 minutos"},"schema":{"@context":"https:\/\/schema.org","@graph":[{"@type":"Article","@id":"https:\/\/quehacerpolitico.mx\/?p=44219#article","isPartOf":{"@id":"https:\/\/quehacerpolitico.mx\/?p=44219"},"author":{"name":"Redacci\u00f3n QP","@id":"https:\/\/quehacerpolitico.mx\/#\/schema\/person\/496d8ad2d1d3f8036101dca7ee39e585"},"headline":"La pr\u00f3xima semana inicia licitaci\u00f3n de la Feria de Chapultepec","datePublished":"2019-11-13T03:37:12+00:00","mainEntityOfPage":{"@id":"https:\/\/quehacerpolitico.mx\/?p=44219"},"wordCount":368,"commentCount":0,"image":{"@id":"https:\/\/quehacerpolitico.mx\/?p=44219#primaryimage"},"thumbnailUrl":"","articleSection":["CDMX"],"inLanguage":"es","potentialAction":[{"@type":"CommentAction","name":"Comment","target":["https:\/\/quehacerpolitico.mx\/?p=44219#respond"]}]},{"@type":"WebPage","@id":"https:\/\/quehacerpolitico.mx\/?p=44219","url":"https:\/\/quehacerpolitico.mx\/?p=44219","name":"La pr\u00f3xima semana inicia licitaci\u00f3n de la Feria de Chapultepec -","isPartOf":{"@id":"https:\/\/quehacerpolitico.mx\/#website"},"primaryImageOfPage":{"@id":"https:\/\/quehacerpolitico.mx\/?p=44219#primaryimage"},"image":{"@id":"https:\/\/quehacerpolitico.mx\/?p=44219#primaryimage"},"thumbnailUrl":"","datePublished":"2019-11-13T03:37:12+00:00","author":{"@id":"https:\/\/quehacerpolitico.mx\/#\/schema\/person\/496d8ad2d1d3f8036101dca7ee39e585"},"breadcrumb":{"@id":"https:\/\/quehacerpolitico.mx\/?p=44219#breadcrumb"},"inLanguage":"es","potentialAction":[{"@type":"ReadAction","target":["https:\/\/quehacerpolitico.mx\/?p=44219"]}]},{"@type":"ImageObject","inLanguage":"es","@id":"https:\/\/quehacerpolitico.mx\/?p=44219#primaryimage","url":"","contentUrl":""},{"@type":"BreadcrumbList","@id":"https:\/\/quehacerpolitico.mx\/?p=44219#breadcrumb","itemListElement":[{"@type":"ListItem","position":1,"name":"Inicio","item":"https:\/\/quehacerpolitico.mx\/"},{"@type":"ListItem","position":2,"name":"La pr\u00f3xima semana inicia licitaci\u00f3n de la Feria de Chapultepec"}]},{"@type":"WebSite","@id":"https:\/\/quehacerpolitico.mx\/#website","url":"https:\/\/quehacerpolitico.mx\/","name":"","description":"","potentialAction":[{"@type":"SearchAction","target":{"@type":"EntryPoint","urlTemplate":"https:\/\/quehacerpolitico.mx\/?s={search_term_string}"},"query-input":{"@type":"PropertyValueSpecification","valueRequired":true,"valueName":"search_term_string"}}],"inLanguage":"es"},{"@type":"Person","@id":"https:\/\/quehacerpolitico.mx\/#\/schema\/person\/496d8ad2d1d3f8036101dca7ee39e585","name":"Redacci\u00f3n QP","image":{"@type":"ImageObject","inLanguage":"es","@id":"https:\/\/secure.gravatar.com\/avatar\/c7164ed6fdec453195284ad24a5ae5b6e1eed2b848477fa2a4787ba9adf39a41?s=96&d=mm&r=g","url":"https:\/\/secure.gravatar.com\/avatar\/c7164ed6fdec453195284ad24a5ae5b6e1eed2b848477fa2a4787ba9adf39a41?s=96&d=mm&r=g","contentUrl":"https:\/\/secure.gravatar.com\/avatar\/c7164ed6fdec453195284ad24a5ae5b6e1eed2b848477fa2a4787ba9adf39a41?s=96&d=mm&r=g","caption":"Redacci\u00f3n QP"},"url":"https:\/\/quehacerpolitico.mx\/?author=2"}]}},"featured_image_urls":{"full":"","thumbnail":"","medium":"","medium_large":"","large":"","1536x1536":"","2048x2048":"","covernews-featured":"","covernews-medium":""},"author_info":{"display_name":"Redacci\u00f3n QP","author_link":"https:\/\/quehacerpolitico.mx\/?author=2"},"category_info":"<a href=\"https:\/\/quehacerpolitico.mx\/?cat=55\" rel=\"category\">CDMX<\/a>","tag_info":"CDMX","comment_count":"0","_links":{"self":[{"href":"https:\/\/quehacerpolitico.mx\/index.php?rest_route=\/wp\/v2\/posts\/44219","targetHints":{"allow":["GET"]}}],"collection":[{"href":"https:\/\/quehacerpolitico.mx\/index.php?rest_route=\/wp\/v2\/posts"}],"about":[{"href":"https:\/\/quehacerpolitico.mx\/index.php?rest_route=\/wp\/v2\/types\/post"}],"author":[{"embeddable":true,"href":"https:\/\/quehacerpolitico.mx\/index.php?rest_route=\/wp\/v2\/users\/2"}],"replies":[{"embeddable":true,"href":"https:\/\/quehacerpolitico.mx\/index.php?rest_route=%2Fwp%2Fv2%2Fcomments&post=44219"}],"version-history":[{"count":0,"href":"https:\/\/quehacerpolitico.mx\/index.php?rest_route=\/wp\/v2\/posts\/44219\/revisions"}],"wp:featuredmedia":[{"embeddable":true,"href":"https:\/\/quehacerpolitico.mx\/index.php?rest_route=\/"}],"wp:attachment":[{"href":"https:\/\/quehacerpolitico.mx\/index.php?rest_route=%2Fwp%2Fv2%2Fmedia&parent=44219"}],"wp:term":[{"taxonomy":"category","embeddable":true,"href":"https:\/\/quehacerpolitico.mx\/index.php?rest_route=%2Fwp%2Fv2%2Fcategories&post=44219"},{"taxonomy":"post_tag","embeddable":true,"href":"https:\/\/quehacerpolitico.mx\/index.php?rest_route=%2Fwp%2Fv2%2Ftags&post=44219"}],"curies":[{"name":"wp","href":"https:\/\/api.w.org\/{rel}","templated":true}]}}