{"id":44213,"date":"2019-11-13T03:15:17","date_gmt":"2019-11-13T03:15:17","guid":{"rendered":"http:\/\/quehacerpolitico.mx\/internacionales-carolina-alonso-romei-greta-thunberg-zarpara-de-estados-unidos-rumbo-a-espana\/"},"modified":"2019-11-13T03:15:17","modified_gmt":"2019-11-13T03:15:17","slug":"internacionales-carolina-alonso-romei-greta-thunberg-zarpara-de-estados-unidos-rumbo-a-espana","status":"publish","type":"post","link":"https:\/\/quehacerpolitico.mx\/?p=44213","title":{"rendered":"Internacionales\/\/\/Carolina Alonso Romei\/\/\/Greta Thunberg zarpar\u00e1 de Estados Unidos rumbo a Espa\u00f1a"},"content":{"rendered":"<h1 class=\"news-title\">Greta Thunberg zarpar\u00e1 de Estados Unidos rumbo a Espa\u00f1a<br \/>Por Carolina Alonso Romei\u00a0<\/h1>\n<p>Internacionalista\u00a0<\/p>\n<p>El viaje de la activista ser\u00e1 a bordo de una embarcaci\u00f3n que genera una huella de carbono m\u00ednima y cuenta con paneles fotovoltaicos e hidrogeneradores de electricidad<\/p>\n<p><strong>La joven activista sueca Greta Thunberg saldr\u00e1 pronto de Norteam\u00e9rica y comenzar\u00e1 el mi\u00e9rcoles su viaje de regreso por el Atl\u00e1ntico a bordo de un velero de 14,6 metros <\/strong>(48 pies) que incluye entre sus pasajeros a un beb\u00e9 de 11 meses de edad.<\/p>\n<p><strong>La embarcaci\u00f3n genera una huella de carbono m\u00ednima y cuenta con paneles fotovoltaicos e hidrogeneradores de electricidad, as\u00ed como un retrete,<\/strong> a diferencia del barco en el que parti\u00f3 desde el Reino Unido hacia Nueva York en agosto pasado. Ese bote s\u00f3lo contaba con un balde.<\/p>\n<p>Existen innumerables personas en todo el mundo que no tienen acceso a un retrete, dijo sobre el equipamiento adicional. No es tan importante. Pero es bueno tenerlo.<\/p>\n<blockquote class=\"twitter-tweet\" data-width=\"550\" data-dnt=\"true\">\n<p lang=\"en\" dir=\"ltr\">So happy to say I&#39;ll hopefully make it to COP25 in Madrid.<br \/>I\u2019ve been offered a ride from Virginia on the 48ft catamaran La Vagabonde. Australians <a href=\"https:\/\/twitter.com\/Sailing_LaVaga?ref_src=twsrc%5Etfw\">@Sailing_LaVaga<\/a> ,Elayna Carausu &amp; <a href=\"https:\/\/twitter.com\/_NikkiHenderson?ref_src=twsrc%5Etfw\">@_NikkiHenderson<\/a> from England will take me across the Atlantic.<br \/>We sail for Europe tomorrow morning! <a href=\"https:\/\/t.co\/qJcgREe332\">pic.twitter.com\/qJcgREe332<\/a><\/p>\n<p>&mdash; Greta Thunberg (@GretaThunberg) <a href=\"https:\/\/twitter.com\/GretaThunberg\/status\/1194389911639642115?ref_src=twsrc%5Etfw\">November 12, 2019<\/a><\/p><\/blockquote>\n<p><script async src=\"https:\/\/platform.twitter.com\/widgets.js\" charset=\"utf-8\"><\/script><\/p>\n<p>Thunberg habl\u00f3 el martes dentro de los confines del velero, de nombre La Vagabonde, anclado en Hampton, Virginia, cerca de la entrada de Chesapeake Bay. <strong>Viajar\u00e1 rumbo a Espa\u00f1a con la esperanza de asistir a una cumbre clim\u00e1tica de Naciones Unidas en Madrid a celebrarse a inicios de diciembre.<\/strong><\/p>\n<p>Los propietarios del bote son Riley Whitelum y Elayna Carausu, una pareja australiana que tiene un beb\u00e9 de 11 meses de nombre Lenny. <strong>La familia, que tiene una gran comunidad de seguidores en internet, respondi\u00f3 a la solicitud de Thunberg en redes sociales de un transporte libre de emisiones de carbono hacia Europa.<\/strong> La navegante experta Nikki Henderson, tambi\u00e9n ser\u00e1 parte del viaje.<\/p>\n<p>El trayecto podr\u00eda tomar entre dos y cuatro semanas, y noviembre es considerado como un mes de temporada baja para navegar a trav\u00e9s del Atl\u00e1ntico. Mientras Thunberg realizaba el martes sus declaraciones, las temperaturas cayeron por debajo de los 4 grados Celsius (39\u00c2\u00b0 Fahrenheit) y comenz\u00f3 a caer una ligera nevada.<\/p>\n<p>La joven de 16 a\u00f1os se niega a realizar el viaje v\u00eda a\u00e9rea debido a las emisiones de carbono que emiten los aviones.<\/p>\n<p>Con informaci\u00f3n de AP<\/p>\n","protected":false},"excerpt":{"rendered":"<p>Greta Thunberg zarpar\u00e1 de Estados Unidos rumbo a Espa\u00f1a<br \/>\nPor Carolina Alonso Romei<br \/>\nInternacionalista<\/p>\n","protected":false},"author":2,"featured_media":44212,"comment_status":"open","ping_status":"open","sticky":false,"template":"","format":"standard","meta":{"_monsterinsights_skip_tracking":false,"_monsterinsights_sitenote_active":false,"_monsterinsights_sitenote_note":"","_monsterinsights_sitenote_category":0,"footnotes":""},"categories":[1],"tags":[],"class_list":["post-44213","post","type-post","status-publish","format-standard","has-post-thumbnail","hentry","category-sin-categoria"],"yoast_head":"<!-- This site is optimized with the Yoast SEO plugin v27.3 - https:\/\/yoast.com\/product\/yoast-seo-wordpress\/ -->\n<title>Internacionales\/\/\/Carolina Alonso Romei\/\/\/Greta Thunberg zarpar\u00e1 de Estados Unidos rumbo a Espa\u00f1a -<\/title>\n<meta name=\"robots\" content=\"index, follow, max-snippet:-1, max-image-preview:large, max-video-preview:-1\" \/>\n<link rel=\"canonical\" href=\"https:\/\/quehacerpolitico.mx\/?p=44213\" \/>\n<meta property=\"og:locale\" content=\"es_MX\" \/>\n<meta property=\"og:type\" content=\"article\" \/>\n<meta property=\"og:title\" content=\"Internacionales\/\/\/Carolina Alonso Romei\/\/\/Greta Thunberg zarpar\u00e1 de Estados Unidos rumbo a Espa\u00f1a -\" \/>\n<meta property=\"og:description\" content=\"Greta Thunberg zarpar\u00e1 de Estados Unidos rumbo a Espa\u00f1a Por Carolina Alonso Romei Internacionalista\" \/>\n<meta property=\"og:url\" content=\"https:\/\/quehacerpolitico.mx\/?p=44213\" \/>\n<meta property=\"article:published_time\" content=\"2019-11-13T03:15:17+00:00\" \/>\n<meta name=\"author\" content=\"Redacci\u00f3n QP\" \/>\n<meta name=\"twitter:card\" content=\"summary_large_image\" \/>\n<meta name=\"twitter:label1\" content=\"Escrito por\" \/>\n\t<meta name=\"twitter:data1\" content=\"Redacci\u00f3n QP\" \/>\n\t<meta name=\"twitter:label2\" content=\"Tiempo de lectura\" \/>\n\t<meta name=\"twitter:data2\" content=\"2 minutos\" \/>\n<script type=\"application\/ld+json\" class=\"yoast-schema-graph\">{\"@context\":\"https:\\\/\\\/schema.org\",\"@graph\":[{\"@type\":\"Article\",\"@id\":\"https:\\\/\\\/quehacerpolitico.mx\\\/?p=44213#article\",\"isPartOf\":{\"@id\":\"https:\\\/\\\/quehacerpolitico.mx\\\/?p=44213\"},\"author\":{\"name\":\"Redacci\u00f3n QP\",\"@id\":\"https:\\\/\\\/quehacerpolitico.mx\\\/#\\\/schema\\\/person\\\/496d8ad2d1d3f8036101dca7ee39e585\"},\"headline\":\"Internacionales\\\/\\\/\\\/Carolina Alonso Romei\\\/\\\/\\\/Greta Thunberg zarpar\u00e1 de Estados Unidos rumbo a Espa\u00f1a\",\"datePublished\":\"2019-11-13T03:15:17+00:00\",\"mainEntityOfPage\":{\"@id\":\"https:\\\/\\\/quehacerpolitico.mx\\\/?p=44213\"},\"wordCount\":379,\"commentCount\":0,\"image\":{\"@id\":\"https:\\\/\\\/quehacerpolitico.mx\\\/?p=44213#primaryimage\"},\"thumbnailUrl\":\"\",\"articleSection\":[\"Internacionales\"],\"inLanguage\":\"es\",\"potentialAction\":[{\"@type\":\"CommentAction\",\"name\":\"Comment\",\"target\":[\"https:\\\/\\\/quehacerpolitico.mx\\\/?p=44213#respond\"]}]},{\"@type\":\"WebPage\",\"@id\":\"https:\\\/\\\/quehacerpolitico.mx\\\/?p=44213\",\"url\":\"https:\\\/\\\/quehacerpolitico.mx\\\/?p=44213\",\"name\":\"Internacionales\\\/\\\/\\\/Carolina Alonso Romei\\\/\\\/\\\/Greta Thunberg zarpar\u00e1 de Estados Unidos rumbo a Espa\u00f1a -\",\"isPartOf\":{\"@id\":\"https:\\\/\\\/quehacerpolitico.mx\\\/#website\"},\"primaryImageOfPage\":{\"@id\":\"https:\\\/\\\/quehacerpolitico.mx\\\/?p=44213#primaryimage\"},\"image\":{\"@id\":\"https:\\\/\\\/quehacerpolitico.mx\\\/?p=44213#primaryimage\"},\"thumbnailUrl\":\"\",\"datePublished\":\"2019-11-13T03:15:17+00:00\",\"author\":{\"@id\":\"https:\\\/\\\/quehacerpolitico.mx\\\/#\\\/schema\\\/person\\\/496d8ad2d1d3f8036101dca7ee39e585\"},\"breadcrumb\":{\"@id\":\"https:\\\/\\\/quehacerpolitico.mx\\\/?p=44213#breadcrumb\"},\"inLanguage\":\"es\",\"potentialAction\":[{\"@type\":\"ReadAction\",\"target\":[\"https:\\\/\\\/quehacerpolitico.mx\\\/?p=44213\"]}]},{\"@type\":\"ImageObject\",\"inLanguage\":\"es\",\"@id\":\"https:\\\/\\\/quehacerpolitico.mx\\\/?p=44213#primaryimage\",\"url\":\"\",\"contentUrl\":\"\"},{\"@type\":\"BreadcrumbList\",\"@id\":\"https:\\\/\\\/quehacerpolitico.mx\\\/?p=44213#breadcrumb\",\"itemListElement\":[{\"@type\":\"ListItem\",\"position\":1,\"name\":\"Inicio\",\"item\":\"https:\\\/\\\/quehacerpolitico.mx\\\/\"},{\"@type\":\"ListItem\",\"position\":2,\"name\":\"Internacionales\\\/\\\/\\\/Carolina Alonso Romei\\\/\\\/\\\/Greta Thunberg zarpar\u00e1 de Estados Unidos rumbo a Espa\u00f1a\"}]},{\"@type\":\"WebSite\",\"@id\":\"https:\\\/\\\/quehacerpolitico.mx\\\/#website\",\"url\":\"https:\\\/\\\/quehacerpolitico.mx\\\/\",\"name\":\"\",\"description\":\"\",\"potentialAction\":[{\"@type\":\"SearchAction\",\"target\":{\"@type\":\"EntryPoint\",\"urlTemplate\":\"https:\\\/\\\/quehacerpolitico.mx\\\/?s={search_term_string}\"},\"query-input\":{\"@type\":\"PropertyValueSpecification\",\"valueRequired\":true,\"valueName\":\"search_term_string\"}}],\"inLanguage\":\"es\"},{\"@type\":\"Person\",\"@id\":\"https:\\\/\\\/quehacerpolitico.mx\\\/#\\\/schema\\\/person\\\/496d8ad2d1d3f8036101dca7ee39e585\",\"name\":\"Redacci\u00f3n QP\",\"image\":{\"@type\":\"ImageObject\",\"inLanguage\":\"es\",\"@id\":\"https:\\\/\\\/secure.gravatar.com\\\/avatar\\\/c7164ed6fdec453195284ad24a5ae5b6e1eed2b848477fa2a4787ba9adf39a41?s=96&d=mm&r=g\",\"url\":\"https:\\\/\\\/secure.gravatar.com\\\/avatar\\\/c7164ed6fdec453195284ad24a5ae5b6e1eed2b848477fa2a4787ba9adf39a41?s=96&d=mm&r=g\",\"contentUrl\":\"https:\\\/\\\/secure.gravatar.com\\\/avatar\\\/c7164ed6fdec453195284ad24a5ae5b6e1eed2b848477fa2a4787ba9adf39a41?s=96&d=mm&r=g\",\"caption\":\"Redacci\u00f3n QP\"},\"url\":\"https:\\\/\\\/quehacerpolitico.mx\\\/?author=2\"}]}<\/script>\n<!-- \/ Yoast SEO plugin. -->","yoast_head_json":{"title":"Internacionales\/\/\/Carolina Alonso Romei\/\/\/Greta Thunberg zarpar\u00e1 de Estados Unidos rumbo a Espa\u00f1a -","robots":{"index":"index","follow":"follow","max-snippet":"max-snippet:-1","max-image-preview":"max-image-preview:large","max-video-preview":"max-video-preview:-1"},"canonical":"https:\/\/quehacerpolitico.mx\/?p=44213","og_locale":"es_MX","og_type":"article","og_title":"Internacionales\/\/\/Carolina Alonso Romei\/\/\/Greta Thunberg zarpar\u00e1 de Estados Unidos rumbo a Espa\u00f1a -","og_description":"Greta Thunberg zarpar\u00e1 de Estados Unidos rumbo a Espa\u00f1a Por Carolina Alonso Romei Internacionalista","og_url":"https:\/\/quehacerpolitico.mx\/?p=44213","article_published_time":"2019-11-13T03:15:17+00:00","author":"Redacci\u00f3n QP","twitter_card":"summary_large_image","twitter_misc":{"Escrito por":"Redacci\u00f3n QP","Tiempo de lectura":"2 minutos"},"schema":{"@context":"https:\/\/schema.org","@graph":[{"@type":"Article","@id":"https:\/\/quehacerpolitico.mx\/?p=44213#article","isPartOf":{"@id":"https:\/\/quehacerpolitico.mx\/?p=44213"},"author":{"name":"Redacci\u00f3n QP","@id":"https:\/\/quehacerpolitico.mx\/#\/schema\/person\/496d8ad2d1d3f8036101dca7ee39e585"},"headline":"Internacionales\/\/\/Carolina Alonso Romei\/\/\/Greta Thunberg zarpar\u00e1 de Estados Unidos rumbo a Espa\u00f1a","datePublished":"2019-11-13T03:15:17+00:00","mainEntityOfPage":{"@id":"https:\/\/quehacerpolitico.mx\/?p=44213"},"wordCount":379,"commentCount":0,"image":{"@id":"https:\/\/quehacerpolitico.mx\/?p=44213#primaryimage"},"thumbnailUrl":"","articleSection":["Internacionales"],"inLanguage":"es","potentialAction":[{"@type":"CommentAction","name":"Comment","target":["https:\/\/quehacerpolitico.mx\/?p=44213#respond"]}]},{"@type":"WebPage","@id":"https:\/\/quehacerpolitico.mx\/?p=44213","url":"https:\/\/quehacerpolitico.mx\/?p=44213","name":"Internacionales\/\/\/Carolina Alonso Romei\/\/\/Greta Thunberg zarpar\u00e1 de Estados Unidos rumbo a Espa\u00f1a -","isPartOf":{"@id":"https:\/\/quehacerpolitico.mx\/#website"},"primaryImageOfPage":{"@id":"https:\/\/quehacerpolitico.mx\/?p=44213#primaryimage"},"image":{"@id":"https:\/\/quehacerpolitico.mx\/?p=44213#primaryimage"},"thumbnailUrl":"","datePublished":"2019-11-13T03:15:17+00:00","author":{"@id":"https:\/\/quehacerpolitico.mx\/#\/schema\/person\/496d8ad2d1d3f8036101dca7ee39e585"},"breadcrumb":{"@id":"https:\/\/quehacerpolitico.mx\/?p=44213#breadcrumb"},"inLanguage":"es","potentialAction":[{"@type":"ReadAction","target":["https:\/\/quehacerpolitico.mx\/?p=44213"]}]},{"@type":"ImageObject","inLanguage":"es","@id":"https:\/\/quehacerpolitico.mx\/?p=44213#primaryimage","url":"","contentUrl":""},{"@type":"BreadcrumbList","@id":"https:\/\/quehacerpolitico.mx\/?p=44213#breadcrumb","itemListElement":[{"@type":"ListItem","position":1,"name":"Inicio","item":"https:\/\/quehacerpolitico.mx\/"},{"@type":"ListItem","position":2,"name":"Internacionales\/\/\/Carolina Alonso Romei\/\/\/Greta Thunberg zarpar\u00e1 de Estados Unidos rumbo a Espa\u00f1a"}]},{"@type":"WebSite","@id":"https:\/\/quehacerpolitico.mx\/#website","url":"https:\/\/quehacerpolitico.mx\/","name":"","description":"","potentialAction":[{"@type":"SearchAction","target":{"@type":"EntryPoint","urlTemplate":"https:\/\/quehacerpolitico.mx\/?s={search_term_string}"},"query-input":{"@type":"PropertyValueSpecification","valueRequired":true,"valueName":"search_term_string"}}],"inLanguage":"es"},{"@type":"Person","@id":"https:\/\/quehacerpolitico.mx\/#\/schema\/person\/496d8ad2d1d3f8036101dca7ee39e585","name":"Redacci\u00f3n QP","image":{"@type":"ImageObject","inLanguage":"es","@id":"https:\/\/secure.gravatar.com\/avatar\/c7164ed6fdec453195284ad24a5ae5b6e1eed2b848477fa2a4787ba9adf39a41?s=96&d=mm&r=g","url":"https:\/\/secure.gravatar.com\/avatar\/c7164ed6fdec453195284ad24a5ae5b6e1eed2b848477fa2a4787ba9adf39a41?s=96&d=mm&r=g","contentUrl":"https:\/\/secure.gravatar.com\/avatar\/c7164ed6fdec453195284ad24a5ae5b6e1eed2b848477fa2a4787ba9adf39a41?s=96&d=mm&r=g","caption":"Redacci\u00f3n QP"},"url":"https:\/\/quehacerpolitico.mx\/?author=2"}]}},"featured_image_urls":{"full":"","thumbnail":"","medium":"","medium_large":"","large":"","1536x1536":"","2048x2048":"","covernews-featured":"","covernews-medium":""},"author_info":{"display_name":"Redacci\u00f3n QP","author_link":"https:\/\/quehacerpolitico.mx\/?author=2"},"category_info":"<a href=\"https:\/\/quehacerpolitico.mx\/?cat=1\" rel=\"category\">Internacionales<\/a>","tag_info":"Internacionales","comment_count":"0","_links":{"self":[{"href":"https:\/\/quehacerpolitico.mx\/index.php?rest_route=\/wp\/v2\/posts\/44213","targetHints":{"allow":["GET"]}}],"collection":[{"href":"https:\/\/quehacerpolitico.mx\/index.php?rest_route=\/wp\/v2\/posts"}],"about":[{"href":"https:\/\/quehacerpolitico.mx\/index.php?rest_route=\/wp\/v2\/types\/post"}],"author":[{"embeddable":true,"href":"https:\/\/quehacerpolitico.mx\/index.php?rest_route=\/wp\/v2\/users\/2"}],"replies":[{"embeddable":true,"href":"https:\/\/quehacerpolitico.mx\/index.php?rest_route=%2Fwp%2Fv2%2Fcomments&post=44213"}],"version-history":[{"count":0,"href":"https:\/\/quehacerpolitico.mx\/index.php?rest_route=\/wp\/v2\/posts\/44213\/revisions"}],"wp:featuredmedia":[{"embeddable":true,"href":"https:\/\/quehacerpolitico.mx\/index.php?rest_route=\/"}],"wp:attachment":[{"href":"https:\/\/quehacerpolitico.mx\/index.php?rest_route=%2Fwp%2Fv2%2Fmedia&parent=44213"}],"wp:term":[{"taxonomy":"category","embeddable":true,"href":"https:\/\/quehacerpolitico.mx\/index.php?rest_route=%2Fwp%2Fv2%2Fcategories&post=44213"},{"taxonomy":"post_tag","embeddable":true,"href":"https:\/\/quehacerpolitico.mx\/index.php?rest_route=%2Fwp%2Fv2%2Ftags&post=44213"}],"curies":[{"name":"wp","href":"https:\/\/api.w.org\/{rel}","templated":true}]}}