{"id":44182,"date":"2019-11-12T15:46:31","date_gmt":"2019-11-12T15:46:31","guid":{"rendered":"http:\/\/quehacerpolitico.mx\/movilizaciones-de-hoy-en-la-cdmx-atentos\/"},"modified":"2019-11-12T15:46:31","modified_gmt":"2019-11-12T15:46:31","slug":"movilizaciones-de-hoy-en-la-cdmx-atentos","status":"publish","type":"post","link":"https:\/\/quehacerpolitico.mx\/?p=44182","title":{"rendered":"Movilizaciones de hoy en la CDMX atentos!"},"content":{"rendered":"<p>Movilizaciones de hoy en la CDMX atentos!<br \/>Por Redacci\u00f3n QP<\/p>\n<p>MARCHA.<br \/>07:00 hrs.<\/p>\n<p>PARQUE DE LA MEXICANIDAD.<br \/>Av. Jos\u00e9 Mar\u00eda Pino Su\u00e1rez s\/n. Esquina Plaza de la Constituci\u00f3n<br \/>Col. Centro Hist\u00f3rico Alcald\u00eda Cuauht\u00e9moc.<\/p>\n<p>Rumbo al:<\/p>\n<p>CONGRESO DE LA CIUDAD DE M\u00c9XICO.<br \/>Calle Donceles y Calle Allende s\/n. Col. Centro Hist\u00f3rico Alcald\u00eda Cuauht\u00e9moc.<\/p>\n<p>UNI\u00d3N CIUDADANA DEMOCR\u00c1TICA (UCD).<\/p>\n<p>Dirigente: C\u00e9sar Lonche.<\/p>\n<p>Motivo: Realizar\u00e1n una Marcha para acudir a una reuni\u00f3n que sostendr\u00e1n con legisladores, a fin de tratar sobre su demanda referente a la designaci\u00f3n de presupuesto para la construcci\u00f3n de vivienda social.<\/p>\n<p>Posible ruta:<br \/>&#8211; Avenida Jos\u00e9 Mar\u00eda Pino Su\u00e1rez \u2013 Plaza de la Constituci\u00f3n \u2013 Calle Monte de Piedad \u2013 Rep\u00fablica de Brasil \u2013 Calle Donceles.<\/p>\n<p>Observaciones: No se descarta la afectaci\u00f3n de vialidades durante el desarrollo de sus actividades.<\/p>\n<p>***************************************<br \/>MARCHA.<br \/>10:00 hrs.<\/p>\n<p>ESTACI\u00d3N \u201cSAN L\u00c1ZARO\u201d DE LA L\u00cdNEA 1 Y B DEL SISTEMA DE TRANSPORTE COLECTIVO (STC) METRO.<br \/>Av. Ing. Eduardo Molina Esquina Calzada Ignacio Zaragoza Col. 7 de Julio Alc. Venustiano Carranza.<\/p>\n<p>Rumbo a la:<\/p>\n<p>C\u00c1MARA DE DIPUTADOS.<br \/>Av. H. Congreso de la Uni\u00f3n #66<br \/>Col. El Parque Alcald\u00eda Venustiano Carranza.<\/p>\n<p>ALIANZA DE TRABAJADORES DE LA SALUD Y EMPLEADOS P\u00daBLICOS.<\/p>\n<p>Dirigente: Jos\u00e9 Antonio Vital Galicia.<\/p>\n<p>Motivo: Realizar\u00e1n una Marcha denominada \u201c\u00a1Justicia Salarial y Laboral, para Todos!\u201d, en protesta contra del subejercicio del presupuesto en salud y para exigir salario integrado para todos los trabajadores.<\/p>\n<p>Actividades:<br \/>&#8211; Se prev\u00e9 que al t\u00e9rmino realicen un mitin como medida de protesta, exigiendo el cumplimiento de sus demandas.<\/p>\n<p>Posible ruta:<br \/>&#8211; Avenida Ing. Eduardo Molina \u2013 Av. Emiliano Zapata \u2013 Av. Congreso de la Uni\u00f3n.<\/p>\n<p>Observaciones: No se descarta se sumen en apoyo otras organizaciones de trabajadores de la salud y la afectaci\u00f3n de vialidades durante el desarrollo de sus actividades.<\/p>\n<p>***************************************<br \/>CAMINATA.<br \/>08:00 hrs.<\/p>\n<p>HOSPITAL INFANTIL FEDERICO G\u00d3MEZ. Calle Doctor M\u00e1rquez #162<br \/>Col. Doctores Alc. Cuauht\u00e9moc.<\/p>\n<p>Rumbo al:<\/p>\n<p>SENADO DE LA REP\u00daBLICA.<br \/>Av. Paseo de la Reforma #135 Col. Tabacalera Alc. Cuauht\u00e9moc.<\/p>\n<p>PADRES DE NI\u00d1OS CON C\u00c1NCER Y FRENTE NACIONAL POR LA FAMILIA.<\/p>\n<p>Motivo: Realizar\u00e1n una caminata simb\u00f3lica como medida de presi\u00f3n por la falta de medicamentos en los hospitales p\u00fablicos y la incertidumbre en la abrogaci\u00f3n del Seguro Popular.<\/p>\n<p>Posible ruta:<br \/>&#8211; Calle Doctor M\u00e1rquez \u2013 Avenida Cuauht\u00e9moc \u2013 Calle Bucareli \u2013 Calle Atenas \u2013 Calle Versalles \u2013 Avenida Paseo de la Reforma.<\/p>\n<p>Observaciones: No se descarta la afectaci\u00f3n de vialidades durante el desarrollo de sus actividades.<\/p>\n<blockquote class=\"twitter-tweet\" data-width=\"550\" data-dnt=\"true\">\n<p lang=\"es\" dir=\"ltr\">\u00a1Buenos d\u00edas! Para este martes 12 de noviembre se esperan las siguientes movilizaciones \ud83d\udea7\ud83d\udce3 en la Ciudad de M\u00e9xico. <a href=\"https:\/\/twitter.com\/hashtag\/MovilidadCDMX?src=hash&amp;ref_src=twsrc%5Etfw\">#MovilidadCDMX<\/a> <a href=\"https:\/\/twitter.com\/hashtag\/C5?src=hash&amp;ref_src=twsrc%5Etfw\">#C5<\/a> <a href=\"https:\/\/t.co\/GEwIEjfVjI\">pic.twitter.com\/GEwIEjfVjI<\/a><\/p>\n<p>&mdash; C5 CDMX (@C5_CDMX) <a href=\"https:\/\/twitter.com\/C5_CDMX\/status\/1194251909324066821?ref_src=twsrc%5Etfw\">November 12, 2019<\/a><\/p><\/blockquote>\n<p><script async src=\"https:\/\/platform.twitter.com\/widgets.js\" charset=\"utf-8\"><\/script><\/p>\n<p>***************************************<br \/>CAMINATA.<br \/>13:00 hrs.<\/p>\n<p>\u201cPATIO DE LOS PINOS\u201d DE LA FACULTAD DE INGENIER\u00cdA DE LA UNIVERSIDAD NACIONAL AUT\u00d3NOMA DE M\u00c9XICO (UNAM).<br \/>Av. Insurgentes Sur #3000 Circuito Exterior s\/n. Ciudad Universitaria Alcald\u00eda Coyoac\u00e1n.<\/p>\n<p>Rumbo a la:<\/p>\n<p>FACULTAD DE ARQUITECTURA DE LA UNIVERSIDAD NACIONAL AUT\u00d3NOMA DE M\u00c9XICO (UNAM).<br \/>Av. Insurgentes Sur #3000 Circuito Escolar s\/n. Ciudad Universitaria Alc. Coyoac\u00e1n.<\/p>\n<p>ACTIVISTAS FEMINISTAS SEPARATISTAS DE LA FACULTAD DE ARQUITECTURA DE LA UNIVERSIDAD NACIONAL AUT\u00d3NOMA DE M\u00c9XICO (UNAM).<\/p>\n<p>Motivo: Llevar\u00e1n a cabo una Caminata para acudir a la \u201cPrimera Asamblea Separatista\u201d, en donde se acordar\u00e1 el plan de acci\u00f3n a seguir, en contra de la violencia que se sufre en todos los planteles (Bachillerato y Educaci\u00f3n Superior) de la Universidad Nacional Aut\u00f3noma de M\u00e9xico.<\/p>\n<p>Posible ruta:<br \/>&#8211; Circuito Exterior \u2013 Circuito Escolar.<\/p>\n<p>Observaciones: No se descarta se sumen en apoyo colectivos feministas, activistas y estudiantiles de las distintas facultades de la UNAM; as\u00ed como que realicen brigadeo informativo en las inmediaciones de Ciudad Universitaria, adem\u00e1s de pintas durante el trayecto de su caminata como medida de protesta.<\/p>\n<p>***************************************<br \/>CONCENTRACI\u00d3N.<br \/>08:00 hrs.<\/p>\n<p>CONGRESO DE LA CIUDAD DE M\u00c9XICO.<br \/>Calle Donceles y Calle Allende s\/n. Col. Centro Hist\u00f3rico Alcald\u00eda Cuauht\u00e9moc.<\/p>\n<p>UNI\u00d3N MEXICANA DE FOT\u00d3GRAFOS Y CAMAR\u00d3GRAFOS DE VIDEO DE CEREMONIAS ECLESI\u00c1STICAS SOCIALES Y OFICIALES, UNI\u00d3N DE M\u00daSICOS NORTE\u00d1OS DE LA CIUDAD DE M\u00c9XICO, UNI\u00d3N DE VENDEDORES DE REVISTAS Y PUBLICACIONES ATRASADAS DE LA REP\u00daBLICA MEXICANA, UNI\u00d3N DE ASEADORES DE CALZADO DE LA CIUDAD DE M\u00c9XICO, UNI\u00d3N MEXICANA DE TROVADORES DE LA CIUDAD DE M\u00c9XICO, UNI\u00d3N DE TRABAJADORES DE ARTESAN\u00cdAS MEXICANAS, COOPERATIVA NO ASALARIADA DE CAFETEROS, UNI\u00d3N DE ORGANILLEROS DE M\u00c9XICO Y EL FRENTE EN DEFENSA DEL TRABAJO NO ASALARIADO.<\/p>\n<p>Dirigentes: Gabriel Hern\u00e1ndez Garrido, Secretario General de la Uni\u00f3n de M\u00fasicos Norte\u00f1os en la Ciudad de M\u00e9xico, V\u00edctor Miguel P\u00e9rez Serrano de la Uni\u00f3n de Aseadores de Calzado, Guillermo Ramayo Garc\u00eda de la Uni\u00f3n Mexicana de Trovadores y Rodrigo Erick D\u00edaz P\u00e9rez de la Uni\u00f3n Mexicana de Fot\u00f3grafos y Camar\u00f3grafos de Video y Ceremonias Eclesi\u00e1sticas Sociales y Oficiales.<\/p>\n<p>Motivo: Realizar\u00e1n una Manifestaci\u00f3n con la finalidad de presentarle a los legisladores sus propuestas para la \u201cLey de Trabajo no Asalariado\u201d, con fundamento en los art\u00edculos 1o, 6o, 7o, 8\u00b0y 9o de la Constituci\u00f3n Pol\u00edtica de los Estados Unidos Mexicanos.<\/p>\n<p>Actividades:<br \/>&#8211; 09:00 hrs. Llevar\u00e1n a cabo el Evento Pol\u00edtico Cultural \u201cPor Una Ley de Trabajo No Asalariado, que defienda los derechos y las conquistas laborales obtenidas en el pasado\u201d.<\/p>\n<p>Observaciones: No se descarta se sumen en apoyo otras organizaciones de comerciantes y trabajadores no asalariados; as\u00ed como la afectaci\u00f3n de vialidades durante el desarrollo de sus actividades.<\/p>\n<p>****************************************<br \/>CONCENTRACI\u00d3N.<br \/>10:00 hrs.<\/p>\n<p>C\u00c1MARA DE DIPUTADOS.<br \/>Av. H. Congreso de la Uni\u00f3n #66<br \/>Col. El Parque Alc. Venustiano Carranza.<\/p>\n<p>MOVIMIENTO ANTORCHISTA NACIONAL, DE LA CIUDAD DE M\u00c9XICO Y DEL ESTADO DE PUEBLA.<\/p>\n<p>Convocan: Homero Aguirre Enr\u00edquez, Vocero Nacional del Movimiento Antorchista, Gloria Brito N\u00e1jera, l\u00edder de Antorcha en la Ciudad de M\u00e9xico y Dra. Soraya C\u00f3rdoba Mor\u00e1n, Dirigente del Movimiento Antorchista de Puebla.<\/p>\n<p>Motivo: Realizar\u00e1n una Manifestaci\u00f3n e instalar\u00e1n un Plant\u00f3n hasta el d\u00eda de la aprobaci\u00f3n del Presupuesto de Egresos de la Federaci\u00f3n, para exigir que la Comisi\u00f3n de Presupuesto de la C\u00e1mara de Diputados, reconsidere la programaci\u00f3n del gasto para obras y servicios de primera necesidad en pueblos y colonias marginadas del pa\u00eds; as\u00ed como en contra del recorte a programas sociales que perjudican a m\u00e1s de 300 millones de mexicanos.<\/p>\n<p>Observaciones: No se descarta el arribo de autobuses que transportan a los manifestantes al punto de concentraci\u00f3n, provenientes de los diferentes Estados del pa\u00eds y la afectaci\u00f3n de vialidades durante el desarrollo de sus actividades.<\/p>\n<p>****************************************<br \/>CONCENTRACI\u00d3N.<br \/>06:00 hrs.<\/p>\n<p>CENTRO DE MANDO DE LA POLIC\u00cdA FEDERAL (BASE CONTEL). <br \/>Anillo Perif\u00e9rico #85 Col. Chinampac<br \/>Alc. Iztapalapa.<\/p>\n<p>AEROPUERTO INTERNACIONAL DE LA CIUDAD DE M\u00c9XICO (AICM). <br \/>Av. Capit\u00e1n Carlos Le\u00f3n S\/N Col. Pe\u00f1\u00f3n de los Ba\u00f1os Alc. Venustiano Carranza.<\/p>\n<p>ELEMENTOS DE LA POLIC\u00cdA FEDERAL.<\/p>\n<p>Dirigente: Lic. Enrique Carpizo Aguilar.<\/p>\n<p>Motivo: Se manifestaran por la falta de pago de su indemnizaci\u00f3n.<\/p>\n<p>Observaciones: No se descarta la presencia de familiares y p\u00fablico en general en apoyo; as\u00ed como la afectaci\u00f3n de vialidades durante el desarrollo de sus actividades.<\/p>\n<p>****************************************<br \/>CONCENTRACI\u00d3N.<br \/>08:00 hrs.<\/p>\n<p>SECRETAR\u00cdA DE AGRICULTURA Y DESARROLLO RURAL (SADER).<br \/>Av. Municipio Libre #377 Col. Santa Cruz Atoyac Alc. Benito Ju\u00e1rez.<\/p>\n<p>PRODUCTORES DE FRIJOL DEL ESTADO DE ZACATECAS.<\/p>\n<p>Convoca: Santos Ramiro Hinojosa Aguayo, Dirigente.<\/p>\n<p>Motivo: Se manifestar\u00e1n para exigir recursos para la siembra de frijol en sus tierras.<\/p>\n<p>Observaciones: No se descarta la afectaci\u00f3n de vialidades durante el desarrollo de sus actividades.<\/p>\n<p>****************************************<br \/>CONCENTRACI\u00d3N.<br \/>11:00 hrs.<\/p>\n<p>OFICINAS CENTRALES DEL INSTITUTO NACIONAL DE ANTROPOLOG\u00cdA E HISTORIA (INHA).<br \/>Calle C\u00f3rdoba #45 Col. Roma Alcald\u00eda Cuauht\u00e9moc.<\/p>\n<p>SINDICATO NACIONAL DE PROFESORES DE INVESTIGACI\u00d3N CIENT\u00cdFICA Y DOCENCIA DEL (SNPICD-INAH), SINDICATO NACIONAL DE ARQUITECTOS CONSERVADORES DEL PATRIMONIO CULTURAL (SNACPC-INAH), SINDICATO NACIONAL DE TRABAJADORES ADMINISTRATIVOS, MANUALES, T\u00c9CNICOS Y PROFESIONISTAS (SNTAMTP-INAH) Y SINDICATO NACIONAL DE. RESTAURADORES (SINAR-INAH).<\/p>\n<p>Convocan: Secretarios Generales Gustavo Ram\u00edrez (SNPICD), Alejandro Villalobos (SNACPC), Silvia Loza L\u00f3pez (SNTAMTP) y Ximena Mu\u00f1oz (SINAR).<\/p>\n<p>Motivo: Realizar\u00e1n un Mitin para exigir el respeto a los acuerdos ya pactados en mesas de negociaci\u00f3n y la firma inmediata de los Convenios de Prestaciones Socioecon\u00f3micas para el Bienio 2019 \u2013 2021.<\/p>\n<p>Observaciones: No se descarta se sumen en apoyo a sus demandas administrativos, t\u00e9cnicos y profesionistas del INAH; as\u00ed como la afectaci\u00f3n de vialidades durante el desarrollo de sus actividades.<\/p>\n<p>****************************************<br \/>CONCENTRACI\u00d3N.<br \/>12:00 hrs.<\/p>\n<p>ESPEJO DE AGUA DE LA<br \/>UNIVERSIDAD NACIONAL AUT\u00d3NOMA DE M\u00c9XICO (UNAM).<br \/>Av. Insurgentes Sur #3000 Circuito Escolar s\/n. Ciudad Universitaria Alc. Coyoac\u00e1n.<\/p>\n<p>ESTUDIANTES, TRABAJADORES Y ACAD\u00c9MICOS DE LA UNIVERSIDAD NACIONAL AUT\u00d3NOMA DE M\u00c9XICO (UNAM).<\/p>\n<p>Motivo: Realizar\u00e1n un Evento Pol\u00edtico Cultural denominado \u201cFestival por la Democratizaci\u00f3n\u201d, en el que se dar\u00e1n a conocer los resultados de la Consulta Universitaria con respecto a la educaci\u00f3n p\u00fablica y gratuita, el presupuesto, la situaci\u00f3n laboral, los programas de estudio y la violencia hacia las mujeres.<\/p>\n<p>Observaciones: No se descarta realicen brigadeo informativo en las inmediaciones de Ciudad Universitaria.<\/p>\n<p>****************************************<br \/>CONCENTRACI\u00d3N.<br \/>15:00 hrs.<\/p>\n<p>EMBAJADA DE ESTADOS UNIDOS EN M\u00c9XICO.<br \/>Av. Paseo de la Reforma #305<br \/>Col. Cuauht\u00e9moc Alc. Cuauht\u00e9moc.<\/p>\n<p>FEDERACI\u00d3N DE J\u00d3VENES COMUNISTAS (FJC), JUVENTUD POPULAR SOCIALISTA (JPS) Y FEDERACI\u00d3N MUNDIAL DE LA JUVENTUD DEMOCR\u00c1TICA EN M\u00c9XICO.<\/p>\n<p>Motivo: Se manifestar\u00e1n para protestar en contra del golpe de estado en Bolivia por las fuerzas de la reacci\u00f3n interna y el imperialismo norteamericano; as\u00ed como en solidaridad con el pueblo trabajador de aquel pa\u00eds.<\/p>\n<p>Observaciones: No se descarta se sumen en apoyo otras organizaciones sociopol\u00edticas y la afectaci\u00f3n de vialidades durante el desarrollo de sus actividades.<\/p>\n<p>****************************************<br \/>CONCENTRACI\u00d3N.<br \/>16:00 hrs.<\/p>\n<p>SEDE DEL PARTIDO ACCI\u00d3N NACIONAL (PAN).<br \/>Av. Coyoac\u00e1n #1546 Col. Del Valle Centro Alc. Benito Ju\u00e1rez.<\/p>\n<p>GRUPO DE ACCI\u00d3N REVOLUCIONARIA (GAR), JUVENTUD REVOLUCIONARIA (JR) Y ROSAS ROJAS.<\/p>\n<p>Motivo: Se manifestar\u00e1n para protestar en contra del golpe de estado en Bolivia; as\u00ed como en solidaridad con el pueblo trabajador de aquel pa\u00eds.<\/p>\n<p>Observaciones: No se descarta se sumen en apoyo otras organizaciones sociopol\u00edticas y la afectaci\u00f3n de vialidades durante el desarrollo de sus actividades.<\/p>\n<p>***************************************<br \/>CONCENTRACI\u00d3N.<br \/>Durante el d\u00eda.<\/p>\n<p>C\u00c1MARA DE DIPUTADOS.<br \/>Av. H. Congreso de la Uni\u00f3n #66<br \/>Col. El Parque Alc. Venustiano Carranza.<\/p>\n<p>CONFERENCIA NACIONAL DE MUNICIPIOS DE M\u00c9XICO (CONAMM) Y ASOCIACI\u00d3N NACIONAL DE ALCALDES.<\/p>\n<p>Dirigente: Enrique Vargas del Villar, Presidente Municipal de Huixquilucan de Degollado.<\/p>\n<p>Motivo: Se manifestar\u00e1n con el fin de exigir a la Comisi\u00f3n de Presupuesto y Cuenta P\u00fablica de la C\u00e1mara de Diputados, soluci\u00f3n a su demanda de mayor presupuesto destinado a los Municipios, en el paquete econ\u00f3mico 2020.<\/p>\n<p>Observaciones: No se descarta la afectaci\u00f3n de vialidades durante el desarrollo de sus actividades.<\/p>\n<p>***************************************<br \/>CONCENTRACI\u00d3N.<br \/>Durante el d\u00eda.<\/p>\n<p>V\u00cdA P\u00daBLICA.<br \/>Av. Renato Leduc Esquina Sill\u00f3n de Mendoza Col. Toriello Guerra Alc. Tlalpan.<\/p>\n<p>VECINOS DE LA COLONIA DEL PUEBLO QUIETO, ALCALD\u00cdA TLALPAN.<\/p>\n<p>Dirigente: Luis Gardu\u00f1o.<\/p>\n<p>Motivo: Se manifestar\u00e1n para exigir a las autoridades de la alcald\u00eda Tlalpan, se regularice el servicio de agua potable en la zona.<\/p>\n<p>Observaciones: No se descarta la afectaci\u00f3n de vialidades durante el desarrollo de sus actividades.<\/p>\n<p>****************************************<br \/>CONCENTRACI\u00d3N.<br \/>09:00 hrs.<\/p>\n<p>GRAN HOTEL DE LA CIUDAD DE M\u00c9XICO.<br \/>Calle 16 de Septiembre #82 Col. Centro Hist\u00f3rico Alc. Cuauht\u00e9moc.<\/p>\n<p>COMUNIDAD BOLIVIANA RESIDENTE EN M\u00c9XICO.<\/p>\n<p>Motivo: Otorgar\u00e1n una Conferencia de Prensa para informar sobre la situaci\u00f3n pol\u00edtica que vive Bolivia<\/p>\n<p>Observaciones: Se prev\u00e9 acudan al evento medios de comunicaci\u00f3n y organizaciones sociales.<\/p>\n","protected":false},"excerpt":{"rendered":"<p>Movilizaciones de hoy en la CDMX atentos!<br \/>\nPor Redacci\u00f3n QP<\/p>\n","protected":false},"author":2,"featured_media":44181,"comment_status":"open","ping_status":"open","sticky":false,"template":"","format":"standard","meta":{"_monsterinsights_skip_tracking":false,"_monsterinsights_sitenote_active":false,"_monsterinsights_sitenote_note":"","_monsterinsights_sitenote_category":0,"footnotes":""},"categories":[55],"tags":[],"class_list":["post-44182","post","type-post","status-publish","format-standard","has-post-thumbnail","hentry","category-cdmx"],"yoast_head":"<!-- This site is optimized with the Yoast SEO plugin v27.3 - https:\/\/yoast.com\/product\/yoast-seo-wordpress\/ -->\n<title>Movilizaciones de hoy en la CDMX atentos! -<\/title>\n<meta name=\"robots\" content=\"index, follow, max-snippet:-1, max-image-preview:large, max-video-preview:-1\" \/>\n<link rel=\"canonical\" href=\"https:\/\/quehacerpolitico.mx\/?p=44182\" \/>\n<meta property=\"og:locale\" content=\"es_MX\" \/>\n<meta property=\"og:type\" content=\"article\" \/>\n<meta property=\"og:title\" content=\"Movilizaciones de hoy en la CDMX atentos! -\" \/>\n<meta property=\"og:description\" content=\"Movilizaciones de hoy en la CDMX atentos! Por Redacci\u00f3n QP\" \/>\n<meta property=\"og:url\" content=\"https:\/\/quehacerpolitico.mx\/?p=44182\" \/>\n<meta property=\"article:published_time\" content=\"2019-11-12T15:46:31+00:00\" \/>\n<meta name=\"author\" content=\"Redacci\u00f3n QP\" \/>\n<meta name=\"twitter:card\" content=\"summary_large_image\" \/>\n<meta name=\"twitter:label1\" content=\"Escrito por\" \/>\n\t<meta name=\"twitter:data1\" content=\"Redacci\u00f3n QP\" \/>\n\t<meta name=\"twitter:label2\" content=\"Tiempo de lectura\" \/>\n\t<meta name=\"twitter:data2\" content=\"10 minutos\" \/>\n<script type=\"application\/ld+json\" class=\"yoast-schema-graph\">{\"@context\":\"https:\\\/\\\/schema.org\",\"@graph\":[{\"@type\":\"Article\",\"@id\":\"https:\\\/\\\/quehacerpolitico.mx\\\/?p=44182#article\",\"isPartOf\":{\"@id\":\"https:\\\/\\\/quehacerpolitico.mx\\\/?p=44182\"},\"author\":{\"name\":\"Redacci\u00f3n QP\",\"@id\":\"https:\\\/\\\/quehacerpolitico.mx\\\/#\\\/schema\\\/person\\\/496d8ad2d1d3f8036101dca7ee39e585\"},\"headline\":\"Movilizaciones de hoy en la CDMX atentos!\",\"datePublished\":\"2019-11-12T15:46:31+00:00\",\"mainEntityOfPage\":{\"@id\":\"https:\\\/\\\/quehacerpolitico.mx\\\/?p=44182\"},\"wordCount\":1963,\"commentCount\":0,\"image\":{\"@id\":\"https:\\\/\\\/quehacerpolitico.mx\\\/?p=44182#primaryimage\"},\"thumbnailUrl\":\"\",\"articleSection\":[\"CDMX\"],\"inLanguage\":\"es\",\"potentialAction\":[{\"@type\":\"CommentAction\",\"name\":\"Comment\",\"target\":[\"https:\\\/\\\/quehacerpolitico.mx\\\/?p=44182#respond\"]}]},{\"@type\":\"WebPage\",\"@id\":\"https:\\\/\\\/quehacerpolitico.mx\\\/?p=44182\",\"url\":\"https:\\\/\\\/quehacerpolitico.mx\\\/?p=44182\",\"name\":\"Movilizaciones de hoy en la CDMX atentos! -\",\"isPartOf\":{\"@id\":\"https:\\\/\\\/quehacerpolitico.mx\\\/#website\"},\"primaryImageOfPage\":{\"@id\":\"https:\\\/\\\/quehacerpolitico.mx\\\/?p=44182#primaryimage\"},\"image\":{\"@id\":\"https:\\\/\\\/quehacerpolitico.mx\\\/?p=44182#primaryimage\"},\"thumbnailUrl\":\"\",\"datePublished\":\"2019-11-12T15:46:31+00:00\",\"author\":{\"@id\":\"https:\\\/\\\/quehacerpolitico.mx\\\/#\\\/schema\\\/person\\\/496d8ad2d1d3f8036101dca7ee39e585\"},\"breadcrumb\":{\"@id\":\"https:\\\/\\\/quehacerpolitico.mx\\\/?p=44182#breadcrumb\"},\"inLanguage\":\"es\",\"potentialAction\":[{\"@type\":\"ReadAction\",\"target\":[\"https:\\\/\\\/quehacerpolitico.mx\\\/?p=44182\"]}]},{\"@type\":\"ImageObject\",\"inLanguage\":\"es\",\"@id\":\"https:\\\/\\\/quehacerpolitico.mx\\\/?p=44182#primaryimage\",\"url\":\"\",\"contentUrl\":\"\"},{\"@type\":\"BreadcrumbList\",\"@id\":\"https:\\\/\\\/quehacerpolitico.mx\\\/?p=44182#breadcrumb\",\"itemListElement\":[{\"@type\":\"ListItem\",\"position\":1,\"name\":\"Inicio\",\"item\":\"https:\\\/\\\/quehacerpolitico.mx\\\/\"},{\"@type\":\"ListItem\",\"position\":2,\"name\":\"Movilizaciones de hoy en la CDMX atentos!\"}]},{\"@type\":\"WebSite\",\"@id\":\"https:\\\/\\\/quehacerpolitico.mx\\\/#website\",\"url\":\"https:\\\/\\\/quehacerpolitico.mx\\\/\",\"name\":\"\",\"description\":\"\",\"potentialAction\":[{\"@type\":\"SearchAction\",\"target\":{\"@type\":\"EntryPoint\",\"urlTemplate\":\"https:\\\/\\\/quehacerpolitico.mx\\\/?s={search_term_string}\"},\"query-input\":{\"@type\":\"PropertyValueSpecification\",\"valueRequired\":true,\"valueName\":\"search_term_string\"}}],\"inLanguage\":\"es\"},{\"@type\":\"Person\",\"@id\":\"https:\\\/\\\/quehacerpolitico.mx\\\/#\\\/schema\\\/person\\\/496d8ad2d1d3f8036101dca7ee39e585\",\"name\":\"Redacci\u00f3n QP\",\"image\":{\"@type\":\"ImageObject\",\"inLanguage\":\"es\",\"@id\":\"https:\\\/\\\/secure.gravatar.com\\\/avatar\\\/c7164ed6fdec453195284ad24a5ae5b6e1eed2b848477fa2a4787ba9adf39a41?s=96&d=mm&r=g\",\"url\":\"https:\\\/\\\/secure.gravatar.com\\\/avatar\\\/c7164ed6fdec453195284ad24a5ae5b6e1eed2b848477fa2a4787ba9adf39a41?s=96&d=mm&r=g\",\"contentUrl\":\"https:\\\/\\\/secure.gravatar.com\\\/avatar\\\/c7164ed6fdec453195284ad24a5ae5b6e1eed2b848477fa2a4787ba9adf39a41?s=96&d=mm&r=g\",\"caption\":\"Redacci\u00f3n QP\"},\"url\":\"https:\\\/\\\/quehacerpolitico.mx\\\/?author=2\"}]}<\/script>\n<!-- \/ Yoast SEO plugin. -->","yoast_head_json":{"title":"Movilizaciones de hoy en la CDMX atentos! -","robots":{"index":"index","follow":"follow","max-snippet":"max-snippet:-1","max-image-preview":"max-image-preview:large","max-video-preview":"max-video-preview:-1"},"canonical":"https:\/\/quehacerpolitico.mx\/?p=44182","og_locale":"es_MX","og_type":"article","og_title":"Movilizaciones de hoy en la CDMX atentos! -","og_description":"Movilizaciones de hoy en la CDMX atentos! Por Redacci\u00f3n QP","og_url":"https:\/\/quehacerpolitico.mx\/?p=44182","article_published_time":"2019-11-12T15:46:31+00:00","author":"Redacci\u00f3n QP","twitter_card":"summary_large_image","twitter_misc":{"Escrito por":"Redacci\u00f3n QP","Tiempo de lectura":"10 minutos"},"schema":{"@context":"https:\/\/schema.org","@graph":[{"@type":"Article","@id":"https:\/\/quehacerpolitico.mx\/?p=44182#article","isPartOf":{"@id":"https:\/\/quehacerpolitico.mx\/?p=44182"},"author":{"name":"Redacci\u00f3n QP","@id":"https:\/\/quehacerpolitico.mx\/#\/schema\/person\/496d8ad2d1d3f8036101dca7ee39e585"},"headline":"Movilizaciones de hoy en la CDMX atentos!","datePublished":"2019-11-12T15:46:31+00:00","mainEntityOfPage":{"@id":"https:\/\/quehacerpolitico.mx\/?p=44182"},"wordCount":1963,"commentCount":0,"image":{"@id":"https:\/\/quehacerpolitico.mx\/?p=44182#primaryimage"},"thumbnailUrl":"","articleSection":["CDMX"],"inLanguage":"es","potentialAction":[{"@type":"CommentAction","name":"Comment","target":["https:\/\/quehacerpolitico.mx\/?p=44182#respond"]}]},{"@type":"WebPage","@id":"https:\/\/quehacerpolitico.mx\/?p=44182","url":"https:\/\/quehacerpolitico.mx\/?p=44182","name":"Movilizaciones de hoy en la CDMX atentos! -","isPartOf":{"@id":"https:\/\/quehacerpolitico.mx\/#website"},"primaryImageOfPage":{"@id":"https:\/\/quehacerpolitico.mx\/?p=44182#primaryimage"},"image":{"@id":"https:\/\/quehacerpolitico.mx\/?p=44182#primaryimage"},"thumbnailUrl":"","datePublished":"2019-11-12T15:46:31+00:00","author":{"@id":"https:\/\/quehacerpolitico.mx\/#\/schema\/person\/496d8ad2d1d3f8036101dca7ee39e585"},"breadcrumb":{"@id":"https:\/\/quehacerpolitico.mx\/?p=44182#breadcrumb"},"inLanguage":"es","potentialAction":[{"@type":"ReadAction","target":["https:\/\/quehacerpolitico.mx\/?p=44182"]}]},{"@type":"ImageObject","inLanguage":"es","@id":"https:\/\/quehacerpolitico.mx\/?p=44182#primaryimage","url":"","contentUrl":""},{"@type":"BreadcrumbList","@id":"https:\/\/quehacerpolitico.mx\/?p=44182#breadcrumb","itemListElement":[{"@type":"ListItem","position":1,"name":"Inicio","item":"https:\/\/quehacerpolitico.mx\/"},{"@type":"ListItem","position":2,"name":"Movilizaciones de hoy en la CDMX atentos!"}]},{"@type":"WebSite","@id":"https:\/\/quehacerpolitico.mx\/#website","url":"https:\/\/quehacerpolitico.mx\/","name":"","description":"","potentialAction":[{"@type":"SearchAction","target":{"@type":"EntryPoint","urlTemplate":"https:\/\/quehacerpolitico.mx\/?s={search_term_string}"},"query-input":{"@type":"PropertyValueSpecification","valueRequired":true,"valueName":"search_term_string"}}],"inLanguage":"es"},{"@type":"Person","@id":"https:\/\/quehacerpolitico.mx\/#\/schema\/person\/496d8ad2d1d3f8036101dca7ee39e585","name":"Redacci\u00f3n QP","image":{"@type":"ImageObject","inLanguage":"es","@id":"https:\/\/secure.gravatar.com\/avatar\/c7164ed6fdec453195284ad24a5ae5b6e1eed2b848477fa2a4787ba9adf39a41?s=96&d=mm&r=g","url":"https:\/\/secure.gravatar.com\/avatar\/c7164ed6fdec453195284ad24a5ae5b6e1eed2b848477fa2a4787ba9adf39a41?s=96&d=mm&r=g","contentUrl":"https:\/\/secure.gravatar.com\/avatar\/c7164ed6fdec453195284ad24a5ae5b6e1eed2b848477fa2a4787ba9adf39a41?s=96&d=mm&r=g","caption":"Redacci\u00f3n QP"},"url":"https:\/\/quehacerpolitico.mx\/?author=2"}]}},"featured_image_urls":{"full":"","thumbnail":"","medium":"","medium_large":"","large":"","1536x1536":"","2048x2048":"","covernews-featured":"","covernews-medium":""},"author_info":{"display_name":"Redacci\u00f3n QP","author_link":"https:\/\/quehacerpolitico.mx\/?author=2"},"category_info":"<a href=\"https:\/\/quehacerpolitico.mx\/?cat=55\" rel=\"category\">CDMX<\/a>","tag_info":"CDMX","comment_count":"0","_links":{"self":[{"href":"https:\/\/quehacerpolitico.mx\/index.php?rest_route=\/wp\/v2\/posts\/44182","targetHints":{"allow":["GET"]}}],"collection":[{"href":"https:\/\/quehacerpolitico.mx\/index.php?rest_route=\/wp\/v2\/posts"}],"about":[{"href":"https:\/\/quehacerpolitico.mx\/index.php?rest_route=\/wp\/v2\/types\/post"}],"author":[{"embeddable":true,"href":"https:\/\/quehacerpolitico.mx\/index.php?rest_route=\/wp\/v2\/users\/2"}],"replies":[{"embeddable":true,"href":"https:\/\/quehacerpolitico.mx\/index.php?rest_route=%2Fwp%2Fv2%2Fcomments&post=44182"}],"version-history":[{"count":0,"href":"https:\/\/quehacerpolitico.mx\/index.php?rest_route=\/wp\/v2\/posts\/44182\/revisions"}],"wp:featuredmedia":[{"embeddable":true,"href":"https:\/\/quehacerpolitico.mx\/index.php?rest_route=\/"}],"wp:attachment":[{"href":"https:\/\/quehacerpolitico.mx\/index.php?rest_route=%2Fwp%2Fv2%2Fmedia&parent=44182"}],"wp:term":[{"taxonomy":"category","embeddable":true,"href":"https:\/\/quehacerpolitico.mx\/index.php?rest_route=%2Fwp%2Fv2%2Fcategories&post=44182"},{"taxonomy":"post_tag","embeddable":true,"href":"https:\/\/quehacerpolitico.mx\/index.php?rest_route=%2Fwp%2Fv2%2Ftags&post=44182"}],"curies":[{"name":"wp","href":"https:\/\/api.w.org\/{rel}","templated":true}]}}