{"id":44173,"date":"2019-11-12T15:32:48","date_gmt":"2019-11-12T15:32:48","guid":{"rendered":"http:\/\/quehacerpolitico.mx\/voces-del-periodista-desde-filomeno-mata-8-mouris-salloum-george-el-fascismo-vuelve-por-la-revancha\/"},"modified":"2019-11-12T15:32:48","modified_gmt":"2019-11-12T15:32:48","slug":"voces-del-periodista-desde-filomeno-mata-8-mouris-salloum-george-el-fascismo-vuelve-por-la-revancha","status":"publish","type":"post","link":"https:\/\/quehacerpolitico.mx\/?p=44173","title":{"rendered":"Voces del Periodista Desde Filomeno Mata 8\/\/\/Mouris Salloum George\/\/\/El fascismo vuelve por la revancha"},"content":{"rendered":"<h1 class=\"entry-title penci-entry-title penci-title-\">El fascismo vuelve por la revancha<br \/>Por Mouris Salloum George<br \/>Director General del Club de Periodistas de M\u00e9xico AC<\/h1>\n<p>Despu\u00e9s de concluir que <strong><em>no hay nada nuevo bajo el sol<\/em><\/strong>, El Eclesiast\u00e9s prescribe que hay tiempo de destruir y tiempo de edificar; tiempo de callar y tiempo de hablar; tiempo <strong><em>de guerra y tiempo de paz<\/em><\/strong>. Un a\u00f1adido \u201ca la mexicana\u201d recomienda: <strong><em>Tiempo de tronar los cohetes y tiempos de recoger las varas<\/em><\/strong>.<\/p>\n<p>En la cultura religiosa, a ese conocimiento se lo describe como <strong>saber leer en el signo de los tiempos<\/strong>. Alg\u00fan texto habla de la <strong><em>tregua de Dios<\/em><\/strong>. Aquella que hasta los animales pactan ante el <strong>enemigo com\u00fan<\/strong>; sea del orden natural o humano.<\/p>\n<p>En el paisaje mundial en su conjunto, y en particular en el <strong>escenario pol\u00edtico latinoamericano<\/strong>, parece no haber nada nuevo bajo el sol. Apenas un pueblo se sacude una <strong>dictadura militar<\/strong>, sobre otros azota el <strong><em>espectro golpista<\/em><\/strong>.<\/p>\n<p>Es probable, sostiene un cl\u00e1sico de la Sociolog\u00eda, que <strong><em>ese juego cruel contin\u00fae eternamente<\/em><\/strong>. Es el sino de las democracias inmaduras, que alienta y deprime a la vez. Son como olas que revientan en la misma costa, siempre se renuevan.<\/p>\n<p><strong>Los suprapoderes por encima de las democracias<\/strong><\/p>\n<p>Temen, hasta sus propios compatriotas, a las reacciones demenciales del <strong>inquilino en turno de la Casa Blanca<\/strong>. Con sobradas razones. Pero los l\u00edderes pol\u00edticos, cualesquiera que sean su color y sus siglas, son transitorios. Detr\u00e1s y por encima de ellos, est\u00e1n los <strong><em>suprapoderes <\/em><\/strong>a cuyos perversos designios son sometidos los <strong>Estados nacionales<\/strong>, sobre todo los encasillados bajo la etiqueta <em>perif\u00e9ricos<\/em>.<\/p>\n<p>Poderes con jurisdicci\u00f3n mundial, las agencias financieras multinacionales, presididas por el <strong>Fondo Monetario Internacional<\/strong> (FMI), dise\u00f1adoras y ejecutoras de las <strong><em>pol\u00edticas de choque <\/em><\/strong>en el campo socioecon\u00f3mico.<\/p>\n<p>Para nuestra regi\u00f3n, la <strong>Organizaci\u00f3n de Estados Americanos <\/strong>(OEA), de anta\u00f1o reputada como <strong><em>agencia de colonias del impero anglosaj\u00f3n<\/em><\/strong>. Negros cap\u00edtulos, ha escrito la OEA desde su creaci\u00f3n. Desde la gesti\u00f3n del uruguayo <strong>Luis Almagro<\/strong>, se ha convertido en la <strong><em>mano que mueve la cuna <\/em><\/strong>de las tentativas golpistas al sur del r\u00edo Bravo.<\/p>\n<p>Ha fallado hasta ahora la OEA, <em>verbigracia<\/em>, contra el r\u00e9gimen bolivariano de Venezuela. A\u00fapa el bloqueo econ\u00f3mico contra la propia <strong><em>Rep\u00fablica de Bol\u00edvar <\/em><\/strong>como lo ha hecho durante m\u00e1s de medio siglo contra la <strong><em>Rep\u00fablica de Mart\u00ed<\/em><\/strong>, Cuba.<\/p>\n<p><strong>Evo Morales se niega al ba\u00f1o de sangre a costa de su pueblo<\/strong><\/p>\n<p>Se ha colgado la OEA, sin embargo, una <strong><em>medalla de carne<\/em><\/strong> a costa del pueblo boliviano. Desde que se entrometi\u00f3 hace un mes como \u00e1rbitro de las elecciones presidenciales y puso en cuesti\u00f3n los resultados, llev\u00f3 de la mano a los beligerantes electorales perdedores a la <strong>subversi\u00f3n<\/strong>.<\/p>\n<p>La crispada tropa ha obligado a <strong>Evo Morales <\/strong>a renunciar. Escribi\u00f3 el Presidente civil: <strong><em>Para evitar el ba\u00f1o de sangre sobre su pueblo<\/em><\/strong>.<\/p>\n<p>El huevo de la serpiente ya hab\u00eda abierto el cascaron en Per\u00fa, Ecuador y en Chile. En \u00e9ste \u00faltimo pa\u00eds, la respuesta <strong>militarizada <\/strong>con <strong><em>toques de queda <\/em><\/strong>a protestas populares contra medidas de corte econ\u00f3mico, ha provocado la amenaza de <strong>huelga general<\/strong>, convocada por las principales centrales obreras y la sociedad civil, cuyas consecuencias son impredecibles.<\/p>\n<p>En <strong>Brasil<\/strong>, seg\u00fan reportes de organizaciones no gubernamentales, han sido asesinados en la reciente d\u00e9cada <strong>m\u00e1s de 300 activistas, defensores de los recursos naturales<\/strong>. El propio papa <strong>Francisco<\/strong>, ha acusado que en los incendios de <strong>La Amazonia <\/strong>est\u00e1 la mano del <strong><em>neocolonianismo<\/em><\/strong>.<\/p>\n<p><strong>Desde la Atalaya mexicana: Leer en el signo de los tiempos<\/strong><\/p>\n<p>Del mundo <strong>Iberoamericano<\/strong>, en estas horas nos llega la noticia de que, en las elecciones generales de Espa\u00f1a, el partido <strong><em>Vox <\/em><\/strong>ha escalado al tercer sitio en los resultados de ayer. Los analistas madrile\u00f1os previenen que el Partido Socialista Obrero Espa\u00f1ol (PSOE), de Pedro S\u00e1nchez, ha logrado una <strong><em>victoria p\u00edrrica<\/em><\/strong>. Nada garantiza la posibilidad de <strong>formar gobierno<\/strong>, a\u00fan si pactan las fuerzas de izquierda.<\/p>\n<p>El caso de <strong><em>Vox <\/em><\/strong>ha de subrayarse por una raz\u00f3n elemental: Se lo considera en <strong>Europa <\/strong>representativo de la irrupci\u00f3n del <strong>fascismo <\/strong>en la escena pol\u00edtica contempor\u00e1nea del viejo continente. El fascismo, a decir de intelectuales liberales estadunidenses, ha <strong>cruzado ya la<\/strong> <strong>puerta del Sal\u00f3n Oval de la Casa Blanca<\/strong>.<\/p>\n<p>Es de considerarse la conclusi\u00f3n del Eclesiast\u00e9s: <strong><em>No hay nada nuevo bajo el sol<\/em><\/strong>. Desde la Atalaya mexicana, es llegada la hora de aprender a <strong><em>leer en<\/em><\/strong> <strong><em>el signo de los tiempos<\/em><\/strong>. La pradera est\u00e1 seca: La chispa est\u00e1 al alcance de cualquier audaz anarquista. Sobre aviso\u2026<\/p>\n","protected":false},"excerpt":{"rendered":"<p>El fascismo vuelve por la revancha<br \/>\nPor Mouris Salloum George<br \/>\nDirector General del Club de Periodistas de M\u00e9xico AC<\/p>\n","protected":false},"author":2,"featured_media":44172,"comment_status":"open","ping_status":"open","sticky":false,"template":"","format":"standard","meta":{"_monsterinsights_skip_tracking":false,"_monsterinsights_sitenote_active":false,"_monsterinsights_sitenote_note":"","_monsterinsights_sitenote_category":0,"footnotes":""},"categories":[2],"tags":[],"class_list":["post-44173","post","type-post","status-publish","format-standard","has-post-thumbnail","hentry","category-noticias"],"yoast_head":"<!-- This site is optimized with the Yoast SEO plugin v27.3 - https:\/\/yoast.com\/product\/yoast-seo-wordpress\/ -->\n<title>Voces del Periodista Desde Filomeno Mata 8\/\/\/Mouris Salloum George\/\/\/El fascismo vuelve por la revancha -<\/title>\n<meta name=\"robots\" content=\"index, follow, max-snippet:-1, max-image-preview:large, max-video-preview:-1\" \/>\n<link rel=\"canonical\" href=\"https:\/\/quehacerpolitico.mx\/?p=44173\" \/>\n<meta property=\"og:locale\" content=\"es_MX\" \/>\n<meta property=\"og:type\" content=\"article\" \/>\n<meta property=\"og:title\" content=\"Voces del Periodista Desde Filomeno Mata 8\/\/\/Mouris Salloum George\/\/\/El fascismo vuelve por la revancha -\" \/>\n<meta property=\"og:description\" content=\"El fascismo vuelve por la revancha Por Mouris Salloum George Director General del Club de Periodistas de M\u00e9xico AC\" \/>\n<meta property=\"og:url\" content=\"https:\/\/quehacerpolitico.mx\/?p=44173\" \/>\n<meta property=\"article:published_time\" content=\"2019-11-12T15:32:48+00:00\" \/>\n<meta name=\"author\" content=\"Redacci\u00f3n QP\" \/>\n<meta name=\"twitter:card\" content=\"summary_large_image\" \/>\n<meta name=\"twitter:label1\" content=\"Escrito por\" \/>\n\t<meta name=\"twitter:data1\" content=\"Redacci\u00f3n QP\" \/>\n\t<meta name=\"twitter:label2\" content=\"Tiempo de lectura\" \/>\n\t<meta name=\"twitter:data2\" content=\"4 minutos\" \/>\n<script type=\"application\/ld+json\" class=\"yoast-schema-graph\">{\"@context\":\"https:\\\/\\\/schema.org\",\"@graph\":[{\"@type\":\"Article\",\"@id\":\"https:\\\/\\\/quehacerpolitico.mx\\\/?p=44173#article\",\"isPartOf\":{\"@id\":\"https:\\\/\\\/quehacerpolitico.mx\\\/?p=44173\"},\"author\":{\"name\":\"Redacci\u00f3n QP\",\"@id\":\"https:\\\/\\\/quehacerpolitico.mx\\\/#\\\/schema\\\/person\\\/496d8ad2d1d3f8036101dca7ee39e585\"},\"headline\":\"Voces del Periodista Desde Filomeno Mata 8\\\/\\\/\\\/Mouris Salloum George\\\/\\\/\\\/El fascismo vuelve por la revancha\",\"datePublished\":\"2019-11-12T15:32:48+00:00\",\"mainEntityOfPage\":{\"@id\":\"https:\\\/\\\/quehacerpolitico.mx\\\/?p=44173\"},\"wordCount\":801,\"commentCount\":0,\"image\":{\"@id\":\"https:\\\/\\\/quehacerpolitico.mx\\\/?p=44173#primaryimage\"},\"thumbnailUrl\":\"\",\"articleSection\":[\"Noticias\"],\"inLanguage\":\"es\",\"potentialAction\":[{\"@type\":\"CommentAction\",\"name\":\"Comment\",\"target\":[\"https:\\\/\\\/quehacerpolitico.mx\\\/?p=44173#respond\"]}]},{\"@type\":\"WebPage\",\"@id\":\"https:\\\/\\\/quehacerpolitico.mx\\\/?p=44173\",\"url\":\"https:\\\/\\\/quehacerpolitico.mx\\\/?p=44173\",\"name\":\"Voces del Periodista Desde Filomeno Mata 8\\\/\\\/\\\/Mouris Salloum George\\\/\\\/\\\/El fascismo vuelve por la revancha -\",\"isPartOf\":{\"@id\":\"https:\\\/\\\/quehacerpolitico.mx\\\/#website\"},\"primaryImageOfPage\":{\"@id\":\"https:\\\/\\\/quehacerpolitico.mx\\\/?p=44173#primaryimage\"},\"image\":{\"@id\":\"https:\\\/\\\/quehacerpolitico.mx\\\/?p=44173#primaryimage\"},\"thumbnailUrl\":\"\",\"datePublished\":\"2019-11-12T15:32:48+00:00\",\"author\":{\"@id\":\"https:\\\/\\\/quehacerpolitico.mx\\\/#\\\/schema\\\/person\\\/496d8ad2d1d3f8036101dca7ee39e585\"},\"breadcrumb\":{\"@id\":\"https:\\\/\\\/quehacerpolitico.mx\\\/?p=44173#breadcrumb\"},\"inLanguage\":\"es\",\"potentialAction\":[{\"@type\":\"ReadAction\",\"target\":[\"https:\\\/\\\/quehacerpolitico.mx\\\/?p=44173\"]}]},{\"@type\":\"ImageObject\",\"inLanguage\":\"es\",\"@id\":\"https:\\\/\\\/quehacerpolitico.mx\\\/?p=44173#primaryimage\",\"url\":\"\",\"contentUrl\":\"\"},{\"@type\":\"BreadcrumbList\",\"@id\":\"https:\\\/\\\/quehacerpolitico.mx\\\/?p=44173#breadcrumb\",\"itemListElement\":[{\"@type\":\"ListItem\",\"position\":1,\"name\":\"Inicio\",\"item\":\"https:\\\/\\\/quehacerpolitico.mx\\\/\"},{\"@type\":\"ListItem\",\"position\":2,\"name\":\"Voces del Periodista Desde Filomeno Mata 8\\\/\\\/\\\/Mouris Salloum George\\\/\\\/\\\/El fascismo vuelve por la revancha\"}]},{\"@type\":\"WebSite\",\"@id\":\"https:\\\/\\\/quehacerpolitico.mx\\\/#website\",\"url\":\"https:\\\/\\\/quehacerpolitico.mx\\\/\",\"name\":\"\",\"description\":\"\",\"potentialAction\":[{\"@type\":\"SearchAction\",\"target\":{\"@type\":\"EntryPoint\",\"urlTemplate\":\"https:\\\/\\\/quehacerpolitico.mx\\\/?s={search_term_string}\"},\"query-input\":{\"@type\":\"PropertyValueSpecification\",\"valueRequired\":true,\"valueName\":\"search_term_string\"}}],\"inLanguage\":\"es\"},{\"@type\":\"Person\",\"@id\":\"https:\\\/\\\/quehacerpolitico.mx\\\/#\\\/schema\\\/person\\\/496d8ad2d1d3f8036101dca7ee39e585\",\"name\":\"Redacci\u00f3n QP\",\"image\":{\"@type\":\"ImageObject\",\"inLanguage\":\"es\",\"@id\":\"https:\\\/\\\/secure.gravatar.com\\\/avatar\\\/c7164ed6fdec453195284ad24a5ae5b6e1eed2b848477fa2a4787ba9adf39a41?s=96&d=mm&r=g\",\"url\":\"https:\\\/\\\/secure.gravatar.com\\\/avatar\\\/c7164ed6fdec453195284ad24a5ae5b6e1eed2b848477fa2a4787ba9adf39a41?s=96&d=mm&r=g\",\"contentUrl\":\"https:\\\/\\\/secure.gravatar.com\\\/avatar\\\/c7164ed6fdec453195284ad24a5ae5b6e1eed2b848477fa2a4787ba9adf39a41?s=96&d=mm&r=g\",\"caption\":\"Redacci\u00f3n QP\"},\"url\":\"https:\\\/\\\/quehacerpolitico.mx\\\/?author=2\"}]}<\/script>\n<!-- \/ Yoast SEO plugin. -->","yoast_head_json":{"title":"Voces del Periodista Desde Filomeno Mata 8\/\/\/Mouris Salloum George\/\/\/El fascismo vuelve por la revancha -","robots":{"index":"index","follow":"follow","max-snippet":"max-snippet:-1","max-image-preview":"max-image-preview:large","max-video-preview":"max-video-preview:-1"},"canonical":"https:\/\/quehacerpolitico.mx\/?p=44173","og_locale":"es_MX","og_type":"article","og_title":"Voces del Periodista Desde Filomeno Mata 8\/\/\/Mouris Salloum George\/\/\/El fascismo vuelve por la revancha -","og_description":"El fascismo vuelve por la revancha Por Mouris Salloum George Director General del Club de Periodistas de M\u00e9xico AC","og_url":"https:\/\/quehacerpolitico.mx\/?p=44173","article_published_time":"2019-11-12T15:32:48+00:00","author":"Redacci\u00f3n QP","twitter_card":"summary_large_image","twitter_misc":{"Escrito por":"Redacci\u00f3n QP","Tiempo de lectura":"4 minutos"},"schema":{"@context":"https:\/\/schema.org","@graph":[{"@type":"Article","@id":"https:\/\/quehacerpolitico.mx\/?p=44173#article","isPartOf":{"@id":"https:\/\/quehacerpolitico.mx\/?p=44173"},"author":{"name":"Redacci\u00f3n QP","@id":"https:\/\/quehacerpolitico.mx\/#\/schema\/person\/496d8ad2d1d3f8036101dca7ee39e585"},"headline":"Voces del Periodista Desde Filomeno Mata 8\/\/\/Mouris Salloum George\/\/\/El fascismo vuelve por la revancha","datePublished":"2019-11-12T15:32:48+00:00","mainEntityOfPage":{"@id":"https:\/\/quehacerpolitico.mx\/?p=44173"},"wordCount":801,"commentCount":0,"image":{"@id":"https:\/\/quehacerpolitico.mx\/?p=44173#primaryimage"},"thumbnailUrl":"","articleSection":["Noticias"],"inLanguage":"es","potentialAction":[{"@type":"CommentAction","name":"Comment","target":["https:\/\/quehacerpolitico.mx\/?p=44173#respond"]}]},{"@type":"WebPage","@id":"https:\/\/quehacerpolitico.mx\/?p=44173","url":"https:\/\/quehacerpolitico.mx\/?p=44173","name":"Voces del Periodista Desde Filomeno Mata 8\/\/\/Mouris Salloum George\/\/\/El fascismo vuelve por la revancha -","isPartOf":{"@id":"https:\/\/quehacerpolitico.mx\/#website"},"primaryImageOfPage":{"@id":"https:\/\/quehacerpolitico.mx\/?p=44173#primaryimage"},"image":{"@id":"https:\/\/quehacerpolitico.mx\/?p=44173#primaryimage"},"thumbnailUrl":"","datePublished":"2019-11-12T15:32:48+00:00","author":{"@id":"https:\/\/quehacerpolitico.mx\/#\/schema\/person\/496d8ad2d1d3f8036101dca7ee39e585"},"breadcrumb":{"@id":"https:\/\/quehacerpolitico.mx\/?p=44173#breadcrumb"},"inLanguage":"es","potentialAction":[{"@type":"ReadAction","target":["https:\/\/quehacerpolitico.mx\/?p=44173"]}]},{"@type":"ImageObject","inLanguage":"es","@id":"https:\/\/quehacerpolitico.mx\/?p=44173#primaryimage","url":"","contentUrl":""},{"@type":"BreadcrumbList","@id":"https:\/\/quehacerpolitico.mx\/?p=44173#breadcrumb","itemListElement":[{"@type":"ListItem","position":1,"name":"Inicio","item":"https:\/\/quehacerpolitico.mx\/"},{"@type":"ListItem","position":2,"name":"Voces del Periodista Desde Filomeno Mata 8\/\/\/Mouris Salloum George\/\/\/El fascismo vuelve por la revancha"}]},{"@type":"WebSite","@id":"https:\/\/quehacerpolitico.mx\/#website","url":"https:\/\/quehacerpolitico.mx\/","name":"","description":"","potentialAction":[{"@type":"SearchAction","target":{"@type":"EntryPoint","urlTemplate":"https:\/\/quehacerpolitico.mx\/?s={search_term_string}"},"query-input":{"@type":"PropertyValueSpecification","valueRequired":true,"valueName":"search_term_string"}}],"inLanguage":"es"},{"@type":"Person","@id":"https:\/\/quehacerpolitico.mx\/#\/schema\/person\/496d8ad2d1d3f8036101dca7ee39e585","name":"Redacci\u00f3n QP","image":{"@type":"ImageObject","inLanguage":"es","@id":"https:\/\/secure.gravatar.com\/avatar\/c7164ed6fdec453195284ad24a5ae5b6e1eed2b848477fa2a4787ba9adf39a41?s=96&d=mm&r=g","url":"https:\/\/secure.gravatar.com\/avatar\/c7164ed6fdec453195284ad24a5ae5b6e1eed2b848477fa2a4787ba9adf39a41?s=96&d=mm&r=g","contentUrl":"https:\/\/secure.gravatar.com\/avatar\/c7164ed6fdec453195284ad24a5ae5b6e1eed2b848477fa2a4787ba9adf39a41?s=96&d=mm&r=g","caption":"Redacci\u00f3n QP"},"url":"https:\/\/quehacerpolitico.mx\/?author=2"}]}},"featured_image_urls":{"full":"","thumbnail":"","medium":"","medium_large":"","large":"","1536x1536":"","2048x2048":"","covernews-featured":"","covernews-medium":""},"author_info":{"display_name":"Redacci\u00f3n QP","author_link":"https:\/\/quehacerpolitico.mx\/?author=2"},"category_info":"<a href=\"https:\/\/quehacerpolitico.mx\/?cat=2\" rel=\"category\">Noticias<\/a>","tag_info":"Noticias","comment_count":"0","_links":{"self":[{"href":"https:\/\/quehacerpolitico.mx\/index.php?rest_route=\/wp\/v2\/posts\/44173","targetHints":{"allow":["GET"]}}],"collection":[{"href":"https:\/\/quehacerpolitico.mx\/index.php?rest_route=\/wp\/v2\/posts"}],"about":[{"href":"https:\/\/quehacerpolitico.mx\/index.php?rest_route=\/wp\/v2\/types\/post"}],"author":[{"embeddable":true,"href":"https:\/\/quehacerpolitico.mx\/index.php?rest_route=\/wp\/v2\/users\/2"}],"replies":[{"embeddable":true,"href":"https:\/\/quehacerpolitico.mx\/index.php?rest_route=%2Fwp%2Fv2%2Fcomments&post=44173"}],"version-history":[{"count":0,"href":"https:\/\/quehacerpolitico.mx\/index.php?rest_route=\/wp\/v2\/posts\/44173\/revisions"}],"wp:featuredmedia":[{"embeddable":true,"href":"https:\/\/quehacerpolitico.mx\/index.php?rest_route=\/"}],"wp:attachment":[{"href":"https:\/\/quehacerpolitico.mx\/index.php?rest_route=%2Fwp%2Fv2%2Fmedia&parent=44173"}],"wp:term":[{"taxonomy":"category","embeddable":true,"href":"https:\/\/quehacerpolitico.mx\/index.php?rest_route=%2Fwp%2Fv2%2Fcategories&post=44173"},{"taxonomy":"post_tag","embeddable":true,"href":"https:\/\/quehacerpolitico.mx\/index.php?rest_route=%2Fwp%2Fv2%2Ftags&post=44173"}],"curies":[{"name":"wp","href":"https:\/\/api.w.org\/{rel}","templated":true}]}}