{"id":4408,"date":"2018-09-11T14:29:46","date_gmt":"2018-09-11T14:29:46","guid":{"rendered":"http:\/\/quehacerpolitico.mx\/el-kremlin-anuncia-reunion-entre-amlo-y-vladimir-putin-podria-ser-en-mexico-o-argentina-dice\/"},"modified":"2018-09-11T14:29:46","modified_gmt":"2018-09-11T14:29:46","slug":"el-kremlin-anuncia-reunion-entre-amlo-y-vladimir-putin-podria-ser-en-mexico-o-argentina-dice","status":"publish","type":"post","link":"https:\/\/quehacerpolitico.mx\/?p=4408","title":{"rendered":"El Kremlin anuncia reuni\u00f3n entre AMLO y Vladimir Putin; podr\u00eda ser en M\u00e9xico o Argentina, dice"},"content":{"rendered":"<h3>\u201cExiste la posibilidad de un breve viaje a M\u00e9xico o un encuentro en Argentina\u201d, dijo a la prensa el asesor del Presidente ruso para asuntos internacionales, Yuri Ushakov, al ser cuestionado sobre si Putin ha aceptado la invitaci\u00f3n de L\u00f3pez Obrador.<\/h3>\n<p>El Presidente de Rusia, <strong>Vlad\u00edmir Putin<\/strong>, podr\u00eda mantener una <strong>reuni\u00f3n<\/strong> con su hom\u00f3logo mexicano, <strong>Andr\u00e9s Manuel L\u00f3pez Obrador<\/strong>, en M\u00e9xico, donde ya fue invitado para asistir a la ceremonia de toma de posesi\u00f3n mandatario electo, o en Argentina, en el marco de la cumbre del G20, inform\u00f3 hoy el Kremlin.<\/p>\n<blockquote>\n<p>\u201cExiste la posibilidad de un breve viaje a M\u00e9xico o un encuentro en Argentina\u201d, dijo a la prensa el asesor del Presidente ruso para asuntos internacionales, Yuri Ushakov, preguntado sobre si Putin ha aceptado la invitaci\u00f3n de L\u00f3pez Obrador<\/p>\n<section class=\"post-content\">\n<p>Agreg\u00f3 que \u201cambas opciones se est\u00e1n estudiando\u201d, sin que se sepa por el momento a la que dar\u00e1 preferencia el l\u00edder ruso.<\/p>\n<p>El pasado julio Putin felicit\u00f3 a L\u00f3pez Obrador por la victoria en las elecciones presidenciales y destac\u00f3 las relaciones de amistad que unen a ambos pa\u00edses.<\/p>\n<p>El l\u00edder ruso confi\u00f3 asimismo en el desarrollo de los v\u00ednculos bilaterales y pidi\u00f3 al nuevo mandatario mexicano \u201cprestar la debida atenci\u00f3n\u201d a la cooperaci\u00f3n entre M\u00e9xico y Rusia.<\/p>\n<p>L\u00f3pez Obrador tomar\u00e1 posesi\u00f3n como presidente de M\u00e9xico el 1 de diciembre, mientras la cumbre de los l\u00edderes del G20 tendr\u00e1 lugar en Buenos Aires entre el 30 de noviembre y el 1 de diciembre.<\/p>\n<div class=\"at-below-post addthis_tool\" data-url=\"http:\/\/www.sinembargo.mx\/11-09-2018\/3469475\">Con Informaci\u00f3n de EFE<\/div>\n<\/section>\n<\/blockquote>\n","protected":false},"excerpt":{"rendered":"<p>El Kremlin anuncia reuni\u00f3n entre AMLO y Vladimir Putin; podr\u00eda ser en M\u00e9xico o Argentina, dice<br \/>\nPor Redacci\u00f3n QP<\/p>\n","protected":false},"author":2,"featured_media":4407,"comment_status":"open","ping_status":"open","sticky":false,"template":"","format":"standard","meta":{"_monsterinsights_skip_tracking":false,"_monsterinsights_sitenote_active":false,"_monsterinsights_sitenote_note":"","_monsterinsights_sitenote_category":0,"footnotes":""},"categories":[2],"tags":[],"class_list":["post-4408","post","type-post","status-publish","format-standard","has-post-thumbnail","hentry","category-noticias"],"yoast_head":"<!-- This site is optimized with the Yoast SEO plugin v27.3 - https:\/\/yoast.com\/product\/yoast-seo-wordpress\/ -->\n<title>El Kremlin anuncia reuni\u00f3n entre AMLO y Vladimir Putin; podr\u00eda ser en M\u00e9xico o Argentina, dice -<\/title>\n<meta name=\"robots\" content=\"index, follow, max-snippet:-1, max-image-preview:large, max-video-preview:-1\" \/>\n<link rel=\"canonical\" href=\"https:\/\/quehacerpolitico.mx\/?p=4408\" \/>\n<meta property=\"og:locale\" content=\"es_MX\" \/>\n<meta property=\"og:type\" content=\"article\" \/>\n<meta property=\"og:title\" content=\"El Kremlin anuncia reuni\u00f3n entre AMLO y Vladimir Putin; podr\u00eda ser en M\u00e9xico o Argentina, dice -\" \/>\n<meta property=\"og:description\" content=\"El Kremlin anuncia reuni\u00f3n entre AMLO y Vladimir Putin; podr\u00eda ser en M\u00e9xico o Argentina, dice Por Redacci\u00f3n QP\" \/>\n<meta property=\"og:url\" content=\"https:\/\/quehacerpolitico.mx\/?p=4408\" \/>\n<meta property=\"article:published_time\" content=\"2018-09-11T14:29:46+00:00\" \/>\n<meta name=\"author\" content=\"Redacci\u00f3n QP\" \/>\n<meta name=\"twitter:card\" content=\"summary_large_image\" \/>\n<meta name=\"twitter:label1\" content=\"Escrito por\" \/>\n\t<meta name=\"twitter:data1\" content=\"Redacci\u00f3n QP\" \/>\n\t<meta name=\"twitter:label2\" content=\"Tiempo de lectura\" \/>\n\t<meta name=\"twitter:data2\" content=\"1 minuto\" \/>\n<script type=\"application\/ld+json\" class=\"yoast-schema-graph\">{\"@context\":\"https:\\\/\\\/schema.org\",\"@graph\":[{\"@type\":\"Article\",\"@id\":\"https:\\\/\\\/quehacerpolitico.mx\\\/?p=4408#article\",\"isPartOf\":{\"@id\":\"https:\\\/\\\/quehacerpolitico.mx\\\/?p=4408\"},\"author\":{\"name\":\"Redacci\u00f3n QP\",\"@id\":\"https:\\\/\\\/quehacerpolitico.mx\\\/#\\\/schema\\\/person\\\/496d8ad2d1d3f8036101dca7ee39e585\"},\"headline\":\"El Kremlin anuncia reuni\u00f3n entre AMLO y Vladimir Putin; podr\u00eda ser en M\u00e9xico o Argentina, dice\",\"datePublished\":\"2018-09-11T14:29:46+00:00\",\"mainEntityOfPage\":{\"@id\":\"https:\\\/\\\/quehacerpolitico.mx\\\/?p=4408\"},\"wordCount\":290,\"commentCount\":0,\"image\":{\"@id\":\"https:\\\/\\\/quehacerpolitico.mx\\\/?p=4408#primaryimage\"},\"thumbnailUrl\":\"\",\"articleSection\":[\"Noticias\"],\"inLanguage\":\"es\",\"potentialAction\":[{\"@type\":\"CommentAction\",\"name\":\"Comment\",\"target\":[\"https:\\\/\\\/quehacerpolitico.mx\\\/?p=4408#respond\"]}]},{\"@type\":\"WebPage\",\"@id\":\"https:\\\/\\\/quehacerpolitico.mx\\\/?p=4408\",\"url\":\"https:\\\/\\\/quehacerpolitico.mx\\\/?p=4408\",\"name\":\"El Kremlin anuncia reuni\u00f3n entre AMLO y Vladimir Putin; podr\u00eda ser en M\u00e9xico o Argentina, dice -\",\"isPartOf\":{\"@id\":\"https:\\\/\\\/quehacerpolitico.mx\\\/#website\"},\"primaryImageOfPage\":{\"@id\":\"https:\\\/\\\/quehacerpolitico.mx\\\/?p=4408#primaryimage\"},\"image\":{\"@id\":\"https:\\\/\\\/quehacerpolitico.mx\\\/?p=4408#primaryimage\"},\"thumbnailUrl\":\"\",\"datePublished\":\"2018-09-11T14:29:46+00:00\",\"author\":{\"@id\":\"https:\\\/\\\/quehacerpolitico.mx\\\/#\\\/schema\\\/person\\\/496d8ad2d1d3f8036101dca7ee39e585\"},\"breadcrumb\":{\"@id\":\"https:\\\/\\\/quehacerpolitico.mx\\\/?p=4408#breadcrumb\"},\"inLanguage\":\"es\",\"potentialAction\":[{\"@type\":\"ReadAction\",\"target\":[\"https:\\\/\\\/quehacerpolitico.mx\\\/?p=4408\"]}]},{\"@type\":\"ImageObject\",\"inLanguage\":\"es\",\"@id\":\"https:\\\/\\\/quehacerpolitico.mx\\\/?p=4408#primaryimage\",\"url\":\"\",\"contentUrl\":\"\"},{\"@type\":\"BreadcrumbList\",\"@id\":\"https:\\\/\\\/quehacerpolitico.mx\\\/?p=4408#breadcrumb\",\"itemListElement\":[{\"@type\":\"ListItem\",\"position\":1,\"name\":\"Inicio\",\"item\":\"https:\\\/\\\/quehacerpolitico.mx\\\/\"},{\"@type\":\"ListItem\",\"position\":2,\"name\":\"El Kremlin anuncia reuni\u00f3n entre AMLO y Vladimir Putin; podr\u00eda ser en M\u00e9xico o Argentina, dice\"}]},{\"@type\":\"WebSite\",\"@id\":\"https:\\\/\\\/quehacerpolitico.mx\\\/#website\",\"url\":\"https:\\\/\\\/quehacerpolitico.mx\\\/\",\"name\":\"\",\"description\":\"\",\"potentialAction\":[{\"@type\":\"SearchAction\",\"target\":{\"@type\":\"EntryPoint\",\"urlTemplate\":\"https:\\\/\\\/quehacerpolitico.mx\\\/?s={search_term_string}\"},\"query-input\":{\"@type\":\"PropertyValueSpecification\",\"valueRequired\":true,\"valueName\":\"search_term_string\"}}],\"inLanguage\":\"es\"},{\"@type\":\"Person\",\"@id\":\"https:\\\/\\\/quehacerpolitico.mx\\\/#\\\/schema\\\/person\\\/496d8ad2d1d3f8036101dca7ee39e585\",\"name\":\"Redacci\u00f3n QP\",\"image\":{\"@type\":\"ImageObject\",\"inLanguage\":\"es\",\"@id\":\"https:\\\/\\\/secure.gravatar.com\\\/avatar\\\/c7164ed6fdec453195284ad24a5ae5b6e1eed2b848477fa2a4787ba9adf39a41?s=96&d=mm&r=g\",\"url\":\"https:\\\/\\\/secure.gravatar.com\\\/avatar\\\/c7164ed6fdec453195284ad24a5ae5b6e1eed2b848477fa2a4787ba9adf39a41?s=96&d=mm&r=g\",\"contentUrl\":\"https:\\\/\\\/secure.gravatar.com\\\/avatar\\\/c7164ed6fdec453195284ad24a5ae5b6e1eed2b848477fa2a4787ba9adf39a41?s=96&d=mm&r=g\",\"caption\":\"Redacci\u00f3n QP\"},\"url\":\"https:\\\/\\\/quehacerpolitico.mx\\\/?author=2\"}]}<\/script>\n<!-- \/ Yoast SEO plugin. -->","yoast_head_json":{"title":"El Kremlin anuncia reuni\u00f3n entre AMLO y Vladimir Putin; podr\u00eda ser en M\u00e9xico o Argentina, dice -","robots":{"index":"index","follow":"follow","max-snippet":"max-snippet:-1","max-image-preview":"max-image-preview:large","max-video-preview":"max-video-preview:-1"},"canonical":"https:\/\/quehacerpolitico.mx\/?p=4408","og_locale":"es_MX","og_type":"article","og_title":"El Kremlin anuncia reuni\u00f3n entre AMLO y Vladimir Putin; podr\u00eda ser en M\u00e9xico o Argentina, dice -","og_description":"El Kremlin anuncia reuni\u00f3n entre AMLO y Vladimir Putin; podr\u00eda ser en M\u00e9xico o Argentina, dice Por Redacci\u00f3n QP","og_url":"https:\/\/quehacerpolitico.mx\/?p=4408","article_published_time":"2018-09-11T14:29:46+00:00","author":"Redacci\u00f3n QP","twitter_card":"summary_large_image","twitter_misc":{"Escrito por":"Redacci\u00f3n QP","Tiempo de lectura":"1 minuto"},"schema":{"@context":"https:\/\/schema.org","@graph":[{"@type":"Article","@id":"https:\/\/quehacerpolitico.mx\/?p=4408#article","isPartOf":{"@id":"https:\/\/quehacerpolitico.mx\/?p=4408"},"author":{"name":"Redacci\u00f3n QP","@id":"https:\/\/quehacerpolitico.mx\/#\/schema\/person\/496d8ad2d1d3f8036101dca7ee39e585"},"headline":"El Kremlin anuncia reuni\u00f3n entre AMLO y Vladimir Putin; podr\u00eda ser en M\u00e9xico o Argentina, dice","datePublished":"2018-09-11T14:29:46+00:00","mainEntityOfPage":{"@id":"https:\/\/quehacerpolitico.mx\/?p=4408"},"wordCount":290,"commentCount":0,"image":{"@id":"https:\/\/quehacerpolitico.mx\/?p=4408#primaryimage"},"thumbnailUrl":"","articleSection":["Noticias"],"inLanguage":"es","potentialAction":[{"@type":"CommentAction","name":"Comment","target":["https:\/\/quehacerpolitico.mx\/?p=4408#respond"]}]},{"@type":"WebPage","@id":"https:\/\/quehacerpolitico.mx\/?p=4408","url":"https:\/\/quehacerpolitico.mx\/?p=4408","name":"El Kremlin anuncia reuni\u00f3n entre AMLO y Vladimir Putin; podr\u00eda ser en M\u00e9xico o Argentina, dice -","isPartOf":{"@id":"https:\/\/quehacerpolitico.mx\/#website"},"primaryImageOfPage":{"@id":"https:\/\/quehacerpolitico.mx\/?p=4408#primaryimage"},"image":{"@id":"https:\/\/quehacerpolitico.mx\/?p=4408#primaryimage"},"thumbnailUrl":"","datePublished":"2018-09-11T14:29:46+00:00","author":{"@id":"https:\/\/quehacerpolitico.mx\/#\/schema\/person\/496d8ad2d1d3f8036101dca7ee39e585"},"breadcrumb":{"@id":"https:\/\/quehacerpolitico.mx\/?p=4408#breadcrumb"},"inLanguage":"es","potentialAction":[{"@type":"ReadAction","target":["https:\/\/quehacerpolitico.mx\/?p=4408"]}]},{"@type":"ImageObject","inLanguage":"es","@id":"https:\/\/quehacerpolitico.mx\/?p=4408#primaryimage","url":"","contentUrl":""},{"@type":"BreadcrumbList","@id":"https:\/\/quehacerpolitico.mx\/?p=4408#breadcrumb","itemListElement":[{"@type":"ListItem","position":1,"name":"Inicio","item":"https:\/\/quehacerpolitico.mx\/"},{"@type":"ListItem","position":2,"name":"El Kremlin anuncia reuni\u00f3n entre AMLO y Vladimir Putin; podr\u00eda ser en M\u00e9xico o Argentina, dice"}]},{"@type":"WebSite","@id":"https:\/\/quehacerpolitico.mx\/#website","url":"https:\/\/quehacerpolitico.mx\/","name":"","description":"","potentialAction":[{"@type":"SearchAction","target":{"@type":"EntryPoint","urlTemplate":"https:\/\/quehacerpolitico.mx\/?s={search_term_string}"},"query-input":{"@type":"PropertyValueSpecification","valueRequired":true,"valueName":"search_term_string"}}],"inLanguage":"es"},{"@type":"Person","@id":"https:\/\/quehacerpolitico.mx\/#\/schema\/person\/496d8ad2d1d3f8036101dca7ee39e585","name":"Redacci\u00f3n QP","image":{"@type":"ImageObject","inLanguage":"es","@id":"https:\/\/secure.gravatar.com\/avatar\/c7164ed6fdec453195284ad24a5ae5b6e1eed2b848477fa2a4787ba9adf39a41?s=96&d=mm&r=g","url":"https:\/\/secure.gravatar.com\/avatar\/c7164ed6fdec453195284ad24a5ae5b6e1eed2b848477fa2a4787ba9adf39a41?s=96&d=mm&r=g","contentUrl":"https:\/\/secure.gravatar.com\/avatar\/c7164ed6fdec453195284ad24a5ae5b6e1eed2b848477fa2a4787ba9adf39a41?s=96&d=mm&r=g","caption":"Redacci\u00f3n QP"},"url":"https:\/\/quehacerpolitico.mx\/?author=2"}]}},"featured_image_urls":{"full":"","thumbnail":"","medium":"","medium_large":"","large":"","1536x1536":"","2048x2048":"","covernews-featured":"","covernews-medium":""},"author_info":{"display_name":"Redacci\u00f3n QP","author_link":"https:\/\/quehacerpolitico.mx\/?author=2"},"category_info":"<a href=\"https:\/\/quehacerpolitico.mx\/?cat=2\" rel=\"category\">Noticias<\/a>","tag_info":"Noticias","comment_count":"0","_links":{"self":[{"href":"https:\/\/quehacerpolitico.mx\/index.php?rest_route=\/wp\/v2\/posts\/4408","targetHints":{"allow":["GET"]}}],"collection":[{"href":"https:\/\/quehacerpolitico.mx\/index.php?rest_route=\/wp\/v2\/posts"}],"about":[{"href":"https:\/\/quehacerpolitico.mx\/index.php?rest_route=\/wp\/v2\/types\/post"}],"author":[{"embeddable":true,"href":"https:\/\/quehacerpolitico.mx\/index.php?rest_route=\/wp\/v2\/users\/2"}],"replies":[{"embeddable":true,"href":"https:\/\/quehacerpolitico.mx\/index.php?rest_route=%2Fwp%2Fv2%2Fcomments&post=4408"}],"version-history":[{"count":0,"href":"https:\/\/quehacerpolitico.mx\/index.php?rest_route=\/wp\/v2\/posts\/4408\/revisions"}],"wp:featuredmedia":[{"embeddable":true,"href":"https:\/\/quehacerpolitico.mx\/index.php?rest_route=\/"}],"wp:attachment":[{"href":"https:\/\/quehacerpolitico.mx\/index.php?rest_route=%2Fwp%2Fv2%2Fmedia&parent=4408"}],"wp:term":[{"taxonomy":"category","embeddable":true,"href":"https:\/\/quehacerpolitico.mx\/index.php?rest_route=%2Fwp%2Fv2%2Fcategories&post=4408"},{"taxonomy":"post_tag","embeddable":true,"href":"https:\/\/quehacerpolitico.mx\/index.php?rest_route=%2Fwp%2Fv2%2Ftags&post=4408"}],"curies":[{"name":"wp","href":"https:\/\/api.w.org\/{rel}","templated":true}]}}