{"id":4402,"date":"2018-09-11T14:03:39","date_gmt":"2018-09-11T14:03:39","guid":{"rendered":"http:\/\/quehacerpolitico.mx\/senalan-a-hector-serrano-por-desviar-recursos-publicos\/"},"modified":"2018-09-11T14:03:39","modified_gmt":"2018-09-11T14:03:39","slug":"senalan-a-hector-serrano-por-desviar-recursos-publicos","status":"publish","type":"post","link":"https:\/\/quehacerpolitico.mx\/?p=4402","title":{"rendered":"Se\u00f1alan a H\u00e9ctor Serrano por desviar recursos p\u00fablicos"},"content":{"rendered":"<p><strong>H\u00e9ctor Serrano Cort\u00e9s<\/strong>, ex secretario de gobierno de la Ciudad de M\u00e9xico, dispuso libremente de los recursos asignados en su \u00e1rea durante la administraci\u00f3n de <strong>Miguel \u00c1ngel Mancera<\/strong> que ascendieron, en el \u00faltimo a\u00f1o a 2 mil 900 millones de pesos.<\/p>\n<p>De acuerdo con una publicaci\u00f3n de la revista Proceso, el actual diputado federal del PRD y promotor de la corriente Vanguardia Progresista desvi\u00f3 recursos del erario para solventar &#8220;necesidades&#8221; de diputados, gobernadores, jefes delegacionales de su partido aliados y hasta de sus escoltas.<\/p>\n<p>El reportaje titulado &#8220;<strong>La Secretar\u00eda de Gobierno<\/strong>, caja chica de H\u00e9ctor Serrano&#8221;, se\u00f1ala que tambi\u00e9n de su despacho sali\u00f3 dinero para solventar cosas personales y familiares, como los son el mantenimiento y remodelaci\u00f3n de dos casas, as\u00ed como una oficina particular, y por si no fuera poco, hasta para solventar los gastos de eventos sociales.<\/p>\n<p><strong>Mar\u00eda Eugenia Guarneros<\/strong>, quien era directora general de Administraci\u00f3n tambi\u00e9n utiliz\u00f3 recursos p\u00fablicos para comprar ropa, zapatos, perfumes y medicamentos.<\/p>\n<p>La tambi\u00e9n candidata del <strong>PRD al Senado<\/strong>, tambi\u00e9n pag\u00f3 los gastos de tintorer\u00eda, y hasta pagos de peinados y arreglo de las u\u00f1as en manos y pies.<\/p>\n<p>&#8220;En febrero de 2014, por ejemplo, Serrano desvi\u00f3 2 millones 189 mil 964 pesos para sufragar la credencializaci\u00f3n con miras al proceso de selecci\u00f3n interna del partido, que implic\u00f3 la adquisici\u00f3n de 100 computadoras laptop modelo 245, con procesador AMD E-300, 1.3 GHZ\/1 MB, memoria RAM de 2 GB Windows 7, disco duro 320 Gb y pantalla de 14 pulgadas, as\u00ed como una webcam modelo CS25, un lector de huella un Ipad para firma electr\u00f3nica&#8221;<\/p>\n<p>El desvi\u00f3 de recursos tambi\u00e9n contempla varios eventos que promovi\u00f3 el PRD en defensa del petr\u00f3leo, entre otros personajes de la pol\u00edtica. \u00a0<\/p>\n<div class=\"inner-article split clearfix\">\n<div class=\"info\">Con Informaci\u00f3n de Proceso<\/div>\n<\/div>\n","protected":false},"excerpt":{"rendered":"<p>El ex secretario de gobierno de la CDMX es se\u00f1alado por desviar recursos p\u00fablicos durante la gesti\u00f3n de Miguel \u00c1ngel Mancera<br \/>\nPor Redacci\u00f3n QP<\/p>\n","protected":false},"author":2,"featured_media":4401,"comment_status":"open","ping_status":"open","sticky":false,"template":"","format":"standard","meta":{"_monsterinsights_skip_tracking":false,"_monsterinsights_sitenote_active":false,"_monsterinsights_sitenote_note":"","_monsterinsights_sitenote_category":0,"footnotes":""},"categories":[55],"tags":[],"class_list":["post-4402","post","type-post","status-publish","format-standard","has-post-thumbnail","hentry","category-cdmx"],"yoast_head":"<!-- This site is optimized with the Yoast SEO plugin v27.3 - https:\/\/yoast.com\/product\/yoast-seo-wordpress\/ -->\n<title>Se\u00f1alan a H\u00e9ctor Serrano por desviar recursos p\u00fablicos -<\/title>\n<meta name=\"robots\" content=\"index, follow, max-snippet:-1, max-image-preview:large, max-video-preview:-1\" \/>\n<link rel=\"canonical\" href=\"https:\/\/quehacerpolitico.mx\/?p=4402\" \/>\n<meta property=\"og:locale\" content=\"es_MX\" \/>\n<meta property=\"og:type\" content=\"article\" \/>\n<meta property=\"og:title\" content=\"Se\u00f1alan a H\u00e9ctor Serrano por desviar recursos p\u00fablicos -\" \/>\n<meta property=\"og:description\" content=\"El ex secretario de gobierno de la CDMX es se\u00f1alado por desviar recursos p\u00fablicos durante la gesti\u00f3n de Miguel \u00c1ngel Mancera Por Redacci\u00f3n QP\" \/>\n<meta property=\"og:url\" content=\"https:\/\/quehacerpolitico.mx\/?p=4402\" \/>\n<meta property=\"article:published_time\" content=\"2018-09-11T14:03:39+00:00\" \/>\n<meta name=\"author\" content=\"Redacci\u00f3n QP\" \/>\n<meta name=\"twitter:card\" content=\"summary_large_image\" \/>\n<meta name=\"twitter:label1\" content=\"Escrito por\" \/>\n\t<meta name=\"twitter:data1\" content=\"Redacci\u00f3n QP\" \/>\n\t<meta name=\"twitter:label2\" content=\"Tiempo de lectura\" \/>\n\t<meta name=\"twitter:data2\" content=\"2 minutos\" \/>\n<script type=\"application\/ld+json\" class=\"yoast-schema-graph\">{\"@context\":\"https:\\\/\\\/schema.org\",\"@graph\":[{\"@type\":\"Article\",\"@id\":\"https:\\\/\\\/quehacerpolitico.mx\\\/?p=4402#article\",\"isPartOf\":{\"@id\":\"https:\\\/\\\/quehacerpolitico.mx\\\/?p=4402\"},\"author\":{\"name\":\"Redacci\u00f3n QP\",\"@id\":\"https:\\\/\\\/quehacerpolitico.mx\\\/#\\\/schema\\\/person\\\/496d8ad2d1d3f8036101dca7ee39e585\"},\"headline\":\"Se\u00f1alan a H\u00e9ctor Serrano por desviar recursos p\u00fablicos\",\"datePublished\":\"2018-09-11T14:03:39+00:00\",\"mainEntityOfPage\":{\"@id\":\"https:\\\/\\\/quehacerpolitico.mx\\\/?p=4402\"},\"wordCount\":312,\"commentCount\":0,\"image\":{\"@id\":\"https:\\\/\\\/quehacerpolitico.mx\\\/?p=4402#primaryimage\"},\"thumbnailUrl\":\"\",\"articleSection\":[\"CDMX\"],\"inLanguage\":\"es\",\"potentialAction\":[{\"@type\":\"CommentAction\",\"name\":\"Comment\",\"target\":[\"https:\\\/\\\/quehacerpolitico.mx\\\/?p=4402#respond\"]}]},{\"@type\":\"WebPage\",\"@id\":\"https:\\\/\\\/quehacerpolitico.mx\\\/?p=4402\",\"url\":\"https:\\\/\\\/quehacerpolitico.mx\\\/?p=4402\",\"name\":\"Se\u00f1alan a H\u00e9ctor Serrano por desviar recursos p\u00fablicos -\",\"isPartOf\":{\"@id\":\"https:\\\/\\\/quehacerpolitico.mx\\\/#website\"},\"primaryImageOfPage\":{\"@id\":\"https:\\\/\\\/quehacerpolitico.mx\\\/?p=4402#primaryimage\"},\"image\":{\"@id\":\"https:\\\/\\\/quehacerpolitico.mx\\\/?p=4402#primaryimage\"},\"thumbnailUrl\":\"\",\"datePublished\":\"2018-09-11T14:03:39+00:00\",\"author\":{\"@id\":\"https:\\\/\\\/quehacerpolitico.mx\\\/#\\\/schema\\\/person\\\/496d8ad2d1d3f8036101dca7ee39e585\"},\"breadcrumb\":{\"@id\":\"https:\\\/\\\/quehacerpolitico.mx\\\/?p=4402#breadcrumb\"},\"inLanguage\":\"es\",\"potentialAction\":[{\"@type\":\"ReadAction\",\"target\":[\"https:\\\/\\\/quehacerpolitico.mx\\\/?p=4402\"]}]},{\"@type\":\"ImageObject\",\"inLanguage\":\"es\",\"@id\":\"https:\\\/\\\/quehacerpolitico.mx\\\/?p=4402#primaryimage\",\"url\":\"\",\"contentUrl\":\"\"},{\"@type\":\"BreadcrumbList\",\"@id\":\"https:\\\/\\\/quehacerpolitico.mx\\\/?p=4402#breadcrumb\",\"itemListElement\":[{\"@type\":\"ListItem\",\"position\":1,\"name\":\"Inicio\",\"item\":\"https:\\\/\\\/quehacerpolitico.mx\\\/\"},{\"@type\":\"ListItem\",\"position\":2,\"name\":\"Se\u00f1alan a H\u00e9ctor Serrano por desviar recursos p\u00fablicos\"}]},{\"@type\":\"WebSite\",\"@id\":\"https:\\\/\\\/quehacerpolitico.mx\\\/#website\",\"url\":\"https:\\\/\\\/quehacerpolitico.mx\\\/\",\"name\":\"\",\"description\":\"\",\"potentialAction\":[{\"@type\":\"SearchAction\",\"target\":{\"@type\":\"EntryPoint\",\"urlTemplate\":\"https:\\\/\\\/quehacerpolitico.mx\\\/?s={search_term_string}\"},\"query-input\":{\"@type\":\"PropertyValueSpecification\",\"valueRequired\":true,\"valueName\":\"search_term_string\"}}],\"inLanguage\":\"es\"},{\"@type\":\"Person\",\"@id\":\"https:\\\/\\\/quehacerpolitico.mx\\\/#\\\/schema\\\/person\\\/496d8ad2d1d3f8036101dca7ee39e585\",\"name\":\"Redacci\u00f3n QP\",\"image\":{\"@type\":\"ImageObject\",\"inLanguage\":\"es\",\"@id\":\"https:\\\/\\\/secure.gravatar.com\\\/avatar\\\/c7164ed6fdec453195284ad24a5ae5b6e1eed2b848477fa2a4787ba9adf39a41?s=96&d=mm&r=g\",\"url\":\"https:\\\/\\\/secure.gravatar.com\\\/avatar\\\/c7164ed6fdec453195284ad24a5ae5b6e1eed2b848477fa2a4787ba9adf39a41?s=96&d=mm&r=g\",\"contentUrl\":\"https:\\\/\\\/secure.gravatar.com\\\/avatar\\\/c7164ed6fdec453195284ad24a5ae5b6e1eed2b848477fa2a4787ba9adf39a41?s=96&d=mm&r=g\",\"caption\":\"Redacci\u00f3n QP\"},\"url\":\"https:\\\/\\\/quehacerpolitico.mx\\\/?author=2\"}]}<\/script>\n<!-- \/ Yoast SEO plugin. -->","yoast_head_json":{"title":"Se\u00f1alan a H\u00e9ctor Serrano por desviar recursos p\u00fablicos -","robots":{"index":"index","follow":"follow","max-snippet":"max-snippet:-1","max-image-preview":"max-image-preview:large","max-video-preview":"max-video-preview:-1"},"canonical":"https:\/\/quehacerpolitico.mx\/?p=4402","og_locale":"es_MX","og_type":"article","og_title":"Se\u00f1alan a H\u00e9ctor Serrano por desviar recursos p\u00fablicos -","og_description":"El ex secretario de gobierno de la CDMX es se\u00f1alado por desviar recursos p\u00fablicos durante la gesti\u00f3n de Miguel \u00c1ngel Mancera Por Redacci\u00f3n QP","og_url":"https:\/\/quehacerpolitico.mx\/?p=4402","article_published_time":"2018-09-11T14:03:39+00:00","author":"Redacci\u00f3n QP","twitter_card":"summary_large_image","twitter_misc":{"Escrito por":"Redacci\u00f3n QP","Tiempo de lectura":"2 minutos"},"schema":{"@context":"https:\/\/schema.org","@graph":[{"@type":"Article","@id":"https:\/\/quehacerpolitico.mx\/?p=4402#article","isPartOf":{"@id":"https:\/\/quehacerpolitico.mx\/?p=4402"},"author":{"name":"Redacci\u00f3n QP","@id":"https:\/\/quehacerpolitico.mx\/#\/schema\/person\/496d8ad2d1d3f8036101dca7ee39e585"},"headline":"Se\u00f1alan a H\u00e9ctor Serrano por desviar recursos p\u00fablicos","datePublished":"2018-09-11T14:03:39+00:00","mainEntityOfPage":{"@id":"https:\/\/quehacerpolitico.mx\/?p=4402"},"wordCount":312,"commentCount":0,"image":{"@id":"https:\/\/quehacerpolitico.mx\/?p=4402#primaryimage"},"thumbnailUrl":"","articleSection":["CDMX"],"inLanguage":"es","potentialAction":[{"@type":"CommentAction","name":"Comment","target":["https:\/\/quehacerpolitico.mx\/?p=4402#respond"]}]},{"@type":"WebPage","@id":"https:\/\/quehacerpolitico.mx\/?p=4402","url":"https:\/\/quehacerpolitico.mx\/?p=4402","name":"Se\u00f1alan a H\u00e9ctor Serrano por desviar recursos p\u00fablicos -","isPartOf":{"@id":"https:\/\/quehacerpolitico.mx\/#website"},"primaryImageOfPage":{"@id":"https:\/\/quehacerpolitico.mx\/?p=4402#primaryimage"},"image":{"@id":"https:\/\/quehacerpolitico.mx\/?p=4402#primaryimage"},"thumbnailUrl":"","datePublished":"2018-09-11T14:03:39+00:00","author":{"@id":"https:\/\/quehacerpolitico.mx\/#\/schema\/person\/496d8ad2d1d3f8036101dca7ee39e585"},"breadcrumb":{"@id":"https:\/\/quehacerpolitico.mx\/?p=4402#breadcrumb"},"inLanguage":"es","potentialAction":[{"@type":"ReadAction","target":["https:\/\/quehacerpolitico.mx\/?p=4402"]}]},{"@type":"ImageObject","inLanguage":"es","@id":"https:\/\/quehacerpolitico.mx\/?p=4402#primaryimage","url":"","contentUrl":""},{"@type":"BreadcrumbList","@id":"https:\/\/quehacerpolitico.mx\/?p=4402#breadcrumb","itemListElement":[{"@type":"ListItem","position":1,"name":"Inicio","item":"https:\/\/quehacerpolitico.mx\/"},{"@type":"ListItem","position":2,"name":"Se\u00f1alan a H\u00e9ctor Serrano por desviar recursos p\u00fablicos"}]},{"@type":"WebSite","@id":"https:\/\/quehacerpolitico.mx\/#website","url":"https:\/\/quehacerpolitico.mx\/","name":"","description":"","potentialAction":[{"@type":"SearchAction","target":{"@type":"EntryPoint","urlTemplate":"https:\/\/quehacerpolitico.mx\/?s={search_term_string}"},"query-input":{"@type":"PropertyValueSpecification","valueRequired":true,"valueName":"search_term_string"}}],"inLanguage":"es"},{"@type":"Person","@id":"https:\/\/quehacerpolitico.mx\/#\/schema\/person\/496d8ad2d1d3f8036101dca7ee39e585","name":"Redacci\u00f3n QP","image":{"@type":"ImageObject","inLanguage":"es","@id":"https:\/\/secure.gravatar.com\/avatar\/c7164ed6fdec453195284ad24a5ae5b6e1eed2b848477fa2a4787ba9adf39a41?s=96&d=mm&r=g","url":"https:\/\/secure.gravatar.com\/avatar\/c7164ed6fdec453195284ad24a5ae5b6e1eed2b848477fa2a4787ba9adf39a41?s=96&d=mm&r=g","contentUrl":"https:\/\/secure.gravatar.com\/avatar\/c7164ed6fdec453195284ad24a5ae5b6e1eed2b848477fa2a4787ba9adf39a41?s=96&d=mm&r=g","caption":"Redacci\u00f3n QP"},"url":"https:\/\/quehacerpolitico.mx\/?author=2"}]}},"featured_image_urls":{"full":"","thumbnail":"","medium":"","medium_large":"","large":"","1536x1536":"","2048x2048":"","covernews-featured":"","covernews-medium":""},"author_info":{"display_name":"Redacci\u00f3n QP","author_link":"https:\/\/quehacerpolitico.mx\/?author=2"},"category_info":"<a href=\"https:\/\/quehacerpolitico.mx\/?cat=55\" rel=\"category\">CDMX<\/a>","tag_info":"CDMX","comment_count":"0","_links":{"self":[{"href":"https:\/\/quehacerpolitico.mx\/index.php?rest_route=\/wp\/v2\/posts\/4402","targetHints":{"allow":["GET"]}}],"collection":[{"href":"https:\/\/quehacerpolitico.mx\/index.php?rest_route=\/wp\/v2\/posts"}],"about":[{"href":"https:\/\/quehacerpolitico.mx\/index.php?rest_route=\/wp\/v2\/types\/post"}],"author":[{"embeddable":true,"href":"https:\/\/quehacerpolitico.mx\/index.php?rest_route=\/wp\/v2\/users\/2"}],"replies":[{"embeddable":true,"href":"https:\/\/quehacerpolitico.mx\/index.php?rest_route=%2Fwp%2Fv2%2Fcomments&post=4402"}],"version-history":[{"count":0,"href":"https:\/\/quehacerpolitico.mx\/index.php?rest_route=\/wp\/v2\/posts\/4402\/revisions"}],"wp:featuredmedia":[{"embeddable":true,"href":"https:\/\/quehacerpolitico.mx\/index.php?rest_route=\/"}],"wp:attachment":[{"href":"https:\/\/quehacerpolitico.mx\/index.php?rest_route=%2Fwp%2Fv2%2Fmedia&parent=4402"}],"wp:term":[{"taxonomy":"category","embeddable":true,"href":"https:\/\/quehacerpolitico.mx\/index.php?rest_route=%2Fwp%2Fv2%2Fcategories&post=4402"},{"taxonomy":"post_tag","embeddable":true,"href":"https:\/\/quehacerpolitico.mx\/index.php?rest_route=%2Fwp%2Fv2%2Ftags&post=4402"}],"curies":[{"name":"wp","href":"https:\/\/api.w.org\/{rel}","templated":true}]}}