{"id":4385,"date":"2018-09-11T03:46:07","date_gmt":"2018-09-11T03:46:07","guid":{"rendered":"http:\/\/quehacerpolitico.mx\/nueva-alianza-se-robo-logo-y-nombre-de-alliance-canada-y-ahora-su-destino-es-el-mismo-desaparecer\/"},"modified":"2018-09-11T03:46:07","modified_gmt":"2018-09-11T03:46:07","slug":"nueva-alianza-se-robo-logo-y-nombre-de-alliance-canada-y-ahora-su-destino-es-el-mismo-desaparecer","status":"publish","type":"post","link":"https:\/\/quehacerpolitico.mx\/?p=4385","title":{"rendered":"Nueva Alianza se rob\u00f3 logo y nombre de Alliance Canada y ahora su destino es el mismo: desaparecer"},"content":{"rendered":"<h3>El INE aprob\u00f3 el pasado 3 de septiembre la declaratoria de p\u00e9rdida de registro del Partido Nueva Alianza por no haber alcanzado el 3 por ciento de los votos v\u00e1lidos emitidos en las pasadas elecciones en las elecciones federales del 1 de julio.<\/h3>\n<p><strong>Nueva Alianza<\/strong>, creado en 2005, naci\u00f3 llen\u00f3 de plagios. El<strong> Panal<\/strong> no s\u00f3lo le rob\u00f3 el nombre al partido canadiense <strong>New Alliance<\/strong>, sino tambi\u00e9n el logotipo y las ideas.<\/p>\n<p>Ahora, escribe el periodista <strong>David Agren<\/strong> en su art\u00edculo titulado \u201cEl final de lo que queda de la Alianza Canadiense\u201d, que al igual que su tocayo canadiense, Nueva Alianza est\u00e1 por desaparecer al no conseguir los votos suficientes en las pasadas elecciones, las m\u00e1s grandes en la historia de M\u00e9xico.<\/p>\n<blockquote>\n<p>\u201cNueva Alianza se escapar\u00e1 despu\u00e9s de causar su cuota de comedia y controversia, y generar algunas curiosas coincidencias.\u00a0Su candidato de 2012, Gabriel Quadri, incluso\u00a0\u00a0us\u00f3 un traje h\u00famedo\u00a0\u00a0para la patada inicial de su campa\u00f1a, que recuerda al l\u00edder de la Alianza de Canad\u00e1, Stockwell Day, llegando a una conferencia de prensa en 2000 en una moto acu\u00e1tica\u201d, escribe el periodista en su art\u00edculo publicado en la revista <strong><em>Maclean\u2019s<\/em><\/strong>.<\/p>\n<p>Y es que el pasado 3 de septiembre, el Instituto Nacional Electoral (<strong>INE)<\/strong> aprob\u00f3 la declaratoria de p\u00e9rdida de registro del Partido Nueva Alianza (Panal) y Encuentro Social (PES) por no haber alcanzado el 3 por ciento de los votos v\u00e1lidos emitidos en las pasadas elecciones federales del 1 de julio.<\/p>\n<p>Admite que sin duda el partido mexicano era conocido principalmente por su fundadora: la ex dirigente Sindicato Nacional de Trabajadores de la Educaci\u00f3n\u00a0(<strong>SNTE<\/strong>),\u00a0<strong>Elba Esther Gordillo<\/strong>, a la que describe como \u201cuna temida organizadora pol\u00edtica, que es ridiculizada en las redes sociales como Chucky, el mu\u00f1eco de las pel\u00edculas de terror\u201d.<\/p>\n<div id=\"attachment_3469427\" class=\"wp-caption alignnone\"><img loading=\"lazy\" decoding=\"async\" class=\"size-full wp-image-3469427\" src=\"http:\/\/www.sinembargo.mx\/wp-content\/uploads\/2018\/09\/elba-esther.jpg\" sizes=\"auto, (max-width: 700px) 100vw, 700px\" srcset=\"http:\/\/www.sinembargo.mx\/wp-content\/uploads\/2018\/09\/elba-esther.jpg 700w, http:\/\/www.sinembargo.mx\/wp-content\/uploads\/2018\/09\/elba-esther-300x200.jpg 300w\" alt=\"\" width=\"700\" height=\"467\" \/><\/p>\n<p class=\"wp-caption-text\">La maestra Elba Esther Gordillo, ex lideresa del SNTE. Foto: Isaac Esquivel, Cuartoscuro<\/p>\n<\/div>\n<p>El periodista canadiense David Agren recuerda la reapareci\u00f3n de \u201cLa maestra\u201d apenas este 8 agosto, el mismo d\u00eda en que Andr\u00e9s Manuel L\u00f3pez Obrador fue declarado como Presidente electo, en su tercera participaci\u00f3n en una campa\u00f1a presidencial.<\/p>\n<p>El periodista destaca esta reaparici\u00f3n en medio de rumores de un \u201ctrato o pol\u00edtica sucia por parte del gobierno saliente (algo que todos los lados niegan)\u201d; su promesa por seguir al frente del SNTE y la fecha del evento: justo el d\u00eda del inicio de clases.<\/p>\n<blockquote>\n<p>\u201cSu regreso tambi\u00e9n record\u00f3 groseramente a los mexicanos la impunidad desenfrenada en un pa\u00eds donde la corrupci\u00f3n en su mayor\u00eda queda impune y los perseguidos parecen ser blanco de ataques por razones pol\u00edticas\u201d, escribe Agren.<\/p>\n<div class=\"ad_center ad-in-content\">\u00a0<\/div>\n<\/blockquote>\n<p>Recuerda la asistencia de Gordillo a eventos previos a su encarcelamiento donde acud\u00eda con costosos bolsos de la prestigiosa marca Gucci, cuyo valor es mayor al salario de los maestros.<\/p>\n<p>\u201cSe supon\u00eda que la prisi\u00f3n de Gordillo enviaba un mensaje de que M\u00e9xico estaba cambiando a medida que Pe\u00f1a Nieto promov\u00eda las reformas estructurales en materia de energ\u00eda, econom\u00eda y educaci\u00f3n.\u00a0Pero Pe\u00f1a Nieto se empantan\u00f3 por esc\u00e1ndalos de corrupci\u00f3n y se contamin\u00f3 por incompetencia.\u00a0M\u00e1s tarde se revel\u00f3 que el gobierno\u00a0\u00a0gast\u00f3 m\u00e1s en comunicaciones que promueven la reforma educativa\u00a0\u00a0que en la capacitaci\u00f3n de docentes en 2017\u201d, se lee en Maclean\u2019s.<\/p>\n<\/blockquote>\n","protected":false},"excerpt":{"rendered":"<p>Nueva Alianza se rob\u00f3 logo y nombre de Alliance Canada y ahora su destino es el mismo: desaparecer<br \/>\nPor Redacci\u00f3n QP<\/p>\n","protected":false},"author":2,"featured_media":4384,"comment_status":"open","ping_status":"open","sticky":false,"template":"","format":"standard","meta":{"_monsterinsights_skip_tracking":false,"_monsterinsights_sitenote_active":false,"_monsterinsights_sitenote_note":"","_monsterinsights_sitenote_category":0,"footnotes":""},"categories":[2],"tags":[],"class_list":["post-4385","post","type-post","status-publish","format-standard","has-post-thumbnail","hentry","category-noticias"],"yoast_head":"<!-- This site is optimized with the Yoast SEO plugin v27.3 - https:\/\/yoast.com\/product\/yoast-seo-wordpress\/ -->\n<title>Nueva Alianza se rob\u00f3 logo y nombre de Alliance Canada y ahora su destino es el mismo: desaparecer -<\/title>\n<meta name=\"robots\" content=\"index, follow, max-snippet:-1, max-image-preview:large, max-video-preview:-1\" \/>\n<link rel=\"canonical\" href=\"https:\/\/quehacerpolitico.mx\/?p=4385\" \/>\n<meta property=\"og:locale\" content=\"es_MX\" \/>\n<meta property=\"og:type\" content=\"article\" \/>\n<meta property=\"og:title\" content=\"Nueva Alianza se rob\u00f3 logo y nombre de Alliance Canada y ahora su destino es el mismo: desaparecer -\" \/>\n<meta property=\"og:description\" content=\"Nueva Alianza se rob\u00f3 logo y nombre de Alliance Canada y ahora su destino es el mismo: desaparecer Por Redacci\u00f3n QP\" \/>\n<meta property=\"og:url\" content=\"https:\/\/quehacerpolitico.mx\/?p=4385\" \/>\n<meta property=\"article:published_time\" content=\"2018-09-11T03:46:07+00:00\" \/>\n<meta name=\"author\" content=\"Redacci\u00f3n QP\" \/>\n<meta name=\"twitter:card\" content=\"summary_large_image\" \/>\n<meta name=\"twitter:label1\" content=\"Escrito por\" \/>\n\t<meta name=\"twitter:data1\" content=\"Redacci\u00f3n QP\" \/>\n\t<meta name=\"twitter:label2\" content=\"Tiempo de lectura\" \/>\n\t<meta name=\"twitter:data2\" content=\"3 minutos\" \/>\n<script type=\"application\/ld+json\" class=\"yoast-schema-graph\">{\"@context\":\"https:\\\/\\\/schema.org\",\"@graph\":[{\"@type\":\"Article\",\"@id\":\"https:\\\/\\\/quehacerpolitico.mx\\\/?p=4385#article\",\"isPartOf\":{\"@id\":\"https:\\\/\\\/quehacerpolitico.mx\\\/?p=4385\"},\"author\":{\"name\":\"Redacci\u00f3n QP\",\"@id\":\"https:\\\/\\\/quehacerpolitico.mx\\\/#\\\/schema\\\/person\\\/496d8ad2d1d3f8036101dca7ee39e585\"},\"headline\":\"Nueva Alianza se rob\u00f3 logo y nombre de Alliance Canada y ahora su destino es el mismo: desaparecer\",\"datePublished\":\"2018-09-11T03:46:07+00:00\",\"mainEntityOfPage\":{\"@id\":\"https:\\\/\\\/quehacerpolitico.mx\\\/?p=4385\"},\"wordCount\":586,\"commentCount\":0,\"image\":{\"@id\":\"https:\\\/\\\/quehacerpolitico.mx\\\/?p=4385#primaryimage\"},\"thumbnailUrl\":\"\",\"articleSection\":[\"Noticias\"],\"inLanguage\":\"es\",\"potentialAction\":[{\"@type\":\"CommentAction\",\"name\":\"Comment\",\"target\":[\"https:\\\/\\\/quehacerpolitico.mx\\\/?p=4385#respond\"]}]},{\"@type\":\"WebPage\",\"@id\":\"https:\\\/\\\/quehacerpolitico.mx\\\/?p=4385\",\"url\":\"https:\\\/\\\/quehacerpolitico.mx\\\/?p=4385\",\"name\":\"Nueva Alianza se rob\u00f3 logo y nombre de Alliance Canada y ahora su destino es el mismo: desaparecer -\",\"isPartOf\":{\"@id\":\"https:\\\/\\\/quehacerpolitico.mx\\\/#website\"},\"primaryImageOfPage\":{\"@id\":\"https:\\\/\\\/quehacerpolitico.mx\\\/?p=4385#primaryimage\"},\"image\":{\"@id\":\"https:\\\/\\\/quehacerpolitico.mx\\\/?p=4385#primaryimage\"},\"thumbnailUrl\":\"\",\"datePublished\":\"2018-09-11T03:46:07+00:00\",\"author\":{\"@id\":\"https:\\\/\\\/quehacerpolitico.mx\\\/#\\\/schema\\\/person\\\/496d8ad2d1d3f8036101dca7ee39e585\"},\"breadcrumb\":{\"@id\":\"https:\\\/\\\/quehacerpolitico.mx\\\/?p=4385#breadcrumb\"},\"inLanguage\":\"es\",\"potentialAction\":[{\"@type\":\"ReadAction\",\"target\":[\"https:\\\/\\\/quehacerpolitico.mx\\\/?p=4385\"]}]},{\"@type\":\"ImageObject\",\"inLanguage\":\"es\",\"@id\":\"https:\\\/\\\/quehacerpolitico.mx\\\/?p=4385#primaryimage\",\"url\":\"\",\"contentUrl\":\"\"},{\"@type\":\"BreadcrumbList\",\"@id\":\"https:\\\/\\\/quehacerpolitico.mx\\\/?p=4385#breadcrumb\",\"itemListElement\":[{\"@type\":\"ListItem\",\"position\":1,\"name\":\"Inicio\",\"item\":\"https:\\\/\\\/quehacerpolitico.mx\\\/\"},{\"@type\":\"ListItem\",\"position\":2,\"name\":\"Nueva Alianza se rob\u00f3 logo y nombre de Alliance Canada y ahora su destino es el mismo: desaparecer\"}]},{\"@type\":\"WebSite\",\"@id\":\"https:\\\/\\\/quehacerpolitico.mx\\\/#website\",\"url\":\"https:\\\/\\\/quehacerpolitico.mx\\\/\",\"name\":\"\",\"description\":\"\",\"potentialAction\":[{\"@type\":\"SearchAction\",\"target\":{\"@type\":\"EntryPoint\",\"urlTemplate\":\"https:\\\/\\\/quehacerpolitico.mx\\\/?s={search_term_string}\"},\"query-input\":{\"@type\":\"PropertyValueSpecification\",\"valueRequired\":true,\"valueName\":\"search_term_string\"}}],\"inLanguage\":\"es\"},{\"@type\":\"Person\",\"@id\":\"https:\\\/\\\/quehacerpolitico.mx\\\/#\\\/schema\\\/person\\\/496d8ad2d1d3f8036101dca7ee39e585\",\"name\":\"Redacci\u00f3n QP\",\"image\":{\"@type\":\"ImageObject\",\"inLanguage\":\"es\",\"@id\":\"https:\\\/\\\/secure.gravatar.com\\\/avatar\\\/c7164ed6fdec453195284ad24a5ae5b6e1eed2b848477fa2a4787ba9adf39a41?s=96&d=mm&r=g\",\"url\":\"https:\\\/\\\/secure.gravatar.com\\\/avatar\\\/c7164ed6fdec453195284ad24a5ae5b6e1eed2b848477fa2a4787ba9adf39a41?s=96&d=mm&r=g\",\"contentUrl\":\"https:\\\/\\\/secure.gravatar.com\\\/avatar\\\/c7164ed6fdec453195284ad24a5ae5b6e1eed2b848477fa2a4787ba9adf39a41?s=96&d=mm&r=g\",\"caption\":\"Redacci\u00f3n QP\"},\"url\":\"https:\\\/\\\/quehacerpolitico.mx\\\/?author=2\"}]}<\/script>\n<!-- \/ Yoast SEO plugin. -->","yoast_head_json":{"title":"Nueva Alianza se rob\u00f3 logo y nombre de Alliance Canada y ahora su destino es el mismo: desaparecer -","robots":{"index":"index","follow":"follow","max-snippet":"max-snippet:-1","max-image-preview":"max-image-preview:large","max-video-preview":"max-video-preview:-1"},"canonical":"https:\/\/quehacerpolitico.mx\/?p=4385","og_locale":"es_MX","og_type":"article","og_title":"Nueva Alianza se rob\u00f3 logo y nombre de Alliance Canada y ahora su destino es el mismo: desaparecer -","og_description":"Nueva Alianza se rob\u00f3 logo y nombre de Alliance Canada y ahora su destino es el mismo: desaparecer Por Redacci\u00f3n QP","og_url":"https:\/\/quehacerpolitico.mx\/?p=4385","article_published_time":"2018-09-11T03:46:07+00:00","author":"Redacci\u00f3n QP","twitter_card":"summary_large_image","twitter_misc":{"Escrito por":"Redacci\u00f3n QP","Tiempo de lectura":"3 minutos"},"schema":{"@context":"https:\/\/schema.org","@graph":[{"@type":"Article","@id":"https:\/\/quehacerpolitico.mx\/?p=4385#article","isPartOf":{"@id":"https:\/\/quehacerpolitico.mx\/?p=4385"},"author":{"name":"Redacci\u00f3n QP","@id":"https:\/\/quehacerpolitico.mx\/#\/schema\/person\/496d8ad2d1d3f8036101dca7ee39e585"},"headline":"Nueva Alianza se rob\u00f3 logo y nombre de Alliance Canada y ahora su destino es el mismo: desaparecer","datePublished":"2018-09-11T03:46:07+00:00","mainEntityOfPage":{"@id":"https:\/\/quehacerpolitico.mx\/?p=4385"},"wordCount":586,"commentCount":0,"image":{"@id":"https:\/\/quehacerpolitico.mx\/?p=4385#primaryimage"},"thumbnailUrl":"","articleSection":["Noticias"],"inLanguage":"es","potentialAction":[{"@type":"CommentAction","name":"Comment","target":["https:\/\/quehacerpolitico.mx\/?p=4385#respond"]}]},{"@type":"WebPage","@id":"https:\/\/quehacerpolitico.mx\/?p=4385","url":"https:\/\/quehacerpolitico.mx\/?p=4385","name":"Nueva Alianza se rob\u00f3 logo y nombre de Alliance Canada y ahora su destino es el mismo: desaparecer -","isPartOf":{"@id":"https:\/\/quehacerpolitico.mx\/#website"},"primaryImageOfPage":{"@id":"https:\/\/quehacerpolitico.mx\/?p=4385#primaryimage"},"image":{"@id":"https:\/\/quehacerpolitico.mx\/?p=4385#primaryimage"},"thumbnailUrl":"","datePublished":"2018-09-11T03:46:07+00:00","author":{"@id":"https:\/\/quehacerpolitico.mx\/#\/schema\/person\/496d8ad2d1d3f8036101dca7ee39e585"},"breadcrumb":{"@id":"https:\/\/quehacerpolitico.mx\/?p=4385#breadcrumb"},"inLanguage":"es","potentialAction":[{"@type":"ReadAction","target":["https:\/\/quehacerpolitico.mx\/?p=4385"]}]},{"@type":"ImageObject","inLanguage":"es","@id":"https:\/\/quehacerpolitico.mx\/?p=4385#primaryimage","url":"","contentUrl":""},{"@type":"BreadcrumbList","@id":"https:\/\/quehacerpolitico.mx\/?p=4385#breadcrumb","itemListElement":[{"@type":"ListItem","position":1,"name":"Inicio","item":"https:\/\/quehacerpolitico.mx\/"},{"@type":"ListItem","position":2,"name":"Nueva Alianza se rob\u00f3 logo y nombre de Alliance Canada y ahora su destino es el mismo: desaparecer"}]},{"@type":"WebSite","@id":"https:\/\/quehacerpolitico.mx\/#website","url":"https:\/\/quehacerpolitico.mx\/","name":"","description":"","potentialAction":[{"@type":"SearchAction","target":{"@type":"EntryPoint","urlTemplate":"https:\/\/quehacerpolitico.mx\/?s={search_term_string}"},"query-input":{"@type":"PropertyValueSpecification","valueRequired":true,"valueName":"search_term_string"}}],"inLanguage":"es"},{"@type":"Person","@id":"https:\/\/quehacerpolitico.mx\/#\/schema\/person\/496d8ad2d1d3f8036101dca7ee39e585","name":"Redacci\u00f3n QP","image":{"@type":"ImageObject","inLanguage":"es","@id":"https:\/\/secure.gravatar.com\/avatar\/c7164ed6fdec453195284ad24a5ae5b6e1eed2b848477fa2a4787ba9adf39a41?s=96&d=mm&r=g","url":"https:\/\/secure.gravatar.com\/avatar\/c7164ed6fdec453195284ad24a5ae5b6e1eed2b848477fa2a4787ba9adf39a41?s=96&d=mm&r=g","contentUrl":"https:\/\/secure.gravatar.com\/avatar\/c7164ed6fdec453195284ad24a5ae5b6e1eed2b848477fa2a4787ba9adf39a41?s=96&d=mm&r=g","caption":"Redacci\u00f3n QP"},"url":"https:\/\/quehacerpolitico.mx\/?author=2"}]}},"featured_image_urls":{"full":"","thumbnail":"","medium":"","medium_large":"","large":"","1536x1536":"","2048x2048":"","covernews-featured":"","covernews-medium":""},"author_info":{"display_name":"Redacci\u00f3n QP","author_link":"https:\/\/quehacerpolitico.mx\/?author=2"},"category_info":"<a href=\"https:\/\/quehacerpolitico.mx\/?cat=2\" rel=\"category\">Noticias<\/a>","tag_info":"Noticias","comment_count":"0","_links":{"self":[{"href":"https:\/\/quehacerpolitico.mx\/index.php?rest_route=\/wp\/v2\/posts\/4385","targetHints":{"allow":["GET"]}}],"collection":[{"href":"https:\/\/quehacerpolitico.mx\/index.php?rest_route=\/wp\/v2\/posts"}],"about":[{"href":"https:\/\/quehacerpolitico.mx\/index.php?rest_route=\/wp\/v2\/types\/post"}],"author":[{"embeddable":true,"href":"https:\/\/quehacerpolitico.mx\/index.php?rest_route=\/wp\/v2\/users\/2"}],"replies":[{"embeddable":true,"href":"https:\/\/quehacerpolitico.mx\/index.php?rest_route=%2Fwp%2Fv2%2Fcomments&post=4385"}],"version-history":[{"count":0,"href":"https:\/\/quehacerpolitico.mx\/index.php?rest_route=\/wp\/v2\/posts\/4385\/revisions"}],"wp:featuredmedia":[{"embeddable":true,"href":"https:\/\/quehacerpolitico.mx\/index.php?rest_route=\/"}],"wp:attachment":[{"href":"https:\/\/quehacerpolitico.mx\/index.php?rest_route=%2Fwp%2Fv2%2Fmedia&parent=4385"}],"wp:term":[{"taxonomy":"category","embeddable":true,"href":"https:\/\/quehacerpolitico.mx\/index.php?rest_route=%2Fwp%2Fv2%2Fcategories&post=4385"},{"taxonomy":"post_tag","embeddable":true,"href":"https:\/\/quehacerpolitico.mx\/index.php?rest_route=%2Fwp%2Fv2%2Ftags&post=4385"}],"curies":[{"name":"wp","href":"https:\/\/api.w.org\/{rel}","templated":true}]}}