{"id":4383,"date":"2018-09-11T03:41:14","date_gmt":"2018-09-11T03:41:14","guid":{"rendered":"http:\/\/quehacerpolitico.mx\/fiscal-de-slp-exhibe-que-la-policia-federal-no-rescato-a-la-bebe-mya-fernanda-sino-particulares\/"},"modified":"2018-09-11T03:41:14","modified_gmt":"2018-09-11T03:41:14","slug":"fiscal-de-slp-exhibe-que-la-policia-federal-no-rescato-a-la-bebe-mya-fernanda-sino-particulares","status":"publish","type":"post","link":"https:\/\/quehacerpolitico.mx\/?p=4383","title":{"rendered":"Fiscal de SLP exhibe que la Polic\u00eda Federal no rescat\u00f3 a la beb\u00e9 Mya Fernanda sino particulares"},"content":{"rendered":"<h3>El titular de la Fiscal\u00eda General del Estado de San Luis Potos\u00ed declar\u00f3 que el autor del rescate de la beb\u00e9 de 11 meses, Mya Fernanda, fue realizada por un automovilista quien encontr\u00f3 a la menor en la carretera federal 70 Rioverde-San Luis Potos\u00ed, y no como la Polic\u00eda Federal lo indic\u00f3 en sus redes sociales, donde se adjudic\u00f3 el rescate.<\/h3>\n<p>Federico Garza Herrera, titular de la Fiscal\u00eda General del Estado (FGE) de San Luis Potos\u00ed, revel\u00f3 que la menor Mya Fernanda, perdida desde 20 agosto, fue encontrada por un particular y no por elementos de la Polic\u00eda Federal, como lo hab\u00eda difundido la dependencia en redes sociales.<\/p>\n<p>Mya Fernanda, de 11 meses de edad, hab\u00eda desaparecido desde 30 de agosto pasado, cuando su abuela la iba a llevar a la guarder\u00eda, y fue hasta este 5 de de septiembre que fue localizada por particulares en la carretera R\u00edo Verde-San Luis Potos\u00ed.<\/p>\n<p>La peque\u00f1a fue abandonada luego del asesinato de su abuela.<\/p>\n<p>El Fiscal, Garza Herrera detall\u00f3 que en el sitio donde el particular dijo haber hallado a la beb\u00e9 s\u00ed se encontraron evidencias de que la menor estuvo ah\u00ed.<\/p>\n<p>Cuestionado acerca de la existencia de un video de la Polic\u00eda Federal, en el que agentes de esa corporaci\u00f3n presumen que localizaron a la ni\u00f1a en un basurero, el fiscal no entr\u00f3 en detalles y dijo no querer especular al respecto, s\u00f3lo enfatiz\u00f3 que el Ministerio P\u00fablico deber\u00e1 hacer su trabajo para encontrar a quienes asesinaron a la abuela de Mya.<\/p>\n<p>https:\/\/www.facebook.com\/PoliciaFederaldeMexicoPoliciaparalaPaz\/videos\/1629659297162171\/<\/p>\n<p>Coment\u00f3 que deber\u00e1n ser los \u00f3rganos internos de la Polic\u00eda Federal quienes analicen el caso.<\/p>\n<blockquote>\n<p>\u201cFernanda desapareci\u00f3 el 30 de agosto pasado, cuando su abuela la iba a llevar a la guarder\u00eda. Este 5 de septiembre, su llanto fue escuchado por polic\u00edas federales que realizaban un patrullaje en la carretera R\u00edo Verde-San Luis Potos\u00ed. La peque\u00f1a, de 11 meses de edad, con apenas un vestido y una cobija, venci\u00f3 al fr\u00edo y a la intemperie\u201d, indicaba la publicaci\u00f3n en Facebook.<\/p>\n<\/blockquote>\n<p>Tambi\u00e9n confirm\u00f3 que la mam\u00e1 de la ni\u00f1a ya tiene a la menor y los familiares comparecieron ante el encargado de despacho de la Subprocuradur\u00eda en Rioverde.<\/p>\n<p><strong>PADRES DE MYA AGRADECEN A CIUDADANOS<\/strong><\/p>\n<div id=\"attachment_3469408\" class=\"wp-caption alignnone\"><img loading=\"lazy\" decoding=\"async\" class=\"size-full wp-image-3469408\" src=\"http:\/\/www.sinembargo.mx\/wp-content\/uploads\/2018\/09\/mya-fernanda.jpg\" sizes=\"auto, (max-width: 700px) 100vw, 700px\" srcset=\"http:\/\/www.sinembargo.mx\/wp-content\/uploads\/2018\/09\/mya-fernanda.jpg 700w, http:\/\/www.sinembargo.mx\/wp-content\/uploads\/2018\/09\/mya-fernanda-220x300.jpg 220w\" alt=\"\" width=\"700\" height=\"953\" \/><\/p>\n<p class=\"wp-caption-text\">\u201cQueremos agradecer, muchas gracias y Dios los bendiga\u201d, dijeron lo padres de Fernanda. Foto: Especial<\/p>\n<\/div>\n<p>Los padres de Mya Fernanda agradecieron a los ciudadanos que encontraron a la menor, porque les regresaron una ilusi\u00f3n que ve\u00edan lejana.<\/p>\n<p>Adem\u00e1s se refirieron al video de la Polic\u00eda Federal en el que simulaban el rescate de la menor y dijeron que cuentan con un abogado que atiende el caso.<\/p>\n<p>Fue un automovilista quien encontr\u00f3 a la beb\u00e9 en la carretera federal 70 Rioverde-San Luis Potos\u00ed, en un paraje de San Nicol\u00e1s Tolentino y con ayuda de otros ciudadanos la entreg\u00f3 a las autoridades. Horas m\u00e1s tarde la Polic\u00eda Federal difundi\u00f3 un video en el que agentes se atribu\u00edan el supuesto rescate de Mya.<\/p>\n<blockquote>\n<p>El padre de familia anunci\u00f3 que se reunir\u00e1n con las personas que encontraron a Mya, pero \u201cqueremos agradecer, muchas gracias y Dios los bendiga, nos regresaron una ilusi\u00f3n que ya la ve\u00edamos muy lejana\u201d, comentaron.<\/p>\n<\/blockquote>\n<p>El pap\u00e1 de Mya Fernanda agradeci\u00f3 a la ciudadan\u00eda de Rioverde, que se une cuando sucede estas situaciones dolorosas.<\/p>\n<p>Los padres agradecieron al alcalde Ram\u00f3n Torres Garc\u00eda y al Subprocurador de Justicia en la zona Media Mois\u00e9s Alejandro as\u00ed como a las corporaciones polic\u00edacas de Rioverde, Ciudad Fern\u00e1ndez y de la capital potosina que se unieron a la b\u00fasqueda de su menor hija.<\/p>\n<p>Con Informaci\u00f3n de Pulso SLP<\/p>\n","protected":false},"excerpt":{"rendered":"<p>Fiscal de SLP exhibe que la Polic\u00eda Federal no rescat\u00f3 a la beb\u00e9 Mya Fernanda sino particulares<\/p>\n","protected":false},"author":2,"featured_media":4382,"comment_status":"open","ping_status":"open","sticky":false,"template":"","format":"standard","meta":{"_monsterinsights_skip_tracking":false,"_monsterinsights_sitenote_active":false,"_monsterinsights_sitenote_note":"","_monsterinsights_sitenote_category":0,"footnotes":""},"categories":[2],"tags":[],"class_list":["post-4383","post","type-post","status-publish","format-standard","has-post-thumbnail","hentry","category-noticias"],"yoast_head":"<!-- This site is optimized with the Yoast SEO plugin v27.3 - https:\/\/yoast.com\/product\/yoast-seo-wordpress\/ -->\n<title>Fiscal de SLP exhibe que la Polic\u00eda Federal no rescat\u00f3 a la beb\u00e9 Mya Fernanda sino particulares -<\/title>\n<meta name=\"robots\" content=\"index, follow, max-snippet:-1, max-image-preview:large, max-video-preview:-1\" \/>\n<link rel=\"canonical\" href=\"https:\/\/quehacerpolitico.mx\/?p=4383\" \/>\n<meta property=\"og:locale\" content=\"es_MX\" \/>\n<meta property=\"og:type\" content=\"article\" \/>\n<meta property=\"og:title\" content=\"Fiscal de SLP exhibe que la Polic\u00eda Federal no rescat\u00f3 a la beb\u00e9 Mya Fernanda sino particulares -\" \/>\n<meta property=\"og:description\" content=\"Fiscal de SLP exhibe que la Polic\u00eda Federal no rescat\u00f3 a la beb\u00e9 Mya Fernanda sino particulares\" \/>\n<meta property=\"og:url\" content=\"https:\/\/quehacerpolitico.mx\/?p=4383\" \/>\n<meta property=\"article:published_time\" content=\"2018-09-11T03:41:14+00:00\" \/>\n<meta name=\"author\" content=\"Redacci\u00f3n QP\" \/>\n<meta name=\"twitter:card\" content=\"summary_large_image\" \/>\n<meta name=\"twitter:label1\" content=\"Escrito por\" \/>\n\t<meta name=\"twitter:data1\" content=\"Redacci\u00f3n QP\" \/>\n\t<meta name=\"twitter:label2\" content=\"Tiempo de lectura\" \/>\n\t<meta name=\"twitter:data2\" content=\"3 minutos\" \/>\n<script type=\"application\/ld+json\" class=\"yoast-schema-graph\">{\"@context\":\"https:\\\/\\\/schema.org\",\"@graph\":[{\"@type\":\"Article\",\"@id\":\"https:\\\/\\\/quehacerpolitico.mx\\\/?p=4383#article\",\"isPartOf\":{\"@id\":\"https:\\\/\\\/quehacerpolitico.mx\\\/?p=4383\"},\"author\":{\"name\":\"Redacci\u00f3n QP\",\"@id\":\"https:\\\/\\\/quehacerpolitico.mx\\\/#\\\/schema\\\/person\\\/496d8ad2d1d3f8036101dca7ee39e585\"},\"headline\":\"Fiscal de SLP exhibe que la Polic\u00eda Federal no rescat\u00f3 a la beb\u00e9 Mya Fernanda sino particulares\",\"datePublished\":\"2018-09-11T03:41:14+00:00\",\"mainEntityOfPage\":{\"@id\":\"https:\\\/\\\/quehacerpolitico.mx\\\/?p=4383\"},\"wordCount\":645,\"commentCount\":0,\"image\":{\"@id\":\"https:\\\/\\\/quehacerpolitico.mx\\\/?p=4383#primaryimage\"},\"thumbnailUrl\":\"\",\"articleSection\":[\"Noticias\"],\"inLanguage\":\"es\",\"potentialAction\":[{\"@type\":\"CommentAction\",\"name\":\"Comment\",\"target\":[\"https:\\\/\\\/quehacerpolitico.mx\\\/?p=4383#respond\"]}]},{\"@type\":\"WebPage\",\"@id\":\"https:\\\/\\\/quehacerpolitico.mx\\\/?p=4383\",\"url\":\"https:\\\/\\\/quehacerpolitico.mx\\\/?p=4383\",\"name\":\"Fiscal de SLP exhibe que la Polic\u00eda Federal no rescat\u00f3 a la beb\u00e9 Mya Fernanda sino particulares -\",\"isPartOf\":{\"@id\":\"https:\\\/\\\/quehacerpolitico.mx\\\/#website\"},\"primaryImageOfPage\":{\"@id\":\"https:\\\/\\\/quehacerpolitico.mx\\\/?p=4383#primaryimage\"},\"image\":{\"@id\":\"https:\\\/\\\/quehacerpolitico.mx\\\/?p=4383#primaryimage\"},\"thumbnailUrl\":\"\",\"datePublished\":\"2018-09-11T03:41:14+00:00\",\"author\":{\"@id\":\"https:\\\/\\\/quehacerpolitico.mx\\\/#\\\/schema\\\/person\\\/496d8ad2d1d3f8036101dca7ee39e585\"},\"breadcrumb\":{\"@id\":\"https:\\\/\\\/quehacerpolitico.mx\\\/?p=4383#breadcrumb\"},\"inLanguage\":\"es\",\"potentialAction\":[{\"@type\":\"ReadAction\",\"target\":[\"https:\\\/\\\/quehacerpolitico.mx\\\/?p=4383\"]}]},{\"@type\":\"ImageObject\",\"inLanguage\":\"es\",\"@id\":\"https:\\\/\\\/quehacerpolitico.mx\\\/?p=4383#primaryimage\",\"url\":\"\",\"contentUrl\":\"\"},{\"@type\":\"BreadcrumbList\",\"@id\":\"https:\\\/\\\/quehacerpolitico.mx\\\/?p=4383#breadcrumb\",\"itemListElement\":[{\"@type\":\"ListItem\",\"position\":1,\"name\":\"Inicio\",\"item\":\"https:\\\/\\\/quehacerpolitico.mx\\\/\"},{\"@type\":\"ListItem\",\"position\":2,\"name\":\"Fiscal de SLP exhibe que la Polic\u00eda Federal no rescat\u00f3 a la beb\u00e9 Mya Fernanda sino particulares\"}]},{\"@type\":\"WebSite\",\"@id\":\"https:\\\/\\\/quehacerpolitico.mx\\\/#website\",\"url\":\"https:\\\/\\\/quehacerpolitico.mx\\\/\",\"name\":\"\",\"description\":\"\",\"potentialAction\":[{\"@type\":\"SearchAction\",\"target\":{\"@type\":\"EntryPoint\",\"urlTemplate\":\"https:\\\/\\\/quehacerpolitico.mx\\\/?s={search_term_string}\"},\"query-input\":{\"@type\":\"PropertyValueSpecification\",\"valueRequired\":true,\"valueName\":\"search_term_string\"}}],\"inLanguage\":\"es\"},{\"@type\":\"Person\",\"@id\":\"https:\\\/\\\/quehacerpolitico.mx\\\/#\\\/schema\\\/person\\\/496d8ad2d1d3f8036101dca7ee39e585\",\"name\":\"Redacci\u00f3n QP\",\"image\":{\"@type\":\"ImageObject\",\"inLanguage\":\"es\",\"@id\":\"https:\\\/\\\/secure.gravatar.com\\\/avatar\\\/c7164ed6fdec453195284ad24a5ae5b6e1eed2b848477fa2a4787ba9adf39a41?s=96&d=mm&r=g\",\"url\":\"https:\\\/\\\/secure.gravatar.com\\\/avatar\\\/c7164ed6fdec453195284ad24a5ae5b6e1eed2b848477fa2a4787ba9adf39a41?s=96&d=mm&r=g\",\"contentUrl\":\"https:\\\/\\\/secure.gravatar.com\\\/avatar\\\/c7164ed6fdec453195284ad24a5ae5b6e1eed2b848477fa2a4787ba9adf39a41?s=96&d=mm&r=g\",\"caption\":\"Redacci\u00f3n QP\"},\"url\":\"https:\\\/\\\/quehacerpolitico.mx\\\/?author=2\"}]}<\/script>\n<!-- \/ Yoast SEO plugin. -->","yoast_head_json":{"title":"Fiscal de SLP exhibe que la Polic\u00eda Federal no rescat\u00f3 a la beb\u00e9 Mya Fernanda sino particulares -","robots":{"index":"index","follow":"follow","max-snippet":"max-snippet:-1","max-image-preview":"max-image-preview:large","max-video-preview":"max-video-preview:-1"},"canonical":"https:\/\/quehacerpolitico.mx\/?p=4383","og_locale":"es_MX","og_type":"article","og_title":"Fiscal de SLP exhibe que la Polic\u00eda Federal no rescat\u00f3 a la beb\u00e9 Mya Fernanda sino particulares -","og_description":"Fiscal de SLP exhibe que la Polic\u00eda Federal no rescat\u00f3 a la beb\u00e9 Mya Fernanda sino particulares","og_url":"https:\/\/quehacerpolitico.mx\/?p=4383","article_published_time":"2018-09-11T03:41:14+00:00","author":"Redacci\u00f3n QP","twitter_card":"summary_large_image","twitter_misc":{"Escrito por":"Redacci\u00f3n QP","Tiempo de lectura":"3 minutos"},"schema":{"@context":"https:\/\/schema.org","@graph":[{"@type":"Article","@id":"https:\/\/quehacerpolitico.mx\/?p=4383#article","isPartOf":{"@id":"https:\/\/quehacerpolitico.mx\/?p=4383"},"author":{"name":"Redacci\u00f3n QP","@id":"https:\/\/quehacerpolitico.mx\/#\/schema\/person\/496d8ad2d1d3f8036101dca7ee39e585"},"headline":"Fiscal de SLP exhibe que la Polic\u00eda Federal no rescat\u00f3 a la beb\u00e9 Mya Fernanda sino particulares","datePublished":"2018-09-11T03:41:14+00:00","mainEntityOfPage":{"@id":"https:\/\/quehacerpolitico.mx\/?p=4383"},"wordCount":645,"commentCount":0,"image":{"@id":"https:\/\/quehacerpolitico.mx\/?p=4383#primaryimage"},"thumbnailUrl":"","articleSection":["Noticias"],"inLanguage":"es","potentialAction":[{"@type":"CommentAction","name":"Comment","target":["https:\/\/quehacerpolitico.mx\/?p=4383#respond"]}]},{"@type":"WebPage","@id":"https:\/\/quehacerpolitico.mx\/?p=4383","url":"https:\/\/quehacerpolitico.mx\/?p=4383","name":"Fiscal de SLP exhibe que la Polic\u00eda Federal no rescat\u00f3 a la beb\u00e9 Mya Fernanda sino particulares -","isPartOf":{"@id":"https:\/\/quehacerpolitico.mx\/#website"},"primaryImageOfPage":{"@id":"https:\/\/quehacerpolitico.mx\/?p=4383#primaryimage"},"image":{"@id":"https:\/\/quehacerpolitico.mx\/?p=4383#primaryimage"},"thumbnailUrl":"","datePublished":"2018-09-11T03:41:14+00:00","author":{"@id":"https:\/\/quehacerpolitico.mx\/#\/schema\/person\/496d8ad2d1d3f8036101dca7ee39e585"},"breadcrumb":{"@id":"https:\/\/quehacerpolitico.mx\/?p=4383#breadcrumb"},"inLanguage":"es","potentialAction":[{"@type":"ReadAction","target":["https:\/\/quehacerpolitico.mx\/?p=4383"]}]},{"@type":"ImageObject","inLanguage":"es","@id":"https:\/\/quehacerpolitico.mx\/?p=4383#primaryimage","url":"","contentUrl":""},{"@type":"BreadcrumbList","@id":"https:\/\/quehacerpolitico.mx\/?p=4383#breadcrumb","itemListElement":[{"@type":"ListItem","position":1,"name":"Inicio","item":"https:\/\/quehacerpolitico.mx\/"},{"@type":"ListItem","position":2,"name":"Fiscal de SLP exhibe que la Polic\u00eda Federal no rescat\u00f3 a la beb\u00e9 Mya Fernanda sino particulares"}]},{"@type":"WebSite","@id":"https:\/\/quehacerpolitico.mx\/#website","url":"https:\/\/quehacerpolitico.mx\/","name":"","description":"","potentialAction":[{"@type":"SearchAction","target":{"@type":"EntryPoint","urlTemplate":"https:\/\/quehacerpolitico.mx\/?s={search_term_string}"},"query-input":{"@type":"PropertyValueSpecification","valueRequired":true,"valueName":"search_term_string"}}],"inLanguage":"es"},{"@type":"Person","@id":"https:\/\/quehacerpolitico.mx\/#\/schema\/person\/496d8ad2d1d3f8036101dca7ee39e585","name":"Redacci\u00f3n QP","image":{"@type":"ImageObject","inLanguage":"es","@id":"https:\/\/secure.gravatar.com\/avatar\/c7164ed6fdec453195284ad24a5ae5b6e1eed2b848477fa2a4787ba9adf39a41?s=96&d=mm&r=g","url":"https:\/\/secure.gravatar.com\/avatar\/c7164ed6fdec453195284ad24a5ae5b6e1eed2b848477fa2a4787ba9adf39a41?s=96&d=mm&r=g","contentUrl":"https:\/\/secure.gravatar.com\/avatar\/c7164ed6fdec453195284ad24a5ae5b6e1eed2b848477fa2a4787ba9adf39a41?s=96&d=mm&r=g","caption":"Redacci\u00f3n QP"},"url":"https:\/\/quehacerpolitico.mx\/?author=2"}]}},"featured_image_urls":{"full":"","thumbnail":"","medium":"","medium_large":"","large":"","1536x1536":"","2048x2048":"","covernews-featured":"","covernews-medium":""},"author_info":{"display_name":"Redacci\u00f3n QP","author_link":"https:\/\/quehacerpolitico.mx\/?author=2"},"category_info":"<a href=\"https:\/\/quehacerpolitico.mx\/?cat=2\" rel=\"category\">Noticias<\/a>","tag_info":"Noticias","comment_count":"0","_links":{"self":[{"href":"https:\/\/quehacerpolitico.mx\/index.php?rest_route=\/wp\/v2\/posts\/4383","targetHints":{"allow":["GET"]}}],"collection":[{"href":"https:\/\/quehacerpolitico.mx\/index.php?rest_route=\/wp\/v2\/posts"}],"about":[{"href":"https:\/\/quehacerpolitico.mx\/index.php?rest_route=\/wp\/v2\/types\/post"}],"author":[{"embeddable":true,"href":"https:\/\/quehacerpolitico.mx\/index.php?rest_route=\/wp\/v2\/users\/2"}],"replies":[{"embeddable":true,"href":"https:\/\/quehacerpolitico.mx\/index.php?rest_route=%2Fwp%2Fv2%2Fcomments&post=4383"}],"version-history":[{"count":0,"href":"https:\/\/quehacerpolitico.mx\/index.php?rest_route=\/wp\/v2\/posts\/4383\/revisions"}],"wp:featuredmedia":[{"embeddable":true,"href":"https:\/\/quehacerpolitico.mx\/index.php?rest_route=\/"}],"wp:attachment":[{"href":"https:\/\/quehacerpolitico.mx\/index.php?rest_route=%2Fwp%2Fv2%2Fmedia&parent=4383"}],"wp:term":[{"taxonomy":"category","embeddable":true,"href":"https:\/\/quehacerpolitico.mx\/index.php?rest_route=%2Fwp%2Fv2%2Fcategories&post=4383"},{"taxonomy":"post_tag","embeddable":true,"href":"https:\/\/quehacerpolitico.mx\/index.php?rest_route=%2Fwp%2Fv2%2Ftags&post=4383"}],"curies":[{"name":"wp","href":"https:\/\/api.w.org\/{rel}","templated":true}]}}