{"id":43588,"date":"2019-11-06T13:50:24","date_gmt":"2019-11-06T13:50:24","guid":{"rendered":"http:\/\/quehacerpolitico.mx\/hoy-no-circula-para-el-miercoles-6-de-noviembre-en-cdmx-y-edomex\/"},"modified":"2019-11-06T13:50:24","modified_gmt":"2019-11-06T13:50:24","slug":"hoy-no-circula-para-el-miercoles-6-de-noviembre-en-cdmx-y-edomex","status":"publish","type":"post","link":"https:\/\/quehacerpolitico.mx\/?p=43588","title":{"rendered":"HOY NO CIRCULA PARA EL MI\u00c9RCOLES 6 DE NOVIEMBRE EN CDMX Y EDOMEX"},"content":{"rendered":"<h1 class=\"amp-wp-title\">HOY NO CIRCULA PARA EL MI\u00c9RCOLES 6 DE NOVIEMBRE EN CDMX Y EDOMEX<br \/>Por Redacci\u00f3n QP<\/h1>\n<p>Este mi\u00e9rcoles descansan los autom\u00f3viles con engomado rojo, terminaci\u00f3n de placas 3 y 4, y holograma 1 y 2<\/p>\n<p>El programa\u00a0<strong>Hoy No Circula<\/strong>\u00a0aplica este mi\u00e9rcoles para los veh\u00edculos con engomado rojo, terminaci\u00f3n de placas 3 y 4, y holograma 1 y 2.<\/p>\n<p>De acuerdo con el programa, la\u00a0<strong>restricci\u00f3n vehicular<\/strong>\u00a0est\u00e1 vigente desde las 5:00 horas y concluye a las 22:00 horas en la\u00a0<strong>Ciudad de M\u00e9xico, Estado de M\u00e9xico, Tlaxcala, Puebla, Hidalgo y Morelos.<\/strong><\/p>\n<p>Las fuentes m\u00f3viles con\u00a0<strong>holograma doble cero, cero, el\u00e9ctricos e h\u00edbridos<\/strong>\u00a0pueden circular todos los d\u00edas, incluyendo los s\u00e1bados.<\/p>\n<p>En el caso de los\u00a0<strong>autom\u00f3viles que tengan holograma 1<\/strong>, su restricci\u00f3n adem\u00e1s ser\u00e1 con el siguiente esquema: el primer y tercer s\u00e1bado del mes, no transitan los que tengan placa con terminaci\u00f3n impar.<\/p>\n<p>El segundo y cuarto s\u00e1bado, no circulan los que tengan placa con terminaci\u00f3n par, mientras que los autom\u00f3viles con holograma 2 no circulan ning\u00fan s\u00e1bado.<\/p>\n<p>Con informaci\u00f3n de Notimex.<\/p>\n","protected":false},"excerpt":{"rendered":"<p>HOY NO CIRCULA PARA EL MI\u00c9RCOLES 6 DE NOVIEMBRE EN CDMX Y EDOMEX<br \/>\nPor Redacci\u00f3n QP<\/p>\n","protected":false},"author":2,"featured_media":43587,"comment_status":"open","ping_status":"open","sticky":false,"template":"","format":"standard","meta":{"_monsterinsights_skip_tracking":false,"_monsterinsights_sitenote_active":false,"_monsterinsights_sitenote_note":"","_monsterinsights_sitenote_category":0,"footnotes":""},"categories":[55],"tags":[],"class_list":["post-43588","post","type-post","status-publish","format-standard","has-post-thumbnail","hentry","category-cdmx"],"yoast_head":"<!-- This site is optimized with the Yoast SEO plugin v27.3 - https:\/\/yoast.com\/product\/yoast-seo-wordpress\/ -->\n<title>HOY NO CIRCULA PARA EL MI\u00c9RCOLES 6 DE NOVIEMBRE EN CDMX Y EDOMEX -<\/title>\n<meta name=\"robots\" content=\"index, follow, max-snippet:-1, max-image-preview:large, max-video-preview:-1\" \/>\n<link rel=\"canonical\" href=\"https:\/\/quehacerpolitico.mx\/?p=43588\" \/>\n<meta property=\"og:locale\" content=\"es_MX\" \/>\n<meta property=\"og:type\" content=\"article\" \/>\n<meta property=\"og:title\" content=\"HOY NO CIRCULA PARA EL MI\u00c9RCOLES 6 DE NOVIEMBRE EN CDMX Y EDOMEX -\" \/>\n<meta property=\"og:description\" content=\"HOY NO CIRCULA PARA EL MI\u00c9RCOLES 6 DE NOVIEMBRE EN CDMX Y EDOMEX Por Redacci\u00f3n QP\" \/>\n<meta property=\"og:url\" content=\"https:\/\/quehacerpolitico.mx\/?p=43588\" \/>\n<meta property=\"article:published_time\" content=\"2019-11-06T13:50:24+00:00\" \/>\n<meta name=\"author\" content=\"Redacci\u00f3n QP\" \/>\n<meta name=\"twitter:card\" content=\"summary_large_image\" \/>\n<meta name=\"twitter:label1\" content=\"Escrito por\" \/>\n\t<meta name=\"twitter:data1\" content=\"Redacci\u00f3n QP\" \/>\n\t<meta name=\"twitter:label2\" content=\"Tiempo de lectura\" \/>\n\t<meta name=\"twitter:data2\" content=\"1 minuto\" \/>\n<script type=\"application\/ld+json\" class=\"yoast-schema-graph\">{\"@context\":\"https:\\\/\\\/schema.org\",\"@graph\":[{\"@type\":\"Article\",\"@id\":\"https:\\\/\\\/quehacerpolitico.mx\\\/?p=43588#article\",\"isPartOf\":{\"@id\":\"https:\\\/\\\/quehacerpolitico.mx\\\/?p=43588\"},\"author\":{\"name\":\"Redacci\u00f3n QP\",\"@id\":\"https:\\\/\\\/quehacerpolitico.mx\\\/#\\\/schema\\\/person\\\/496d8ad2d1d3f8036101dca7ee39e585\"},\"headline\":\"HOY NO CIRCULA PARA EL MI\u00c9RCOLES 6 DE NOVIEMBRE EN CDMX Y EDOMEX\",\"datePublished\":\"2019-11-06T13:50:24+00:00\",\"mainEntityOfPage\":{\"@id\":\"https:\\\/\\\/quehacerpolitico.mx\\\/?p=43588\"},\"wordCount\":201,\"commentCount\":0,\"image\":{\"@id\":\"https:\\\/\\\/quehacerpolitico.mx\\\/?p=43588#primaryimage\"},\"thumbnailUrl\":\"\",\"articleSection\":[\"CDMX\"],\"inLanguage\":\"es\",\"potentialAction\":[{\"@type\":\"CommentAction\",\"name\":\"Comment\",\"target\":[\"https:\\\/\\\/quehacerpolitico.mx\\\/?p=43588#respond\"]}]},{\"@type\":\"WebPage\",\"@id\":\"https:\\\/\\\/quehacerpolitico.mx\\\/?p=43588\",\"url\":\"https:\\\/\\\/quehacerpolitico.mx\\\/?p=43588\",\"name\":\"HOY NO CIRCULA PARA EL MI\u00c9RCOLES 6 DE NOVIEMBRE EN CDMX Y EDOMEX -\",\"isPartOf\":{\"@id\":\"https:\\\/\\\/quehacerpolitico.mx\\\/#website\"},\"primaryImageOfPage\":{\"@id\":\"https:\\\/\\\/quehacerpolitico.mx\\\/?p=43588#primaryimage\"},\"image\":{\"@id\":\"https:\\\/\\\/quehacerpolitico.mx\\\/?p=43588#primaryimage\"},\"thumbnailUrl\":\"\",\"datePublished\":\"2019-11-06T13:50:24+00:00\",\"author\":{\"@id\":\"https:\\\/\\\/quehacerpolitico.mx\\\/#\\\/schema\\\/person\\\/496d8ad2d1d3f8036101dca7ee39e585\"},\"breadcrumb\":{\"@id\":\"https:\\\/\\\/quehacerpolitico.mx\\\/?p=43588#breadcrumb\"},\"inLanguage\":\"es\",\"potentialAction\":[{\"@type\":\"ReadAction\",\"target\":[\"https:\\\/\\\/quehacerpolitico.mx\\\/?p=43588\"]}]},{\"@type\":\"ImageObject\",\"inLanguage\":\"es\",\"@id\":\"https:\\\/\\\/quehacerpolitico.mx\\\/?p=43588#primaryimage\",\"url\":\"\",\"contentUrl\":\"\"},{\"@type\":\"BreadcrumbList\",\"@id\":\"https:\\\/\\\/quehacerpolitico.mx\\\/?p=43588#breadcrumb\",\"itemListElement\":[{\"@type\":\"ListItem\",\"position\":1,\"name\":\"Inicio\",\"item\":\"https:\\\/\\\/quehacerpolitico.mx\\\/\"},{\"@type\":\"ListItem\",\"position\":2,\"name\":\"HOY NO CIRCULA PARA EL MI\u00c9RCOLES 6 DE NOVIEMBRE EN CDMX Y EDOMEX\"}]},{\"@type\":\"WebSite\",\"@id\":\"https:\\\/\\\/quehacerpolitico.mx\\\/#website\",\"url\":\"https:\\\/\\\/quehacerpolitico.mx\\\/\",\"name\":\"\",\"description\":\"\",\"potentialAction\":[{\"@type\":\"SearchAction\",\"target\":{\"@type\":\"EntryPoint\",\"urlTemplate\":\"https:\\\/\\\/quehacerpolitico.mx\\\/?s={search_term_string}\"},\"query-input\":{\"@type\":\"PropertyValueSpecification\",\"valueRequired\":true,\"valueName\":\"search_term_string\"}}],\"inLanguage\":\"es\"},{\"@type\":\"Person\",\"@id\":\"https:\\\/\\\/quehacerpolitico.mx\\\/#\\\/schema\\\/person\\\/496d8ad2d1d3f8036101dca7ee39e585\",\"name\":\"Redacci\u00f3n QP\",\"image\":{\"@type\":\"ImageObject\",\"inLanguage\":\"es\",\"@id\":\"https:\\\/\\\/secure.gravatar.com\\\/avatar\\\/c7164ed6fdec453195284ad24a5ae5b6e1eed2b848477fa2a4787ba9adf39a41?s=96&d=mm&r=g\",\"url\":\"https:\\\/\\\/secure.gravatar.com\\\/avatar\\\/c7164ed6fdec453195284ad24a5ae5b6e1eed2b848477fa2a4787ba9adf39a41?s=96&d=mm&r=g\",\"contentUrl\":\"https:\\\/\\\/secure.gravatar.com\\\/avatar\\\/c7164ed6fdec453195284ad24a5ae5b6e1eed2b848477fa2a4787ba9adf39a41?s=96&d=mm&r=g\",\"caption\":\"Redacci\u00f3n QP\"},\"url\":\"https:\\\/\\\/quehacerpolitico.mx\\\/?author=2\"}]}<\/script>\n<!-- \/ Yoast SEO plugin. -->","yoast_head_json":{"title":"HOY NO CIRCULA PARA EL MI\u00c9RCOLES 6 DE NOVIEMBRE EN CDMX Y EDOMEX -","robots":{"index":"index","follow":"follow","max-snippet":"max-snippet:-1","max-image-preview":"max-image-preview:large","max-video-preview":"max-video-preview:-1"},"canonical":"https:\/\/quehacerpolitico.mx\/?p=43588","og_locale":"es_MX","og_type":"article","og_title":"HOY NO CIRCULA PARA EL MI\u00c9RCOLES 6 DE NOVIEMBRE EN CDMX Y EDOMEX -","og_description":"HOY NO CIRCULA PARA EL MI\u00c9RCOLES 6 DE NOVIEMBRE EN CDMX Y EDOMEX Por Redacci\u00f3n QP","og_url":"https:\/\/quehacerpolitico.mx\/?p=43588","article_published_time":"2019-11-06T13:50:24+00:00","author":"Redacci\u00f3n QP","twitter_card":"summary_large_image","twitter_misc":{"Escrito por":"Redacci\u00f3n QP","Tiempo de lectura":"1 minuto"},"schema":{"@context":"https:\/\/schema.org","@graph":[{"@type":"Article","@id":"https:\/\/quehacerpolitico.mx\/?p=43588#article","isPartOf":{"@id":"https:\/\/quehacerpolitico.mx\/?p=43588"},"author":{"name":"Redacci\u00f3n QP","@id":"https:\/\/quehacerpolitico.mx\/#\/schema\/person\/496d8ad2d1d3f8036101dca7ee39e585"},"headline":"HOY NO CIRCULA PARA EL MI\u00c9RCOLES 6 DE NOVIEMBRE EN CDMX Y EDOMEX","datePublished":"2019-11-06T13:50:24+00:00","mainEntityOfPage":{"@id":"https:\/\/quehacerpolitico.mx\/?p=43588"},"wordCount":201,"commentCount":0,"image":{"@id":"https:\/\/quehacerpolitico.mx\/?p=43588#primaryimage"},"thumbnailUrl":"","articleSection":["CDMX"],"inLanguage":"es","potentialAction":[{"@type":"CommentAction","name":"Comment","target":["https:\/\/quehacerpolitico.mx\/?p=43588#respond"]}]},{"@type":"WebPage","@id":"https:\/\/quehacerpolitico.mx\/?p=43588","url":"https:\/\/quehacerpolitico.mx\/?p=43588","name":"HOY NO CIRCULA PARA EL MI\u00c9RCOLES 6 DE NOVIEMBRE EN CDMX Y EDOMEX -","isPartOf":{"@id":"https:\/\/quehacerpolitico.mx\/#website"},"primaryImageOfPage":{"@id":"https:\/\/quehacerpolitico.mx\/?p=43588#primaryimage"},"image":{"@id":"https:\/\/quehacerpolitico.mx\/?p=43588#primaryimage"},"thumbnailUrl":"","datePublished":"2019-11-06T13:50:24+00:00","author":{"@id":"https:\/\/quehacerpolitico.mx\/#\/schema\/person\/496d8ad2d1d3f8036101dca7ee39e585"},"breadcrumb":{"@id":"https:\/\/quehacerpolitico.mx\/?p=43588#breadcrumb"},"inLanguage":"es","potentialAction":[{"@type":"ReadAction","target":["https:\/\/quehacerpolitico.mx\/?p=43588"]}]},{"@type":"ImageObject","inLanguage":"es","@id":"https:\/\/quehacerpolitico.mx\/?p=43588#primaryimage","url":"","contentUrl":""},{"@type":"BreadcrumbList","@id":"https:\/\/quehacerpolitico.mx\/?p=43588#breadcrumb","itemListElement":[{"@type":"ListItem","position":1,"name":"Inicio","item":"https:\/\/quehacerpolitico.mx\/"},{"@type":"ListItem","position":2,"name":"HOY NO CIRCULA PARA EL MI\u00c9RCOLES 6 DE NOVIEMBRE EN CDMX Y EDOMEX"}]},{"@type":"WebSite","@id":"https:\/\/quehacerpolitico.mx\/#website","url":"https:\/\/quehacerpolitico.mx\/","name":"","description":"","potentialAction":[{"@type":"SearchAction","target":{"@type":"EntryPoint","urlTemplate":"https:\/\/quehacerpolitico.mx\/?s={search_term_string}"},"query-input":{"@type":"PropertyValueSpecification","valueRequired":true,"valueName":"search_term_string"}}],"inLanguage":"es"},{"@type":"Person","@id":"https:\/\/quehacerpolitico.mx\/#\/schema\/person\/496d8ad2d1d3f8036101dca7ee39e585","name":"Redacci\u00f3n QP","image":{"@type":"ImageObject","inLanguage":"es","@id":"https:\/\/secure.gravatar.com\/avatar\/c7164ed6fdec453195284ad24a5ae5b6e1eed2b848477fa2a4787ba9adf39a41?s=96&d=mm&r=g","url":"https:\/\/secure.gravatar.com\/avatar\/c7164ed6fdec453195284ad24a5ae5b6e1eed2b848477fa2a4787ba9adf39a41?s=96&d=mm&r=g","contentUrl":"https:\/\/secure.gravatar.com\/avatar\/c7164ed6fdec453195284ad24a5ae5b6e1eed2b848477fa2a4787ba9adf39a41?s=96&d=mm&r=g","caption":"Redacci\u00f3n QP"},"url":"https:\/\/quehacerpolitico.mx\/?author=2"}]}},"featured_image_urls":{"full":"","thumbnail":"","medium":"","medium_large":"","large":"","1536x1536":"","2048x2048":"","covernews-featured":"","covernews-medium":""},"author_info":{"display_name":"Redacci\u00f3n QP","author_link":"https:\/\/quehacerpolitico.mx\/?author=2"},"category_info":"<a href=\"https:\/\/quehacerpolitico.mx\/?cat=55\" rel=\"category\">CDMX<\/a>","tag_info":"CDMX","comment_count":"0","_links":{"self":[{"href":"https:\/\/quehacerpolitico.mx\/index.php?rest_route=\/wp\/v2\/posts\/43588","targetHints":{"allow":["GET"]}}],"collection":[{"href":"https:\/\/quehacerpolitico.mx\/index.php?rest_route=\/wp\/v2\/posts"}],"about":[{"href":"https:\/\/quehacerpolitico.mx\/index.php?rest_route=\/wp\/v2\/types\/post"}],"author":[{"embeddable":true,"href":"https:\/\/quehacerpolitico.mx\/index.php?rest_route=\/wp\/v2\/users\/2"}],"replies":[{"embeddable":true,"href":"https:\/\/quehacerpolitico.mx\/index.php?rest_route=%2Fwp%2Fv2%2Fcomments&post=43588"}],"version-history":[{"count":0,"href":"https:\/\/quehacerpolitico.mx\/index.php?rest_route=\/wp\/v2\/posts\/43588\/revisions"}],"wp:featuredmedia":[{"embeddable":true,"href":"https:\/\/quehacerpolitico.mx\/index.php?rest_route=\/"}],"wp:attachment":[{"href":"https:\/\/quehacerpolitico.mx\/index.php?rest_route=%2Fwp%2Fv2%2Fmedia&parent=43588"}],"wp:term":[{"taxonomy":"category","embeddable":true,"href":"https:\/\/quehacerpolitico.mx\/index.php?rest_route=%2Fwp%2Fv2%2Fcategories&post=43588"},{"taxonomy":"post_tag","embeddable":true,"href":"https:\/\/quehacerpolitico.mx\/index.php?rest_route=%2Fwp%2Fv2%2Ftags&post=43588"}],"curies":[{"name":"wp","href":"https:\/\/api.w.org\/{rel}","templated":true}]}}