{"id":43584,"date":"2019-11-06T13:38:31","date_gmt":"2019-11-06T13:38:31","guid":{"rendered":"http:\/\/quehacerpolitico.mx\/suprema-corte-avala-matar-en-legitima-defensa\/"},"modified":"2019-11-06T13:38:31","modified_gmt":"2019-11-06T13:38:31","slug":"suprema-corte-avala-matar-en-legitima-defensa","status":"publish","type":"post","link":"https:\/\/quehacerpolitico.mx\/?p=43584","title":{"rendered":"SUPREMA CORTE AVALA MATAR EN LEG\u00cdTIMA DEFENSA"},"content":{"rendered":"<h1 class=\"amp-wp-title\">SUPREMA CORTE AVALA MATAR EN LEG\u00cdTIMA DEFENSA<br \/>Por Redacci\u00f3n QP<\/h1>\n<p>&#8220;De ninguna manera se traduce en una autorizaci\u00f3n para hacerse justicia por propia mano&#8221;, dijo la ministra Norma Luc\u00eda Pi\u00f1a Hern\u00e1ndez<\/p>\n<p><strong>La Suprema Corte de Justicia de la Naci\u00f3n aval\u00f3<\/strong> este martes que es constitucional establecer en los c\u00f3digos penales que, en<strong> leg\u00edtima defensa<\/strong>, las personas pueden llegar a<strong> matar al agresor<\/strong>, y que ser\u00e1 el Ministerio P\u00fablico el que deba probar lo contrario si hay duda sobre c\u00f3mo ocurrieron los hechos.<\/p>\n<p>\u201c<strong>De ninguna manera se traduce en una autorizaci\u00f3n para hacerse justicia por propia mano<\/strong>, ni en una autorizaci\u00f3n para los excesos; pues simplemente se traslada la carga al ministerio p\u00fablico quien est\u00e1 obligado a investigar los delitos y a cerciorar, probar ante un juez si en determinado caso, se cumplieron o no los requisitos de la leg\u00edtima defensa\u201d, explic\u00f3 la <strong>ministra de la SCJN, Norma Luc\u00eda Pi\u00f1a Hern\u00e1ndez<\/strong>.<\/p>\n<p>El ministro Jorge Mario Pardo agreg\u00f3, \u201csi hay alg\u00fan tema de que no haya sido proporcional, de que no haya cumplido con los requisitos, entonces tendr\u00e1 que ser el Ministerio P\u00fablico el que tenga la carga de demostrarlo y desde luego que, si se demuestra, pues esa persona tendr\u00e1 que ser juzgada, a lo mejor no por el delito concreto, sino por el exceso en la leg\u00edtima defensa que alega\u201d.<\/p>\n<p>Al analizar una acci\u00f3n de inconstitucionalidad promovida por la CNDH contra una porci\u00f3n del art\u00edculo 25 del c\u00f3digo penal de Veracruz que establece este supuesto, los ministros explicaron que esta presunci\u00f3n de defensa debe cumplir tambi\u00e9n con el supuesto de que el agresor ingrese a un domicilio privado poniendo en riesgo a la persona, familia, bienes e incluso, a un tercero que est\u00e9 en el lugar.<\/p>\n<p>\u201cEn condiciones precisa y claramente definidas -lo se\u00f1ala el art\u00edculo- cuando el agresor se encuentre o trate de entrar en un lugar en que el ofendido habite o tenga sus bienes -insisto- siempre que el que repele no haya sido el que provoc\u00f3 la agresi\u00f3n, por lo cual -lo dice el art\u00edculo- no resulte irracional la conducta de la persona\u201d, dijo el ministro Luis Mar\u00eda Aguilar.<\/p>\n<p>Durante la sesi\u00f3n de este martes se validaron art\u00edculos similares de los c\u00f3digos de Baja California y Nuevo Le\u00f3n.<\/p>\n<p>Con informaci\u00f3n de Noticieros Televisa\u00a0<\/p>\n","protected":false},"excerpt":{"rendered":"<p>SUPREMA CORTE AVALA MATAR EN LEG\u00cdTIMA DEFENSA<br \/>\nPor Redacci\u00f3n QP<\/p>\n","protected":false},"author":2,"featured_media":43583,"comment_status":"open","ping_status":"open","sticky":false,"template":"","format":"standard","meta":{"_monsterinsights_skip_tracking":false,"_monsterinsights_sitenote_active":false,"_monsterinsights_sitenote_note":"","_monsterinsights_sitenote_category":0,"footnotes":""},"categories":[2],"tags":[],"class_list":["post-43584","post","type-post","status-publish","format-standard","has-post-thumbnail","hentry","category-noticias"],"yoast_head":"<!-- This site is optimized with the Yoast SEO plugin v27.3 - https:\/\/yoast.com\/product\/yoast-seo-wordpress\/ -->\n<title>SUPREMA CORTE AVALA MATAR EN LEG\u00cdTIMA DEFENSA -<\/title>\n<meta name=\"robots\" content=\"index, follow, max-snippet:-1, max-image-preview:large, max-video-preview:-1\" \/>\n<link rel=\"canonical\" href=\"https:\/\/quehacerpolitico.mx\/?p=43584\" \/>\n<meta property=\"og:locale\" content=\"es_MX\" \/>\n<meta property=\"og:type\" content=\"article\" \/>\n<meta property=\"og:title\" content=\"SUPREMA CORTE AVALA MATAR EN LEG\u00cdTIMA DEFENSA -\" \/>\n<meta property=\"og:description\" content=\"SUPREMA CORTE AVALA MATAR EN LEG\u00cdTIMA DEFENSA Por Redacci\u00f3n QP\" \/>\n<meta property=\"og:url\" content=\"https:\/\/quehacerpolitico.mx\/?p=43584\" \/>\n<meta property=\"article:published_time\" content=\"2019-11-06T13:38:31+00:00\" \/>\n<meta name=\"author\" content=\"Redacci\u00f3n QP\" \/>\n<meta name=\"twitter:card\" content=\"summary_large_image\" \/>\n<meta name=\"twitter:label1\" content=\"Escrito por\" \/>\n\t<meta name=\"twitter:data1\" content=\"Redacci\u00f3n QP\" \/>\n\t<meta name=\"twitter:label2\" content=\"Tiempo de lectura\" \/>\n\t<meta name=\"twitter:data2\" content=\"2 minutos\" \/>\n<script type=\"application\/ld+json\" class=\"yoast-schema-graph\">{\"@context\":\"https:\\\/\\\/schema.org\",\"@graph\":[{\"@type\":\"Article\",\"@id\":\"https:\\\/\\\/quehacerpolitico.mx\\\/?p=43584#article\",\"isPartOf\":{\"@id\":\"https:\\\/\\\/quehacerpolitico.mx\\\/?p=43584\"},\"author\":{\"name\":\"Redacci\u00f3n QP\",\"@id\":\"https:\\\/\\\/quehacerpolitico.mx\\\/#\\\/schema\\\/person\\\/496d8ad2d1d3f8036101dca7ee39e585\"},\"headline\":\"SUPREMA CORTE AVALA MATAR EN LEG\u00cdTIMA DEFENSA\",\"datePublished\":\"2019-11-06T13:38:31+00:00\",\"mainEntityOfPage\":{\"@id\":\"https:\\\/\\\/quehacerpolitico.mx\\\/?p=43584\"},\"wordCount\":419,\"commentCount\":0,\"image\":{\"@id\":\"https:\\\/\\\/quehacerpolitico.mx\\\/?p=43584#primaryimage\"},\"thumbnailUrl\":\"\",\"articleSection\":[\"Noticias\"],\"inLanguage\":\"es\",\"potentialAction\":[{\"@type\":\"CommentAction\",\"name\":\"Comment\",\"target\":[\"https:\\\/\\\/quehacerpolitico.mx\\\/?p=43584#respond\"]}]},{\"@type\":\"WebPage\",\"@id\":\"https:\\\/\\\/quehacerpolitico.mx\\\/?p=43584\",\"url\":\"https:\\\/\\\/quehacerpolitico.mx\\\/?p=43584\",\"name\":\"SUPREMA CORTE AVALA MATAR EN LEG\u00cdTIMA DEFENSA -\",\"isPartOf\":{\"@id\":\"https:\\\/\\\/quehacerpolitico.mx\\\/#website\"},\"primaryImageOfPage\":{\"@id\":\"https:\\\/\\\/quehacerpolitico.mx\\\/?p=43584#primaryimage\"},\"image\":{\"@id\":\"https:\\\/\\\/quehacerpolitico.mx\\\/?p=43584#primaryimage\"},\"thumbnailUrl\":\"\",\"datePublished\":\"2019-11-06T13:38:31+00:00\",\"author\":{\"@id\":\"https:\\\/\\\/quehacerpolitico.mx\\\/#\\\/schema\\\/person\\\/496d8ad2d1d3f8036101dca7ee39e585\"},\"breadcrumb\":{\"@id\":\"https:\\\/\\\/quehacerpolitico.mx\\\/?p=43584#breadcrumb\"},\"inLanguage\":\"es\",\"potentialAction\":[{\"@type\":\"ReadAction\",\"target\":[\"https:\\\/\\\/quehacerpolitico.mx\\\/?p=43584\"]}]},{\"@type\":\"ImageObject\",\"inLanguage\":\"es\",\"@id\":\"https:\\\/\\\/quehacerpolitico.mx\\\/?p=43584#primaryimage\",\"url\":\"\",\"contentUrl\":\"\"},{\"@type\":\"BreadcrumbList\",\"@id\":\"https:\\\/\\\/quehacerpolitico.mx\\\/?p=43584#breadcrumb\",\"itemListElement\":[{\"@type\":\"ListItem\",\"position\":1,\"name\":\"Inicio\",\"item\":\"https:\\\/\\\/quehacerpolitico.mx\\\/\"},{\"@type\":\"ListItem\",\"position\":2,\"name\":\"SUPREMA CORTE AVALA MATAR EN LEG\u00cdTIMA DEFENSA\"}]},{\"@type\":\"WebSite\",\"@id\":\"https:\\\/\\\/quehacerpolitico.mx\\\/#website\",\"url\":\"https:\\\/\\\/quehacerpolitico.mx\\\/\",\"name\":\"\",\"description\":\"\",\"potentialAction\":[{\"@type\":\"SearchAction\",\"target\":{\"@type\":\"EntryPoint\",\"urlTemplate\":\"https:\\\/\\\/quehacerpolitico.mx\\\/?s={search_term_string}\"},\"query-input\":{\"@type\":\"PropertyValueSpecification\",\"valueRequired\":true,\"valueName\":\"search_term_string\"}}],\"inLanguage\":\"es\"},{\"@type\":\"Person\",\"@id\":\"https:\\\/\\\/quehacerpolitico.mx\\\/#\\\/schema\\\/person\\\/496d8ad2d1d3f8036101dca7ee39e585\",\"name\":\"Redacci\u00f3n QP\",\"image\":{\"@type\":\"ImageObject\",\"inLanguage\":\"es\",\"@id\":\"https:\\\/\\\/secure.gravatar.com\\\/avatar\\\/c7164ed6fdec453195284ad24a5ae5b6e1eed2b848477fa2a4787ba9adf39a41?s=96&d=mm&r=g\",\"url\":\"https:\\\/\\\/secure.gravatar.com\\\/avatar\\\/c7164ed6fdec453195284ad24a5ae5b6e1eed2b848477fa2a4787ba9adf39a41?s=96&d=mm&r=g\",\"contentUrl\":\"https:\\\/\\\/secure.gravatar.com\\\/avatar\\\/c7164ed6fdec453195284ad24a5ae5b6e1eed2b848477fa2a4787ba9adf39a41?s=96&d=mm&r=g\",\"caption\":\"Redacci\u00f3n QP\"},\"url\":\"https:\\\/\\\/quehacerpolitico.mx\\\/?author=2\"}]}<\/script>\n<!-- \/ Yoast SEO plugin. -->","yoast_head_json":{"title":"SUPREMA CORTE AVALA MATAR EN LEG\u00cdTIMA DEFENSA -","robots":{"index":"index","follow":"follow","max-snippet":"max-snippet:-1","max-image-preview":"max-image-preview:large","max-video-preview":"max-video-preview:-1"},"canonical":"https:\/\/quehacerpolitico.mx\/?p=43584","og_locale":"es_MX","og_type":"article","og_title":"SUPREMA CORTE AVALA MATAR EN LEG\u00cdTIMA DEFENSA -","og_description":"SUPREMA CORTE AVALA MATAR EN LEG\u00cdTIMA DEFENSA Por Redacci\u00f3n QP","og_url":"https:\/\/quehacerpolitico.mx\/?p=43584","article_published_time":"2019-11-06T13:38:31+00:00","author":"Redacci\u00f3n QP","twitter_card":"summary_large_image","twitter_misc":{"Escrito por":"Redacci\u00f3n QP","Tiempo de lectura":"2 minutos"},"schema":{"@context":"https:\/\/schema.org","@graph":[{"@type":"Article","@id":"https:\/\/quehacerpolitico.mx\/?p=43584#article","isPartOf":{"@id":"https:\/\/quehacerpolitico.mx\/?p=43584"},"author":{"name":"Redacci\u00f3n QP","@id":"https:\/\/quehacerpolitico.mx\/#\/schema\/person\/496d8ad2d1d3f8036101dca7ee39e585"},"headline":"SUPREMA CORTE AVALA MATAR EN LEG\u00cdTIMA DEFENSA","datePublished":"2019-11-06T13:38:31+00:00","mainEntityOfPage":{"@id":"https:\/\/quehacerpolitico.mx\/?p=43584"},"wordCount":419,"commentCount":0,"image":{"@id":"https:\/\/quehacerpolitico.mx\/?p=43584#primaryimage"},"thumbnailUrl":"","articleSection":["Noticias"],"inLanguage":"es","potentialAction":[{"@type":"CommentAction","name":"Comment","target":["https:\/\/quehacerpolitico.mx\/?p=43584#respond"]}]},{"@type":"WebPage","@id":"https:\/\/quehacerpolitico.mx\/?p=43584","url":"https:\/\/quehacerpolitico.mx\/?p=43584","name":"SUPREMA CORTE AVALA MATAR EN LEG\u00cdTIMA DEFENSA -","isPartOf":{"@id":"https:\/\/quehacerpolitico.mx\/#website"},"primaryImageOfPage":{"@id":"https:\/\/quehacerpolitico.mx\/?p=43584#primaryimage"},"image":{"@id":"https:\/\/quehacerpolitico.mx\/?p=43584#primaryimage"},"thumbnailUrl":"","datePublished":"2019-11-06T13:38:31+00:00","author":{"@id":"https:\/\/quehacerpolitico.mx\/#\/schema\/person\/496d8ad2d1d3f8036101dca7ee39e585"},"breadcrumb":{"@id":"https:\/\/quehacerpolitico.mx\/?p=43584#breadcrumb"},"inLanguage":"es","potentialAction":[{"@type":"ReadAction","target":["https:\/\/quehacerpolitico.mx\/?p=43584"]}]},{"@type":"ImageObject","inLanguage":"es","@id":"https:\/\/quehacerpolitico.mx\/?p=43584#primaryimage","url":"","contentUrl":""},{"@type":"BreadcrumbList","@id":"https:\/\/quehacerpolitico.mx\/?p=43584#breadcrumb","itemListElement":[{"@type":"ListItem","position":1,"name":"Inicio","item":"https:\/\/quehacerpolitico.mx\/"},{"@type":"ListItem","position":2,"name":"SUPREMA CORTE AVALA MATAR EN LEG\u00cdTIMA DEFENSA"}]},{"@type":"WebSite","@id":"https:\/\/quehacerpolitico.mx\/#website","url":"https:\/\/quehacerpolitico.mx\/","name":"","description":"","potentialAction":[{"@type":"SearchAction","target":{"@type":"EntryPoint","urlTemplate":"https:\/\/quehacerpolitico.mx\/?s={search_term_string}"},"query-input":{"@type":"PropertyValueSpecification","valueRequired":true,"valueName":"search_term_string"}}],"inLanguage":"es"},{"@type":"Person","@id":"https:\/\/quehacerpolitico.mx\/#\/schema\/person\/496d8ad2d1d3f8036101dca7ee39e585","name":"Redacci\u00f3n QP","image":{"@type":"ImageObject","inLanguage":"es","@id":"https:\/\/secure.gravatar.com\/avatar\/c7164ed6fdec453195284ad24a5ae5b6e1eed2b848477fa2a4787ba9adf39a41?s=96&d=mm&r=g","url":"https:\/\/secure.gravatar.com\/avatar\/c7164ed6fdec453195284ad24a5ae5b6e1eed2b848477fa2a4787ba9adf39a41?s=96&d=mm&r=g","contentUrl":"https:\/\/secure.gravatar.com\/avatar\/c7164ed6fdec453195284ad24a5ae5b6e1eed2b848477fa2a4787ba9adf39a41?s=96&d=mm&r=g","caption":"Redacci\u00f3n QP"},"url":"https:\/\/quehacerpolitico.mx\/?author=2"}]}},"featured_image_urls":{"full":"","thumbnail":"","medium":"","medium_large":"","large":"","1536x1536":"","2048x2048":"","covernews-featured":"","covernews-medium":""},"author_info":{"display_name":"Redacci\u00f3n QP","author_link":"https:\/\/quehacerpolitico.mx\/?author=2"},"category_info":"<a href=\"https:\/\/quehacerpolitico.mx\/?cat=2\" rel=\"category\">Noticias<\/a>","tag_info":"Noticias","comment_count":"0","_links":{"self":[{"href":"https:\/\/quehacerpolitico.mx\/index.php?rest_route=\/wp\/v2\/posts\/43584","targetHints":{"allow":["GET"]}}],"collection":[{"href":"https:\/\/quehacerpolitico.mx\/index.php?rest_route=\/wp\/v2\/posts"}],"about":[{"href":"https:\/\/quehacerpolitico.mx\/index.php?rest_route=\/wp\/v2\/types\/post"}],"author":[{"embeddable":true,"href":"https:\/\/quehacerpolitico.mx\/index.php?rest_route=\/wp\/v2\/users\/2"}],"replies":[{"embeddable":true,"href":"https:\/\/quehacerpolitico.mx\/index.php?rest_route=%2Fwp%2Fv2%2Fcomments&post=43584"}],"version-history":[{"count":0,"href":"https:\/\/quehacerpolitico.mx\/index.php?rest_route=\/wp\/v2\/posts\/43584\/revisions"}],"wp:featuredmedia":[{"embeddable":true,"href":"https:\/\/quehacerpolitico.mx\/index.php?rest_route=\/"}],"wp:attachment":[{"href":"https:\/\/quehacerpolitico.mx\/index.php?rest_route=%2Fwp%2Fv2%2Fmedia&parent=43584"}],"wp:term":[{"taxonomy":"category","embeddable":true,"href":"https:\/\/quehacerpolitico.mx\/index.php?rest_route=%2Fwp%2Fv2%2Fcategories&post=43584"},{"taxonomy":"post_tag","embeddable":true,"href":"https:\/\/quehacerpolitico.mx\/index.php?rest_route=%2Fwp%2Fv2%2Ftags&post=43584"}],"curies":[{"name":"wp","href":"https:\/\/api.w.org\/{rel}","templated":true}]}}