{"id":43572,"date":"2019-11-06T05:11:48","date_gmt":"2019-11-06T05:11:48","guid":{"rendered":"http:\/\/quehacerpolitico.mx\/cdmx-busca-reducir-uso-de-agua-potable-para-riego-sheinbaum\/"},"modified":"2019-11-06T05:11:48","modified_gmt":"2019-11-06T05:11:48","slug":"cdmx-busca-reducir-uso-de-agua-potable-para-riego-sheinbaum","status":"publish","type":"post","link":"https:\/\/quehacerpolitico.mx\/?p=43572","title":{"rendered":"CDMX BUSCA REDUCIR USO DE AGUA POTABLE PARA RIEGO: SHEINBAUM"},"content":{"rendered":"<h1 class=\"amp-wp-title\">CDMX BUSCA REDUCIR USO DE AGUA POTABLE PARA RIEGO: SHEINBAUM<br \/>Por Redacci\u00f3n QP<\/h1>\n<p>Sheinbaum explic\u00f3 que en la \u00e9poca de estiaje aumenta el consumo de agua para el riego de grandes jardines en zonas residenciales<\/p>\n<p>La jefa del Gobierno de la Ciudad de M\u00e9xico, <strong>Claudia Sheinbaum<\/strong>, asegur\u00f3 que no se elevar\u00e1n las tarifas de agua\u00a0en toda la capital, pero se revisa un esquema para reducir el consumo de agua potable para el riego de grandes jardines<\/p>\n<blockquote class=\"twitter-tweet\" data-width=\"550\" data-dnt=\"true\">\n<p lang=\"es\" dir=\"ltr\">Tomen nota \ud83d\udcdd<\/p>\n<p>Con la recuperaci\u00f3n de las presas del Sistema Cutzumala, se espera mejorar el suministro para CDMX, inform\u00f3 la jefa de Gobierno, <a href=\"https:\/\/twitter.com\/Claudiashein?ref_src=twsrc%5Etfw\">@Claudiashein<\/a>. <a href=\"https:\/\/t.co\/oDsPOBbqOJ\">pic.twitter.com\/oDsPOBbqOJ<\/a><\/p>\n<p>&mdash; Ruido en la Red (@RuidoEnLaRed) <a href=\"https:\/\/twitter.com\/RuidoEnLaRed\/status\/1191837594910363648?ref_src=twsrc%5Etfw\">November 5, 2019<\/a><\/p><\/blockquote>\n<p><script async src=\"https:\/\/platform.twitter.com\/widgets.js\" charset=\"utf-8\"><\/script><\/p>\n<p>En conferencia de prensa explic\u00f3 que en la \u00e9poca de estiaje aumenta el consumo de agua, sobre todo en estas zonas de la capital, por lo que se revisa alternativas para uso eficiente, pero a\u00fan no se define si es con la revisi\u00f3n de tarifas.<\/p>\n<blockquote class=\"twitter-tweet\" data-width=\"550\" data-dnt=\"true\">\n<p lang=\"es\" dir=\"ltr\">Mucho ojo \ud83e\uddd0<a href=\"https:\/\/twitter.com\/Claudiashein?ref_src=twsrc%5Etfw\">@Claudiashein<\/a>, jefa del Gobierno capitalino, rechaz\u00f3 que se est\u00e9 contemplando una alza a la tarifa del servicio de agua, pero se revisa la forma de sancionar el desperdicio. <a href=\"https:\/\/t.co\/yDq5BI49XT\">pic.twitter.com\/yDq5BI49XT<\/a><\/p>\n<p>&mdash; Ruido en la Red (@RuidoEnLaRed) <a href=\"https:\/\/twitter.com\/RuidoEnLaRed\/status\/1191833818589646848?ref_src=twsrc%5Etfw\">November 5, 2019<\/a><\/p><\/blockquote>\n<p><script async src=\"https:\/\/platform.twitter.com\/widgets.js\" charset=\"utf-8\"><\/script><\/p>\n<blockquote>\n<p>Entonces, estamos trabajando distintos esquemas, todav\u00eda no tenemos uno en particular, se ha platicado la posibilidad de que a mucho consumo hubiera una tarifa m\u00e1s alta pero todav\u00eda no est\u00e1 decidido\u201d, planteo Claudia Sheinbaum<\/p>\n<\/blockquote>\n<p>Explic\u00f3 que en la temporada de sequ\u00eda se ha observado un aumento en el consumo, sobre todo en el Poniente de la ciudad, donde se encuentran las residencias con grandes jardines, pero adem\u00e1s disminuye al Oriente, que es la poblaci\u00f3n que m\u00e1s sufre por falta del l\u00edquido.<\/p>\n<blockquote>\n<p>Todav\u00eda no sabemos si es a trav\u00e9s del precio, otras cosas, pero no es ninguna alarma a nadie, sino lo que se est\u00e1 evaluando son las medidas por el uso de agua para riego, porque finalmente se le quita agua, particularmente, a la zona Oriente de la ciudad y estamos viendo cu\u00e1les son los mecanismos\u201d, expuso.<\/p>\n<p>Finaliz\u00f3 que, adem\u00e1s, se privilegian las campa\u00f1as para hacer conciencia del uso eficiente del agua en toda la ciudad, pues \u201clo primero que nosotros sostenemos es el tema de la educaci\u00f3n, adem\u00e1s de que en esta \u00e9poca se afecta en mayor medida a las alcald\u00edas, como Iztapalapa.<\/p>\n<p>Con informaci\u00f3n de ForoTV\u00a0<\/p>\n<\/blockquote>\n","protected":false},"excerpt":{"rendered":"<p>CDMX BUSCA REDUCIR USO DE AGUA POTABLE PARA RIEGO: SHEINBAUM<br \/>\nPor Redacci\u00f3n QP<\/p>\n","protected":false},"author":2,"featured_media":43571,"comment_status":"open","ping_status":"open","sticky":false,"template":"","format":"standard","meta":{"_monsterinsights_skip_tracking":false,"_monsterinsights_sitenote_active":false,"_monsterinsights_sitenote_note":"","_monsterinsights_sitenote_category":0,"footnotes":""},"categories":[55],"tags":[],"class_list":["post-43572","post","type-post","status-publish","format-standard","has-post-thumbnail","hentry","category-cdmx"],"yoast_head":"<!-- This site is optimized with the Yoast SEO plugin v27.3 - https:\/\/yoast.com\/product\/yoast-seo-wordpress\/ -->\n<title>CDMX BUSCA REDUCIR USO DE AGUA POTABLE PARA RIEGO: SHEINBAUM -<\/title>\n<meta name=\"robots\" content=\"index, follow, max-snippet:-1, max-image-preview:large, max-video-preview:-1\" \/>\n<link rel=\"canonical\" href=\"https:\/\/quehacerpolitico.mx\/?p=43572\" \/>\n<meta property=\"og:locale\" content=\"es_MX\" \/>\n<meta property=\"og:type\" content=\"article\" \/>\n<meta property=\"og:title\" content=\"CDMX BUSCA REDUCIR USO DE AGUA POTABLE PARA RIEGO: SHEINBAUM -\" \/>\n<meta property=\"og:description\" content=\"CDMX BUSCA REDUCIR USO DE AGUA POTABLE PARA RIEGO: SHEINBAUM Por Redacci\u00f3n QP\" \/>\n<meta property=\"og:url\" content=\"https:\/\/quehacerpolitico.mx\/?p=43572\" \/>\n<meta property=\"article:published_time\" content=\"2019-11-06T05:11:48+00:00\" \/>\n<meta name=\"author\" content=\"Redacci\u00f3n QP\" \/>\n<meta name=\"twitter:card\" content=\"summary_large_image\" \/>\n<meta name=\"twitter:label1\" content=\"Escrito por\" \/>\n\t<meta name=\"twitter:data1\" content=\"Redacci\u00f3n QP\" \/>\n\t<meta name=\"twitter:label2\" content=\"Tiempo de lectura\" \/>\n\t<meta name=\"twitter:data2\" content=\"2 minutos\" \/>\n<script type=\"application\/ld+json\" class=\"yoast-schema-graph\">{\"@context\":\"https:\\\/\\\/schema.org\",\"@graph\":[{\"@type\":\"Article\",\"@id\":\"https:\\\/\\\/quehacerpolitico.mx\\\/?p=43572#article\",\"isPartOf\":{\"@id\":\"https:\\\/\\\/quehacerpolitico.mx\\\/?p=43572\"},\"author\":{\"name\":\"Redacci\u00f3n QP\",\"@id\":\"https:\\\/\\\/quehacerpolitico.mx\\\/#\\\/schema\\\/person\\\/496d8ad2d1d3f8036101dca7ee39e585\"},\"headline\":\"CDMX BUSCA REDUCIR USO DE AGUA POTABLE PARA RIEGO: SHEINBAUM\",\"datePublished\":\"2019-11-06T05:11:48+00:00\",\"mainEntityOfPage\":{\"@id\":\"https:\\\/\\\/quehacerpolitico.mx\\\/?p=43572\"},\"wordCount\":353,\"commentCount\":0,\"image\":{\"@id\":\"https:\\\/\\\/quehacerpolitico.mx\\\/?p=43572#primaryimage\"},\"thumbnailUrl\":\"\",\"articleSection\":[\"CDMX\"],\"inLanguage\":\"es\",\"potentialAction\":[{\"@type\":\"CommentAction\",\"name\":\"Comment\",\"target\":[\"https:\\\/\\\/quehacerpolitico.mx\\\/?p=43572#respond\"]}]},{\"@type\":\"WebPage\",\"@id\":\"https:\\\/\\\/quehacerpolitico.mx\\\/?p=43572\",\"url\":\"https:\\\/\\\/quehacerpolitico.mx\\\/?p=43572\",\"name\":\"CDMX BUSCA REDUCIR USO DE AGUA POTABLE PARA RIEGO: SHEINBAUM -\",\"isPartOf\":{\"@id\":\"https:\\\/\\\/quehacerpolitico.mx\\\/#website\"},\"primaryImageOfPage\":{\"@id\":\"https:\\\/\\\/quehacerpolitico.mx\\\/?p=43572#primaryimage\"},\"image\":{\"@id\":\"https:\\\/\\\/quehacerpolitico.mx\\\/?p=43572#primaryimage\"},\"thumbnailUrl\":\"\",\"datePublished\":\"2019-11-06T05:11:48+00:00\",\"author\":{\"@id\":\"https:\\\/\\\/quehacerpolitico.mx\\\/#\\\/schema\\\/person\\\/496d8ad2d1d3f8036101dca7ee39e585\"},\"breadcrumb\":{\"@id\":\"https:\\\/\\\/quehacerpolitico.mx\\\/?p=43572#breadcrumb\"},\"inLanguage\":\"es\",\"potentialAction\":[{\"@type\":\"ReadAction\",\"target\":[\"https:\\\/\\\/quehacerpolitico.mx\\\/?p=43572\"]}]},{\"@type\":\"ImageObject\",\"inLanguage\":\"es\",\"@id\":\"https:\\\/\\\/quehacerpolitico.mx\\\/?p=43572#primaryimage\",\"url\":\"\",\"contentUrl\":\"\"},{\"@type\":\"BreadcrumbList\",\"@id\":\"https:\\\/\\\/quehacerpolitico.mx\\\/?p=43572#breadcrumb\",\"itemListElement\":[{\"@type\":\"ListItem\",\"position\":1,\"name\":\"Inicio\",\"item\":\"https:\\\/\\\/quehacerpolitico.mx\\\/\"},{\"@type\":\"ListItem\",\"position\":2,\"name\":\"CDMX BUSCA REDUCIR USO DE AGUA POTABLE PARA RIEGO: SHEINBAUM\"}]},{\"@type\":\"WebSite\",\"@id\":\"https:\\\/\\\/quehacerpolitico.mx\\\/#website\",\"url\":\"https:\\\/\\\/quehacerpolitico.mx\\\/\",\"name\":\"\",\"description\":\"\",\"potentialAction\":[{\"@type\":\"SearchAction\",\"target\":{\"@type\":\"EntryPoint\",\"urlTemplate\":\"https:\\\/\\\/quehacerpolitico.mx\\\/?s={search_term_string}\"},\"query-input\":{\"@type\":\"PropertyValueSpecification\",\"valueRequired\":true,\"valueName\":\"search_term_string\"}}],\"inLanguage\":\"es\"},{\"@type\":\"Person\",\"@id\":\"https:\\\/\\\/quehacerpolitico.mx\\\/#\\\/schema\\\/person\\\/496d8ad2d1d3f8036101dca7ee39e585\",\"name\":\"Redacci\u00f3n QP\",\"image\":{\"@type\":\"ImageObject\",\"inLanguage\":\"es\",\"@id\":\"https:\\\/\\\/secure.gravatar.com\\\/avatar\\\/c7164ed6fdec453195284ad24a5ae5b6e1eed2b848477fa2a4787ba9adf39a41?s=96&d=mm&r=g\",\"url\":\"https:\\\/\\\/secure.gravatar.com\\\/avatar\\\/c7164ed6fdec453195284ad24a5ae5b6e1eed2b848477fa2a4787ba9adf39a41?s=96&d=mm&r=g\",\"contentUrl\":\"https:\\\/\\\/secure.gravatar.com\\\/avatar\\\/c7164ed6fdec453195284ad24a5ae5b6e1eed2b848477fa2a4787ba9adf39a41?s=96&d=mm&r=g\",\"caption\":\"Redacci\u00f3n QP\"},\"url\":\"https:\\\/\\\/quehacerpolitico.mx\\\/?author=2\"}]}<\/script>\n<!-- \/ Yoast SEO plugin. -->","yoast_head_json":{"title":"CDMX BUSCA REDUCIR USO DE AGUA POTABLE PARA RIEGO: SHEINBAUM -","robots":{"index":"index","follow":"follow","max-snippet":"max-snippet:-1","max-image-preview":"max-image-preview:large","max-video-preview":"max-video-preview:-1"},"canonical":"https:\/\/quehacerpolitico.mx\/?p=43572","og_locale":"es_MX","og_type":"article","og_title":"CDMX BUSCA REDUCIR USO DE AGUA POTABLE PARA RIEGO: SHEINBAUM -","og_description":"CDMX BUSCA REDUCIR USO DE AGUA POTABLE PARA RIEGO: SHEINBAUM Por Redacci\u00f3n QP","og_url":"https:\/\/quehacerpolitico.mx\/?p=43572","article_published_time":"2019-11-06T05:11:48+00:00","author":"Redacci\u00f3n QP","twitter_card":"summary_large_image","twitter_misc":{"Escrito por":"Redacci\u00f3n QP","Tiempo de lectura":"2 minutos"},"schema":{"@context":"https:\/\/schema.org","@graph":[{"@type":"Article","@id":"https:\/\/quehacerpolitico.mx\/?p=43572#article","isPartOf":{"@id":"https:\/\/quehacerpolitico.mx\/?p=43572"},"author":{"name":"Redacci\u00f3n QP","@id":"https:\/\/quehacerpolitico.mx\/#\/schema\/person\/496d8ad2d1d3f8036101dca7ee39e585"},"headline":"CDMX BUSCA REDUCIR USO DE AGUA POTABLE PARA RIEGO: SHEINBAUM","datePublished":"2019-11-06T05:11:48+00:00","mainEntityOfPage":{"@id":"https:\/\/quehacerpolitico.mx\/?p=43572"},"wordCount":353,"commentCount":0,"image":{"@id":"https:\/\/quehacerpolitico.mx\/?p=43572#primaryimage"},"thumbnailUrl":"","articleSection":["CDMX"],"inLanguage":"es","potentialAction":[{"@type":"CommentAction","name":"Comment","target":["https:\/\/quehacerpolitico.mx\/?p=43572#respond"]}]},{"@type":"WebPage","@id":"https:\/\/quehacerpolitico.mx\/?p=43572","url":"https:\/\/quehacerpolitico.mx\/?p=43572","name":"CDMX BUSCA REDUCIR USO DE AGUA POTABLE PARA RIEGO: SHEINBAUM -","isPartOf":{"@id":"https:\/\/quehacerpolitico.mx\/#website"},"primaryImageOfPage":{"@id":"https:\/\/quehacerpolitico.mx\/?p=43572#primaryimage"},"image":{"@id":"https:\/\/quehacerpolitico.mx\/?p=43572#primaryimage"},"thumbnailUrl":"","datePublished":"2019-11-06T05:11:48+00:00","author":{"@id":"https:\/\/quehacerpolitico.mx\/#\/schema\/person\/496d8ad2d1d3f8036101dca7ee39e585"},"breadcrumb":{"@id":"https:\/\/quehacerpolitico.mx\/?p=43572#breadcrumb"},"inLanguage":"es","potentialAction":[{"@type":"ReadAction","target":["https:\/\/quehacerpolitico.mx\/?p=43572"]}]},{"@type":"ImageObject","inLanguage":"es","@id":"https:\/\/quehacerpolitico.mx\/?p=43572#primaryimage","url":"","contentUrl":""},{"@type":"BreadcrumbList","@id":"https:\/\/quehacerpolitico.mx\/?p=43572#breadcrumb","itemListElement":[{"@type":"ListItem","position":1,"name":"Inicio","item":"https:\/\/quehacerpolitico.mx\/"},{"@type":"ListItem","position":2,"name":"CDMX BUSCA REDUCIR USO DE AGUA POTABLE PARA RIEGO: SHEINBAUM"}]},{"@type":"WebSite","@id":"https:\/\/quehacerpolitico.mx\/#website","url":"https:\/\/quehacerpolitico.mx\/","name":"","description":"","potentialAction":[{"@type":"SearchAction","target":{"@type":"EntryPoint","urlTemplate":"https:\/\/quehacerpolitico.mx\/?s={search_term_string}"},"query-input":{"@type":"PropertyValueSpecification","valueRequired":true,"valueName":"search_term_string"}}],"inLanguage":"es"},{"@type":"Person","@id":"https:\/\/quehacerpolitico.mx\/#\/schema\/person\/496d8ad2d1d3f8036101dca7ee39e585","name":"Redacci\u00f3n QP","image":{"@type":"ImageObject","inLanguage":"es","@id":"https:\/\/secure.gravatar.com\/avatar\/c7164ed6fdec453195284ad24a5ae5b6e1eed2b848477fa2a4787ba9adf39a41?s=96&d=mm&r=g","url":"https:\/\/secure.gravatar.com\/avatar\/c7164ed6fdec453195284ad24a5ae5b6e1eed2b848477fa2a4787ba9adf39a41?s=96&d=mm&r=g","contentUrl":"https:\/\/secure.gravatar.com\/avatar\/c7164ed6fdec453195284ad24a5ae5b6e1eed2b848477fa2a4787ba9adf39a41?s=96&d=mm&r=g","caption":"Redacci\u00f3n QP"},"url":"https:\/\/quehacerpolitico.mx\/?author=2"}]}},"featured_image_urls":{"full":"","thumbnail":"","medium":"","medium_large":"","large":"","1536x1536":"","2048x2048":"","covernews-featured":"","covernews-medium":""},"author_info":{"display_name":"Redacci\u00f3n QP","author_link":"https:\/\/quehacerpolitico.mx\/?author=2"},"category_info":"<a href=\"https:\/\/quehacerpolitico.mx\/?cat=55\" rel=\"category\">CDMX<\/a>","tag_info":"CDMX","comment_count":"0","_links":{"self":[{"href":"https:\/\/quehacerpolitico.mx\/index.php?rest_route=\/wp\/v2\/posts\/43572","targetHints":{"allow":["GET"]}}],"collection":[{"href":"https:\/\/quehacerpolitico.mx\/index.php?rest_route=\/wp\/v2\/posts"}],"about":[{"href":"https:\/\/quehacerpolitico.mx\/index.php?rest_route=\/wp\/v2\/types\/post"}],"author":[{"embeddable":true,"href":"https:\/\/quehacerpolitico.mx\/index.php?rest_route=\/wp\/v2\/users\/2"}],"replies":[{"embeddable":true,"href":"https:\/\/quehacerpolitico.mx\/index.php?rest_route=%2Fwp%2Fv2%2Fcomments&post=43572"}],"version-history":[{"count":0,"href":"https:\/\/quehacerpolitico.mx\/index.php?rest_route=\/wp\/v2\/posts\/43572\/revisions"}],"wp:featuredmedia":[{"embeddable":true,"href":"https:\/\/quehacerpolitico.mx\/index.php?rest_route=\/"}],"wp:attachment":[{"href":"https:\/\/quehacerpolitico.mx\/index.php?rest_route=%2Fwp%2Fv2%2Fmedia&parent=43572"}],"wp:term":[{"taxonomy":"category","embeddable":true,"href":"https:\/\/quehacerpolitico.mx\/index.php?rest_route=%2Fwp%2Fv2%2Fcategories&post=43572"},{"taxonomy":"post_tag","embeddable":true,"href":"https:\/\/quehacerpolitico.mx\/index.php?rest_route=%2Fwp%2Fv2%2Ftags&post=43572"}],"curies":[{"name":"wp","href":"https:\/\/api.w.org\/{rel}","templated":true}]}}