{"id":4357,"date":"2018-09-10T21:25:33","date_gmt":"2018-09-10T21:25:33","guid":{"rendered":"http:\/\/quehacerpolitico.mx\/yeidckol-polevnsky-busca-reunirse-con-cuauhtemoc-blanco\/"},"modified":"2018-09-10T21:25:33","modified_gmt":"2018-09-10T21:25:33","slug":"yeidckol-polevnsky-busca-reunirse-con-cuauhtemoc-blanco","status":"publish","type":"post","link":"https:\/\/quehacerpolitico.mx\/?p=4357","title":{"rendered":"Yeidckol Polevnsky busca reunirse con Cuauht\u00e9moc Blanco"},"content":{"rendered":"<p>La presidenta de Morena, Yeidckol Polevnsky, dijo que tras los dichos hechos p\u00fablicos en los que se le escucha arremetiendo contra el gobernador electo de Morelos, Cuauht\u00e9moc Blanco, busca reunirse con el ex futbolista para hablar sobre la forma de gobierno en coalici\u00f3n.<\/p>\n<p>En entrevista con Luis C\u00e1rdenas,<strong> Polevnskyplante\u00f3 que estos hechos se dieron a conocer tras una reuni\u00f3n sostenida con los diputados electos que ganaron un esca\u00f1o a trav\u00e9s de la coalici\u00f3n Morena, PES y PT<\/strong>, para trazar una agenda com\u00fan.<\/p>\n<p>Expres\u00f3 que la coalici\u00f3n apoy\u00f3 al gobernador y por ello esperan que \u00e9l mismo apoye el modelo de gobierno. Record\u00f3 que cuando se discuti\u00f3 la coalici\u00f3n con los presidentes de los partidos, el presidente de Encuentro Social, Hugo Erick Flores, plante\u00f3 la posibilidad de que Blanco fuera el candidato a gobernador, pese a que el candidato de Morena en la entidad era Rabindranath Salazar.<\/p>\n<p>El presidente del PES insisti\u00f3 en el tema, seg\u00fan Polenvsky ante lo que ella lo consult\u00f3 con Andr\u00e9s Manuel L\u00f3pez Obrador, quien le confirm\u00f3 que no correspond\u00eda a \u00e9l tomar esa decisi\u00f3n, si no a &#8220;Rabin&#8221;.<\/p>\n<p>Tras esto, ambos se midieron en una encuesta con militantes, resultando ganador Blanco. La presidenta de Morena dijo haber advertido a su candidato de su posible derrota, pues Blanco es un ex futbolista famoso.<\/p>\n<p>Dijo que referente a la frase &#8220;lo que no ganaron en las urnas, lo quieren ganar a billetazos&#8221;, lo plante\u00f3 refiri\u00e9ndose a los gobernadores electos que no son de la coalici\u00f3n y que buscan dar prebendas al legislativo. Sobre Jos\u00e9 Manuel S\u00e1enz dijo que el representante de Cuauht\u00e9moc Blanco realiza pr\u00e1cticas &#8220;no propias de la pol\u00edtica ni de la coalici\u00f3n&#8221; y expuso que como en el futbol, que es una pr\u00e1ctica com\u00fan comprar y vender deportistas, Saenz &#8220;est\u00e1 acostumbrado a llevarse gente de un lado para otro&#8221;.<\/p>\n<p><strong>Expuso que el secretario de Blanco busca &#8220;maicear&#8221; a los diputados con prebendas y finalmente no visualiza que son parte de una coalici\u00f3n<\/strong>. Polevnsky confirm\u00f3 que busca acercarse a tener una conexi\u00f3n con Cuauht\u00e9moc Blanco, pero no con su representante, pues la forma de actuar de S\u00e1enz no es propia de la pol\u00edtica y dijo que tal vez en la compra venta de deportistas sea un genio, pero no en el terreno de la pol\u00edtica.<\/p>\n","protected":false},"excerpt":{"rendered":"<p>La presidenta de Morena desea hablar con el gobernador electo de Morelos sobre la forma de gobierno en coalici\u00f3n<br \/>\nPor Redacci\u00f3n QP<\/p>\n","protected":false},"author":2,"featured_media":4356,"comment_status":"open","ping_status":"open","sticky":false,"template":"","format":"standard","meta":{"_monsterinsights_skip_tracking":false,"_monsterinsights_sitenote_active":false,"_monsterinsights_sitenote_note":"","_monsterinsights_sitenote_category":0,"footnotes":""},"categories":[2],"tags":[],"class_list":["post-4357","post","type-post","status-publish","format-standard","has-post-thumbnail","hentry","category-noticias"],"yoast_head":"<!-- This site is optimized with the Yoast SEO plugin v27.3 - https:\/\/yoast.com\/product\/yoast-seo-wordpress\/ -->\n<title>Yeidckol Polevnsky busca reunirse con Cuauht\u00e9moc Blanco -<\/title>\n<meta name=\"robots\" content=\"index, follow, max-snippet:-1, max-image-preview:large, max-video-preview:-1\" \/>\n<link rel=\"canonical\" href=\"https:\/\/quehacerpolitico.mx\/?p=4357\" \/>\n<meta property=\"og:locale\" content=\"es_MX\" \/>\n<meta property=\"og:type\" content=\"article\" \/>\n<meta property=\"og:title\" content=\"Yeidckol Polevnsky busca reunirse con Cuauht\u00e9moc Blanco -\" \/>\n<meta property=\"og:description\" content=\"La presidenta de Morena desea hablar con el gobernador electo de Morelos sobre la forma de gobierno en coalici\u00f3n Por Redacci\u00f3n QP\" \/>\n<meta property=\"og:url\" content=\"https:\/\/quehacerpolitico.mx\/?p=4357\" \/>\n<meta property=\"article:published_time\" content=\"2018-09-10T21:25:33+00:00\" \/>\n<meta name=\"author\" content=\"Redacci\u00f3n QP\" \/>\n<meta name=\"twitter:card\" content=\"summary_large_image\" \/>\n<meta name=\"twitter:label1\" content=\"Escrito por\" \/>\n\t<meta name=\"twitter:data1\" content=\"Redacci\u00f3n QP\" \/>\n\t<meta name=\"twitter:label2\" content=\"Tiempo de lectura\" \/>\n\t<meta name=\"twitter:data2\" content=\"2 minutos\" \/>\n<script type=\"application\/ld+json\" class=\"yoast-schema-graph\">{\"@context\":\"https:\\\/\\\/schema.org\",\"@graph\":[{\"@type\":\"Article\",\"@id\":\"https:\\\/\\\/quehacerpolitico.mx\\\/?p=4357#article\",\"isPartOf\":{\"@id\":\"https:\\\/\\\/quehacerpolitico.mx\\\/?p=4357\"},\"author\":{\"name\":\"Redacci\u00f3n QP\",\"@id\":\"https:\\\/\\\/quehacerpolitico.mx\\\/#\\\/schema\\\/person\\\/496d8ad2d1d3f8036101dca7ee39e585\"},\"headline\":\"Yeidckol Polevnsky busca reunirse con Cuauht\u00e9moc Blanco\",\"datePublished\":\"2018-09-10T21:25:33+00:00\",\"mainEntityOfPage\":{\"@id\":\"https:\\\/\\\/quehacerpolitico.mx\\\/?p=4357\"},\"wordCount\":417,\"commentCount\":0,\"image\":{\"@id\":\"https:\\\/\\\/quehacerpolitico.mx\\\/?p=4357#primaryimage\"},\"thumbnailUrl\":\"\",\"articleSection\":[\"Noticias\"],\"inLanguage\":\"es\",\"potentialAction\":[{\"@type\":\"CommentAction\",\"name\":\"Comment\",\"target\":[\"https:\\\/\\\/quehacerpolitico.mx\\\/?p=4357#respond\"]}]},{\"@type\":\"WebPage\",\"@id\":\"https:\\\/\\\/quehacerpolitico.mx\\\/?p=4357\",\"url\":\"https:\\\/\\\/quehacerpolitico.mx\\\/?p=4357\",\"name\":\"Yeidckol Polevnsky busca reunirse con Cuauht\u00e9moc Blanco -\",\"isPartOf\":{\"@id\":\"https:\\\/\\\/quehacerpolitico.mx\\\/#website\"},\"primaryImageOfPage\":{\"@id\":\"https:\\\/\\\/quehacerpolitico.mx\\\/?p=4357#primaryimage\"},\"image\":{\"@id\":\"https:\\\/\\\/quehacerpolitico.mx\\\/?p=4357#primaryimage\"},\"thumbnailUrl\":\"\",\"datePublished\":\"2018-09-10T21:25:33+00:00\",\"author\":{\"@id\":\"https:\\\/\\\/quehacerpolitico.mx\\\/#\\\/schema\\\/person\\\/496d8ad2d1d3f8036101dca7ee39e585\"},\"breadcrumb\":{\"@id\":\"https:\\\/\\\/quehacerpolitico.mx\\\/?p=4357#breadcrumb\"},\"inLanguage\":\"es\",\"potentialAction\":[{\"@type\":\"ReadAction\",\"target\":[\"https:\\\/\\\/quehacerpolitico.mx\\\/?p=4357\"]}]},{\"@type\":\"ImageObject\",\"inLanguage\":\"es\",\"@id\":\"https:\\\/\\\/quehacerpolitico.mx\\\/?p=4357#primaryimage\",\"url\":\"\",\"contentUrl\":\"\"},{\"@type\":\"BreadcrumbList\",\"@id\":\"https:\\\/\\\/quehacerpolitico.mx\\\/?p=4357#breadcrumb\",\"itemListElement\":[{\"@type\":\"ListItem\",\"position\":1,\"name\":\"Inicio\",\"item\":\"https:\\\/\\\/quehacerpolitico.mx\\\/\"},{\"@type\":\"ListItem\",\"position\":2,\"name\":\"Yeidckol Polevnsky busca reunirse con Cuauht\u00e9moc Blanco\"}]},{\"@type\":\"WebSite\",\"@id\":\"https:\\\/\\\/quehacerpolitico.mx\\\/#website\",\"url\":\"https:\\\/\\\/quehacerpolitico.mx\\\/\",\"name\":\"\",\"description\":\"\",\"potentialAction\":[{\"@type\":\"SearchAction\",\"target\":{\"@type\":\"EntryPoint\",\"urlTemplate\":\"https:\\\/\\\/quehacerpolitico.mx\\\/?s={search_term_string}\"},\"query-input\":{\"@type\":\"PropertyValueSpecification\",\"valueRequired\":true,\"valueName\":\"search_term_string\"}}],\"inLanguage\":\"es\"},{\"@type\":\"Person\",\"@id\":\"https:\\\/\\\/quehacerpolitico.mx\\\/#\\\/schema\\\/person\\\/496d8ad2d1d3f8036101dca7ee39e585\",\"name\":\"Redacci\u00f3n QP\",\"image\":{\"@type\":\"ImageObject\",\"inLanguage\":\"es\",\"@id\":\"https:\\\/\\\/secure.gravatar.com\\\/avatar\\\/c7164ed6fdec453195284ad24a5ae5b6e1eed2b848477fa2a4787ba9adf39a41?s=96&d=mm&r=g\",\"url\":\"https:\\\/\\\/secure.gravatar.com\\\/avatar\\\/c7164ed6fdec453195284ad24a5ae5b6e1eed2b848477fa2a4787ba9adf39a41?s=96&d=mm&r=g\",\"contentUrl\":\"https:\\\/\\\/secure.gravatar.com\\\/avatar\\\/c7164ed6fdec453195284ad24a5ae5b6e1eed2b848477fa2a4787ba9adf39a41?s=96&d=mm&r=g\",\"caption\":\"Redacci\u00f3n QP\"},\"url\":\"https:\\\/\\\/quehacerpolitico.mx\\\/?author=2\"}]}<\/script>\n<!-- \/ Yoast SEO plugin. -->","yoast_head_json":{"title":"Yeidckol Polevnsky busca reunirse con Cuauht\u00e9moc Blanco -","robots":{"index":"index","follow":"follow","max-snippet":"max-snippet:-1","max-image-preview":"max-image-preview:large","max-video-preview":"max-video-preview:-1"},"canonical":"https:\/\/quehacerpolitico.mx\/?p=4357","og_locale":"es_MX","og_type":"article","og_title":"Yeidckol Polevnsky busca reunirse con Cuauht\u00e9moc Blanco -","og_description":"La presidenta de Morena desea hablar con el gobernador electo de Morelos sobre la forma de gobierno en coalici\u00f3n Por Redacci\u00f3n QP","og_url":"https:\/\/quehacerpolitico.mx\/?p=4357","article_published_time":"2018-09-10T21:25:33+00:00","author":"Redacci\u00f3n QP","twitter_card":"summary_large_image","twitter_misc":{"Escrito por":"Redacci\u00f3n QP","Tiempo de lectura":"2 minutos"},"schema":{"@context":"https:\/\/schema.org","@graph":[{"@type":"Article","@id":"https:\/\/quehacerpolitico.mx\/?p=4357#article","isPartOf":{"@id":"https:\/\/quehacerpolitico.mx\/?p=4357"},"author":{"name":"Redacci\u00f3n QP","@id":"https:\/\/quehacerpolitico.mx\/#\/schema\/person\/496d8ad2d1d3f8036101dca7ee39e585"},"headline":"Yeidckol Polevnsky busca reunirse con Cuauht\u00e9moc Blanco","datePublished":"2018-09-10T21:25:33+00:00","mainEntityOfPage":{"@id":"https:\/\/quehacerpolitico.mx\/?p=4357"},"wordCount":417,"commentCount":0,"image":{"@id":"https:\/\/quehacerpolitico.mx\/?p=4357#primaryimage"},"thumbnailUrl":"","articleSection":["Noticias"],"inLanguage":"es","potentialAction":[{"@type":"CommentAction","name":"Comment","target":["https:\/\/quehacerpolitico.mx\/?p=4357#respond"]}]},{"@type":"WebPage","@id":"https:\/\/quehacerpolitico.mx\/?p=4357","url":"https:\/\/quehacerpolitico.mx\/?p=4357","name":"Yeidckol Polevnsky busca reunirse con Cuauht\u00e9moc Blanco -","isPartOf":{"@id":"https:\/\/quehacerpolitico.mx\/#website"},"primaryImageOfPage":{"@id":"https:\/\/quehacerpolitico.mx\/?p=4357#primaryimage"},"image":{"@id":"https:\/\/quehacerpolitico.mx\/?p=4357#primaryimage"},"thumbnailUrl":"","datePublished":"2018-09-10T21:25:33+00:00","author":{"@id":"https:\/\/quehacerpolitico.mx\/#\/schema\/person\/496d8ad2d1d3f8036101dca7ee39e585"},"breadcrumb":{"@id":"https:\/\/quehacerpolitico.mx\/?p=4357#breadcrumb"},"inLanguage":"es","potentialAction":[{"@type":"ReadAction","target":["https:\/\/quehacerpolitico.mx\/?p=4357"]}]},{"@type":"ImageObject","inLanguage":"es","@id":"https:\/\/quehacerpolitico.mx\/?p=4357#primaryimage","url":"","contentUrl":""},{"@type":"BreadcrumbList","@id":"https:\/\/quehacerpolitico.mx\/?p=4357#breadcrumb","itemListElement":[{"@type":"ListItem","position":1,"name":"Inicio","item":"https:\/\/quehacerpolitico.mx\/"},{"@type":"ListItem","position":2,"name":"Yeidckol Polevnsky busca reunirse con Cuauht\u00e9moc Blanco"}]},{"@type":"WebSite","@id":"https:\/\/quehacerpolitico.mx\/#website","url":"https:\/\/quehacerpolitico.mx\/","name":"","description":"","potentialAction":[{"@type":"SearchAction","target":{"@type":"EntryPoint","urlTemplate":"https:\/\/quehacerpolitico.mx\/?s={search_term_string}"},"query-input":{"@type":"PropertyValueSpecification","valueRequired":true,"valueName":"search_term_string"}}],"inLanguage":"es"},{"@type":"Person","@id":"https:\/\/quehacerpolitico.mx\/#\/schema\/person\/496d8ad2d1d3f8036101dca7ee39e585","name":"Redacci\u00f3n QP","image":{"@type":"ImageObject","inLanguage":"es","@id":"https:\/\/secure.gravatar.com\/avatar\/c7164ed6fdec453195284ad24a5ae5b6e1eed2b848477fa2a4787ba9adf39a41?s=96&d=mm&r=g","url":"https:\/\/secure.gravatar.com\/avatar\/c7164ed6fdec453195284ad24a5ae5b6e1eed2b848477fa2a4787ba9adf39a41?s=96&d=mm&r=g","contentUrl":"https:\/\/secure.gravatar.com\/avatar\/c7164ed6fdec453195284ad24a5ae5b6e1eed2b848477fa2a4787ba9adf39a41?s=96&d=mm&r=g","caption":"Redacci\u00f3n QP"},"url":"https:\/\/quehacerpolitico.mx\/?author=2"}]}},"featured_image_urls":{"full":"","thumbnail":"","medium":"","medium_large":"","large":"","1536x1536":"","2048x2048":"","covernews-featured":"","covernews-medium":""},"author_info":{"display_name":"Redacci\u00f3n QP","author_link":"https:\/\/quehacerpolitico.mx\/?author=2"},"category_info":"<a href=\"https:\/\/quehacerpolitico.mx\/?cat=2\" rel=\"category\">Noticias<\/a>","tag_info":"Noticias","comment_count":"0","_links":{"self":[{"href":"https:\/\/quehacerpolitico.mx\/index.php?rest_route=\/wp\/v2\/posts\/4357","targetHints":{"allow":["GET"]}}],"collection":[{"href":"https:\/\/quehacerpolitico.mx\/index.php?rest_route=\/wp\/v2\/posts"}],"about":[{"href":"https:\/\/quehacerpolitico.mx\/index.php?rest_route=\/wp\/v2\/types\/post"}],"author":[{"embeddable":true,"href":"https:\/\/quehacerpolitico.mx\/index.php?rest_route=\/wp\/v2\/users\/2"}],"replies":[{"embeddable":true,"href":"https:\/\/quehacerpolitico.mx\/index.php?rest_route=%2Fwp%2Fv2%2Fcomments&post=4357"}],"version-history":[{"count":0,"href":"https:\/\/quehacerpolitico.mx\/index.php?rest_route=\/wp\/v2\/posts\/4357\/revisions"}],"wp:featuredmedia":[{"embeddable":true,"href":"https:\/\/quehacerpolitico.mx\/index.php?rest_route=\/"}],"wp:attachment":[{"href":"https:\/\/quehacerpolitico.mx\/index.php?rest_route=%2Fwp%2Fv2%2Fmedia&parent=4357"}],"wp:term":[{"taxonomy":"category","embeddable":true,"href":"https:\/\/quehacerpolitico.mx\/index.php?rest_route=%2Fwp%2Fv2%2Fcategories&post=4357"},{"taxonomy":"post_tag","embeddable":true,"href":"https:\/\/quehacerpolitico.mx\/index.php?rest_route=%2Fwp%2Fv2%2Ftags&post=4357"}],"curies":[{"name":"wp","href":"https:\/\/api.w.org\/{rel}","templated":true}]}}