{"id":43566,"date":"2019-11-06T04:42:47","date_gmt":"2019-11-06T04:42:47","guid":{"rendered":"http:\/\/quehacerpolitico.mx\/ebrard-recorre-lugar-de-masacre-en-sonora-descarta-tension-con-eu\/"},"modified":"2019-11-06T04:42:47","modified_gmt":"2019-11-06T04:42:47","slug":"ebrard-recorre-lugar-de-masacre-en-sonora-descarta-tension-con-eu","status":"publish","type":"post","link":"https:\/\/quehacerpolitico.mx\/?p=43566","title":{"rendered":"Ebrard recorre lugar de masacre en Sonora; descarta tensi\u00f3n con EU"},"content":{"rendered":"<h1 class=\"news-title\">Ebrard recorre lugar de masacre en Sonora; descarta tensi\u00f3n con EU<br \/>Por Redacci\u00f3n QP<\/h1>\n<p>El canciller se desplaz\u00f3 a Bavispe, Sonora, para actuar al lado de la Marina, la Sedena y la FGR, en la investigaci\u00f3n que se lleva a cabo sobre la matanza de la familia\u00a0LeBar\u00f3n<\/p>\n<blockquote class=\"twitter-tweet\" data-width=\"550\" data-dnt=\"true\">\n<p lang=\"es\" dir=\"ltr\">Trabajar juntos para hacer justicia,apoyar a las familias, esclarecer los hechos, desarticular las bandas delincuenciales es ls instruccion del Presidente Lopez Obrador. <a href=\"https:\/\/t.co\/jqwmDBWLpx\">pic.twitter.com\/jqwmDBWLpx<\/a><\/p>\n<p>&mdash; Marcelo Ebrard C. (@m_ebrard) <a href=\"https:\/\/twitter.com\/m_ebrard\/status\/1191931730292346881?ref_src=twsrc%5Etfw\">November 6, 2019<\/a><\/p><\/blockquote>\n<p><script async src=\"https:\/\/platform.twitter.com\/widgets.js\" charset=\"utf-8\"><\/script><\/p>\n<p>El asesinato de al menos 9 integrantes de la familia LeBar\u00f3n en la sierra entre Sonora y Chihuahua, no es un asunto que genere tensi\u00f3n entre M\u00e9xico y Estados Unidos, lo que existe es una comunicaci\u00f3n y cooperaci\u00f3n mutua, asegur\u00f3 el secretario de Relaciones Exteriores, Marcelo Ebrard.<\/p>\n<p>El canciller se desplaz\u00f3 a Bavispe, Sonora, <strong>para actuar al lado de la Marina, la Sedena y la FGR, en la investigaci\u00f3n que se lleva a cabo sobre la matanza de 3 mujeres y 6 ni\u00f1os<\/strong>, el lunes pasado.<\/p>\n<blockquote class=\"twitter-tweet\" data-width=\"550\" data-dnt=\"true\">\n<p lang=\"es\" dir=\"ltr\">El <a href=\"https:\/\/twitter.com\/GobiernoMX?ref_src=twsrc%5Etfw\">@GobiernoMX<\/a> destina los esfuerzos necesarios para identificar a los responsables de los actos perpetrados en el municipio de Bavispe, Sonora, en contra de la comunidad binacional LeBar\u00f3n. <a href=\"https:\/\/twitter.com\/SEMAR_mx?ref_src=twsrc%5Etfw\">@SEMAR_mx<\/a> <a href=\"https:\/\/twitter.com\/SEDENAmx?ref_src=twsrc%5Etfw\">@SEDENAmx<\/a> <a href=\"https:\/\/twitter.com\/FGRMexico?ref_src=twsrc%5Etfw\">@FGRMexico<\/a> <a href=\"https:\/\/twitter.com\/SRE_mx?ref_src=twsrc%5Etfw\">@SRE_mx<\/a> <a href=\"https:\/\/t.co\/wjEruGZMIp\">pic.twitter.com\/wjEruGZMIp<\/a><\/p>\n<p>&mdash; Relaciones Exteriores (@SRE_mx) <a href=\"https:\/\/twitter.com\/SRE_mx\/status\/1191898254176378882?ref_src=twsrc%5Etfw\">November 6, 2019<\/a><\/p><\/blockquote>\n<p><script async src=\"https:\/\/platform.twitter.com\/widgets.js\" charset=\"utf-8\"><\/script><\/p>\n<p>&#8220;M\u00e1s bien estamos actuando de com\u00fan acuerdo. Cuando tienes un aliado realmente lo sabes, cuando tienes un momento dif\u00edcil y nosotros hemos atravesado momentos dif\u00edciles y Estados Unidos nos ha respaldado a lo largo de los a\u00f1os. En este caso tenemos que actuar juntos&#8221;, declar\u00f3.<\/p>\n<blockquote class=\"twitter-tweet\" data-width=\"550\" data-dnt=\"true\">\n<p lang=\"es\" dir=\"ltr\">La visita fue encabezada por el secretario de la <a href=\"https:\/\/twitter.com\/SEMAR_mx?ref_src=twsrc%5Etfw\">@SEMAR_MX<\/a>, Jos\u00e9 Ojeda Dur\u00e1n, acompa\u00f1ado del secretario <a href=\"https:\/\/twitter.com\/m_ebrard?ref_src=twsrc%5Etfw\">@m_ebrard<\/a>, el general de Brigada Diplomado del Estado Mayor, Homero Mendoza Ruiz y el titular de la Coordinaci\u00f3n de M\u00e9todos de Investigaci\u00f3n de la <a href=\"https:\/\/twitter.com\/FGRMexico?ref_src=twsrc%5Etfw\">@FGRMexico<\/a>. <a href=\"https:\/\/t.co\/mWy89vAX6q\">pic.twitter.com\/mWy89vAX6q<\/a><\/p>\n<p>&mdash; Relaciones Exteriores (@SRE_mx) <a href=\"https:\/\/twitter.com\/SRE_mx\/status\/1191926180674449408?ref_src=twsrc%5Etfw\">November 6, 2019<\/a><\/p><\/blockquote>\n<p><script async src=\"https:\/\/platform.twitter.com\/widgets.js\" charset=\"utf-8\"><\/script><\/p>\n<div>\n<figure class=\"image\"><img decoding=\"async\" title=\"\" src=\"https:\/\/www.informador.mx\/export\/sites\/elinformador\/img\/2019\/11\/05\/ebrard1.jpg_424642412.jpg\" alt=\"\" hspace=\"5\" vspace=\"5\" data-height=\"525\" data-size=\"w:1600,h:1200\" data-width=\"700\" \/><figcaption>EFE<\/figcaption><\/figure>\n<\/div>\n<p>Ebrard Casaub\u00f3n justific\u00f3 que el secretario de Seguridad, <strong>Alfonso Durazo, no lleg\u00f3 al lugar debido a la comparecencia que tuvo en el Senado de la Rep\u00fablica y que le tom\u00f3 poco m\u00e1s de 5 horas.<\/strong><\/p>\n<p>La Secretar\u00eda de Relaciones Exteriores difundi\u00f3 videos y fotograf\u00edas en donde se observa al canciller mexicano recibir informaci\u00f3n por parte de la Marina, sobre lo que acontecido en la zona.<\/p>\n<blockquote class=\"twitter-tweet\" data-width=\"550\" data-dnt=\"true\">\n<p lang=\"es\" dir=\"ltr\">\u00abAnte una atrocidad que no se puede permitir el presidente de la Rep\u00fablica encabeza la indignaci\u00f3n de M\u00e9xico ante estos hechos [&#8230;] se trata de una comunidad binacional [&#8230;] muy respetable y querida en M\u00e9xico, son parte de nuestro pueblo [&#8230;]\u00bb <a href=\"https:\/\/twitter.com\/m_ebrard?ref_src=twsrc%5Etfw\">@m_ebrard<\/a>. <a href=\"https:\/\/t.co\/kVluXkpR8N\">pic.twitter.com\/kVluXkpR8N<\/a><\/p>\n<p>&mdash; Relaciones Exteriores (@SRE_mx) <a href=\"https:\/\/twitter.com\/SRE_mx\/status\/1191926649044029440?ref_src=twsrc%5Etfw\">November 6, 2019<\/a><\/p><\/blockquote>\n<p><script async src=\"https:\/\/platform.twitter.com\/widgets.js\" charset=\"utf-8\"><\/script><\/p>\n<p><strong>Al tratarse de una comunidad binacional, expuso, se tiene comunicaci\u00f3n constante con las autoridades estadounidenses<\/strong>, para el desahogo de la investigaci\u00f3n.<\/p>\n<p>Subray\u00f3 que el Presidente Andr\u00e9s Manuel L\u00f3pez Obrador llam\u00f3 al mandatario estadounidense, Donald Trump, para externar las condolencias de parte del pueblo mexicano.<\/p>\n<p>&#8220;Y, adem\u00e1s, se acord\u00f3 tener una comunicaci\u00f3n muy fluida. Y le reiter\u00f3 la convicci\u00f3n y la resoluci\u00f3n del Gobierno de la Rep\u00fablica para que no haya impunidad, para que esto no quede as\u00ed, que sean llevados ante la justicia los responsables&#8221;, mencion\u00f3.<\/p>\n<p>Con informaci\u00f3n de SUN<\/p>\n","protected":false},"excerpt":{"rendered":"<p>Ebrard recorre lugar de masacre en Sonora; descarta tensi\u00f3n con EU<br \/>\nPor Redacci\u00f3n QP<\/p>\n","protected":false},"author":2,"featured_media":43565,"comment_status":"open","ping_status":"open","sticky":false,"template":"","format":"standard","meta":{"_monsterinsights_skip_tracking":false,"_monsterinsights_sitenote_active":false,"_monsterinsights_sitenote_note":"","_monsterinsights_sitenote_category":0,"footnotes":""},"categories":[2],"tags":[],"class_list":["post-43566","post","type-post","status-publish","format-standard","has-post-thumbnail","hentry","category-noticias"],"yoast_head":"<!-- This site is optimized with the Yoast SEO plugin v27.3 - https:\/\/yoast.com\/product\/yoast-seo-wordpress\/ -->\n<title>Ebrard recorre lugar de masacre en Sonora; descarta tensi\u00f3n con EU -<\/title>\n<meta name=\"robots\" content=\"index, follow, max-snippet:-1, max-image-preview:large, max-video-preview:-1\" \/>\n<link rel=\"canonical\" href=\"https:\/\/quehacerpolitico.mx\/?p=43566\" \/>\n<meta property=\"og:locale\" content=\"es_MX\" \/>\n<meta property=\"og:type\" content=\"article\" \/>\n<meta property=\"og:title\" content=\"Ebrard recorre lugar de masacre en Sonora; descarta tensi\u00f3n con EU -\" \/>\n<meta property=\"og:description\" content=\"Ebrard recorre lugar de masacre en Sonora; descarta tensi\u00f3n con EU Por Redacci\u00f3n QP\" \/>\n<meta property=\"og:url\" content=\"https:\/\/quehacerpolitico.mx\/?p=43566\" \/>\n<meta property=\"article:published_time\" content=\"2019-11-06T04:42:47+00:00\" \/>\n<meta name=\"author\" content=\"Redacci\u00f3n QP\" \/>\n<meta name=\"twitter:card\" content=\"summary_large_image\" \/>\n<meta name=\"twitter:label1\" content=\"Escrito por\" \/>\n\t<meta name=\"twitter:data1\" content=\"Redacci\u00f3n QP\" \/>\n\t<meta name=\"twitter:label2\" content=\"Tiempo de lectura\" \/>\n\t<meta name=\"twitter:data2\" content=\"2 minutos\" \/>\n<script type=\"application\/ld+json\" class=\"yoast-schema-graph\">{\"@context\":\"https:\\\/\\\/schema.org\",\"@graph\":[{\"@type\":\"Article\",\"@id\":\"https:\\\/\\\/quehacerpolitico.mx\\\/?p=43566#article\",\"isPartOf\":{\"@id\":\"https:\\\/\\\/quehacerpolitico.mx\\\/?p=43566\"},\"author\":{\"name\":\"Redacci\u00f3n QP\",\"@id\":\"https:\\\/\\\/quehacerpolitico.mx\\\/#\\\/schema\\\/person\\\/496d8ad2d1d3f8036101dca7ee39e585\"},\"headline\":\"Ebrard recorre lugar de masacre en Sonora; descarta tensi\u00f3n con EU\",\"datePublished\":\"2019-11-06T04:42:47+00:00\",\"mainEntityOfPage\":{\"@id\":\"https:\\\/\\\/quehacerpolitico.mx\\\/?p=43566\"},\"wordCount\":402,\"commentCount\":0,\"image\":{\"@id\":\"https:\\\/\\\/quehacerpolitico.mx\\\/?p=43566#primaryimage\"},\"thumbnailUrl\":\"\",\"articleSection\":[\"Noticias\"],\"inLanguage\":\"es\",\"potentialAction\":[{\"@type\":\"CommentAction\",\"name\":\"Comment\",\"target\":[\"https:\\\/\\\/quehacerpolitico.mx\\\/?p=43566#respond\"]}]},{\"@type\":\"WebPage\",\"@id\":\"https:\\\/\\\/quehacerpolitico.mx\\\/?p=43566\",\"url\":\"https:\\\/\\\/quehacerpolitico.mx\\\/?p=43566\",\"name\":\"Ebrard recorre lugar de masacre en Sonora; descarta tensi\u00f3n con EU -\",\"isPartOf\":{\"@id\":\"https:\\\/\\\/quehacerpolitico.mx\\\/#website\"},\"primaryImageOfPage\":{\"@id\":\"https:\\\/\\\/quehacerpolitico.mx\\\/?p=43566#primaryimage\"},\"image\":{\"@id\":\"https:\\\/\\\/quehacerpolitico.mx\\\/?p=43566#primaryimage\"},\"thumbnailUrl\":\"\",\"datePublished\":\"2019-11-06T04:42:47+00:00\",\"author\":{\"@id\":\"https:\\\/\\\/quehacerpolitico.mx\\\/#\\\/schema\\\/person\\\/496d8ad2d1d3f8036101dca7ee39e585\"},\"breadcrumb\":{\"@id\":\"https:\\\/\\\/quehacerpolitico.mx\\\/?p=43566#breadcrumb\"},\"inLanguage\":\"es\",\"potentialAction\":[{\"@type\":\"ReadAction\",\"target\":[\"https:\\\/\\\/quehacerpolitico.mx\\\/?p=43566\"]}]},{\"@type\":\"ImageObject\",\"inLanguage\":\"es\",\"@id\":\"https:\\\/\\\/quehacerpolitico.mx\\\/?p=43566#primaryimage\",\"url\":\"\",\"contentUrl\":\"\"},{\"@type\":\"BreadcrumbList\",\"@id\":\"https:\\\/\\\/quehacerpolitico.mx\\\/?p=43566#breadcrumb\",\"itemListElement\":[{\"@type\":\"ListItem\",\"position\":1,\"name\":\"Inicio\",\"item\":\"https:\\\/\\\/quehacerpolitico.mx\\\/\"},{\"@type\":\"ListItem\",\"position\":2,\"name\":\"Ebrard recorre lugar de masacre en Sonora; descarta tensi\u00f3n con EU\"}]},{\"@type\":\"WebSite\",\"@id\":\"https:\\\/\\\/quehacerpolitico.mx\\\/#website\",\"url\":\"https:\\\/\\\/quehacerpolitico.mx\\\/\",\"name\":\"\",\"description\":\"\",\"potentialAction\":[{\"@type\":\"SearchAction\",\"target\":{\"@type\":\"EntryPoint\",\"urlTemplate\":\"https:\\\/\\\/quehacerpolitico.mx\\\/?s={search_term_string}\"},\"query-input\":{\"@type\":\"PropertyValueSpecification\",\"valueRequired\":true,\"valueName\":\"search_term_string\"}}],\"inLanguage\":\"es\"},{\"@type\":\"Person\",\"@id\":\"https:\\\/\\\/quehacerpolitico.mx\\\/#\\\/schema\\\/person\\\/496d8ad2d1d3f8036101dca7ee39e585\",\"name\":\"Redacci\u00f3n QP\",\"image\":{\"@type\":\"ImageObject\",\"inLanguage\":\"es\",\"@id\":\"https:\\\/\\\/secure.gravatar.com\\\/avatar\\\/c7164ed6fdec453195284ad24a5ae5b6e1eed2b848477fa2a4787ba9adf39a41?s=96&d=mm&r=g\",\"url\":\"https:\\\/\\\/secure.gravatar.com\\\/avatar\\\/c7164ed6fdec453195284ad24a5ae5b6e1eed2b848477fa2a4787ba9adf39a41?s=96&d=mm&r=g\",\"contentUrl\":\"https:\\\/\\\/secure.gravatar.com\\\/avatar\\\/c7164ed6fdec453195284ad24a5ae5b6e1eed2b848477fa2a4787ba9adf39a41?s=96&d=mm&r=g\",\"caption\":\"Redacci\u00f3n QP\"},\"url\":\"https:\\\/\\\/quehacerpolitico.mx\\\/?author=2\"}]}<\/script>\n<!-- \/ Yoast SEO plugin. -->","yoast_head_json":{"title":"Ebrard recorre lugar de masacre en Sonora; descarta tensi\u00f3n con EU -","robots":{"index":"index","follow":"follow","max-snippet":"max-snippet:-1","max-image-preview":"max-image-preview:large","max-video-preview":"max-video-preview:-1"},"canonical":"https:\/\/quehacerpolitico.mx\/?p=43566","og_locale":"es_MX","og_type":"article","og_title":"Ebrard recorre lugar de masacre en Sonora; descarta tensi\u00f3n con EU -","og_description":"Ebrard recorre lugar de masacre en Sonora; descarta tensi\u00f3n con EU Por Redacci\u00f3n QP","og_url":"https:\/\/quehacerpolitico.mx\/?p=43566","article_published_time":"2019-11-06T04:42:47+00:00","author":"Redacci\u00f3n QP","twitter_card":"summary_large_image","twitter_misc":{"Escrito por":"Redacci\u00f3n QP","Tiempo de lectura":"2 minutos"},"schema":{"@context":"https:\/\/schema.org","@graph":[{"@type":"Article","@id":"https:\/\/quehacerpolitico.mx\/?p=43566#article","isPartOf":{"@id":"https:\/\/quehacerpolitico.mx\/?p=43566"},"author":{"name":"Redacci\u00f3n QP","@id":"https:\/\/quehacerpolitico.mx\/#\/schema\/person\/496d8ad2d1d3f8036101dca7ee39e585"},"headline":"Ebrard recorre lugar de masacre en Sonora; descarta tensi\u00f3n con EU","datePublished":"2019-11-06T04:42:47+00:00","mainEntityOfPage":{"@id":"https:\/\/quehacerpolitico.mx\/?p=43566"},"wordCount":402,"commentCount":0,"image":{"@id":"https:\/\/quehacerpolitico.mx\/?p=43566#primaryimage"},"thumbnailUrl":"","articleSection":["Noticias"],"inLanguage":"es","potentialAction":[{"@type":"CommentAction","name":"Comment","target":["https:\/\/quehacerpolitico.mx\/?p=43566#respond"]}]},{"@type":"WebPage","@id":"https:\/\/quehacerpolitico.mx\/?p=43566","url":"https:\/\/quehacerpolitico.mx\/?p=43566","name":"Ebrard recorre lugar de masacre en Sonora; descarta tensi\u00f3n con EU -","isPartOf":{"@id":"https:\/\/quehacerpolitico.mx\/#website"},"primaryImageOfPage":{"@id":"https:\/\/quehacerpolitico.mx\/?p=43566#primaryimage"},"image":{"@id":"https:\/\/quehacerpolitico.mx\/?p=43566#primaryimage"},"thumbnailUrl":"","datePublished":"2019-11-06T04:42:47+00:00","author":{"@id":"https:\/\/quehacerpolitico.mx\/#\/schema\/person\/496d8ad2d1d3f8036101dca7ee39e585"},"breadcrumb":{"@id":"https:\/\/quehacerpolitico.mx\/?p=43566#breadcrumb"},"inLanguage":"es","potentialAction":[{"@type":"ReadAction","target":["https:\/\/quehacerpolitico.mx\/?p=43566"]}]},{"@type":"ImageObject","inLanguage":"es","@id":"https:\/\/quehacerpolitico.mx\/?p=43566#primaryimage","url":"","contentUrl":""},{"@type":"BreadcrumbList","@id":"https:\/\/quehacerpolitico.mx\/?p=43566#breadcrumb","itemListElement":[{"@type":"ListItem","position":1,"name":"Inicio","item":"https:\/\/quehacerpolitico.mx\/"},{"@type":"ListItem","position":2,"name":"Ebrard recorre lugar de masacre en Sonora; descarta tensi\u00f3n con EU"}]},{"@type":"WebSite","@id":"https:\/\/quehacerpolitico.mx\/#website","url":"https:\/\/quehacerpolitico.mx\/","name":"","description":"","potentialAction":[{"@type":"SearchAction","target":{"@type":"EntryPoint","urlTemplate":"https:\/\/quehacerpolitico.mx\/?s={search_term_string}"},"query-input":{"@type":"PropertyValueSpecification","valueRequired":true,"valueName":"search_term_string"}}],"inLanguage":"es"},{"@type":"Person","@id":"https:\/\/quehacerpolitico.mx\/#\/schema\/person\/496d8ad2d1d3f8036101dca7ee39e585","name":"Redacci\u00f3n QP","image":{"@type":"ImageObject","inLanguage":"es","@id":"https:\/\/secure.gravatar.com\/avatar\/c7164ed6fdec453195284ad24a5ae5b6e1eed2b848477fa2a4787ba9adf39a41?s=96&d=mm&r=g","url":"https:\/\/secure.gravatar.com\/avatar\/c7164ed6fdec453195284ad24a5ae5b6e1eed2b848477fa2a4787ba9adf39a41?s=96&d=mm&r=g","contentUrl":"https:\/\/secure.gravatar.com\/avatar\/c7164ed6fdec453195284ad24a5ae5b6e1eed2b848477fa2a4787ba9adf39a41?s=96&d=mm&r=g","caption":"Redacci\u00f3n QP"},"url":"https:\/\/quehacerpolitico.mx\/?author=2"}]}},"featured_image_urls":{"full":"","thumbnail":"","medium":"","medium_large":"","large":"","1536x1536":"","2048x2048":"","covernews-featured":"","covernews-medium":""},"author_info":{"display_name":"Redacci\u00f3n QP","author_link":"https:\/\/quehacerpolitico.mx\/?author=2"},"category_info":"<a href=\"https:\/\/quehacerpolitico.mx\/?cat=2\" rel=\"category\">Noticias<\/a>","tag_info":"Noticias","comment_count":"0","_links":{"self":[{"href":"https:\/\/quehacerpolitico.mx\/index.php?rest_route=\/wp\/v2\/posts\/43566","targetHints":{"allow":["GET"]}}],"collection":[{"href":"https:\/\/quehacerpolitico.mx\/index.php?rest_route=\/wp\/v2\/posts"}],"about":[{"href":"https:\/\/quehacerpolitico.mx\/index.php?rest_route=\/wp\/v2\/types\/post"}],"author":[{"embeddable":true,"href":"https:\/\/quehacerpolitico.mx\/index.php?rest_route=\/wp\/v2\/users\/2"}],"replies":[{"embeddable":true,"href":"https:\/\/quehacerpolitico.mx\/index.php?rest_route=%2Fwp%2Fv2%2Fcomments&post=43566"}],"version-history":[{"count":0,"href":"https:\/\/quehacerpolitico.mx\/index.php?rest_route=\/wp\/v2\/posts\/43566\/revisions"}],"wp:featuredmedia":[{"embeddable":true,"href":"https:\/\/quehacerpolitico.mx\/index.php?rest_route=\/"}],"wp:attachment":[{"href":"https:\/\/quehacerpolitico.mx\/index.php?rest_route=%2Fwp%2Fv2%2Fmedia&parent=43566"}],"wp:term":[{"taxonomy":"category","embeddable":true,"href":"https:\/\/quehacerpolitico.mx\/index.php?rest_route=%2Fwp%2Fv2%2Fcategories&post=43566"},{"taxonomy":"post_tag","embeddable":true,"href":"https:\/\/quehacerpolitico.mx\/index.php?rest_route=%2Fwp%2Fv2%2Ftags&post=43566"}],"curies":[{"name":"wp","href":"https:\/\/api.w.org\/{rel}","templated":true}]}}