{"id":4351,"date":"2018-09-10T20:53:16","date_gmt":"2018-09-10T20:53:16","guid":{"rendered":"http:\/\/quehacerpolitico.mx\/mi-candidatura-fue-acuerdo-entre-el-pes-y-amlo-responde-cuau-a-yeidckol-y-niega-compra-de-diputados\/"},"modified":"2018-09-10T20:53:16","modified_gmt":"2018-09-10T20:53:16","slug":"mi-candidatura-fue-acuerdo-entre-el-pes-y-amlo-responde-cuau-a-yeidckol-y-niega-compra-de-diputados","status":"publish","type":"post","link":"https:\/\/quehacerpolitico.mx\/?p=4351","title":{"rendered":"\u201cMi candidatura fue acuerdo entre el PES y AMLO\u201d, responde \u201cCuau\u201d a Yeidckol y niega \u201ccompra\u201d de diputados"},"content":{"rendered":"<h3>Durante una reuni\u00f3n privada ayer con diputados locales de Morena, PES y PT,\u00a0<strong>Yeidckol Polevnsky<\/strong> acus\u00f3 que Jos\u00e9 Manuel S\u00e1enz, representante de Cuauht\u00e9moc Blanco, ha buscado a la bancada morenista para que se unan al PES a cambio de dinero. El ex delantero del Am\u00e9rica neg\u00f3 las acusaciones.<\/h3>\n<h3>La l\u00edder morenista reclam\u00f3 tambi\u00e9n que el ex Senador\u00a0Rabindranath Salazar no fuera considerado en el Gabinete del Gobernador electo de Morelos luego de que en el pasado proceso electoral desisti\u00f3 en su intenci\u00f3n para darle su apoyo al ex futbolista.<\/h3>\n<p>La presidenta del partido Movimiento de Regeneraci\u00f3n Nacional (Morena), <strong>Yeidckol Polevnsky<\/strong>, dijo al Gobernador electo de Morelos, <strong>Cuauht\u00e9moc Blanco<\/strong>, y a su representante, Jos\u00e9 Manuel S\u00e1enz, que en la <strong>pol\u00edtica<\/strong> no se act\u00faa igual que en el <strong>futbol<\/strong>,\u00a0donde s\u00ed se pueden comprar jugadores.<\/p>\n<p>A trav\u00e9s de su cuenta de Twitter, la l\u00edder de Morena escribi\u00f3 esta ma\u00f1ana: \u201cDeseo de coraz\u00f3n que Cuauht\u00e9moc Blanco le explique a el Sr. Saenz que en Pol\u00edtica No se act\u00faa como en el football\u201d.<\/p>\n<blockquote class=\"twitter-tweet\" data-width=\"550\" data-dnt=\"true\">\n<p lang=\"es\" dir=\"ltr\">Deseo de coraz\u00f3n que Cuauht\u00e9moc Blanco le explique a el Sr. Saenz que en Pol\u00edtica No se act\u00faa como en el football. <a href=\"https:\/\/t.co\/6cdXc6Exiy\">https:\/\/t.co\/6cdXc6Exiy<\/a><\/p>\n<p>&mdash; Yeidckol Polevnsky (@yeidckol) <a href=\"https:\/\/twitter.com\/yeidckol\/status\/1039134283456176128?ref_src=twsrc%5Etfw\">September 10, 2018<\/a><\/p><\/blockquote>\n<p><script async src=\"https:\/\/platform.twitter.com\/widgets.js\" charset=\"utf-8\"><\/script><\/p>\n<section class=\"post-content\">\n<p>Durante una reuni\u00f3n privada ayer con diputados locales de Morena, Partido Encuentro Social (PES) y del Partido del Trabajo (PT), Polevnsky tambi\u00e9n acus\u00f3 que Jos\u00e9 Manuel S\u00e1enz, representante del Blanco, ha buscado a integrantes de la bancada morenista para que se unan al Gobernador electo.<\/p>\n<p>Esta ma\u00f1ana, en entrevista con Ciro G\u00f3mez Leyva, <em>Radio F\u00f3rmula<\/em>, Yeidckol Polevnsky asegur\u00f3 que los diputados no se compran como si fueran futbolistas, y dijo que es una pena que un estado empa\u00f1e al resto de su partido.<\/p>\n<p>\u201cJos\u00e9 Manuel S\u00e1enz, Creo que \u00e9l es un experto en el campo de los deportes, y en el caso de los deportes o del futbol, por lo que veo y por lo que entiendo, ah\u00ed s\u00ed se compran deportistas, se venden deportistas, se hacen ese tipo de cosas, pero no es la forma de trabajar dentro, yo pienso, que de la pol\u00edtica\u201d, dijo.<\/p>\n<p>El ex delantero del Am\u00e9rica neg\u00f3 el supuesto ofrecimiento de dinero a los legisladores de Morena. A trav\u00e9s de sus redes sociales se pronunci\u00f3 al respecto:<\/p>\n<blockquote>\n<p>\u201cLa relaci\u00f3n con los actuales diputados locales de todos los partidos en Morelos, ha sido de total respeto, siempre en la b\u00fasqueda de construir una agenda com\u00fan, pero observando ante todo la divisi\u00f3n de poderes, sin distingos partidistas y con Morelos al centro de la agenda y prioridades. Negamos rotundamente que por parte m\u00eda o de mi equipo de trabajo se ofrezca alg\u00fan tipo de remuneraci\u00f3n a los diputados con el fin de integrarlos al Partido Encuentro Social o cualquier otro\u201d, escribi\u00f3.<\/p>\n<\/blockquote>\n<p>En una aparente alusi\u00f3n al reclamo de la l\u00edder morenista sobre la situaci\u00f3n del ex Senador Rabindranath Salazar, quien desisti\u00f3 a su aspiraci\u00f3n para convertirse en Gobernador en la pasada elecci\u00f3n y quien no ha sido tomado en cuenta para participar en la pr\u00f3xima administraci\u00f3n estatal, Blanco Bravo se\u00f1al\u00f3: \u201cMi equipo de trabajo, est\u00e1 en proceso de conformaci\u00f3n y nos encontramos en la b\u00fasqueda de los mejores perfiles para los distintos cargos, a fin de contribuir desde Morelos con la agenda de combate a la corrupci\u00f3n impulsada por el presidente electo Andr\u00e9s Manuel L\u00f3pez Obrador\u201d.<\/p>\n<p>Agreg\u00f3 adem\u00e1s que \u201cla decisi\u00f3n de mi candidatura al gobierno de Morelos, fue un acuerdo pol\u00edtico, entre el l\u00edder nacional del PES Hugo Erick Flores y el entonces candidato, hoy presidente electo Andr\u00e9s Manuel L\u00f3pez Obrador, con la aprobaci\u00f3n y apoyo de quienes integraron la coalici\u00f3n\u201d.<\/p>\n<p>Finalmente,\u00a0dijo que tiene un \u201cabsoluto respeto a las opiniones de la dirigente nacional de MORENA, lamento profundamente las expresiones xen\u00f3fobas hacia Jos\u00e9 Manuel Sanz y mantengo firme la postura del respeto absoluto a la vida interna y decisiones de los partidos pol\u00edticos, recojo con atenci\u00f3n la recomendaci\u00f3n del Lic. Andr\u00e9s Manuel L\u00f3pez Obrador, la campa\u00f1a pol\u00edtica termin\u00f3, ahora somos gobierno y ello requiere serenidad y mucho trabajo\u201d.<\/p>\n<\/section>\n","protected":false},"excerpt":{"rendered":"<p>\u201cMi candidatura fue acuerdo entre el PES y AMLO\u201d, responde \u201cCuau\u201d a Yeidckol y niega \u201ccompra\u201d de diputados<br \/>\nPor Redacci\u00f3n QP<\/p>\n","protected":false},"author":2,"featured_media":4350,"comment_status":"open","ping_status":"open","sticky":false,"template":"","format":"standard","meta":{"_monsterinsights_skip_tracking":false,"_monsterinsights_sitenote_active":false,"_monsterinsights_sitenote_note":"","_monsterinsights_sitenote_category":0,"footnotes":""},"categories":[2],"tags":[],"class_list":["post-4351","post","type-post","status-publish","format-standard","has-post-thumbnail","hentry","category-noticias"],"yoast_head":"<!-- This site is optimized with the Yoast SEO plugin v27.3 - https:\/\/yoast.com\/product\/yoast-seo-wordpress\/ -->\n<title>\u201cMi candidatura fue acuerdo entre el PES y AMLO\u201d, responde \u201cCuau\u201d a Yeidckol y niega \u201ccompra\u201d de diputados -<\/title>\n<meta name=\"robots\" content=\"index, follow, max-snippet:-1, max-image-preview:large, max-video-preview:-1\" \/>\n<link rel=\"canonical\" href=\"https:\/\/quehacerpolitico.mx\/?p=4351\" \/>\n<meta property=\"og:locale\" content=\"es_MX\" \/>\n<meta property=\"og:type\" content=\"article\" \/>\n<meta property=\"og:title\" content=\"\u201cMi candidatura fue acuerdo entre el PES y AMLO\u201d, responde \u201cCuau\u201d a Yeidckol y niega \u201ccompra\u201d de diputados -\" \/>\n<meta property=\"og:description\" content=\"\u201cMi candidatura fue acuerdo entre el PES y AMLO\u201d, responde \u201cCuau\u201d a Yeidckol y niega \u201ccompra\u201d de diputados Por Redacci\u00f3n QP\" \/>\n<meta property=\"og:url\" content=\"https:\/\/quehacerpolitico.mx\/?p=4351\" \/>\n<meta property=\"article:published_time\" content=\"2018-09-10T20:53:16+00:00\" \/>\n<meta name=\"author\" content=\"Redacci\u00f3n QP\" \/>\n<meta name=\"twitter:card\" content=\"summary_large_image\" \/>\n<meta name=\"twitter:label1\" content=\"Escrito por\" \/>\n\t<meta name=\"twitter:data1\" content=\"Redacci\u00f3n QP\" \/>\n\t<meta name=\"twitter:label2\" content=\"Tiempo de lectura\" \/>\n\t<meta name=\"twitter:data2\" content=\"4 minutos\" \/>\n<script type=\"application\/ld+json\" class=\"yoast-schema-graph\">{\"@context\":\"https:\\\/\\\/schema.org\",\"@graph\":[{\"@type\":\"Article\",\"@id\":\"https:\\\/\\\/quehacerpolitico.mx\\\/?p=4351#article\",\"isPartOf\":{\"@id\":\"https:\\\/\\\/quehacerpolitico.mx\\\/?p=4351\"},\"author\":{\"name\":\"Redacci\u00f3n QP\",\"@id\":\"https:\\\/\\\/quehacerpolitico.mx\\\/#\\\/schema\\\/person\\\/496d8ad2d1d3f8036101dca7ee39e585\"},\"headline\":\"\u201cMi candidatura fue acuerdo entre el PES y AMLO\u201d, responde \u201cCuau\u201d a Yeidckol y niega \u201ccompra\u201d de diputados\",\"datePublished\":\"2018-09-10T20:53:16+00:00\",\"mainEntityOfPage\":{\"@id\":\"https:\\\/\\\/quehacerpolitico.mx\\\/?p=4351\"},\"wordCount\":722,\"commentCount\":0,\"image\":{\"@id\":\"https:\\\/\\\/quehacerpolitico.mx\\\/?p=4351#primaryimage\"},\"thumbnailUrl\":\"\",\"articleSection\":[\"Noticias\"],\"inLanguage\":\"es\",\"potentialAction\":[{\"@type\":\"CommentAction\",\"name\":\"Comment\",\"target\":[\"https:\\\/\\\/quehacerpolitico.mx\\\/?p=4351#respond\"]}]},{\"@type\":\"WebPage\",\"@id\":\"https:\\\/\\\/quehacerpolitico.mx\\\/?p=4351\",\"url\":\"https:\\\/\\\/quehacerpolitico.mx\\\/?p=4351\",\"name\":\"\u201cMi candidatura fue acuerdo entre el PES y AMLO\u201d, responde \u201cCuau\u201d a Yeidckol y niega \u201ccompra\u201d de diputados -\",\"isPartOf\":{\"@id\":\"https:\\\/\\\/quehacerpolitico.mx\\\/#website\"},\"primaryImageOfPage\":{\"@id\":\"https:\\\/\\\/quehacerpolitico.mx\\\/?p=4351#primaryimage\"},\"image\":{\"@id\":\"https:\\\/\\\/quehacerpolitico.mx\\\/?p=4351#primaryimage\"},\"thumbnailUrl\":\"\",\"datePublished\":\"2018-09-10T20:53:16+00:00\",\"author\":{\"@id\":\"https:\\\/\\\/quehacerpolitico.mx\\\/#\\\/schema\\\/person\\\/496d8ad2d1d3f8036101dca7ee39e585\"},\"breadcrumb\":{\"@id\":\"https:\\\/\\\/quehacerpolitico.mx\\\/?p=4351#breadcrumb\"},\"inLanguage\":\"es\",\"potentialAction\":[{\"@type\":\"ReadAction\",\"target\":[\"https:\\\/\\\/quehacerpolitico.mx\\\/?p=4351\"]}]},{\"@type\":\"ImageObject\",\"inLanguage\":\"es\",\"@id\":\"https:\\\/\\\/quehacerpolitico.mx\\\/?p=4351#primaryimage\",\"url\":\"\",\"contentUrl\":\"\"},{\"@type\":\"BreadcrumbList\",\"@id\":\"https:\\\/\\\/quehacerpolitico.mx\\\/?p=4351#breadcrumb\",\"itemListElement\":[{\"@type\":\"ListItem\",\"position\":1,\"name\":\"Inicio\",\"item\":\"https:\\\/\\\/quehacerpolitico.mx\\\/\"},{\"@type\":\"ListItem\",\"position\":2,\"name\":\"\u201cMi candidatura fue acuerdo entre el PES y AMLO\u201d, responde \u201cCuau\u201d a Yeidckol y niega \u201ccompra\u201d de diputados\"}]},{\"@type\":\"WebSite\",\"@id\":\"https:\\\/\\\/quehacerpolitico.mx\\\/#website\",\"url\":\"https:\\\/\\\/quehacerpolitico.mx\\\/\",\"name\":\"\",\"description\":\"\",\"potentialAction\":[{\"@type\":\"SearchAction\",\"target\":{\"@type\":\"EntryPoint\",\"urlTemplate\":\"https:\\\/\\\/quehacerpolitico.mx\\\/?s={search_term_string}\"},\"query-input\":{\"@type\":\"PropertyValueSpecification\",\"valueRequired\":true,\"valueName\":\"search_term_string\"}}],\"inLanguage\":\"es\"},{\"@type\":\"Person\",\"@id\":\"https:\\\/\\\/quehacerpolitico.mx\\\/#\\\/schema\\\/person\\\/496d8ad2d1d3f8036101dca7ee39e585\",\"name\":\"Redacci\u00f3n QP\",\"image\":{\"@type\":\"ImageObject\",\"inLanguage\":\"es\",\"@id\":\"https:\\\/\\\/secure.gravatar.com\\\/avatar\\\/c7164ed6fdec453195284ad24a5ae5b6e1eed2b848477fa2a4787ba9adf39a41?s=96&d=mm&r=g\",\"url\":\"https:\\\/\\\/secure.gravatar.com\\\/avatar\\\/c7164ed6fdec453195284ad24a5ae5b6e1eed2b848477fa2a4787ba9adf39a41?s=96&d=mm&r=g\",\"contentUrl\":\"https:\\\/\\\/secure.gravatar.com\\\/avatar\\\/c7164ed6fdec453195284ad24a5ae5b6e1eed2b848477fa2a4787ba9adf39a41?s=96&d=mm&r=g\",\"caption\":\"Redacci\u00f3n QP\"},\"url\":\"https:\\\/\\\/quehacerpolitico.mx\\\/?author=2\"}]}<\/script>\n<!-- \/ Yoast SEO plugin. -->","yoast_head_json":{"title":"\u201cMi candidatura fue acuerdo entre el PES y AMLO\u201d, responde \u201cCuau\u201d a Yeidckol y niega \u201ccompra\u201d de diputados -","robots":{"index":"index","follow":"follow","max-snippet":"max-snippet:-1","max-image-preview":"max-image-preview:large","max-video-preview":"max-video-preview:-1"},"canonical":"https:\/\/quehacerpolitico.mx\/?p=4351","og_locale":"es_MX","og_type":"article","og_title":"\u201cMi candidatura fue acuerdo entre el PES y AMLO\u201d, responde \u201cCuau\u201d a Yeidckol y niega \u201ccompra\u201d de diputados -","og_description":"\u201cMi candidatura fue acuerdo entre el PES y AMLO\u201d, responde \u201cCuau\u201d a Yeidckol y niega \u201ccompra\u201d de diputados Por Redacci\u00f3n QP","og_url":"https:\/\/quehacerpolitico.mx\/?p=4351","article_published_time":"2018-09-10T20:53:16+00:00","author":"Redacci\u00f3n QP","twitter_card":"summary_large_image","twitter_misc":{"Escrito por":"Redacci\u00f3n QP","Tiempo de lectura":"4 minutos"},"schema":{"@context":"https:\/\/schema.org","@graph":[{"@type":"Article","@id":"https:\/\/quehacerpolitico.mx\/?p=4351#article","isPartOf":{"@id":"https:\/\/quehacerpolitico.mx\/?p=4351"},"author":{"name":"Redacci\u00f3n QP","@id":"https:\/\/quehacerpolitico.mx\/#\/schema\/person\/496d8ad2d1d3f8036101dca7ee39e585"},"headline":"\u201cMi candidatura fue acuerdo entre el PES y AMLO\u201d, responde \u201cCuau\u201d a Yeidckol y niega \u201ccompra\u201d de diputados","datePublished":"2018-09-10T20:53:16+00:00","mainEntityOfPage":{"@id":"https:\/\/quehacerpolitico.mx\/?p=4351"},"wordCount":722,"commentCount":0,"image":{"@id":"https:\/\/quehacerpolitico.mx\/?p=4351#primaryimage"},"thumbnailUrl":"","articleSection":["Noticias"],"inLanguage":"es","potentialAction":[{"@type":"CommentAction","name":"Comment","target":["https:\/\/quehacerpolitico.mx\/?p=4351#respond"]}]},{"@type":"WebPage","@id":"https:\/\/quehacerpolitico.mx\/?p=4351","url":"https:\/\/quehacerpolitico.mx\/?p=4351","name":"\u201cMi candidatura fue acuerdo entre el PES y AMLO\u201d, responde \u201cCuau\u201d a Yeidckol y niega \u201ccompra\u201d de diputados -","isPartOf":{"@id":"https:\/\/quehacerpolitico.mx\/#website"},"primaryImageOfPage":{"@id":"https:\/\/quehacerpolitico.mx\/?p=4351#primaryimage"},"image":{"@id":"https:\/\/quehacerpolitico.mx\/?p=4351#primaryimage"},"thumbnailUrl":"","datePublished":"2018-09-10T20:53:16+00:00","author":{"@id":"https:\/\/quehacerpolitico.mx\/#\/schema\/person\/496d8ad2d1d3f8036101dca7ee39e585"},"breadcrumb":{"@id":"https:\/\/quehacerpolitico.mx\/?p=4351#breadcrumb"},"inLanguage":"es","potentialAction":[{"@type":"ReadAction","target":["https:\/\/quehacerpolitico.mx\/?p=4351"]}]},{"@type":"ImageObject","inLanguage":"es","@id":"https:\/\/quehacerpolitico.mx\/?p=4351#primaryimage","url":"","contentUrl":""},{"@type":"BreadcrumbList","@id":"https:\/\/quehacerpolitico.mx\/?p=4351#breadcrumb","itemListElement":[{"@type":"ListItem","position":1,"name":"Inicio","item":"https:\/\/quehacerpolitico.mx\/"},{"@type":"ListItem","position":2,"name":"\u201cMi candidatura fue acuerdo entre el PES y AMLO\u201d, responde \u201cCuau\u201d a Yeidckol y niega \u201ccompra\u201d de diputados"}]},{"@type":"WebSite","@id":"https:\/\/quehacerpolitico.mx\/#website","url":"https:\/\/quehacerpolitico.mx\/","name":"","description":"","potentialAction":[{"@type":"SearchAction","target":{"@type":"EntryPoint","urlTemplate":"https:\/\/quehacerpolitico.mx\/?s={search_term_string}"},"query-input":{"@type":"PropertyValueSpecification","valueRequired":true,"valueName":"search_term_string"}}],"inLanguage":"es"},{"@type":"Person","@id":"https:\/\/quehacerpolitico.mx\/#\/schema\/person\/496d8ad2d1d3f8036101dca7ee39e585","name":"Redacci\u00f3n QP","image":{"@type":"ImageObject","inLanguage":"es","@id":"https:\/\/secure.gravatar.com\/avatar\/c7164ed6fdec453195284ad24a5ae5b6e1eed2b848477fa2a4787ba9adf39a41?s=96&d=mm&r=g","url":"https:\/\/secure.gravatar.com\/avatar\/c7164ed6fdec453195284ad24a5ae5b6e1eed2b848477fa2a4787ba9adf39a41?s=96&d=mm&r=g","contentUrl":"https:\/\/secure.gravatar.com\/avatar\/c7164ed6fdec453195284ad24a5ae5b6e1eed2b848477fa2a4787ba9adf39a41?s=96&d=mm&r=g","caption":"Redacci\u00f3n QP"},"url":"https:\/\/quehacerpolitico.mx\/?author=2"}]}},"featured_image_urls":{"full":"","thumbnail":"","medium":"","medium_large":"","large":"","1536x1536":"","2048x2048":"","covernews-featured":"","covernews-medium":""},"author_info":{"display_name":"Redacci\u00f3n QP","author_link":"https:\/\/quehacerpolitico.mx\/?author=2"},"category_info":"<a href=\"https:\/\/quehacerpolitico.mx\/?cat=2\" rel=\"category\">Noticias<\/a>","tag_info":"Noticias","comment_count":"0","_links":{"self":[{"href":"https:\/\/quehacerpolitico.mx\/index.php?rest_route=\/wp\/v2\/posts\/4351","targetHints":{"allow":["GET"]}}],"collection":[{"href":"https:\/\/quehacerpolitico.mx\/index.php?rest_route=\/wp\/v2\/posts"}],"about":[{"href":"https:\/\/quehacerpolitico.mx\/index.php?rest_route=\/wp\/v2\/types\/post"}],"author":[{"embeddable":true,"href":"https:\/\/quehacerpolitico.mx\/index.php?rest_route=\/wp\/v2\/users\/2"}],"replies":[{"embeddable":true,"href":"https:\/\/quehacerpolitico.mx\/index.php?rest_route=%2Fwp%2Fv2%2Fcomments&post=4351"}],"version-history":[{"count":0,"href":"https:\/\/quehacerpolitico.mx\/index.php?rest_route=\/wp\/v2\/posts\/4351\/revisions"}],"wp:featuredmedia":[{"embeddable":true,"href":"https:\/\/quehacerpolitico.mx\/index.php?rest_route=\/"}],"wp:attachment":[{"href":"https:\/\/quehacerpolitico.mx\/index.php?rest_route=%2Fwp%2Fv2%2Fmedia&parent=4351"}],"wp:term":[{"taxonomy":"category","embeddable":true,"href":"https:\/\/quehacerpolitico.mx\/index.php?rest_route=%2Fwp%2Fv2%2Fcategories&post=4351"},{"taxonomy":"post_tag","embeddable":true,"href":"https:\/\/quehacerpolitico.mx\/index.php?rest_route=%2Fwp%2Fv2%2Ftags&post=4351"}],"curies":[{"name":"wp","href":"https:\/\/api.w.org\/{rel}","templated":true}]}}