{"id":4345,"date":"2018-09-10T20:25:37","date_gmt":"2018-09-10T20:25:37","guid":{"rendered":"http:\/\/quehacerpolitico.mx\/amlo-invta-al-papa-y-a-putin-a-visitar-mexico-buscara-acabar-con-la-visa-para-los-visitantes-rusos\/"},"modified":"2018-09-10T20:25:37","modified_gmt":"2018-09-10T20:25:37","slug":"amlo-invta-al-papa-y-a-putin-a-visitar-mexico-buscara-acabar-con-la-visa-para-los-visitantes-rusos","status":"publish","type":"post","link":"https:\/\/quehacerpolitico.mx\/?p=4345","title":{"rendered":"AMLO invta al Papa y a Putin a visitar M\u00e9xico; buscar\u00e1 acabar con la visa para los visitantes rusos"},"content":{"rendered":"<h3>Se inform\u00f3 que se dar\u00e1 una conferencia de prensa cuando terminen las reuniones. En estos momentos, L\u00f3pez Obrador sostiene una reuni\u00f3n con el Rector de la UNAM.<\/h3>\n<p>Marcelo Ebrard, propuesto como futuro Secretario de Relaciones Exteriores, anunci\u00f3 que durante 2019 la prioridad entre M\u00e9xico y Rusia ser\u00e1 llegar a un acuerdo para que ya no se pida visa a los ciudadanos de ese pa\u00eds que vengan a M\u00e9xico, luego de la reuni\u00f3n del Presidente electo, Andr\u00e9s Manuel L\u00f3pez Obrador, con el Embajador Viktor Koronelli. Tambi\u00e9n inform\u00f3 que entre los temas principales que abord\u00f3 con el Nuncio apost\u00f3lico, Franco Coppola, estuvo la b\u00fasqueda de la paz en M\u00e9xico.<\/p>\n<p>Dijo que ambos representantes internacionales, el Presidente electo les dej\u00f3 abierta la invitaci\u00f3n para que en su momento el Presidente de Rusia, Vladimir Putin, y el Papa Francisco puedan visitar M\u00e9xico.<\/p>\n<p>\u201cSe trata de alcanzar como prioridad en los primeros meses de 2019 un acuerdo entre ambos pa\u00edses para que no sea necesaria la visa, como lo es hoy en d\u00eda. Esto ya se alcanz\u00f3 a nivel diplom\u00e1tico pero tiene que alcanzarse a nivel de cualquier ciudadano. Suponemos que con ese acuerdo, que por cierto ya est\u00e1 muy avanzado, pueda ser que se duplique el flujo de turistas de Rusia hacia M\u00e9xico, especialmente hacia la Riviera Maya\u201d, dijo Ebrard sobre los temas tratados con el Embajador ruso.<\/p>\n<section class=\"post-content\">\n<p>Detall\u00f3 que Viktor Koronelli anunci\u00f3 que hay varias inversiones rusas en camino y que el diplom\u00e1tico pronto viajar\u00e1 a Monterrey para la inauguraci\u00f3n de una distribuidora de veh\u00edculos.<\/p>\n<p>Sobre la reuni\u00f3n del Nuncio apost\u00f3lico con L\u00f3pez Obrador, Ebrard inform\u00f3 que la charla fue muy coordial y se abordaron temas como la b\u00fasqueda de la paz en M\u00e9xico, la desigualdad y la lucha por reducir la desigualdad en el pa\u00eds, y el futuro de la juventud mexicana.<\/p>\n<p><strong>L\u00f3pez Obrador<\/strong>\u00a0se reuni\u00f3 esta ma\u00f1ana con el <strong>Embajador<\/strong> de <strong>Rusia<\/strong> en M\u00e9xico, <strong>Viktor Koronelli,\u00a0<\/strong>y con el nuncio apost\u00f3lico Franco Coppola.<\/p>\n<p>El representante del Gobierno ruso fue recibido en la casa de transici\u00f3n de la Roma por el propuesto como futuro Secretario de Relaciones Exteriores (SRE), Marcelo Ebrard.<\/p>\n<p>De acuerdo con lo que reportan medios nacionales, la reuni\u00f3n tuvo una duraci\u00f3n de unos 30 minutos y fue a puerta cerrada.<\/p>\n<p>Luego, al medio d\u00eda de este lunes, e<span class=\"s1\">l Presidente electo se reuni\u00f3 con el Nuncio apost\u00f3lico Franco Coppola, quien arrib\u00f3 solo a la casa de transici\u00f3n.\u00a0<\/span><\/p>\n<p>Se inform\u00f3 que se dar\u00e1 una conferencia de prensa cuando terminen las reuniones.<\/p>\n<\/section>\n","protected":false},"excerpt":{"rendered":"<p>AMLO invta al Papa y a Putin a visitar M\u00e9xico; buscar\u00e1 acabar con la visa para los visitantes rusos<br \/>\nPor Redacci\u00f3n QP<\/p>\n","protected":false},"author":2,"featured_media":4344,"comment_status":"open","ping_status":"open","sticky":false,"template":"","format":"standard","meta":{"_monsterinsights_skip_tracking":false,"_monsterinsights_sitenote_active":false,"_monsterinsights_sitenote_note":"","_monsterinsights_sitenote_category":0,"footnotes":""},"categories":[2],"tags":[],"class_list":["post-4345","post","type-post","status-publish","format-standard","has-post-thumbnail","hentry","category-noticias"],"yoast_head":"<!-- This site is optimized with the Yoast SEO plugin v27.3 - https:\/\/yoast.com\/product\/yoast-seo-wordpress\/ -->\n<title>AMLO invta al Papa y a Putin a visitar M\u00e9xico; buscar\u00e1 acabar con la visa para los visitantes rusos -<\/title>\n<meta name=\"robots\" content=\"index, follow, max-snippet:-1, max-image-preview:large, max-video-preview:-1\" \/>\n<link rel=\"canonical\" href=\"https:\/\/quehacerpolitico.mx\/?p=4345\" \/>\n<meta property=\"og:locale\" content=\"es_MX\" \/>\n<meta property=\"og:type\" content=\"article\" \/>\n<meta property=\"og:title\" content=\"AMLO invta al Papa y a Putin a visitar M\u00e9xico; buscar\u00e1 acabar con la visa para los visitantes rusos -\" \/>\n<meta property=\"og:description\" content=\"AMLO invta al Papa y a Putin a visitar M\u00e9xico; buscar\u00e1 acabar con la visa para los visitantes rusos Por Redacci\u00f3n QP\" \/>\n<meta property=\"og:url\" content=\"https:\/\/quehacerpolitico.mx\/?p=4345\" \/>\n<meta property=\"article:published_time\" content=\"2018-09-10T20:25:37+00:00\" \/>\n<meta name=\"author\" content=\"Redacci\u00f3n QP\" \/>\n<meta name=\"twitter:card\" content=\"summary_large_image\" \/>\n<meta name=\"twitter:label1\" content=\"Escrito por\" \/>\n\t<meta name=\"twitter:data1\" content=\"Redacci\u00f3n QP\" \/>\n\t<meta name=\"twitter:label2\" content=\"Tiempo de lectura\" \/>\n\t<meta name=\"twitter:data2\" content=\"2 minutos\" \/>\n<script type=\"application\/ld+json\" class=\"yoast-schema-graph\">{\"@context\":\"https:\\\/\\\/schema.org\",\"@graph\":[{\"@type\":\"Article\",\"@id\":\"https:\\\/\\\/quehacerpolitico.mx\\\/?p=4345#article\",\"isPartOf\":{\"@id\":\"https:\\\/\\\/quehacerpolitico.mx\\\/?p=4345\"},\"author\":{\"name\":\"Redacci\u00f3n QP\",\"@id\":\"https:\\\/\\\/quehacerpolitico.mx\\\/#\\\/schema\\\/person\\\/496d8ad2d1d3f8036101dca7ee39e585\"},\"headline\":\"AMLO invta al Papa y a Putin a visitar M\u00e9xico; buscar\u00e1 acabar con la visa para los visitantes rusos\",\"datePublished\":\"2018-09-10T20:25:37+00:00\",\"mainEntityOfPage\":{\"@id\":\"https:\\\/\\\/quehacerpolitico.mx\\\/?p=4345\"},\"wordCount\":464,\"commentCount\":0,\"image\":{\"@id\":\"https:\\\/\\\/quehacerpolitico.mx\\\/?p=4345#primaryimage\"},\"thumbnailUrl\":\"\",\"articleSection\":[\"Noticias\"],\"inLanguage\":\"es\",\"potentialAction\":[{\"@type\":\"CommentAction\",\"name\":\"Comment\",\"target\":[\"https:\\\/\\\/quehacerpolitico.mx\\\/?p=4345#respond\"]}]},{\"@type\":\"WebPage\",\"@id\":\"https:\\\/\\\/quehacerpolitico.mx\\\/?p=4345\",\"url\":\"https:\\\/\\\/quehacerpolitico.mx\\\/?p=4345\",\"name\":\"AMLO invta al Papa y a Putin a visitar M\u00e9xico; buscar\u00e1 acabar con la visa para los visitantes rusos -\",\"isPartOf\":{\"@id\":\"https:\\\/\\\/quehacerpolitico.mx\\\/#website\"},\"primaryImageOfPage\":{\"@id\":\"https:\\\/\\\/quehacerpolitico.mx\\\/?p=4345#primaryimage\"},\"image\":{\"@id\":\"https:\\\/\\\/quehacerpolitico.mx\\\/?p=4345#primaryimage\"},\"thumbnailUrl\":\"\",\"datePublished\":\"2018-09-10T20:25:37+00:00\",\"author\":{\"@id\":\"https:\\\/\\\/quehacerpolitico.mx\\\/#\\\/schema\\\/person\\\/496d8ad2d1d3f8036101dca7ee39e585\"},\"breadcrumb\":{\"@id\":\"https:\\\/\\\/quehacerpolitico.mx\\\/?p=4345#breadcrumb\"},\"inLanguage\":\"es\",\"potentialAction\":[{\"@type\":\"ReadAction\",\"target\":[\"https:\\\/\\\/quehacerpolitico.mx\\\/?p=4345\"]}]},{\"@type\":\"ImageObject\",\"inLanguage\":\"es\",\"@id\":\"https:\\\/\\\/quehacerpolitico.mx\\\/?p=4345#primaryimage\",\"url\":\"\",\"contentUrl\":\"\"},{\"@type\":\"BreadcrumbList\",\"@id\":\"https:\\\/\\\/quehacerpolitico.mx\\\/?p=4345#breadcrumb\",\"itemListElement\":[{\"@type\":\"ListItem\",\"position\":1,\"name\":\"Inicio\",\"item\":\"https:\\\/\\\/quehacerpolitico.mx\\\/\"},{\"@type\":\"ListItem\",\"position\":2,\"name\":\"AMLO invta al Papa y a Putin a visitar M\u00e9xico; buscar\u00e1 acabar con la visa para los visitantes rusos\"}]},{\"@type\":\"WebSite\",\"@id\":\"https:\\\/\\\/quehacerpolitico.mx\\\/#website\",\"url\":\"https:\\\/\\\/quehacerpolitico.mx\\\/\",\"name\":\"\",\"description\":\"\",\"potentialAction\":[{\"@type\":\"SearchAction\",\"target\":{\"@type\":\"EntryPoint\",\"urlTemplate\":\"https:\\\/\\\/quehacerpolitico.mx\\\/?s={search_term_string}\"},\"query-input\":{\"@type\":\"PropertyValueSpecification\",\"valueRequired\":true,\"valueName\":\"search_term_string\"}}],\"inLanguage\":\"es\"},{\"@type\":\"Person\",\"@id\":\"https:\\\/\\\/quehacerpolitico.mx\\\/#\\\/schema\\\/person\\\/496d8ad2d1d3f8036101dca7ee39e585\",\"name\":\"Redacci\u00f3n QP\",\"image\":{\"@type\":\"ImageObject\",\"inLanguage\":\"es\",\"@id\":\"https:\\\/\\\/secure.gravatar.com\\\/avatar\\\/c7164ed6fdec453195284ad24a5ae5b6e1eed2b848477fa2a4787ba9adf39a41?s=96&d=mm&r=g\",\"url\":\"https:\\\/\\\/secure.gravatar.com\\\/avatar\\\/c7164ed6fdec453195284ad24a5ae5b6e1eed2b848477fa2a4787ba9adf39a41?s=96&d=mm&r=g\",\"contentUrl\":\"https:\\\/\\\/secure.gravatar.com\\\/avatar\\\/c7164ed6fdec453195284ad24a5ae5b6e1eed2b848477fa2a4787ba9adf39a41?s=96&d=mm&r=g\",\"caption\":\"Redacci\u00f3n QP\"},\"url\":\"https:\\\/\\\/quehacerpolitico.mx\\\/?author=2\"}]}<\/script>\n<!-- \/ Yoast SEO plugin. -->","yoast_head_json":{"title":"AMLO invta al Papa y a Putin a visitar M\u00e9xico; buscar\u00e1 acabar con la visa para los visitantes rusos -","robots":{"index":"index","follow":"follow","max-snippet":"max-snippet:-1","max-image-preview":"max-image-preview:large","max-video-preview":"max-video-preview:-1"},"canonical":"https:\/\/quehacerpolitico.mx\/?p=4345","og_locale":"es_MX","og_type":"article","og_title":"AMLO invta al Papa y a Putin a visitar M\u00e9xico; buscar\u00e1 acabar con la visa para los visitantes rusos -","og_description":"AMLO invta al Papa y a Putin a visitar M\u00e9xico; buscar\u00e1 acabar con la visa para los visitantes rusos Por Redacci\u00f3n QP","og_url":"https:\/\/quehacerpolitico.mx\/?p=4345","article_published_time":"2018-09-10T20:25:37+00:00","author":"Redacci\u00f3n QP","twitter_card":"summary_large_image","twitter_misc":{"Escrito por":"Redacci\u00f3n QP","Tiempo de lectura":"2 minutos"},"schema":{"@context":"https:\/\/schema.org","@graph":[{"@type":"Article","@id":"https:\/\/quehacerpolitico.mx\/?p=4345#article","isPartOf":{"@id":"https:\/\/quehacerpolitico.mx\/?p=4345"},"author":{"name":"Redacci\u00f3n QP","@id":"https:\/\/quehacerpolitico.mx\/#\/schema\/person\/496d8ad2d1d3f8036101dca7ee39e585"},"headline":"AMLO invta al Papa y a Putin a visitar M\u00e9xico; buscar\u00e1 acabar con la visa para los visitantes rusos","datePublished":"2018-09-10T20:25:37+00:00","mainEntityOfPage":{"@id":"https:\/\/quehacerpolitico.mx\/?p=4345"},"wordCount":464,"commentCount":0,"image":{"@id":"https:\/\/quehacerpolitico.mx\/?p=4345#primaryimage"},"thumbnailUrl":"","articleSection":["Noticias"],"inLanguage":"es","potentialAction":[{"@type":"CommentAction","name":"Comment","target":["https:\/\/quehacerpolitico.mx\/?p=4345#respond"]}]},{"@type":"WebPage","@id":"https:\/\/quehacerpolitico.mx\/?p=4345","url":"https:\/\/quehacerpolitico.mx\/?p=4345","name":"AMLO invta al Papa y a Putin a visitar M\u00e9xico; buscar\u00e1 acabar con la visa para los visitantes rusos -","isPartOf":{"@id":"https:\/\/quehacerpolitico.mx\/#website"},"primaryImageOfPage":{"@id":"https:\/\/quehacerpolitico.mx\/?p=4345#primaryimage"},"image":{"@id":"https:\/\/quehacerpolitico.mx\/?p=4345#primaryimage"},"thumbnailUrl":"","datePublished":"2018-09-10T20:25:37+00:00","author":{"@id":"https:\/\/quehacerpolitico.mx\/#\/schema\/person\/496d8ad2d1d3f8036101dca7ee39e585"},"breadcrumb":{"@id":"https:\/\/quehacerpolitico.mx\/?p=4345#breadcrumb"},"inLanguage":"es","potentialAction":[{"@type":"ReadAction","target":["https:\/\/quehacerpolitico.mx\/?p=4345"]}]},{"@type":"ImageObject","inLanguage":"es","@id":"https:\/\/quehacerpolitico.mx\/?p=4345#primaryimage","url":"","contentUrl":""},{"@type":"BreadcrumbList","@id":"https:\/\/quehacerpolitico.mx\/?p=4345#breadcrumb","itemListElement":[{"@type":"ListItem","position":1,"name":"Inicio","item":"https:\/\/quehacerpolitico.mx\/"},{"@type":"ListItem","position":2,"name":"AMLO invta al Papa y a Putin a visitar M\u00e9xico; buscar\u00e1 acabar con la visa para los visitantes rusos"}]},{"@type":"WebSite","@id":"https:\/\/quehacerpolitico.mx\/#website","url":"https:\/\/quehacerpolitico.mx\/","name":"","description":"","potentialAction":[{"@type":"SearchAction","target":{"@type":"EntryPoint","urlTemplate":"https:\/\/quehacerpolitico.mx\/?s={search_term_string}"},"query-input":{"@type":"PropertyValueSpecification","valueRequired":true,"valueName":"search_term_string"}}],"inLanguage":"es"},{"@type":"Person","@id":"https:\/\/quehacerpolitico.mx\/#\/schema\/person\/496d8ad2d1d3f8036101dca7ee39e585","name":"Redacci\u00f3n QP","image":{"@type":"ImageObject","inLanguage":"es","@id":"https:\/\/secure.gravatar.com\/avatar\/c7164ed6fdec453195284ad24a5ae5b6e1eed2b848477fa2a4787ba9adf39a41?s=96&d=mm&r=g","url":"https:\/\/secure.gravatar.com\/avatar\/c7164ed6fdec453195284ad24a5ae5b6e1eed2b848477fa2a4787ba9adf39a41?s=96&d=mm&r=g","contentUrl":"https:\/\/secure.gravatar.com\/avatar\/c7164ed6fdec453195284ad24a5ae5b6e1eed2b848477fa2a4787ba9adf39a41?s=96&d=mm&r=g","caption":"Redacci\u00f3n QP"},"url":"https:\/\/quehacerpolitico.mx\/?author=2"}]}},"featured_image_urls":{"full":"","thumbnail":"","medium":"","medium_large":"","large":"","1536x1536":"","2048x2048":"","covernews-featured":"","covernews-medium":""},"author_info":{"display_name":"Redacci\u00f3n QP","author_link":"https:\/\/quehacerpolitico.mx\/?author=2"},"category_info":"<a href=\"https:\/\/quehacerpolitico.mx\/?cat=2\" rel=\"category\">Noticias<\/a>","tag_info":"Noticias","comment_count":"0","_links":{"self":[{"href":"https:\/\/quehacerpolitico.mx\/index.php?rest_route=\/wp\/v2\/posts\/4345","targetHints":{"allow":["GET"]}}],"collection":[{"href":"https:\/\/quehacerpolitico.mx\/index.php?rest_route=\/wp\/v2\/posts"}],"about":[{"href":"https:\/\/quehacerpolitico.mx\/index.php?rest_route=\/wp\/v2\/types\/post"}],"author":[{"embeddable":true,"href":"https:\/\/quehacerpolitico.mx\/index.php?rest_route=\/wp\/v2\/users\/2"}],"replies":[{"embeddable":true,"href":"https:\/\/quehacerpolitico.mx\/index.php?rest_route=%2Fwp%2Fv2%2Fcomments&post=4345"}],"version-history":[{"count":0,"href":"https:\/\/quehacerpolitico.mx\/index.php?rest_route=\/wp\/v2\/posts\/4345\/revisions"}],"wp:featuredmedia":[{"embeddable":true,"href":"https:\/\/quehacerpolitico.mx\/index.php?rest_route=\/"}],"wp:attachment":[{"href":"https:\/\/quehacerpolitico.mx\/index.php?rest_route=%2Fwp%2Fv2%2Fmedia&parent=4345"}],"wp:term":[{"taxonomy":"category","embeddable":true,"href":"https:\/\/quehacerpolitico.mx\/index.php?rest_route=%2Fwp%2Fv2%2Fcategories&post=4345"},{"taxonomy":"post_tag","embeddable":true,"href":"https:\/\/quehacerpolitico.mx\/index.php?rest_route=%2Fwp%2Fv2%2Ftags&post=4345"}],"curies":[{"name":"wp","href":"https:\/\/api.w.org\/{rel}","templated":true}]}}