{"id":43448,"date":"2019-11-04T23:10:26","date_gmt":"2019-11-04T23:10:26","guid":{"rendered":"http:\/\/quehacerpolitico.mx\/desde-el-curul-asentamientos-irregulares-guardia-nacional-y-subejercicio-algunos-de-los-temas-que-diputadas-y-diputados-abordaron-con-la-alcaldesa-de-tlalpan\/"},"modified":"2019-11-04T23:10:26","modified_gmt":"2019-11-04T23:10:26","slug":"desde-el-curul-asentamientos-irregulares-guardia-nacional-y-subejercicio-algunos-de-los-temas-que-diputadas-y-diputados-abordaron-con-la-alcaldesa-de-tlalpan","status":"publish","type":"post","link":"https:\/\/quehacerpolitico.mx\/?p=43448","title":{"rendered":"Desde el Curul\/\/\/Asentamientos irregulares, Guardia Nacional y subejercicio, algunos de los temas que diputadas y diputados abordaron con la alcaldesa de Tlalpan"},"content":{"rendered":"<p>Asentamientos irregulares, Guardia Nacional y subejercicio, algunos de los temas que diputadas y diputados abordaron con la alcaldesa de Tlalpan<br \/>Por Redacci\u00f3n QP<\/p>\n<div class=\"s14\"><span class=\"s12\">\u2022 <\/span><span class=\"s13\"><span class=\"bumpedFont15\">La diputada Am\u00e9rica Rangel Lorenzana (PAN) <\/span><\/span><span class=\"s13\"><span class=\"bumpedFont15\">critic\u00f3 un <\/span><\/span><span class=\"s13\"><span class=\"bumpedFont15\">subejercicio <\/span><\/span><span class=\"s13\"><span class=\"bumpedFont15\">y <\/span><\/span><span class=\"s13\"><span class=\"bumpedFont15\">se\u00f1al\u00f3 que no hay un presupuesto 2020 aprobado por el Concejo <\/span><\/span><\/div>\n<div class=\"s14\"><span class=\"s12\">\u2022 <\/span><span class=\"s13\"><span class=\"bumpedFont15\">El diputado Jorge Gavi\u00f1o Ambri<\/span><\/span><span class=\"s13\"><span class=\"bumpedFont15\">z (PRD) cuestion\u00f3 cu\u00e1l ha sido el beneficio a la poblaci\u00f3n <\/span><\/span><span class=\"s13\"><span class=\"bumpedFont15\">tras <\/span><\/span><span class=\"s13\"><span class=\"bumpedFont15\">un incremento <\/span><\/span><span class=\"s13\"><span class=\"bumpedFont15\">presupuestal<\/span><\/span> <span class=\"s13\"><span class=\"bumpedFont15\">de <\/span><\/span><span class=\"s13\"><span class=\"bumpedFont15\">26 por ciento adicional<\/span><\/span><span class=\"s13\"><span class=\"bumpedFont15\"> en 2019<\/span><\/span><\/div>\n<div class=\"s14\"><span class=\"s12\">\u2022 <\/span><span class=\"s13\"><span class=\"bumpedFont15\">El legislador Carlos Hern\u00e1ndez Mir\u00f3n (MORENA) destac\u00f3 la importancia <\/span><\/span><span class=\"s13\"><span class=\"bumpedFont15\">en<\/span><\/span><span class=\"s13\"><span class=\"bumpedFont15\"> la inversi\u00f3n de 13 millones de pesos en asentamientos irregulares<\/span><\/span><\/div>\n<p class=\"s15\"><span class=\"s7\"><span class=\"bumpedFont15\">En mesa de trabajo con la <\/span><\/span><span class=\"s7\"><span class=\"bumpedFont15\">titular en la alcald\u00eda de <\/span><\/span><span class=\"s7\"><span class=\"bumpedFont15\">Tlalpan, las y los diputados del Congreso de la Ciudad de M\u00e9xico cuestionaron la falta de gasto presupuestal e<\/span><\/span><span class=\"s7\"><span class=\"bumpedFont15\">jercido hasta el momento, sobre <\/span><\/span><span class=\"s7\"><span class=\"bumpedFont15\">todo en materia del <\/span><\/span><span class=\"s7\"><span class=\"bumpedFont15\">Fondo de Aportaciones para la Infraestructura Social (<\/span><\/span><span class=\"s7\"><span class=\"bumpedFont15\">FAIS<\/span><\/span><span class=\"s7\"><span class=\"bumpedFont15\">)<\/span><\/span><span class=\"s7\"><span class=\"bumpedFont15\"> y el Presupuesto Participativo; asimismo, le solicitaron <\/span><\/span><span class=\"s7\"><span class=\"bumpedFont15\">mayor informaci\u00f3n respecto de <\/span><\/span><span class=\"s7\"><span class=\"bumpedFont15\">la inversi\u00f3n <\/span><\/span><span class=\"s7\"><span class=\"bumpedFont15\">hecha <\/span><\/span><span class=\"s7\"><span class=\"bumpedFont15\">en seguridad p\u00fablica, <\/span><\/span><span class=\"s7\"><span class=\"bumpedFont15\">G<\/span><\/span><span class=\"s7\"><span class=\"bumpedFont15\">uardia <\/span><\/span><span class=\"s7\"><span class=\"bumpedFont15\">N<\/span><\/span><span class=\"s7\"><span class=\"bumpedFont15\">acional, infraestructura urbana y asentamientos irregulares en la demarcaci\u00f3n.<\/span><\/span><\/p>\n<p class=\"s15\"><span class=\"s7\"><span class=\"bumpedFont15\">Ante la Comisi\u00f3n de Presupuesto y Cuenta P\u00fablica del Congreso local, la alcaldesa Patricia Aceves Pastrana solicit\u00f3 2 mil 769.9 millones de pesos para el <\/span><\/span><span class=\"s7\"><span class=\"bumpedFont15\">ejercicio presupuestal<\/span><\/span><span class=\"s7\"><span class=\"bumpedFont15\"> 2020, lo que representa un incremento de 2.4 por ciento \u00a0respecto al monto modificado en 2019.<\/span><\/span><\/p>\n<p class=\"s15\"><span class=\"s7\"><span class=\"bumpedFont15\">Asimismo, <\/span><\/span><span class=\"s7\"><span class=\"bumpedFont15\">pidi\u00f3 a esta Soberan\u00eda <\/span><\/span><span class=\"s7\"><span class=\"bumpedFont15\">un <\/span><\/span><span class=\"s7\"><span class=\"bumpedFont15\">recurso <\/span><\/span><span class=\"s7\"><span class=\"bumpedFont15\">adicional de 100 millones de pesos <\/span><\/span><span class=\"s7\"><span class=\"bumpedFont15\">para los programas de <\/span><\/span><span class=\"s7\"><span class=\"bumpedFont15\">apoyo directo a la poblaci\u00f3n (22.5 millones<\/span><\/span><span class=\"s7\"><span class=\"bumpedFont15\"> de pesos<\/span><\/span><span class=\"s7\"><span class=\"bumpedFont15\">), Cultivando Agua y <\/span><\/span><span class=\"s7\"><span class=\"bumpedFont15\">E<\/span><\/span><span class=\"s7\"><span class=\"bumpedFont15\">nerg\u00eda (21.7 millones), seguridad ciudadana (36.7 millones) y abasto de agua (19.1 mi<\/span><\/span><span class=\"s7\"><span class=\"bumpedFont15\">llones<\/span><\/span><span class=\"s7\"><span class=\"bumpedFont15\">).<\/span><\/span><\/p>\n<p class=\"s15\"><span class=\"s7\"><span class=\"bumpedFont15\">L<\/span><\/span><span class=\"s7\"><span class=\"bumpedFont15\">a diputada del grupo parlamentario del PAN, Am\u00e9rica Rangel Lorenzana, c<\/span><\/span><span class=\"s7\"><span class=\"bumpedFont15\">ritic\u00f3 un<\/span><\/span><span class=\"s7\"><span class=\"bumpedFont15\"> subejercicio en la alcald\u00eda y se\u00f1al\u00f3 que a la fecha no hay un presupuesto 2020 aprobado por el Concejo delegacional, por lo cual no contaba con un soporte documental, ni acta de sesi\u00f3n<\/span><\/span><span class=\"s7\"><span class=\"bumpedFont15\">,<\/span><\/span><span class=\"s7\"><span class=\"bumpedFont15\">ni acuerdo de aprobaci\u00f3n.<\/span><\/span><\/p>\n<p class=\"s15\"><span class=\"s7\"><span class=\"bumpedFont15\">\u201cLamenta<\/span><\/span><span class=\"s7\"><span class=\"bumpedFont15\">mos la <\/span><\/span><span class=\"s7\"><span class=\"bumpedFont15\">opacidad pol\u00edtica y <\/span><\/span><span class=\"s7\"><span class=\"bumpedFont15\">falta de <\/span><\/span><span class=\"s7\"><span class=\"bumpedFont15\">voluntad de di\u00e1logo<\/span><\/span><span class=\"s7\"><span class=\"bumpedFont15\">, misma que<\/span><\/span><span class=\"s7\"><span class=\"bumpedFont15\"> no es exclusiva de la nula relaci\u00f3n con sus concejales, sino que <\/span><\/span><span class=\"s7\"><span class=\"bumpedFont15\">de <\/span><\/span><span class=\"s7\"><span class=\"bumpedFont15\">este virus est\u00e1 contagiada toda su estructura\u201d, se\u00f1al\u00f3 la legisladora.<\/span><\/span><\/p>\n<p class=\"s15\"><span class=\"s7\"><span class=\"bumpedFont15\">Por su parte<\/span><\/span><span class=\"s7\"><span class=\"bumpedFont15\">,<\/span><\/span><span class=\"s7\"><span class=\"bumpedFont15\"> el <\/span><\/span><span class=\"s7\"><span class=\"bumpedFont15\">diputado <\/span><\/span><span class=\"s7\"><span class=\"bumpedFont15\">Jorge Gavi\u00f1o<\/span><\/span><span class=\"s7\"><span class=\"bumpedFont15\"> Ambr<\/span><\/span><span class=\"s7\"><span class=\"bumpedFont15\">i<\/span><\/span><span class=\"s7\"><span class=\"bumpedFont15\">z (<\/span><\/span><span class=\"s7\"><span class=\"bumpedFont15\">PRD<\/span><\/span><span class=\"s7\"><span class=\"bumpedFont15\">)<\/span><\/span><span class=\"s7\"><span class=\"bumpedFont15\">detall\u00f3 que <\/span><\/span><span class=\"s7\"><span class=\"bumpedFont15\">el gobierno en Tlalpan tiene<\/span><\/span><span class=\"s7\"><span class=\"bumpedFont15\"> un presupuesto aprobado <\/span><\/span><span class=\"s7\"><span class=\"bumpedFont15\">durante<\/span><\/span><span class=\"s7\"><span class=\"bumpedFont15\"> 2019 de 2 mil 693.5 millones de pesos, 556.5 millones m\u00e1s <\/span><\/span><span class=\"s7\"><span class=\"bumpedFont15\">que en<\/span><\/span><span class=\"s7\"><span class=\"bumpedFont15\"> 2018<\/span><\/span><span class=\"s7\"><span class=\"bumpedFont15\">, <\/span><\/span><span class=\"s7\"><span class=\"bumpedFont15\">equivalente a <\/span><\/span><span class=\"s7\"><span class=\"bumpedFont15\">26 por ciento<\/span><\/span><span class=\"s7\"><span class=\"bumpedFont15\"> adicional<\/span><\/span><span class=\"s7\"><span class=\"bumpedFont15\">.<\/span><\/span><\/p>\n<p class=\"s15\"><span class=\"s7\"><span class=\"bumpedFont15\">\u201c<\/span><\/span><span class=\"s7\"><span class=\"bumpedFont15\">En este sentido, <\/span><\/span><span class=\"s7\"><span class=\"bumpedFont15\">\u00bf<\/span><\/span><span class=\"s7\"><span class=\"bumpedFont15\">c<\/span><\/span><span class=\"s7\"><span class=\"bumpedFont15\">u\u00e1l es el beneficio <\/span><\/span><span class=\"s7\"><span class=\"bumpedFont15\">a los tlalpenses por <\/span><\/span><span class=\"s7\"><span class=\"bumpedFont15\">este 26 por ciento adicional que tuvo con respecto a 2018 y cu\u00e1l es el beneficio directo que obtendr\u00e1n al cierre del ejercicio presupuestal?\u201d, cuestion\u00f3<\/span><\/span><span class=\"s7\"><span class=\"bumpedFont15\"> el legislador<\/span><\/span><span class=\"s7\"><span class=\"bumpedFont15\">.<\/span><\/span><\/p>\n<p class=\"s15\"><span class=\"s7\"><span class=\"bumpedFont15\">Por su parte, e<\/span><\/span><span class=\"s7\"><span class=\"bumpedFont15\">l diputado Jos\u00e9 de Jes\u00fas Mart\u00edn del Campo (PT)<\/span><\/span><span class=\"s7\"><span class=\"bumpedFont15\">,<\/span><\/span> <span class=\"s7\"><span class=\"bumpedFont15\">cuestion\u00f3 <\/span><\/span><span class=\"s7\"><span class=\"bumpedFont15\">a la titular de Tlalpan sobre el incremento <\/span><\/span><span class=\"s7\"><span class=\"bumpedFont15\">de polic\u00edas en <\/span><\/span><span class=\"s7\"><span class=\"bumpedFont15\">33 por ciento y <\/span><\/span><span class=\"s7\"><span class=\"bumpedFont15\">el <\/span><\/span><span class=\"s7\"><span class=\"bumpedFont15\">gasto <\/span><\/span><span class=\"s7\"><span class=\"bumpedFont15\">financiero <\/span><\/span><span class=\"s7\"><span class=\"bumpedFont15\">para colaborar con la Guardia Nacional<\/span><\/span><span class=\"s7\"><span class=\"bumpedFont15\"> en esta zona del sur de la capital<\/span><\/span><span class=\"s7\"><span class=\"bumpedFont15\">.<\/span><\/span><\/p>\n<p class=\"s15\"><span class=\"s7\"><span class=\"bumpedFont15\">\u201c<\/span><\/span><span class=\"s7\"><span class=\"bumpedFont15\">Es importante saber e<\/span><\/span><span class=\"s7\"><span class=\"bumpedFont15\">l impacto que ha tenido la inversi\u00f3n <\/span><\/span><span class=\"s7\"><span class=\"bumpedFont15\">realizada en <\/span><\/span><span class=\"s7\"><span class=\"bumpedFont15\">materia de seguridad dentro de <\/span><\/span><span class=\"s7\"><span class=\"bumpedFont15\">la administraci\u00f3n <\/span><\/span><span class=\"s7\"><span class=\"bumpedFont15\">y c\u00f3mo <\/span><\/span><span class=\"s7\"><span class=\"bumpedFont15\">se <\/span><\/span><span class=\"s7\"><span class=\"bumpedFont15\">ha <\/span><\/span><span class=\"s7\"><span class=\"bumpedFont15\">reflejado <\/span><\/span><span class=\"s7\"><span class=\"bumpedFont15\">en el n\u00famero de polic\u00edas, por lo que es importante saber si son suficientes o se necesitar\u00e1n m\u00e1s\u201d<\/span><\/span><span class=\"s7\"><span class=\"bumpedFont15\">, inquiri\u00f3<\/span><\/span><span class=\"s7\"><span class=\"bumpedFont15\">.<\/span><\/span><\/p>\n<p class=\"s15\"><span class=\"s7\"><span class=\"bumpedFont15\">Por parte del grupo parlamentario de MORENA, el diputado Carlos Hern\u00e1ndez Mir\u00f3n destac\u00f3 la importancia de la inversi\u00f3n que se tiene contemplada en 2020 de 13 millones de pesos <\/span><\/span><span class=\"s7\"><span class=\"bumpedFont15\">para atender <\/span><\/span><span class=\"s7\"><span class=\"bumpedFont15\">asentamientos irregulares, ya que este tema <\/span><\/span><span class=\"s7\"><span class=\"bumpedFont15\">\u201c<\/span><\/span><span class=\"s7\"><span class=\"bumpedFont15\">implica la sustentabilidad de la Ciudad de M\u00e9xico aunado a la desigualdad en donde el desarrollo es inferior al resto de las colonias<\/span><\/span><span class=\"s7\"><span class=\"bumpedFont15\">\u201d, explic<\/span><\/span><span class=\"s7\"><span class=\"bumpedFont15\">\u00f3.<\/span><\/span><\/p>\n<p class=\"s15\"><span class=\"s7\"><span class=\"bumpedFont15\">\u201cPor ello hemos planteado llamados a la alcald\u00eda para invertir en los asentamientos humanos irregulares\u201d, abund\u00f3 el <\/span><\/span><span class=\"s7\"><span class=\"bumpedFont15\">diputado Hern\u00e1ndez Mir\u00f3n<\/span><\/span><span class=\"s7\"><span class=\"bumpedFont15\">.<\/span><\/span><\/p>\n<p class=\"s15\"><span class=\"s7\"><span class=\"bumpedFont15\">Tambi\u00e9n por<\/span><\/span><span class=\"s7\"><span class=\"bumpedFont15\"> MORENA, la diputada Gabriela Osorio <\/span><\/span><span class=\"s7\"><span class=\"bumpedFont15\">Hern\u00e1ndez vio positivamente <\/span><\/span><span class=\"s7\"><span class=\"bumpedFont15\">que dentro de la propuesta de presupuesto <\/span><\/span><span class=\"s7\"><span class=\"bumpedFont15\">2020 se contemple una <\/span><\/span><span class=\"s7\"><span class=\"bumpedFont15\">inversi\u00f3n de 49 millones de pesos para la recuperaci\u00f3n de proyectos y espacios de arte<\/span><\/span><span class=\"s7\"><span class=\"bumpedFont15\"> en Tlalpan, por lo que pidi\u00f3<\/span><\/span><span class=\"s7\"><span class=\"bumpedFont15\"> a la alcaldesa Aceves Pastrana<\/span><\/span><span class=\"s7\"><span class=\"bumpedFont15\"> conocer dichos proyectos para coadyuvar con los mismos en el futuro.<\/span><\/span><\/p>\n<p>https:\/\/www.facebook.com\/CongresoDeLaCiudadDeMexico\/videos\/399117601029405\/<\/p>\n","protected":false},"excerpt":{"rendered":"<p>Asentamientos irregulares, Guardia Nacional y subejercicio, algunos de los temas que diputadas y diputados abordaron con la alcaldesa de Tlalpan<br \/>\nPor Redacci\u00f3n QP<\/p>\n","protected":false},"author":2,"featured_media":43447,"comment_status":"open","ping_status":"open","sticky":false,"template":"","format":"standard","meta":{"_monsterinsights_skip_tracking":false,"_monsterinsights_sitenote_active":false,"_monsterinsights_sitenote_note":"","_monsterinsights_sitenote_category":0,"footnotes":""},"categories":[55],"tags":[],"class_list":["post-43448","post","type-post","status-publish","format-standard","has-post-thumbnail","hentry","category-cdmx"],"yoast_head":"<!-- This site is optimized with the Yoast SEO plugin v27.3 - https:\/\/yoast.com\/product\/yoast-seo-wordpress\/ -->\n<title>Desde el Curul\/\/\/Asentamientos irregulares, Guardia Nacional y subejercicio, algunos de los temas que diputadas y diputados abordaron con la alcaldesa de Tlalpan -<\/title>\n<meta name=\"robots\" content=\"index, follow, max-snippet:-1, max-image-preview:large, max-video-preview:-1\" \/>\n<link rel=\"canonical\" href=\"https:\/\/quehacerpolitico.mx\/?p=43448\" \/>\n<meta property=\"og:locale\" content=\"es_MX\" \/>\n<meta property=\"og:type\" content=\"article\" \/>\n<meta property=\"og:title\" content=\"Desde el Curul\/\/\/Asentamientos irregulares, Guardia Nacional y subejercicio, algunos de los temas que diputadas y diputados abordaron con la alcaldesa de Tlalpan -\" \/>\n<meta property=\"og:description\" content=\"Asentamientos irregulares, Guardia Nacional y subejercicio, algunos de los temas que diputadas y diputados abordaron con la alcaldesa de Tlalpan Por Redacci\u00f3n QP\" \/>\n<meta property=\"og:url\" content=\"https:\/\/quehacerpolitico.mx\/?p=43448\" \/>\n<meta property=\"article:published_time\" content=\"2019-11-04T23:10:26+00:00\" \/>\n<meta name=\"author\" content=\"Redacci\u00f3n QP\" \/>\n<meta name=\"twitter:card\" content=\"summary_large_image\" \/>\n<meta name=\"twitter:label1\" content=\"Escrito por\" \/>\n\t<meta name=\"twitter:data1\" content=\"Redacci\u00f3n QP\" \/>\n\t<meta name=\"twitter:label2\" content=\"Tiempo de lectura\" \/>\n\t<meta name=\"twitter:data2\" content=\"3 minutos\" \/>\n<script type=\"application\/ld+json\" class=\"yoast-schema-graph\">{\"@context\":\"https:\\\/\\\/schema.org\",\"@graph\":[{\"@type\":\"Article\",\"@id\":\"https:\\\/\\\/quehacerpolitico.mx\\\/?p=43448#article\",\"isPartOf\":{\"@id\":\"https:\\\/\\\/quehacerpolitico.mx\\\/?p=43448\"},\"author\":{\"name\":\"Redacci\u00f3n QP\",\"@id\":\"https:\\\/\\\/quehacerpolitico.mx\\\/#\\\/schema\\\/person\\\/496d8ad2d1d3f8036101dca7ee39e585\"},\"headline\":\"Desde el Curul\\\/\\\/\\\/Asentamientos irregulares, Guardia Nacional y subejercicio, algunos de los temas que diputadas y diputados abordaron con la alcaldesa de Tlalpan\",\"datePublished\":\"2019-11-04T23:10:26+00:00\",\"mainEntityOfPage\":{\"@id\":\"https:\\\/\\\/quehacerpolitico.mx\\\/?p=43448\"},\"wordCount\":706,\"commentCount\":0,\"image\":{\"@id\":\"https:\\\/\\\/quehacerpolitico.mx\\\/?p=43448#primaryimage\"},\"thumbnailUrl\":\"\",\"articleSection\":[\"CDMX\"],\"inLanguage\":\"es\",\"potentialAction\":[{\"@type\":\"CommentAction\",\"name\":\"Comment\",\"target\":[\"https:\\\/\\\/quehacerpolitico.mx\\\/?p=43448#respond\"]}]},{\"@type\":\"WebPage\",\"@id\":\"https:\\\/\\\/quehacerpolitico.mx\\\/?p=43448\",\"url\":\"https:\\\/\\\/quehacerpolitico.mx\\\/?p=43448\",\"name\":\"Desde el Curul\\\/\\\/\\\/Asentamientos irregulares, Guardia Nacional y subejercicio, algunos de los temas que diputadas y diputados abordaron con la alcaldesa de Tlalpan -\",\"isPartOf\":{\"@id\":\"https:\\\/\\\/quehacerpolitico.mx\\\/#website\"},\"primaryImageOfPage\":{\"@id\":\"https:\\\/\\\/quehacerpolitico.mx\\\/?p=43448#primaryimage\"},\"image\":{\"@id\":\"https:\\\/\\\/quehacerpolitico.mx\\\/?p=43448#primaryimage\"},\"thumbnailUrl\":\"\",\"datePublished\":\"2019-11-04T23:10:26+00:00\",\"author\":{\"@id\":\"https:\\\/\\\/quehacerpolitico.mx\\\/#\\\/schema\\\/person\\\/496d8ad2d1d3f8036101dca7ee39e585\"},\"breadcrumb\":{\"@id\":\"https:\\\/\\\/quehacerpolitico.mx\\\/?p=43448#breadcrumb\"},\"inLanguage\":\"es\",\"potentialAction\":[{\"@type\":\"ReadAction\",\"target\":[\"https:\\\/\\\/quehacerpolitico.mx\\\/?p=43448\"]}]},{\"@type\":\"ImageObject\",\"inLanguage\":\"es\",\"@id\":\"https:\\\/\\\/quehacerpolitico.mx\\\/?p=43448#primaryimage\",\"url\":\"\",\"contentUrl\":\"\"},{\"@type\":\"BreadcrumbList\",\"@id\":\"https:\\\/\\\/quehacerpolitico.mx\\\/?p=43448#breadcrumb\",\"itemListElement\":[{\"@type\":\"ListItem\",\"position\":1,\"name\":\"Inicio\",\"item\":\"https:\\\/\\\/quehacerpolitico.mx\\\/\"},{\"@type\":\"ListItem\",\"position\":2,\"name\":\"Desde el Curul\\\/\\\/\\\/Asentamientos irregulares, Guardia Nacional y subejercicio, algunos de los temas que diputadas y diputados abordaron con la alcaldesa de Tlalpan\"}]},{\"@type\":\"WebSite\",\"@id\":\"https:\\\/\\\/quehacerpolitico.mx\\\/#website\",\"url\":\"https:\\\/\\\/quehacerpolitico.mx\\\/\",\"name\":\"\",\"description\":\"\",\"potentialAction\":[{\"@type\":\"SearchAction\",\"target\":{\"@type\":\"EntryPoint\",\"urlTemplate\":\"https:\\\/\\\/quehacerpolitico.mx\\\/?s={search_term_string}\"},\"query-input\":{\"@type\":\"PropertyValueSpecification\",\"valueRequired\":true,\"valueName\":\"search_term_string\"}}],\"inLanguage\":\"es\"},{\"@type\":\"Person\",\"@id\":\"https:\\\/\\\/quehacerpolitico.mx\\\/#\\\/schema\\\/person\\\/496d8ad2d1d3f8036101dca7ee39e585\",\"name\":\"Redacci\u00f3n QP\",\"image\":{\"@type\":\"ImageObject\",\"inLanguage\":\"es\",\"@id\":\"https:\\\/\\\/secure.gravatar.com\\\/avatar\\\/c7164ed6fdec453195284ad24a5ae5b6e1eed2b848477fa2a4787ba9adf39a41?s=96&d=mm&r=g\",\"url\":\"https:\\\/\\\/secure.gravatar.com\\\/avatar\\\/c7164ed6fdec453195284ad24a5ae5b6e1eed2b848477fa2a4787ba9adf39a41?s=96&d=mm&r=g\",\"contentUrl\":\"https:\\\/\\\/secure.gravatar.com\\\/avatar\\\/c7164ed6fdec453195284ad24a5ae5b6e1eed2b848477fa2a4787ba9adf39a41?s=96&d=mm&r=g\",\"caption\":\"Redacci\u00f3n QP\"},\"url\":\"https:\\\/\\\/quehacerpolitico.mx\\\/?author=2\"}]}<\/script>\n<!-- \/ Yoast SEO plugin. -->","yoast_head_json":{"title":"Desde el Curul\/\/\/Asentamientos irregulares, Guardia Nacional y subejercicio, algunos de los temas que diputadas y diputados abordaron con la alcaldesa de Tlalpan -","robots":{"index":"index","follow":"follow","max-snippet":"max-snippet:-1","max-image-preview":"max-image-preview:large","max-video-preview":"max-video-preview:-1"},"canonical":"https:\/\/quehacerpolitico.mx\/?p=43448","og_locale":"es_MX","og_type":"article","og_title":"Desde el Curul\/\/\/Asentamientos irregulares, Guardia Nacional y subejercicio, algunos de los temas que diputadas y diputados abordaron con la alcaldesa de Tlalpan -","og_description":"Asentamientos irregulares, Guardia Nacional y subejercicio, algunos de los temas que diputadas y diputados abordaron con la alcaldesa de Tlalpan Por Redacci\u00f3n QP","og_url":"https:\/\/quehacerpolitico.mx\/?p=43448","article_published_time":"2019-11-04T23:10:26+00:00","author":"Redacci\u00f3n QP","twitter_card":"summary_large_image","twitter_misc":{"Escrito por":"Redacci\u00f3n QP","Tiempo de lectura":"3 minutos"},"schema":{"@context":"https:\/\/schema.org","@graph":[{"@type":"Article","@id":"https:\/\/quehacerpolitico.mx\/?p=43448#article","isPartOf":{"@id":"https:\/\/quehacerpolitico.mx\/?p=43448"},"author":{"name":"Redacci\u00f3n QP","@id":"https:\/\/quehacerpolitico.mx\/#\/schema\/person\/496d8ad2d1d3f8036101dca7ee39e585"},"headline":"Desde el Curul\/\/\/Asentamientos irregulares, Guardia Nacional y subejercicio, algunos de los temas que diputadas y diputados abordaron con la alcaldesa de Tlalpan","datePublished":"2019-11-04T23:10:26+00:00","mainEntityOfPage":{"@id":"https:\/\/quehacerpolitico.mx\/?p=43448"},"wordCount":706,"commentCount":0,"image":{"@id":"https:\/\/quehacerpolitico.mx\/?p=43448#primaryimage"},"thumbnailUrl":"","articleSection":["CDMX"],"inLanguage":"es","potentialAction":[{"@type":"CommentAction","name":"Comment","target":["https:\/\/quehacerpolitico.mx\/?p=43448#respond"]}]},{"@type":"WebPage","@id":"https:\/\/quehacerpolitico.mx\/?p=43448","url":"https:\/\/quehacerpolitico.mx\/?p=43448","name":"Desde el Curul\/\/\/Asentamientos irregulares, Guardia Nacional y subejercicio, algunos de los temas que diputadas y diputados abordaron con la alcaldesa de Tlalpan -","isPartOf":{"@id":"https:\/\/quehacerpolitico.mx\/#website"},"primaryImageOfPage":{"@id":"https:\/\/quehacerpolitico.mx\/?p=43448#primaryimage"},"image":{"@id":"https:\/\/quehacerpolitico.mx\/?p=43448#primaryimage"},"thumbnailUrl":"","datePublished":"2019-11-04T23:10:26+00:00","author":{"@id":"https:\/\/quehacerpolitico.mx\/#\/schema\/person\/496d8ad2d1d3f8036101dca7ee39e585"},"breadcrumb":{"@id":"https:\/\/quehacerpolitico.mx\/?p=43448#breadcrumb"},"inLanguage":"es","potentialAction":[{"@type":"ReadAction","target":["https:\/\/quehacerpolitico.mx\/?p=43448"]}]},{"@type":"ImageObject","inLanguage":"es","@id":"https:\/\/quehacerpolitico.mx\/?p=43448#primaryimage","url":"","contentUrl":""},{"@type":"BreadcrumbList","@id":"https:\/\/quehacerpolitico.mx\/?p=43448#breadcrumb","itemListElement":[{"@type":"ListItem","position":1,"name":"Inicio","item":"https:\/\/quehacerpolitico.mx\/"},{"@type":"ListItem","position":2,"name":"Desde el Curul\/\/\/Asentamientos irregulares, Guardia Nacional y subejercicio, algunos de los temas que diputadas y diputados abordaron con la alcaldesa de Tlalpan"}]},{"@type":"WebSite","@id":"https:\/\/quehacerpolitico.mx\/#website","url":"https:\/\/quehacerpolitico.mx\/","name":"","description":"","potentialAction":[{"@type":"SearchAction","target":{"@type":"EntryPoint","urlTemplate":"https:\/\/quehacerpolitico.mx\/?s={search_term_string}"},"query-input":{"@type":"PropertyValueSpecification","valueRequired":true,"valueName":"search_term_string"}}],"inLanguage":"es"},{"@type":"Person","@id":"https:\/\/quehacerpolitico.mx\/#\/schema\/person\/496d8ad2d1d3f8036101dca7ee39e585","name":"Redacci\u00f3n QP","image":{"@type":"ImageObject","inLanguage":"es","@id":"https:\/\/secure.gravatar.com\/avatar\/c7164ed6fdec453195284ad24a5ae5b6e1eed2b848477fa2a4787ba9adf39a41?s=96&d=mm&r=g","url":"https:\/\/secure.gravatar.com\/avatar\/c7164ed6fdec453195284ad24a5ae5b6e1eed2b848477fa2a4787ba9adf39a41?s=96&d=mm&r=g","contentUrl":"https:\/\/secure.gravatar.com\/avatar\/c7164ed6fdec453195284ad24a5ae5b6e1eed2b848477fa2a4787ba9adf39a41?s=96&d=mm&r=g","caption":"Redacci\u00f3n QP"},"url":"https:\/\/quehacerpolitico.mx\/?author=2"}]}},"featured_image_urls":{"full":"","thumbnail":"","medium":"","medium_large":"","large":"","1536x1536":"","2048x2048":"","covernews-featured":"","covernews-medium":""},"author_info":{"display_name":"Redacci\u00f3n QP","author_link":"https:\/\/quehacerpolitico.mx\/?author=2"},"category_info":"<a href=\"https:\/\/quehacerpolitico.mx\/?cat=55\" rel=\"category\">CDMX<\/a>","tag_info":"CDMX","comment_count":"0","_links":{"self":[{"href":"https:\/\/quehacerpolitico.mx\/index.php?rest_route=\/wp\/v2\/posts\/43448","targetHints":{"allow":["GET"]}}],"collection":[{"href":"https:\/\/quehacerpolitico.mx\/index.php?rest_route=\/wp\/v2\/posts"}],"about":[{"href":"https:\/\/quehacerpolitico.mx\/index.php?rest_route=\/wp\/v2\/types\/post"}],"author":[{"embeddable":true,"href":"https:\/\/quehacerpolitico.mx\/index.php?rest_route=\/wp\/v2\/users\/2"}],"replies":[{"embeddable":true,"href":"https:\/\/quehacerpolitico.mx\/index.php?rest_route=%2Fwp%2Fv2%2Fcomments&post=43448"}],"version-history":[{"count":0,"href":"https:\/\/quehacerpolitico.mx\/index.php?rest_route=\/wp\/v2\/posts\/43448\/revisions"}],"wp:featuredmedia":[{"embeddable":true,"href":"https:\/\/quehacerpolitico.mx\/index.php?rest_route=\/"}],"wp:attachment":[{"href":"https:\/\/quehacerpolitico.mx\/index.php?rest_route=%2Fwp%2Fv2%2Fmedia&parent=43448"}],"wp:term":[{"taxonomy":"category","embeddable":true,"href":"https:\/\/quehacerpolitico.mx\/index.php?rest_route=%2Fwp%2Fv2%2Fcategories&post=43448"},{"taxonomy":"post_tag","embeddable":true,"href":"https:\/\/quehacerpolitico.mx\/index.php?rest_route=%2Fwp%2Fv2%2Ftags&post=43448"}],"curies":[{"name":"wp","href":"https:\/\/api.w.org\/{rel}","templated":true}]}}