{"id":43441,"date":"2019-11-04T19:48:07","date_gmt":"2019-11-04T19:48:07","guid":{"rendered":"http:\/\/quehacerpolitico.mx\/alertan-sobre-posible-caida-de-ceniza-del-popocatepetl-en-queretaro\/"},"modified":"2019-11-04T19:48:07","modified_gmt":"2019-11-04T19:48:07","slug":"alertan-sobre-posible-caida-de-ceniza-del-popocatepetl-en-queretaro","status":"publish","type":"post","link":"https:\/\/quehacerpolitico.mx\/?p=43441","title":{"rendered":"Alertan sobre posible ca\u00edda de ceniza del Popocat\u00e9petl en Quer\u00e9taro"},"content":{"rendered":"<h1 class=\"news-title\">Alertan sobre posible ca\u00edda de ceniza del Popocat\u00e9petl en Quer\u00e9taro<br \/>Por Redacci\u00f3n QP<\/h1>\n<p>Protecci\u00f3n Civil del estado recomienda cubrir la nariz y boca, adem\u00e1s de cerrar ventanas y evitar realizar actividades al aire libre<\/p>\n<p>Derivado de las exhalaciones del volc\u00e1n Popocatepetl,\u00a0la nube de ceniza de part\u00edculas muy peque\u00f1as podr\u00eda tener influencia en varios municipios del estado de Queretaro, por lo que se recomend\u00f3 a la poblaci\u00f3n informarse \u00fanicamente a trav\u00e9s de cuentas y medios oficiales.<\/p>\n<p>La Coordinaci\u00f3n Estatal de Protecci\u00f3n Civil de Quer\u00e9taro <strong>difundi\u00f3 una serie de recomendaciones ante la ca\u00edda de ceniza como son cubrir la nariz<\/strong>, cerrar ventanas o cubrirlas y permanecer el mayor tiempo posible en casa.<\/p>\n<blockquote class=\"twitter-tweet\" data-width=\"550\" data-dnt=\"true\">\n<p lang=\"es\" dir=\"ltr\"><a href=\"https:\/\/twitter.com\/hashtag\/CENAPRED?src=hash&amp;ref_src=twsrc%5Etfw\">#CENAPRED<\/a> informa sobre la actividad del <a href=\"https:\/\/twitter.com\/hashtag\/Popocat%C3%A9petl?src=hash&amp;ref_src=twsrc%5Etfw\">#Popocat\u00e9petl<\/a> en las \u00faltimas 24 h:<\/p>\n<p>\u25aa 92 exhalaciones<br \/>\u25aa 1 explosi\u00f3n moderada<br \/>\u25aa 469 minutos de tremor<\/p>\n<p>El\ud83d\udea6de alerta se encuentra en <a href=\"https:\/\/twitter.com\/hashtag\/AmarilloFase2?src=hash&amp;ref_src=twsrc%5Etfw\">#AmarilloFase2<\/a>. Se exhorta a no acercarse al volc\u00e1n. <a href=\"https:\/\/t.co\/wLTCkYm9iq\">pic.twitter.com\/wLTCkYm9iq<\/a><\/p>\n<p>&mdash; Coordinaci\u00f3n Nacional de Protecci\u00f3n Civil (@CNPC_MX) <a href=\"https:\/\/twitter.com\/CNPC_MX\/status\/1191385060399710210?ref_src=twsrc%5Etfw\">November 4, 2019<\/a><\/p><\/blockquote>\n<p><script async src=\"https:\/\/platform.twitter.com\/widgets.js\" charset=\"utf-8\"><\/script><\/p>\n<p>Los municipios que podr\u00edan resentir la ca\u00edda de ceniza volc\u00e1nica son <strong>San Juan del R\u00edo, Tequisquiapan, Cadereyta, Ezequiel Montes, Pinal de Amoles,San Joaqu\u00edn, Jalpan de Serra, Landa de Matamoros y Arroyo Seco.<\/strong><\/p>\n<blockquote class=\"twitter-tweet\" data-width=\"550\" data-dnt=\"true\">\n<p lang=\"es\" dir=\"ltr\">Patrones de viento mover\u00e1n nube de cenizas del Volc\u00e1n <a href=\"https:\/\/twitter.com\/hashtag\/Popocat%C3%A9petl?src=hash&amp;ref_src=twsrc%5Etfw\">#Popocat\u00e9petl<\/a> hacia el nor-noreste, algunas part\u00edculas muy finas alcanzar\u00e1n a llegar a San Luis Potos\u00ed, Norte de Veracruz y Sur de Tamaulipas en las pr\u00f3ximas 6-12 horas.<\/p>\n<p>Ya se ha observado ca\u00edda de ceniza en CDMX y Quer\u00e9taro. <a href=\"https:\/\/t.co\/4LvQeFEVCU\">pic.twitter.com\/4LvQeFEVCU<\/a><\/p>\n<p>&mdash; IIGEA A.C. (@IIGEAac) <a href=\"https:\/\/twitter.com\/IIGEAac\/status\/1190993221100421120?ref_src=twsrc%5Etfw\">November 3, 2019<\/a><\/p><\/blockquote>\n<p><script async src=\"https:\/\/platform.twitter.com\/widgets.js\" charset=\"utf-8\"><\/script><\/p>\n<p>Otras recomendaciones emitidas por la dependencia estatal son<strong> limpiar los ojos y la garganta con agua pura; evitar realizar actividades al aire libre; barrer y retirar la ceniza de techos; azoteas, patios y calles, mantener a las mascotas en un lugar techado, as\u00ed como sus alimentos; cubrir tinacos, cisternas y dep\u00f3sitos de agua, y utilizar lentes de armaz\u00f3n.<\/strong><\/p>\n<p>De acuerdo a la informaci\u00f3n m\u00e1s reciente de la Coordinaci\u00f3n Nacional de Protecci\u00f3n Civil, los episodios de exhalaci\u00f3n del volc\u00e1n Popocat\u00e9petl continuar\u00e1n en las pr\u00f3ximas horas, por lo que se sugiere tomar las debidas precauciones.<\/p>\n<blockquote class=\"twitter-tweet\" data-width=\"550\" data-dnt=\"true\">\n<p lang=\"es\" dir=\"ltr\">Ante la reciente actividad del <a href=\"https:\/\/twitter.com\/hashtag\/Popocat%C3%A9petl?src=hash&amp;ref_src=twsrc%5Etfw\">#Popocat\u00e9petl<\/a> se registra ca\u00edda de ceniza por lo que recomendamos evitar realizar actividades al aire libre.<br \/>Humedecer ligeramente la ceniza antes de barrerla y depositarla en bolsas de pl\u00e1stico para tirarlas en la basura. <a href=\"https:\/\/t.co\/rawMAld6IV\">pic.twitter.com\/rawMAld6IV<\/a><\/p>\n<p>&mdash; Coordinaci\u00f3n Nacional de Protecci\u00f3n Civil (@CNPC_MX) <a href=\"https:\/\/twitter.com\/CNPC_MX\/status\/1190814813368147968?ref_src=twsrc%5Etfw\">November 3, 2019<\/a><\/p><\/blockquote>\n<p><script async src=\"https:\/\/platform.twitter.com\/widgets.js\" charset=\"utf-8\"><\/script><\/p>\n<p>Con Informaci\u00f3n de NTX\u00a0<\/p>\n","protected":false},"excerpt":{"rendered":"<p>Alertan sobre posible ca\u00edda de ceniza del Popocat\u00e9petl en Quer\u00e9taro<br \/>\nPor Redacci\u00f3n QP<\/p>\n","protected":false},"author":2,"featured_media":43440,"comment_status":"open","ping_status":"open","sticky":false,"template":"","format":"standard","meta":{"_monsterinsights_skip_tracking":false,"_monsterinsights_sitenote_active":false,"_monsterinsights_sitenote_note":"","_monsterinsights_sitenote_category":0,"footnotes":""},"categories":[2],"tags":[],"class_list":["post-43441","post","type-post","status-publish","format-standard","has-post-thumbnail","hentry","category-noticias"],"yoast_head":"<!-- This site is optimized with the Yoast SEO plugin v27.3 - https:\/\/yoast.com\/product\/yoast-seo-wordpress\/ -->\n<title>Alertan sobre posible ca\u00edda de ceniza del Popocat\u00e9petl en Quer\u00e9taro -<\/title>\n<meta name=\"robots\" content=\"index, follow, max-snippet:-1, max-image-preview:large, max-video-preview:-1\" \/>\n<link rel=\"canonical\" href=\"https:\/\/quehacerpolitico.mx\/?p=43441\" \/>\n<meta property=\"og:locale\" content=\"es_MX\" \/>\n<meta property=\"og:type\" content=\"article\" \/>\n<meta property=\"og:title\" content=\"Alertan sobre posible ca\u00edda de ceniza del Popocat\u00e9petl en Quer\u00e9taro -\" \/>\n<meta property=\"og:description\" content=\"Alertan sobre posible ca\u00edda de ceniza del Popocat\u00e9petl en Quer\u00e9taro Por Redacci\u00f3n QP\" \/>\n<meta property=\"og:url\" content=\"https:\/\/quehacerpolitico.mx\/?p=43441\" \/>\n<meta property=\"article:published_time\" content=\"2019-11-04T19:48:07+00:00\" \/>\n<meta name=\"author\" content=\"Redacci\u00f3n QP\" \/>\n<meta name=\"twitter:card\" content=\"summary_large_image\" \/>\n<meta name=\"twitter:label1\" content=\"Escrito por\" \/>\n\t<meta name=\"twitter:data1\" content=\"Redacci\u00f3n QP\" \/>\n\t<meta name=\"twitter:label2\" content=\"Tiempo de lectura\" \/>\n\t<meta name=\"twitter:data2\" content=\"1 minuto\" \/>\n<script type=\"application\/ld+json\" class=\"yoast-schema-graph\">{\"@context\":\"https:\\\/\\\/schema.org\",\"@graph\":[{\"@type\":\"Article\",\"@id\":\"https:\\\/\\\/quehacerpolitico.mx\\\/?p=43441#article\",\"isPartOf\":{\"@id\":\"https:\\\/\\\/quehacerpolitico.mx\\\/?p=43441\"},\"author\":{\"name\":\"Redacci\u00f3n QP\",\"@id\":\"https:\\\/\\\/quehacerpolitico.mx\\\/#\\\/schema\\\/person\\\/496d8ad2d1d3f8036101dca7ee39e585\"},\"headline\":\"Alertan sobre posible ca\u00edda de ceniza del Popocat\u00e9petl en Quer\u00e9taro\",\"datePublished\":\"2019-11-04T19:48:07+00:00\",\"mainEntityOfPage\":{\"@id\":\"https:\\\/\\\/quehacerpolitico.mx\\\/?p=43441\"},\"wordCount\":306,\"commentCount\":0,\"image\":{\"@id\":\"https:\\\/\\\/quehacerpolitico.mx\\\/?p=43441#primaryimage\"},\"thumbnailUrl\":\"\",\"articleSection\":[\"Noticias\"],\"inLanguage\":\"es\",\"potentialAction\":[{\"@type\":\"CommentAction\",\"name\":\"Comment\",\"target\":[\"https:\\\/\\\/quehacerpolitico.mx\\\/?p=43441#respond\"]}]},{\"@type\":\"WebPage\",\"@id\":\"https:\\\/\\\/quehacerpolitico.mx\\\/?p=43441\",\"url\":\"https:\\\/\\\/quehacerpolitico.mx\\\/?p=43441\",\"name\":\"Alertan sobre posible ca\u00edda de ceniza del Popocat\u00e9petl en Quer\u00e9taro -\",\"isPartOf\":{\"@id\":\"https:\\\/\\\/quehacerpolitico.mx\\\/#website\"},\"primaryImageOfPage\":{\"@id\":\"https:\\\/\\\/quehacerpolitico.mx\\\/?p=43441#primaryimage\"},\"image\":{\"@id\":\"https:\\\/\\\/quehacerpolitico.mx\\\/?p=43441#primaryimage\"},\"thumbnailUrl\":\"\",\"datePublished\":\"2019-11-04T19:48:07+00:00\",\"author\":{\"@id\":\"https:\\\/\\\/quehacerpolitico.mx\\\/#\\\/schema\\\/person\\\/496d8ad2d1d3f8036101dca7ee39e585\"},\"breadcrumb\":{\"@id\":\"https:\\\/\\\/quehacerpolitico.mx\\\/?p=43441#breadcrumb\"},\"inLanguage\":\"es\",\"potentialAction\":[{\"@type\":\"ReadAction\",\"target\":[\"https:\\\/\\\/quehacerpolitico.mx\\\/?p=43441\"]}]},{\"@type\":\"ImageObject\",\"inLanguage\":\"es\",\"@id\":\"https:\\\/\\\/quehacerpolitico.mx\\\/?p=43441#primaryimage\",\"url\":\"\",\"contentUrl\":\"\"},{\"@type\":\"BreadcrumbList\",\"@id\":\"https:\\\/\\\/quehacerpolitico.mx\\\/?p=43441#breadcrumb\",\"itemListElement\":[{\"@type\":\"ListItem\",\"position\":1,\"name\":\"Inicio\",\"item\":\"https:\\\/\\\/quehacerpolitico.mx\\\/\"},{\"@type\":\"ListItem\",\"position\":2,\"name\":\"Alertan sobre posible ca\u00edda de ceniza del Popocat\u00e9petl en Quer\u00e9taro\"}]},{\"@type\":\"WebSite\",\"@id\":\"https:\\\/\\\/quehacerpolitico.mx\\\/#website\",\"url\":\"https:\\\/\\\/quehacerpolitico.mx\\\/\",\"name\":\"\",\"description\":\"\",\"potentialAction\":[{\"@type\":\"SearchAction\",\"target\":{\"@type\":\"EntryPoint\",\"urlTemplate\":\"https:\\\/\\\/quehacerpolitico.mx\\\/?s={search_term_string}\"},\"query-input\":{\"@type\":\"PropertyValueSpecification\",\"valueRequired\":true,\"valueName\":\"search_term_string\"}}],\"inLanguage\":\"es\"},{\"@type\":\"Person\",\"@id\":\"https:\\\/\\\/quehacerpolitico.mx\\\/#\\\/schema\\\/person\\\/496d8ad2d1d3f8036101dca7ee39e585\",\"name\":\"Redacci\u00f3n QP\",\"image\":{\"@type\":\"ImageObject\",\"inLanguage\":\"es\",\"@id\":\"https:\\\/\\\/secure.gravatar.com\\\/avatar\\\/c7164ed6fdec453195284ad24a5ae5b6e1eed2b848477fa2a4787ba9adf39a41?s=96&d=mm&r=g\",\"url\":\"https:\\\/\\\/secure.gravatar.com\\\/avatar\\\/c7164ed6fdec453195284ad24a5ae5b6e1eed2b848477fa2a4787ba9adf39a41?s=96&d=mm&r=g\",\"contentUrl\":\"https:\\\/\\\/secure.gravatar.com\\\/avatar\\\/c7164ed6fdec453195284ad24a5ae5b6e1eed2b848477fa2a4787ba9adf39a41?s=96&d=mm&r=g\",\"caption\":\"Redacci\u00f3n QP\"},\"url\":\"https:\\\/\\\/quehacerpolitico.mx\\\/?author=2\"}]}<\/script>\n<!-- \/ Yoast SEO plugin. -->","yoast_head_json":{"title":"Alertan sobre posible ca\u00edda de ceniza del Popocat\u00e9petl en Quer\u00e9taro -","robots":{"index":"index","follow":"follow","max-snippet":"max-snippet:-1","max-image-preview":"max-image-preview:large","max-video-preview":"max-video-preview:-1"},"canonical":"https:\/\/quehacerpolitico.mx\/?p=43441","og_locale":"es_MX","og_type":"article","og_title":"Alertan sobre posible ca\u00edda de ceniza del Popocat\u00e9petl en Quer\u00e9taro -","og_description":"Alertan sobre posible ca\u00edda de ceniza del Popocat\u00e9petl en Quer\u00e9taro Por Redacci\u00f3n QP","og_url":"https:\/\/quehacerpolitico.mx\/?p=43441","article_published_time":"2019-11-04T19:48:07+00:00","author":"Redacci\u00f3n QP","twitter_card":"summary_large_image","twitter_misc":{"Escrito por":"Redacci\u00f3n QP","Tiempo de lectura":"1 minuto"},"schema":{"@context":"https:\/\/schema.org","@graph":[{"@type":"Article","@id":"https:\/\/quehacerpolitico.mx\/?p=43441#article","isPartOf":{"@id":"https:\/\/quehacerpolitico.mx\/?p=43441"},"author":{"name":"Redacci\u00f3n QP","@id":"https:\/\/quehacerpolitico.mx\/#\/schema\/person\/496d8ad2d1d3f8036101dca7ee39e585"},"headline":"Alertan sobre posible ca\u00edda de ceniza del Popocat\u00e9petl en Quer\u00e9taro","datePublished":"2019-11-04T19:48:07+00:00","mainEntityOfPage":{"@id":"https:\/\/quehacerpolitico.mx\/?p=43441"},"wordCount":306,"commentCount":0,"image":{"@id":"https:\/\/quehacerpolitico.mx\/?p=43441#primaryimage"},"thumbnailUrl":"","articleSection":["Noticias"],"inLanguage":"es","potentialAction":[{"@type":"CommentAction","name":"Comment","target":["https:\/\/quehacerpolitico.mx\/?p=43441#respond"]}]},{"@type":"WebPage","@id":"https:\/\/quehacerpolitico.mx\/?p=43441","url":"https:\/\/quehacerpolitico.mx\/?p=43441","name":"Alertan sobre posible ca\u00edda de ceniza del Popocat\u00e9petl en Quer\u00e9taro -","isPartOf":{"@id":"https:\/\/quehacerpolitico.mx\/#website"},"primaryImageOfPage":{"@id":"https:\/\/quehacerpolitico.mx\/?p=43441#primaryimage"},"image":{"@id":"https:\/\/quehacerpolitico.mx\/?p=43441#primaryimage"},"thumbnailUrl":"","datePublished":"2019-11-04T19:48:07+00:00","author":{"@id":"https:\/\/quehacerpolitico.mx\/#\/schema\/person\/496d8ad2d1d3f8036101dca7ee39e585"},"breadcrumb":{"@id":"https:\/\/quehacerpolitico.mx\/?p=43441#breadcrumb"},"inLanguage":"es","potentialAction":[{"@type":"ReadAction","target":["https:\/\/quehacerpolitico.mx\/?p=43441"]}]},{"@type":"ImageObject","inLanguage":"es","@id":"https:\/\/quehacerpolitico.mx\/?p=43441#primaryimage","url":"","contentUrl":""},{"@type":"BreadcrumbList","@id":"https:\/\/quehacerpolitico.mx\/?p=43441#breadcrumb","itemListElement":[{"@type":"ListItem","position":1,"name":"Inicio","item":"https:\/\/quehacerpolitico.mx\/"},{"@type":"ListItem","position":2,"name":"Alertan sobre posible ca\u00edda de ceniza del Popocat\u00e9petl en Quer\u00e9taro"}]},{"@type":"WebSite","@id":"https:\/\/quehacerpolitico.mx\/#website","url":"https:\/\/quehacerpolitico.mx\/","name":"","description":"","potentialAction":[{"@type":"SearchAction","target":{"@type":"EntryPoint","urlTemplate":"https:\/\/quehacerpolitico.mx\/?s={search_term_string}"},"query-input":{"@type":"PropertyValueSpecification","valueRequired":true,"valueName":"search_term_string"}}],"inLanguage":"es"},{"@type":"Person","@id":"https:\/\/quehacerpolitico.mx\/#\/schema\/person\/496d8ad2d1d3f8036101dca7ee39e585","name":"Redacci\u00f3n QP","image":{"@type":"ImageObject","inLanguage":"es","@id":"https:\/\/secure.gravatar.com\/avatar\/c7164ed6fdec453195284ad24a5ae5b6e1eed2b848477fa2a4787ba9adf39a41?s=96&d=mm&r=g","url":"https:\/\/secure.gravatar.com\/avatar\/c7164ed6fdec453195284ad24a5ae5b6e1eed2b848477fa2a4787ba9adf39a41?s=96&d=mm&r=g","contentUrl":"https:\/\/secure.gravatar.com\/avatar\/c7164ed6fdec453195284ad24a5ae5b6e1eed2b848477fa2a4787ba9adf39a41?s=96&d=mm&r=g","caption":"Redacci\u00f3n QP"},"url":"https:\/\/quehacerpolitico.mx\/?author=2"}]}},"featured_image_urls":{"full":"","thumbnail":"","medium":"","medium_large":"","large":"","1536x1536":"","2048x2048":"","covernews-featured":"","covernews-medium":""},"author_info":{"display_name":"Redacci\u00f3n QP","author_link":"https:\/\/quehacerpolitico.mx\/?author=2"},"category_info":"<a href=\"https:\/\/quehacerpolitico.mx\/?cat=2\" rel=\"category\">Noticias<\/a>","tag_info":"Noticias","comment_count":"0","_links":{"self":[{"href":"https:\/\/quehacerpolitico.mx\/index.php?rest_route=\/wp\/v2\/posts\/43441","targetHints":{"allow":["GET"]}}],"collection":[{"href":"https:\/\/quehacerpolitico.mx\/index.php?rest_route=\/wp\/v2\/posts"}],"about":[{"href":"https:\/\/quehacerpolitico.mx\/index.php?rest_route=\/wp\/v2\/types\/post"}],"author":[{"embeddable":true,"href":"https:\/\/quehacerpolitico.mx\/index.php?rest_route=\/wp\/v2\/users\/2"}],"replies":[{"embeddable":true,"href":"https:\/\/quehacerpolitico.mx\/index.php?rest_route=%2Fwp%2Fv2%2Fcomments&post=43441"}],"version-history":[{"count":0,"href":"https:\/\/quehacerpolitico.mx\/index.php?rest_route=\/wp\/v2\/posts\/43441\/revisions"}],"wp:featuredmedia":[{"embeddable":true,"href":"https:\/\/quehacerpolitico.mx\/index.php?rest_route=\/"}],"wp:attachment":[{"href":"https:\/\/quehacerpolitico.mx\/index.php?rest_route=%2Fwp%2Fv2%2Fmedia&parent=43441"}],"wp:term":[{"taxonomy":"category","embeddable":true,"href":"https:\/\/quehacerpolitico.mx\/index.php?rest_route=%2Fwp%2Fv2%2Fcategories&post=43441"},{"taxonomy":"post_tag","embeddable":true,"href":"https:\/\/quehacerpolitico.mx\/index.php?rest_route=%2Fwp%2Fv2%2Ftags&post=43441"}],"curies":[{"name":"wp","href":"https:\/\/api.w.org\/{rel}","templated":true}]}}