{"id":43435,"date":"2019-11-04T19:31:27","date_gmt":"2019-11-04T19:31:27","guid":{"rendered":"http:\/\/quehacerpolitico.mx\/desde-el-curul-raymundo-martinez-solicita-al-congreso-capitalino-incremento-presupuestal-de-28-70-para-la-alcaldia-de-tlahuac-en-2020\/"},"modified":"2019-11-04T19:31:27","modified_gmt":"2019-11-04T19:31:27","slug":"desde-el-curul-raymundo-martinez-solicita-al-congreso-capitalino-incremento-presupuestal-de-28-70-para-la-alcaldia-de-tlahuac-en-2020","status":"publish","type":"post","link":"https:\/\/quehacerpolitico.mx\/?p=43435","title":{"rendered":"Desde el Curul\/\/\/Raymundo Mart\u00ednez solicita al Congreso capitalino incremento presupuestal de 28.70% para la alcald\u00eda de Tl\u00e1huac en 2020"},"content":{"rendered":"<p><span class=\"s9\"><span class=\"bumpedFont15\">Raymundo Mart\u00ednez solicita al Congreso capitalino incremento presupuestal de 28.70<\/span><\/span><span class=\"s9\"><span class=\"bumpedFont15\">%<\/span><\/span><span class=\"s9\"><span class=\"bumpedFont15\"> para la alcald\u00eda <\/span><\/span><span class=\"s9\"><span class=\"bumpedFont15\">de <\/span><\/span><span class=\"s9\"><span class=\"bumpedFont15\">Tl\u00e1<\/span><\/span><span class=\"s9\"><span class=\"bumpedFont15\">huac<\/span><\/span><span class=\"s9\"><span class=\"bumpedFont15\"> en 2020<br \/><\/span><\/span>Por Redacci\u00f3n QP<\/p>\n<div class=\"s14\"><span class=\"s12\">\u2022 <\/span><span class=\"s13\"><span class=\"bumpedFont15\">En mesa de trabajo con la Comisi\u00f3n de Presupuesto y Cuenta P\u00fablica, el alcalde solicit\u00f3 recursos presupuestales por m\u00e1s de dos mil 257 millones de pesos<\/span><\/span><\/div>\n<div class=\"s14\"><span class=\"s12\">\u2022 <\/span><span class=\"s13\"><span class=\"bumpedFont15\">Diputadas y diputados del PRD, PT, PAN y MORENA realizaron cuestionamientos y tambi\u00e9n reconocimientos<\/span><\/span><\/div>\n<p class=\"s11\"><span class=\"s6\"><span class=\"bumpedFont15\">En mesa de trabajo con la Comisi\u00f3n de Presupuesto y Cuenta P\u00fablica del <\/span><\/span><span class=\"s6\"><span class=\"bumpedFont15\">Congreso <\/span><\/span><span class=\"s6\"><span class=\"bumpedFont15\">capitalino, el alcalde de Tl\u00e1huac, Raymundo Mart\u00ednez Vite, solicit\u00f3 un incremento presupuestal de 28.70 por ciento, con lo que \u00e9ste pasar\u00eda de <\/span><\/span><span class=\"s6\"><span class=\"bumpedFont15\">mil <\/span><\/span><span class=\"s6\"><span class=\"bumpedFont15\">724<\/span><\/span><span class=\"s6\"><span class=\"bumpedFont15\"> millones de pesos en 2019 a dos mil 2<\/span><\/span><span class=\"s6\"><span class=\"bumpedFont15\">57<\/span><\/span><span class=\"s6\"><span class=\"bumpedFont15\"> millones de pesos en 2020.<\/span><\/span><\/p>\n<p class=\"s11\"><span class=\"s6\"><span class=\"bumpedFont15\">E<\/span><\/span><span class=\"s6\"><span class=\"bumpedFont15\">n esta reuni\u00f3n<\/span><\/span><span class=\"s6\"><span class=\"bumpedFont15\">,<\/span><\/span><span class=\"s6\"><span class=\"bumpedFont15\"> el titular de la alcald\u00eda <\/span><\/span><span class=\"s6\"><span class=\"bumpedFont15\">present\u00f3 el informe de avance program\u00e1tico y presupuestal de 2019 y sus proyectos para el ejercicio 2020<\/span><\/span><span class=\"s6\"><span class=\"bumpedFont15\">, <\/span><\/span><span class=\"s6\"><span class=\"bumpedFont15\">enmarcados en los ejes de inclusi\u00f3n y bienestar social, desarrollo econ\u00f3mico, desarrollo urbano y movilidad, programa de inversi\u00f3n de desarrollo rural sustentable, pueblos originarios, fomento cultural, servicios urbanos, espacio p\u00fablico, participaci\u00f3n ciudadana y convivencia comunitaria, seguridad ciudadana y protecci\u00f3n civil.<\/span><\/span><\/p>\n<p class=\"s11\"><span class=\"s6\"><span class=\"bumpedFont15\">Inform\u00f3 que en 2019 se cont\u00f3 con un presupuesto modificado de mil 724 millones de pesos, y que para 2020 la Secretar\u00eda de <\/span><\/span><span class=\"s6\"><span class=\"bumpedFont15\">Administraci\u00f3n y <\/span><\/span><span class=\"s6\"><span class=\"bumpedFont15\">Finanzas de la Ciudad de M\u00e9xico <\/span><\/span><span class=\"s6\"><span class=\"bumpedFont15\">envi\u00f3 un techo presupuestal de <\/span><\/span><span class=\"s6\"><span class=\"bumpedFont15\">mil 754 millones de pesos, es decir<\/span><\/span><span class=\"s6\"><span class=\"bumpedFont15\">,<\/span><\/span><span class=\"s6\"><span class=\"bumpedFont15\"> con un incremento de s\u00f3lo 30 millones de pesos, que representan 1.74 por ciento<\/span><\/span><span class=\"s6\"><span class=\"bumpedFont15\">, al cual calific\u00f3 como insuficiente para atender las necesidades de <\/span><\/span><span class=\"s6\"><span class=\"bumpedFont15\">la comunidad.<\/span><\/span><\/p>\n<p class=\"s11\"><span class=\"s6\"><span class=\"bumpedFont15\">\u201c<\/span><\/span><span class=\"s6\"><span class=\"bumpedFont15\">Estimados diputados, nosotros venimos a comparecer<\/span><\/span><span class=\"s6\"><span class=\"bumpedFont15\">,<\/span><\/span><span class=\"s6\"><span class=\"bumpedFont15\"> pero tambi\u00e9n a pedirles su apoyo, ya que el presupuesto que ahorita nos est\u00e1n aprobando desde la <\/span><\/span><span class=\"s6\"><span class=\"bumpedFont15\">Secretar\u00eda<\/span><\/span><span class=\"s6\"><span class=\"bumpedFont15\"> de Finanzas es un presupuesto que de verdad con la situaci\u00f3n que estamos viviendo en la alcald\u00eda es un presupuesto que no nos alcanza para estar solucionando los problemas que tienen los habitantes de esa alcald\u00eda, que aproximadamente ya son 400 mil habitantes\u201d, asegur\u00f3.<\/span><\/span><\/p>\n<p class=\"s11\"><span class=\"s6\"><span class=\"bumpedFont15\">Mart\u00ednez Vite <\/span><\/span><span class=\"s6\"><span class=\"bumpedFont15\">propuso un p<\/span><\/span><span class=\"s6\"><span class=\"bumpedFont15\">resupuesto de 2 mil 2<\/span><\/span><span class=\"s6\"><span class=\"bumpedFont15\">57<\/span><\/span><span class=\"s6\"><span class=\"bumpedFont15\">millones <\/span><\/span><span class=\"s6\"><span class=\"bumpedFont15\">756<\/span><\/span><span class=\"s6\"><span class=\"bumpedFont15\"> mil 206 pesos, <\/span><\/span><span class=\"s6\"><span class=\"bumpedFont15\">\u201c<\/span><\/span><span class=\"s6\"><span class=\"bumpedFont15\">que representa un incremento de 28.70 por ciento, es decir, 503 millones 508 mil 475.80 pesos en relaci\u00f3n con el techo presupuestal autorizado para el 2020 por la <\/span><\/span><span class=\"s6\"><span class=\"bumpedFont15\">Secretar\u00eda<\/span><\/span><span class=\"s6\"><span class=\"bumpedFont15\">de Administraci\u00f3n y Finanzas, que es de 1 mil 754 millones 247 mil 731 pesos<\/span><\/span><span class=\"s6\"><span class=\"bumpedFont15\">\u201d<\/span><\/span><span class=\"s6\"><span class=\"bumpedFont15\">.<\/span><\/span><\/p>\n<p class=\"s11\"><span class=\"s6\"><span class=\"bumpedFont15\">Asegur\u00f3 que la infraestructura de la alcald\u00eda no ha recibido mantenimiento integral desde hace 30 a\u00f1os y que \u00e9sta fue una de las m\u00e1s afectadas por el <\/span><\/span><span class=\"s6\"><span class=\"bumpedFont15\">sismo del 19 de septiembre del 2017<\/span><\/span><span class=\"s6\"><span class=\"bumpedFont15\">.<\/span><\/span><\/p>\n<p class=\"s11\"><span class=\"s6\"><span class=\"bumpedFont15\">Entre los proyectos que plante\u00f3 para 2020 est\u00e1n <\/span><\/span><span class=\"s6\"><span class=\"bumpedFont15\">el <\/span><\/span><span class=\"s6\"><span class=\"bumpedFont15\">m<\/span><\/span><span class=\"s6\"><span class=\"bumpedFont15\">antenimiento de<\/span><\/span><span class=\"s6\"><span class=\"bumpedFont15\">l<\/span><\/span><span class=\"s6\"><span class=\"bumpedFont15\"> espacio p\u00fablico<\/span><\/span><span class=\"s6\"><span class=\"bumpedFont15\">, <\/span><\/span><span class=\"s6\"><span class=\"bumpedFont15\">Centros de Desarrollo Infantil, deportivos y albercas, <\/span><\/span><span class=\"s6\"><span class=\"bumpedFont15\">l\u00ednea secundaria de drenaje<\/span><\/span><span class=\"s6\"><span class=\"bumpedFont15\">, <\/span><\/span><span class=\"s6\"><span class=\"bumpedFont15\">l\u00ednea de agua potable<\/span><\/span><span class=\"s6\"><span class=\"bumpedFont15\">, <\/span><\/span><span class=\"s6\"><span class=\"bumpedFont15\">vialida<\/span><\/span><span class=\"s6\"><span class=\"bumpedFont15\">des y pavimentaci\u00f3n, y <\/span><\/span><span class=\"s6\"><span class=\"bumpedFont15\">rehabilitaci\u00f3n de mercados.<\/span><\/span><\/p>\n<p class=\"s11\"><span class=\"s6\"><span class=\"bumpedFont15\">En lo que respecta a las p<\/span><\/span><span class=\"s6\"><span class=\"bumpedFont15\">rioridades <\/span><\/span><span class=\"s6\"><span class=\"bumpedFont15\">del <\/span><\/span><span class=\"s6\"><span class=\"bumpedFont15\">programa social 2020<\/span><\/span><span class=\"s6\"><span class=\"bumpedFont15\">, resalt\u00f3 el <\/span><\/span><span class=\"s6\"><span class=\"bumpedFont15\">Circuito Cultural Somos Tl\u00e1huac, <\/span><\/span><span class=\"s6\"><span class=\"bumpedFont15\">con <\/span><\/span><span class=\"s6\"><span class=\"bumpedFont15\">48 millones <\/span><\/span><span class=\"s6\"><span class=\"bumpedFont15\">de <\/span><\/span><span class=\"s6\"><span class=\"bumpedFont15\">pesos; apoyo al deporte, <\/span><\/span><span class=\"s6\"><span class=\"bumpedFont15\">con <\/span><\/span><span class=\"s6\"><span class=\"bumpedFont15\">7<\/span><\/span><span class=\"s6\"><span class=\"bumpedFont15\">.5<\/span><\/span><span class=\"s6\"><span class=\"bumpedFont15\"> millones <\/span><\/span><span class=\"s6\"><span class=\"bumpedFont15\">de<\/span><\/span><span class=\"s6\"><span class=\"bumpedFont15\"> pesos; Alcald\u00eda Apoya mi Futuro, Apoyo por la Educaci\u00f3n, <\/span><\/span><span class=\"s6\"><span class=\"bumpedFont15\">con <\/span><\/span><span class=\"s6\"><span class=\"bumpedFont15\">17<\/span><\/span><span class=\"s6\"><span class=\"bumpedFont15\">.6<\/span><\/span><span class=\"s6\"><span class=\"bumpedFont15\"> millones <\/span><\/span><span class=\"s6\"><span class=\"bumpedFont15\">de<\/span><\/span><span class=\"s6\"><span class=\"bumpedFont15\"> pesos; Mejorando mi Salud, <\/span><\/span><span class=\"s6\"><span class=\"bumpedFont15\">con <\/span><\/span><span class=\"s6\"><span class=\"bumpedFont15\">11<\/span><\/span><span class=\"s6\"><span class=\"bumpedFont15\">.2<\/span><\/span><span class=\"s6\"><span class=\"bumpedFont15\"> millones <\/span><\/span><span class=\"s6\"><span class=\"bumpedFont15\">de<\/span><\/span><span class=\"s6\"><span class=\"bumpedFont15\"> 134 pesos; <\/span><\/span><span class=\"s6\"><span class=\"bumpedFont15\">y <\/span><\/span><span class=\"s6\"><span class=\"bumpedFont15\">derechos humanos e igualdad sustentable, 3<\/span><\/span><span class=\"s6\"><span class=\"bumpedFont15\">.6<\/span><\/span><span class=\"s6\"><span class=\"bumpedFont15\">millones <\/span><\/span><span class=\"s6\"><span class=\"bumpedFont15\">de <\/span><\/span><span class=\"s6\"><span class=\"bumpedFont15\">pesos<\/span><\/span><span class=\"s6\"><span class=\"bumpedFont15\">; para un t<\/span><\/span><span class=\"s6\"><span class=\"bumpedFont15\">ot<\/span><\/span><span class=\"s6\"><span class=\"bumpedFont15\">al de <\/span><\/span><span class=\"s6\"><span class=\"bumpedFont15\">88<\/span><\/span><span class=\"s6\"><span class=\"bumpedFont15\">.1<\/span><\/span><span class=\"s6\"><span class=\"bumpedFont15\"> millones <\/span><\/span><span class=\"s6\"><span class=\"bumpedFont15\">de <\/span><\/span><span class=\"s6\"><span class=\"bumpedFont15\">pesos.<\/span><\/span><\/p>\n<p class=\"s16\"><span class=\"s15\"><span class=\"bumpedFont15\">Diputadas y diputados del PRD, PT, PAN y MORENA cuestionan y tambi\u00e9n reconocen<\/span><\/span><\/p>\n<p class=\"s16\"><span class=\"s18\"><span class=\"bumpedFont15\">En su oportunidad, las diputadas y diputados realizaron una serie de cuestionamientos. Por el PRD, el legislador Jorge Gavi\u00f1o pidi\u00f3 mayor informaci\u00f3n sobre el gasto contratado y devengado, ya que esto permitir\u00e1 tener claridad de las necesidades en la alcald\u00eda. Pregunt\u00f3 a qu\u00e9 se refiere con el rubro de \u201cmonitorear fen\u00f3menos perturbadores\u201d, ya que pide 5 millones de pesos; tambi\u00e9n solicit\u00f3 mayor informaci\u00f3n sobre el monitoreo de veh\u00edculos, para este rubro la petici\u00f3n es de 3 millones de pesos.<\/span><\/span><\/p>\n<p class=\"s16\"><span class=\"s18\"><span class=\"bumpedFont15\">En sus dos participaciones, el diputado hizo referencia al mercado de Zapotitl\u00e1n, obra en la cual se presupuestaron 20 millones de pesos. \u201cQueremos saber cu\u00e1l es el estatus real de avance presupuestal de este contrato. Se firm\u00f3 un contrato con una periodicidad. Se pagaron facturas simulando actos jur\u00eddicos como si estuviera la obra en avance. Queremos nos d\u00e9 mayor informaci\u00f3n sobre esta obra, porque no sabemos en d\u00f3nde est\u00e1n esos 20 millones de pesos\u201d.<\/span><\/span><\/p>\n<p class=\"s16\"><span class=\"s18\"><span class=\"bumpedFont15\">Despu\u00e9s, el diputado Jos\u00e9 de Jes\u00fas Mart\u00edn del Campo Casta\u00f1eda, del PT, felicit\u00f3 al servidor p\u00fablico por las acciones en materia de seguridad, \u201cen lo que va de su administraci\u00f3n hay acciones para atender el problema; en este sentido me gustar\u00eda que nos detalle la inversi\u00f3n hecha en los veh\u00edculos que brindan atenci\u00f3n a la ciudadan\u00eda\u201d.<\/span><\/span><\/p>\n<p class=\"s16\"><span class=\"s18\"><span class=\"bumpedFont15\">Reconoci\u00f3 las acciones emprendidas en el combate a la corrupci\u00f3n y en el rescate de espacios p\u00fablicos. \u201cSabemos que se est\u00e1 realizando una obra importante para recuperar espacios en favor de los estudiantes\u201d.<\/span><\/span><\/p>\n<p class=\"s16\"><span class=\"s18\"><span class=\"bumpedFont15\">Por el grupo parlamentario del PAN, la diputada Am\u00e9rica Rangel expuso que el proyecto de presupuesto de la alcald\u00eda lleg\u00f3 a destiempo a los legisladores. Critic\u00f3 el \u00cdndice de Desarrollo Social en que se encuentran los habitantes de la alcald\u00eda, \u201cnos preocupa que no se est\u00e1 ejerciendo el presupuesto, pues la marginalidad se mantiene\u201d.<\/span><\/span><\/p>\n<p class=\"s16\"><span class=\"s18\"><span class=\"bumpedFont15\">Le pregunt\u00f3 al alcalde Mart\u00ednez Vite si en la demarcaci\u00f3n hay familiares de la persona titular de la Direcci\u00f3n General de Jur\u00eddica y de Gobierno o en su caso son proveedores de la demarcaci\u00f3n. Pidi\u00f3, adem\u00e1s, una explicaci\u00f3n sobre el retraso en el pago a los concejales. Dijo tener dudas sobre el manejo de los recursos en distintos Cap\u00edtulos.<\/span><\/span><\/p>\n<p class=\"s16\"><span class=\"s18\"><span class=\"bumpedFont15\">La diputada Martha Soledad \u00c1vila Ventura, de MORENA, pidi\u00f3 al funcionario p\u00fablico ampliar la informaci\u00f3n sobre la inversi\u00f3n en cultura, pues se plantea para el siguiente a\u00f1o una econom\u00eda de 48 millones de pesos. \u201cMe gustar\u00eda saber cu\u00e1les ser\u00e1n las medidas para fortalecer el sector rural. Tambi\u00e9n quisiera que nos dijera si al cierre de diciembre tendr\u00e1 subejercicios\u201d.<\/span><\/span><\/p>\n<p class=\"s11\"><span class=\"s9\"><span class=\"bumpedFont15\">Respuestas del alcalde <\/span><\/span><span class=\"s9\"><span class=\"bumpedFont15\">de Tl\u00e1huac<\/span><\/span><\/p>\n<p class=\"s11\"><span class=\"s6\"><span class=\"bumpedFont15\">En lo que refiere al Mercado Zapotitl\u00e1n, asegur\u00f3 que su rehabilitaci\u00f3n es prioritaria por las <\/span><\/span><span class=\"s6\"><span class=\"bumpedFont15\">afectaciones graves que presentaba y<\/span><\/span><span class=\"s6\"><span class=\"bumpedFont15\"> representaban un riesgo para la poblaci\u00f3n<\/span><\/span><span class=\"s6\"><span class=\"bumpedFont15\">;<\/span><\/span><span class=\"s6\"><span class=\"bumpedFont15\"> y que los contratos y obras de mejoramiento se han hecho<\/span><\/span><span class=\"s6\"><span class=\"bumpedFont15\"> conforme a la ley y se cuenta ya con un avance de 30 por ciento en las obras.<\/span><\/span><\/p>\n<p class=\"s11\"><span class=\"s6\"><span class=\"bumpedFont15\">Record\u00f3 que en 2017<\/span><\/span><span class=\"s6\"><span class=\"bumpedFont15\">,<\/span><\/span><span class=\"s6\"><span class=\"bumpedFont15\"> Tl\u00e1huac fue una de las alcald\u00edas m\u00e1s afectadas por el sismo, y que hay cinco zonas <\/span><\/span><span class=\"s6\"><span class=\"bumpedFont15\">afectada<\/span><\/span><span class=\"s6\"><span class=\"bumpedFont15\">s con grietas y fallas geol\u00f3gicas, por lo que constantemente deben hacerse estudios y monitoreo<\/span><\/span><span class=\"s6\"><span class=\"bumpedFont15\">, as\u00ed como <\/span><\/span><span class=\"s6\"><span class=\"bumpedFont15\">la actualizaci\u00f3n del Atlas de Riesgo.<\/span><\/span><\/p>\n<p class=\"s11\"><span class=\"s6\"><span class=\"bumpedFont15\">Asegur\u00f3 que en la alcald\u00eda se ha terminado con pr\u00e1cticas de corr<\/span><\/span><span class=\"s6\"><span class=\"bumpedFont15\">upci\u00f3n y tr\u00e1fico de influencias, \u201cpueden hacer las investigaciones que sean necesarias y no tenemos ning\u00fan problema en ese aspecto\u201d, y adelant\u00f3 que el presupuesto se ejercer\u00e1 al cien<\/span><\/span><span class=\"s6\"><span class=\"bumpedFont15\">to<\/span><\/span><span class=\"s6\"><span class=\"bumpedFont15\"> por ciento antes de que concluya el a\u00f1o, por lo que no habr\u00e1 subejercicio.<\/span><\/span><\/p>\n<p class=\"s11\"><span class=\"s6\"><span class=\"bumpedFont15\">En lo que toca al presupuesto de educaci\u00f3n y cultura, <\/span><\/span><span class=\"s6\"><span class=\"bumpedFont15\">asegur\u00f3 que \u00e9ste se ha incrementado, con acciones para el equipamiento de las escuelas de educaci\u00f3n b\u00e1sica y el desarrollo de festivales culturales, como el de D\u00eda de Muertos en Mixquic.<\/span><\/span><\/p>\n<p>https:\/\/www.facebook.com\/CongresoDeLaCiudadDeMexico\/videos\/518316768720573\/<\/p>\n","protected":false},"excerpt":{"rendered":"<p>Raymundo Mart\u00ednez solicita al Congreso capitalino incremento presupuestal de 28.70% para la alcald\u00eda de Tl\u00e1huac en 2020<br \/>\nPor Redacci\u00f3n QP<\/p>\n","protected":false},"author":2,"featured_media":43434,"comment_status":"open","ping_status":"open","sticky":false,"template":"","format":"standard","meta":{"_monsterinsights_skip_tracking":false,"_monsterinsights_sitenote_active":false,"_monsterinsights_sitenote_note":"","_monsterinsights_sitenote_category":0,"footnotes":""},"categories":[55],"tags":[],"class_list":["post-43435","post","type-post","status-publish","format-standard","has-post-thumbnail","hentry","category-cdmx"],"yoast_head":"<!-- This site is optimized with the Yoast SEO plugin v27.3 - https:\/\/yoast.com\/product\/yoast-seo-wordpress\/ -->\n<title>Desde el Curul\/\/\/Raymundo Mart\u00ednez solicita al Congreso capitalino incremento presupuestal de 28.70% para la alcald\u00eda de Tl\u00e1huac en 2020 -<\/title>\n<meta name=\"robots\" content=\"index, follow, max-snippet:-1, max-image-preview:large, max-video-preview:-1\" \/>\n<link rel=\"canonical\" href=\"https:\/\/quehacerpolitico.mx\/?p=43435\" \/>\n<meta property=\"og:locale\" content=\"es_MX\" \/>\n<meta property=\"og:type\" content=\"article\" \/>\n<meta property=\"og:title\" content=\"Desde el Curul\/\/\/Raymundo Mart\u00ednez solicita al Congreso capitalino incremento presupuestal de 28.70% para la alcald\u00eda de Tl\u00e1huac en 2020 -\" \/>\n<meta property=\"og:description\" content=\"Raymundo Mart\u00ednez solicita al Congreso capitalino incremento presupuestal de 28.70% para la alcald\u00eda de Tl\u00e1huac en 2020 Por Redacci\u00f3n QP\" \/>\n<meta property=\"og:url\" content=\"https:\/\/quehacerpolitico.mx\/?p=43435\" \/>\n<meta property=\"article:published_time\" content=\"2019-11-04T19:31:27+00:00\" \/>\n<meta name=\"author\" content=\"Redacci\u00f3n QP\" \/>\n<meta name=\"twitter:card\" content=\"summary_large_image\" \/>\n<meta name=\"twitter:label1\" content=\"Escrito por\" \/>\n\t<meta name=\"twitter:data1\" content=\"Redacci\u00f3n QP\" \/>\n\t<meta name=\"twitter:label2\" content=\"Tiempo de lectura\" \/>\n\t<meta name=\"twitter:data2\" content=\"6 minutos\" \/>\n<script type=\"application\/ld+json\" class=\"yoast-schema-graph\">{\"@context\":\"https:\\\/\\\/schema.org\",\"@graph\":[{\"@type\":\"Article\",\"@id\":\"https:\\\/\\\/quehacerpolitico.mx\\\/?p=43435#article\",\"isPartOf\":{\"@id\":\"https:\\\/\\\/quehacerpolitico.mx\\\/?p=43435\"},\"author\":{\"name\":\"Redacci\u00f3n QP\",\"@id\":\"https:\\\/\\\/quehacerpolitico.mx\\\/#\\\/schema\\\/person\\\/496d8ad2d1d3f8036101dca7ee39e585\"},\"headline\":\"Desde el Curul\\\/\\\/\\\/Raymundo Mart\u00ednez solicita al Congreso capitalino incremento presupuestal de 28.70% para la alcald\u00eda de Tl\u00e1huac en 2020\",\"datePublished\":\"2019-11-04T19:31:27+00:00\",\"mainEntityOfPage\":{\"@id\":\"https:\\\/\\\/quehacerpolitico.mx\\\/?p=43435\"},\"wordCount\":1239,\"commentCount\":0,\"image\":{\"@id\":\"https:\\\/\\\/quehacerpolitico.mx\\\/?p=43435#primaryimage\"},\"thumbnailUrl\":\"\",\"articleSection\":[\"CDMX\"],\"inLanguage\":\"es\",\"potentialAction\":[{\"@type\":\"CommentAction\",\"name\":\"Comment\",\"target\":[\"https:\\\/\\\/quehacerpolitico.mx\\\/?p=43435#respond\"]}]},{\"@type\":\"WebPage\",\"@id\":\"https:\\\/\\\/quehacerpolitico.mx\\\/?p=43435\",\"url\":\"https:\\\/\\\/quehacerpolitico.mx\\\/?p=43435\",\"name\":\"Desde el Curul\\\/\\\/\\\/Raymundo Mart\u00ednez solicita al Congreso capitalino incremento presupuestal de 28.70% para la alcald\u00eda de Tl\u00e1huac en 2020 -\",\"isPartOf\":{\"@id\":\"https:\\\/\\\/quehacerpolitico.mx\\\/#website\"},\"primaryImageOfPage\":{\"@id\":\"https:\\\/\\\/quehacerpolitico.mx\\\/?p=43435#primaryimage\"},\"image\":{\"@id\":\"https:\\\/\\\/quehacerpolitico.mx\\\/?p=43435#primaryimage\"},\"thumbnailUrl\":\"\",\"datePublished\":\"2019-11-04T19:31:27+00:00\",\"author\":{\"@id\":\"https:\\\/\\\/quehacerpolitico.mx\\\/#\\\/schema\\\/person\\\/496d8ad2d1d3f8036101dca7ee39e585\"},\"breadcrumb\":{\"@id\":\"https:\\\/\\\/quehacerpolitico.mx\\\/?p=43435#breadcrumb\"},\"inLanguage\":\"es\",\"potentialAction\":[{\"@type\":\"ReadAction\",\"target\":[\"https:\\\/\\\/quehacerpolitico.mx\\\/?p=43435\"]}]},{\"@type\":\"ImageObject\",\"inLanguage\":\"es\",\"@id\":\"https:\\\/\\\/quehacerpolitico.mx\\\/?p=43435#primaryimage\",\"url\":\"\",\"contentUrl\":\"\"},{\"@type\":\"BreadcrumbList\",\"@id\":\"https:\\\/\\\/quehacerpolitico.mx\\\/?p=43435#breadcrumb\",\"itemListElement\":[{\"@type\":\"ListItem\",\"position\":1,\"name\":\"Inicio\",\"item\":\"https:\\\/\\\/quehacerpolitico.mx\\\/\"},{\"@type\":\"ListItem\",\"position\":2,\"name\":\"Desde el Curul\\\/\\\/\\\/Raymundo Mart\u00ednez solicita al Congreso capitalino incremento presupuestal de 28.70% para la alcald\u00eda de Tl\u00e1huac en 2020\"}]},{\"@type\":\"WebSite\",\"@id\":\"https:\\\/\\\/quehacerpolitico.mx\\\/#website\",\"url\":\"https:\\\/\\\/quehacerpolitico.mx\\\/\",\"name\":\"\",\"description\":\"\",\"potentialAction\":[{\"@type\":\"SearchAction\",\"target\":{\"@type\":\"EntryPoint\",\"urlTemplate\":\"https:\\\/\\\/quehacerpolitico.mx\\\/?s={search_term_string}\"},\"query-input\":{\"@type\":\"PropertyValueSpecification\",\"valueRequired\":true,\"valueName\":\"search_term_string\"}}],\"inLanguage\":\"es\"},{\"@type\":\"Person\",\"@id\":\"https:\\\/\\\/quehacerpolitico.mx\\\/#\\\/schema\\\/person\\\/496d8ad2d1d3f8036101dca7ee39e585\",\"name\":\"Redacci\u00f3n QP\",\"image\":{\"@type\":\"ImageObject\",\"inLanguage\":\"es\",\"@id\":\"https:\\\/\\\/secure.gravatar.com\\\/avatar\\\/c7164ed6fdec453195284ad24a5ae5b6e1eed2b848477fa2a4787ba9adf39a41?s=96&d=mm&r=g\",\"url\":\"https:\\\/\\\/secure.gravatar.com\\\/avatar\\\/c7164ed6fdec453195284ad24a5ae5b6e1eed2b848477fa2a4787ba9adf39a41?s=96&d=mm&r=g\",\"contentUrl\":\"https:\\\/\\\/secure.gravatar.com\\\/avatar\\\/c7164ed6fdec453195284ad24a5ae5b6e1eed2b848477fa2a4787ba9adf39a41?s=96&d=mm&r=g\",\"caption\":\"Redacci\u00f3n QP\"},\"url\":\"https:\\\/\\\/quehacerpolitico.mx\\\/?author=2\"}]}<\/script>\n<!-- \/ Yoast SEO plugin. -->","yoast_head_json":{"title":"Desde el Curul\/\/\/Raymundo Mart\u00ednez solicita al Congreso capitalino incremento presupuestal de 28.70% para la alcald\u00eda de Tl\u00e1huac en 2020 -","robots":{"index":"index","follow":"follow","max-snippet":"max-snippet:-1","max-image-preview":"max-image-preview:large","max-video-preview":"max-video-preview:-1"},"canonical":"https:\/\/quehacerpolitico.mx\/?p=43435","og_locale":"es_MX","og_type":"article","og_title":"Desde el Curul\/\/\/Raymundo Mart\u00ednez solicita al Congreso capitalino incremento presupuestal de 28.70% para la alcald\u00eda de Tl\u00e1huac en 2020 -","og_description":"Raymundo Mart\u00ednez solicita al Congreso capitalino incremento presupuestal de 28.70% para la alcald\u00eda de Tl\u00e1huac en 2020 Por Redacci\u00f3n QP","og_url":"https:\/\/quehacerpolitico.mx\/?p=43435","article_published_time":"2019-11-04T19:31:27+00:00","author":"Redacci\u00f3n QP","twitter_card":"summary_large_image","twitter_misc":{"Escrito por":"Redacci\u00f3n QP","Tiempo de lectura":"6 minutos"},"schema":{"@context":"https:\/\/schema.org","@graph":[{"@type":"Article","@id":"https:\/\/quehacerpolitico.mx\/?p=43435#article","isPartOf":{"@id":"https:\/\/quehacerpolitico.mx\/?p=43435"},"author":{"name":"Redacci\u00f3n QP","@id":"https:\/\/quehacerpolitico.mx\/#\/schema\/person\/496d8ad2d1d3f8036101dca7ee39e585"},"headline":"Desde el Curul\/\/\/Raymundo Mart\u00ednez solicita al Congreso capitalino incremento presupuestal de 28.70% para la alcald\u00eda de Tl\u00e1huac en 2020","datePublished":"2019-11-04T19:31:27+00:00","mainEntityOfPage":{"@id":"https:\/\/quehacerpolitico.mx\/?p=43435"},"wordCount":1239,"commentCount":0,"image":{"@id":"https:\/\/quehacerpolitico.mx\/?p=43435#primaryimage"},"thumbnailUrl":"","articleSection":["CDMX"],"inLanguage":"es","potentialAction":[{"@type":"CommentAction","name":"Comment","target":["https:\/\/quehacerpolitico.mx\/?p=43435#respond"]}]},{"@type":"WebPage","@id":"https:\/\/quehacerpolitico.mx\/?p=43435","url":"https:\/\/quehacerpolitico.mx\/?p=43435","name":"Desde el Curul\/\/\/Raymundo Mart\u00ednez solicita al Congreso capitalino incremento presupuestal de 28.70% para la alcald\u00eda de Tl\u00e1huac en 2020 -","isPartOf":{"@id":"https:\/\/quehacerpolitico.mx\/#website"},"primaryImageOfPage":{"@id":"https:\/\/quehacerpolitico.mx\/?p=43435#primaryimage"},"image":{"@id":"https:\/\/quehacerpolitico.mx\/?p=43435#primaryimage"},"thumbnailUrl":"","datePublished":"2019-11-04T19:31:27+00:00","author":{"@id":"https:\/\/quehacerpolitico.mx\/#\/schema\/person\/496d8ad2d1d3f8036101dca7ee39e585"},"breadcrumb":{"@id":"https:\/\/quehacerpolitico.mx\/?p=43435#breadcrumb"},"inLanguage":"es","potentialAction":[{"@type":"ReadAction","target":["https:\/\/quehacerpolitico.mx\/?p=43435"]}]},{"@type":"ImageObject","inLanguage":"es","@id":"https:\/\/quehacerpolitico.mx\/?p=43435#primaryimage","url":"","contentUrl":""},{"@type":"BreadcrumbList","@id":"https:\/\/quehacerpolitico.mx\/?p=43435#breadcrumb","itemListElement":[{"@type":"ListItem","position":1,"name":"Inicio","item":"https:\/\/quehacerpolitico.mx\/"},{"@type":"ListItem","position":2,"name":"Desde el Curul\/\/\/Raymundo Mart\u00ednez solicita al Congreso capitalino incremento presupuestal de 28.70% para la alcald\u00eda de Tl\u00e1huac en 2020"}]},{"@type":"WebSite","@id":"https:\/\/quehacerpolitico.mx\/#website","url":"https:\/\/quehacerpolitico.mx\/","name":"","description":"","potentialAction":[{"@type":"SearchAction","target":{"@type":"EntryPoint","urlTemplate":"https:\/\/quehacerpolitico.mx\/?s={search_term_string}"},"query-input":{"@type":"PropertyValueSpecification","valueRequired":true,"valueName":"search_term_string"}}],"inLanguage":"es"},{"@type":"Person","@id":"https:\/\/quehacerpolitico.mx\/#\/schema\/person\/496d8ad2d1d3f8036101dca7ee39e585","name":"Redacci\u00f3n QP","image":{"@type":"ImageObject","inLanguage":"es","@id":"https:\/\/secure.gravatar.com\/avatar\/c7164ed6fdec453195284ad24a5ae5b6e1eed2b848477fa2a4787ba9adf39a41?s=96&d=mm&r=g","url":"https:\/\/secure.gravatar.com\/avatar\/c7164ed6fdec453195284ad24a5ae5b6e1eed2b848477fa2a4787ba9adf39a41?s=96&d=mm&r=g","contentUrl":"https:\/\/secure.gravatar.com\/avatar\/c7164ed6fdec453195284ad24a5ae5b6e1eed2b848477fa2a4787ba9adf39a41?s=96&d=mm&r=g","caption":"Redacci\u00f3n QP"},"url":"https:\/\/quehacerpolitico.mx\/?author=2"}]}},"featured_image_urls":{"full":"","thumbnail":"","medium":"","medium_large":"","large":"","1536x1536":"","2048x2048":"","covernews-featured":"","covernews-medium":""},"author_info":{"display_name":"Redacci\u00f3n QP","author_link":"https:\/\/quehacerpolitico.mx\/?author=2"},"category_info":"<a href=\"https:\/\/quehacerpolitico.mx\/?cat=55\" rel=\"category\">CDMX<\/a>","tag_info":"CDMX","comment_count":"0","_links":{"self":[{"href":"https:\/\/quehacerpolitico.mx\/index.php?rest_route=\/wp\/v2\/posts\/43435","targetHints":{"allow":["GET"]}}],"collection":[{"href":"https:\/\/quehacerpolitico.mx\/index.php?rest_route=\/wp\/v2\/posts"}],"about":[{"href":"https:\/\/quehacerpolitico.mx\/index.php?rest_route=\/wp\/v2\/types\/post"}],"author":[{"embeddable":true,"href":"https:\/\/quehacerpolitico.mx\/index.php?rest_route=\/wp\/v2\/users\/2"}],"replies":[{"embeddable":true,"href":"https:\/\/quehacerpolitico.mx\/index.php?rest_route=%2Fwp%2Fv2%2Fcomments&post=43435"}],"version-history":[{"count":0,"href":"https:\/\/quehacerpolitico.mx\/index.php?rest_route=\/wp\/v2\/posts\/43435\/revisions"}],"wp:featuredmedia":[{"embeddable":true,"href":"https:\/\/quehacerpolitico.mx\/index.php?rest_route=\/"}],"wp:attachment":[{"href":"https:\/\/quehacerpolitico.mx\/index.php?rest_route=%2Fwp%2Fv2%2Fmedia&parent=43435"}],"wp:term":[{"taxonomy":"category","embeddable":true,"href":"https:\/\/quehacerpolitico.mx\/index.php?rest_route=%2Fwp%2Fv2%2Fcategories&post=43435"},{"taxonomy":"post_tag","embeddable":true,"href":"https:\/\/quehacerpolitico.mx\/index.php?rest_route=%2Fwp%2Fv2%2Ftags&post=43435"}],"curies":[{"name":"wp","href":"https:\/\/api.w.org\/{rel}","templated":true}]}}